{"id":2466,"date":"2015-10-23T13:52:29","date_gmt":"2015-10-23T11:52:29","guid":{"rendered":"http:\/\/autate.fr\/site\/?p=2466"},"modified":"2018-02-23T14:16:50","modified_gmt":"2018-02-23T13:16:50","slug":"un-rer-pour-lagglo-toulousaine","status":"publish","type":"post","link":"https:\/\/autate.fr\/site\/un-rer-pour-lagglo-toulousaine\/","title":{"rendered":"Un RER pour l&rsquo;agglo toulousaine ?"},"content":{"rendered":"<p>Un article paru dans la D\u00e9p\u00eache du midi le 13\/09\/2014<\/p>\n<p><a href=\"https:\/\/www.ladepeche.fr\/article\/2014\/09\/13\/1950563-l-agglo-toulousaine-aura-t-elle-un-jour-un-rer.html\" target=\"_blank\" rel=\"noopener\">lire sur le site<\/a><\/p>\n<p>Plusieurs acteurs de l&rsquo;agglo travaillent sur un projet de RER au Nord et \u00e0 l&rsquo;Est de Toulouse. Un projet \u00e0 long terme, co\u00fbteux, qui fait l&rsquo;objet de d\u00e9bats chez Tiss\u00e9o.<\/p>\n<div id=\"pub_dfp_article\" class=\"pub \"><\/div>\n<p>Toulouse aura-t-elle un jour un RER \u00e0 la parisienne ? \u00c0 l&rsquo;image de ce qui existe d\u00e9j\u00e0 vers Colomiers mais avec des dessertes plus fr\u00e9quentes ? L&rsquo;id\u00e9e, qui figurait dans les programmes des deux principaux candidats aux municipales, est aujourd&rsquo;hui sur la table. R\u00e9unis mercredi matin, les \u00e9lus qui forment le bureau du syndicat mixte des transports en commun (SMTC-Tiss\u00e9o) l&rsquo;ont \u00e9voqu\u00e9e lorsqu&rsquo;ils ont \u00e9labor\u00e9 la feuille de route de la mandature : 3e ligne de m\u00e9tro, bus, a\u00e9rotram\u2026 S\u00e9duisant pour les uns, co\u00fbteux pour d&rsquo;autres, le RER, qui implique de nombreux acteurs, devra d&rsquo;abord faire l&rsquo;objet d&rsquo;arbitrages au sein du SMTC-Tiss\u00e9o et de la majorit\u00e9.<\/p>\n<h2>Fen\u00eatre de tir<\/h2>\n<p>Le 22 mai, tout juste \u00e9lus, Jean-Luc Moudenc, maire de Toulouse, et Jean-Michel Lattes, son premier adjoint, pr\u00e9sident du SMTC, d\u00e9couvrent les conclusions d&rsquo;une \u00e9tude lanc\u00e9e par leurs pr\u00e9d\u00e9cesseurs, men\u00e9e par Europolia, une soci\u00e9t\u00e9 publique, \u00e9manation de la communaut\u00e9 urbaine et de la r\u00e9gion, qui planche sur l&rsquo;arriv\u00e9e de la LGV \u00e0 Matabiau en 2024. La grande vitesse lib\u00e8re une voie entre Saint-Jory et Toulouse, la banlieue la moins desservie, et offre donc une occasion unique de cr\u00e9er le RER. L&rsquo;\u00e9tude d\u00e9taille les futures gares (Castelnau-d&rsquo;Estr\u00e9tefonds, Lespinasse, Fenouillet\u2026), le cadencement au quart d&rsquo;heure et \u00e9voque m\u00eame la possibilit\u00e9 de relier Montaudran, Lab\u00e8ge\u2026 Du Nord au Sud-est, un grand axe se dessine.<\/p>\n<p>L&rsquo;id\u00e9e d&rsquo;utiliser les voies ferr\u00e9es n&rsquo;est pas nouvelle. Mais elle conna\u00eet un inconv\u00e9nient majeur : son co\u00fbt d&rsquo;exploitation. D&rsquo;abord emball\u00e9, Jean-Luc Moudenc serait plus dubitatif. Quel co\u00fbt ? Qui paye ? Et quelle est l&rsquo;autorit\u00e9 organisatrice ? Voil\u00e0 les trois questions cl\u00e9 pos\u00e9es mercredi par l&rsquo;\u00e9lu toulousain Pierre Trautmann.<\/p>\n<p>Jean-Michel Lattes juge, lui, le projet, qui \u00e9mane de la SNCF et de RFF et concerne aussi la r\u00e9gion, \u00abextr\u00eamement s\u00e9duisant. Mais nous ne sommes pas entr\u00e9s dans la dimension financi\u00e8re.\u00bb Une rencontre est pr\u00e9vue \u00aben novembre entre Jean-Luc Moudenc et la SNCF pour une analyse technique\u00bb. Pour l&rsquo;\u00e9lu, le RER ne remet pas en cause en tout cas la 3e ligne de m\u00e9tro.<\/p>\n<div class=\"p402_premium\" data-poool=\"80\" data-poool-mode=\"excerpt\">\n<h2 class=\"titre\">L&rsquo;a\u00e9rotram jusqu&rsquo;\u00e0 Basso-Cambo : le projet surprise de Jean-Michel Lattes<\/h2>\n<p>Pr\u00e9sident du syndicat mixte des transports en commun (SMTC-Tiss\u00e9o), Jean-Michel Lattes a surpris son monde mercredi matin lors de la r\u00e9union de bureau du syndicat. Devant la vingtaine d&rsquo;\u00e9lus pr\u00e9sents, il a fait part d&rsquo;un projet jusqu&rsquo;\u00e0 pr\u00e9sent jamais \u00e9voqu\u00e9 : le prolongement de l&rsquo;a\u00e9rotram, pourtant peu en odeur de saintet\u00e9, jusqu&rsquo;\u00e0 Basso Cambo, terminus de la ligne A. Surprise dans les rangs : Claude Raynal, maire PS de Tournefeuille, Thierry Suaud, maire PS de Portet, et m\u00eame Arnaud Lafon, maire Modem de Castanet, s&rsquo;\u00e9tonnent. \u00abIl nous parle d&rsquo;abord d&rsquo;un co\u00fbt qui explose et \u00e0 pr\u00e9sent d&rsquo;un doublement de la ligne. Tout \u00e7a alors qu&rsquo;on cherche de l&rsquo;argent pour les projets\u00bb, t\u00e9moigne un \u00e9lu sous couvert d&rsquo;anonymat.<\/p>\n<p>Joint hier, Jean-Michel Lattes se justifie. Pour lui, le projet, bien que plus m\u00e9diatique que les bus Lin\u00e9o, est du m\u00eame ordre de prix. Et il \u00e9mane de la r\u00e9flexion d\u00e9j\u00e0 entam\u00e9e avant l&rsquo;\u00e9t\u00e9 sur l&rsquo;a\u00e9rotram. \u00abPour moi, c&rsquo;est un dossier retravaill\u00e9. J&rsquo;ai \u00e9chang\u00e9 avec mes ing\u00e9nieurs et j&rsquo;ai senti qu&rsquo;il y avait l\u00e0 une piste int\u00e9ressante.\u00bb<\/p>\n<p>Pour le pr\u00e9sident du SMTC, il faut retenir le rapport entre le co\u00fbt et l&rsquo;efficacit\u00e9. En clair, un a\u00e9rotram Rangueil-Oncopole pour 7 000 personnes par jour, ce n&rsquo;est pas rentable. C&rsquo;est moins que la ligne 16 avec ses 22 000 passagers. Alors que prolong\u00e9 jusqu&rsquo;au m\u00e9tro, l&rsquo;a\u00e9rotram peut voir sa fr\u00e9quentation \u00abmultipli\u00e9e par trois\u00bb. Le prolongement serait de plus moins co\u00fbteux que le franchissement de Pech David et de la Garonne. \u00abM\u00eame si le projet est plus cher, il est plus rentable\u00bb, avance-t-il. Le co\u00fbt serait de toute fa\u00e7on inf\u00e9rieur \u00e0 100 M\u20ac, selon lui. Une \u00e9tude est lanc\u00e9e. Mercredi, un des \u00e9lus surpris lui aurait finalement dit \u00abchiche\u00bb.<\/p>\n<h2 class=\"titre\">M\u00e9tro \u00e0 Lab\u00e8ge : l&rsquo;enqu\u00eate publique en novembre<\/h2>\n<p>Bonne nouvelle pour le Sicoval, la communaut\u00e9 d&rsquo;agglo du Sud-est toulousain, qui porte \u00e0 bout de bras le projet de prolongement du m\u00e9tro \u00e0 Lab\u00e8ge. Sollicit\u00e9e par \u00abLa D\u00e9p\u00eache\u00bb, la pr\u00e9fecture a indiqu\u00e9 que l&rsquo;enqu\u00eate publique pourrait d\u00e9buter \u00ab\u00e0 la mi-novembre\u00bb. C&rsquo;est un pas de plus et une fa\u00e7on de consolider le projet en butte \u00e0 deux obstacles : les 25 M\u20ac que l&rsquo;Etat devait donner dans le cadre de l&rsquo;appel \u00e0 projets et qui sont toujours attendus, mais aussi le scepticisme que la nouvelle majorit\u00e9 du SMTC, comme l&rsquo;ancienne d&rsquo;ailleurs, laisse percevoir. Sicoval et SMTC doivent verser chacun 141 M\u20ac pour un projet estim\u00e9 \u00e0 373 M\u20ac<\/p>\n<\/div>\n<div class=\"article_author\">Jean-No\u00ebl Gros<\/div>\n","protected":false},"excerpt":{"rendered":"<p>Un article paru dans la D\u00e9p\u00eache du midi le 13\/09\/2014 lire sur le site Plusieurs acteurs de l&rsquo;agglo travaillent sur un projet de RER au Nord et \u00e0 l&rsquo;Est de Toulouse. Un projet \u00e0 long terme, co\u00fbteux, qui fait l&rsquo;objet de d\u00e9bats chez Tiss\u00e9o. Toulouse aura-t-elle un jour un RER \u00e0 la parisienne ? \u00c0<\/p>\n<p class=\"more-link\"><a href=\"https:\/\/autate.fr\/site\/un-rer-pour-lagglo-toulousaine\/\" class=\"themebutton2\">VOIR PLUS<\/a><\/p>\n","protected":false},"author":1,"featured_media":2469,"comment_status":"open","ping_status":"open","sticky":false,"template":"","format":"standard","meta":{"footnotes":""},"categories":[7,418],"tags":[27,159],"class_list":["post-2466","post","type-post","status-publish","format-standard","has-post-thumbnail","hentry","category-revue-de-presse","category-trains-urbains","tag-aerotram","tag-rer"],"yoast_head":"<!-- This site is optimized with the Yoast SEO plugin v27.4 - https:\/\/yoast.com\/product\/yoast-seo-wordpress\/ -->\n<title>Un RER pour l&#039;agglo toulousaine ? - AUTATE<\/title>\n<meta name=\"robots\" content=\"index, follow, max-snippet:-1, max-image-preview:large, max-video-preview:-1\" \/>\n<link rel=\"canonical\" href=\"https:\/\/autate.fr\/site\/un-rer-pour-lagglo-toulousaine\/\" \/>\n<meta property=\"og:locale\" content=\"fr_FR\" \/>\n<meta property=\"og:type\" content=\"article\" \/>\n<meta property=\"og:title\" content=\"Un RER pour l&#039;agglo toulousaine ? - AUTATE\" \/>\n<meta property=\"og:description\" content=\"Un article paru dans la D\u00e9p\u00eache du midi le 13\/09\/2014 lire sur le site Plusieurs acteurs de l&rsquo;agglo travaillent sur un projet de RER au Nord et \u00e0 l&rsquo;Est de Toulouse. Un projet \u00e0 long terme, co\u00fbteux, qui fait l&rsquo;objet de d\u00e9bats chez Tiss\u00e9o. Toulouse aura-t-elle un jour un RER \u00e0 la parisienne ? \u00c0VOIR PLUS\" \/>\n<meta property=\"og:url\" content=\"https:\/\/autate.fr\/site\/un-rer-pour-lagglo-toulousaine\/\" \/>\n<meta property=\"og:site_name\" content=\"AUTATE\" \/>\n<meta property=\"article:publisher\" content=\"https:\/\/www.facebook.com\/AutateToulouse\" \/>\n<meta property=\"article:published_time\" content=\"2015-10-23T11:52:29+00:00\" \/>\n<meta property=\"article:modified_time\" content=\"2018-02-23T13:16:50+00:00\" \/>\n<meta property=\"og:image\" content=\"https:\/\/autate.fr\/site\/wp-content\/uploads\/2016\/02\/RERD\u00e9p\u00eache.jpg\" \/>\n\t<meta property=\"og:image:width\" content=\"650\" \/>\n\t<meta property=\"og:image:height\" content=\"309\" \/>\n\t<meta property=\"og:image:type\" content=\"image\/jpeg\" \/>\n<meta name=\"author\" content=\"pascalbarbier\" \/>\n<meta name=\"twitter:card\" content=\"summary_large_image\" \/>\n<meta name=\"twitter:creator\" content=\"@AutateToulouse\" \/>\n<meta name=\"twitter:site\" content=\"@AutateToulouse\" \/>\n<meta name=\"twitter:label1\" content=\"\u00c9crit par\" \/>\n\t<meta name=\"twitter:data1\" content=\"pascalbarbier\" \/>\n\t<meta name=\"twitter:label2\" content=\"Dur\u00e9e de lecture estim\u00e9e\" \/>\n\t<meta name=\"twitter:data2\" content=\"4 minutes\" \/>\n<script type=\"application\/ld+json\" class=\"yoast-schema-graph\">{\"@context\":\"https:\\\/\\\/schema.org\",\"@graph\":[{\"@type\":\"Article\",\"@id\":\"https:\\\/\\\/autate.fr\\\/site\\\/un-rer-pour-lagglo-toulousaine\\\/#article\",\"isPartOf\":{\"@id\":\"https:\\\/\\\/autate.fr\\\/site\\\/un-rer-pour-lagglo-toulousaine\\\/\"},\"author\":{\"name\":\"pascalbarbier\",\"@id\":\"https:\\\/\\\/autate.fr\\\/site\\\/#\\\/schema\\\/person\\\/ae1ab8bdaa7b41d2a9b52d2557ce8254\"},\"headline\":\"Un RER pour l&rsquo;agglo toulousaine ?\",\"datePublished\":\"2015-10-23T11:52:29+00:00\",\"dateModified\":\"2018-02-23T13:16:50+00:00\",\"mainEntityOfPage\":{\"@id\":\"https:\\\/\\\/autate.fr\\\/site\\\/un-rer-pour-lagglo-toulousaine\\\/\"},\"wordCount\":853,\"commentCount\":0,\"publisher\":{\"@id\":\"https:\\\/\\\/autate.fr\\\/site\\\/#organization\"},\"image\":{\"@id\":\"https:\\\/\\\/autate.fr\\\/site\\\/un-rer-pour-lagglo-toulousaine\\\/#primaryimage\"},\"thumbnailUrl\":\"https:\\\/\\\/autate.fr\\\/site\\\/wp-content\\\/uploads\\\/2016\\\/02\\\/RERD\u00e9p\u00eache.jpg\",\"keywords\":[\"A\u00e9rotram\",\"RER\"],\"articleSection\":[\"Revue de presse\",\"Trains urbains\"],\"inLanguage\":\"fr-FR\",\"potentialAction\":[{\"@type\":\"CommentAction\",\"name\":\"Comment\",\"target\":[\"https:\\\/\\\/autate.fr\\\/site\\\/un-rer-pour-lagglo-toulousaine\\\/#respond\"]}]},{\"@type\":\"WebPage\",\"@id\":\"https:\\\/\\\/autate.fr\\\/site\\\/un-rer-pour-lagglo-toulousaine\\\/\",\"url\":\"https:\\\/\\\/autate.fr\\\/site\\\/un-rer-pour-lagglo-toulousaine\\\/\",\"name\":\"Un RER pour l'agglo toulousaine ? - AUTATE\",\"isPartOf\":{\"@id\":\"https:\\\/\\\/autate.fr\\\/site\\\/#website\"},\"primaryImageOfPage\":{\"@id\":\"https:\\\/\\\/autate.fr\\\/site\\\/un-rer-pour-lagglo-toulousaine\\\/#primaryimage\"},\"image\":{\"@id\":\"https:\\\/\\\/autate.fr\\\/site\\\/un-rer-pour-lagglo-toulousaine\\\/#primaryimage\"},\"thumbnailUrl\":\"https:\\\/\\\/autate.fr\\\/site\\\/wp-content\\\/uploads\\\/2016\\\/02\\\/RERD\u00e9p\u00eache.jpg\",\"datePublished\":\"2015-10-23T11:52:29+00:00\",\"dateModified\":\"2018-02-23T13:16:50+00:00\",\"breadcrumb\":{\"@id\":\"https:\\\/\\\/autate.fr\\\/site\\\/un-rer-pour-lagglo-toulousaine\\\/#breadcrumb\"},\"inLanguage\":\"fr-FR\",\"potentialAction\":[{\"@type\":\"ReadAction\",\"target\":[\"https:\\\/\\\/autate.fr\\\/site\\\/un-rer-pour-lagglo-toulousaine\\\/\"]}]},{\"@type\":\"ImageObject\",\"inLanguage\":\"fr-FR\",\"@id\":\"https:\\\/\\\/autate.fr\\\/site\\\/un-rer-pour-lagglo-toulousaine\\\/#primaryimage\",\"url\":\"https:\\\/\\\/autate.fr\\\/site\\\/wp-content\\\/uploads\\\/2016\\\/02\\\/RERD\u00e9p\u00eache.jpg\",\"contentUrl\":\"https:\\\/\\\/autate.fr\\\/site\\\/wp-content\\\/uploads\\\/2016\\\/02\\\/RERD\u00e9p\u00eache.jpg\",\"width\":650,\"height\":309},{\"@type\":\"BreadcrumbList\",\"@id\":\"https:\\\/\\\/autate.fr\\\/site\\\/un-rer-pour-lagglo-toulousaine\\\/#breadcrumb\",\"itemListElement\":[{\"@type\":\"ListItem\",\"position\":1,\"name\":\"Accueil\",\"item\":\"https:\\\/\\\/autate.fr\\\/site\\\/\"},{\"@type\":\"ListItem\",\"position\":2,\"name\":\"Un RER pour l&rsquo;agglo toulousaine ?\"}]},{\"@type\":\"WebSite\",\"@id\":\"https:\\\/\\\/autate.fr\\\/site\\\/#website\",\"url\":\"https:\\\/\\\/autate.fr\\\/site\\\/\",\"name\":\"AUTATE\",\"description\":\"Association des usagers des transports de l&#039;agglom\u00e9ration Toulousaine et de ses environs\",\"publisher\":{\"@id\":\"https:\\\/\\\/autate.fr\\\/site\\\/#organization\"},\"potentialAction\":[{\"@type\":\"SearchAction\",\"target\":{\"@type\":\"EntryPoint\",\"urlTemplate\":\"https:\\\/\\\/autate.fr\\\/site\\\/?s={search_term_string}\"},\"query-input\":{\"@type\":\"PropertyValueSpecification\",\"valueRequired\":true,\"valueName\":\"search_term_string\"}}],\"inLanguage\":\"fr-FR\"},{\"@type\":\"Organization\",\"@id\":\"https:\\\/\\\/autate.fr\\\/site\\\/#organization\",\"name\":\"AUTATE\",\"url\":\"https:\\\/\\\/autate.fr\\\/site\\\/\",\"logo\":{\"@type\":\"ImageObject\",\"inLanguage\":\"fr-FR\",\"@id\":\"https:\\\/\\\/autate.fr\\\/site\\\/#\\\/schema\\\/logo\\\/image\\\/\",\"url\":\"http:\\\/\\\/autate.fr\\\/site\\\/wp-content\\\/uploads\\\/2019\\\/01\\\/logo.png\",\"contentUrl\":\"http:\\\/\\\/autate.fr\\\/site\\\/wp-content\\\/uploads\\\/2019\\\/01\\\/logo.png\",\"width\":506,\"height\":280,\"caption\":\"AUTATE\"},\"image\":{\"@id\":\"https:\\\/\\\/autate.fr\\\/site\\\/#\\\/schema\\\/logo\\\/image\\\/\"},\"sameAs\":[\"https:\\\/\\\/www.facebook.com\\\/AutateToulouse\",\"https:\\\/\\\/x.com\\\/AutateToulouse\"]},{\"@type\":\"Person\",\"@id\":\"https:\\\/\\\/autate.fr\\\/site\\\/#\\\/schema\\\/person\\\/ae1ab8bdaa7b41d2a9b52d2557ce8254\",\"name\":\"pascalbarbier\",\"image\":{\"@type\":\"ImageObject\",\"inLanguage\":\"fr-FR\",\"@id\":\"https:\\\/\\\/secure.gravatar.com\\\/avatar\\\/03f4e8ced09894b72c67e83142540730d4b3bbf619bf46341b0074e3bf5f08a0?s=96&d=mm&r=g\",\"url\":\"https:\\\/\\\/secure.gravatar.com\\\/avatar\\\/03f4e8ced09894b72c67e83142540730d4b3bbf619bf46341b0074e3bf5f08a0?s=96&d=mm&r=g\",\"contentUrl\":\"https:\\\/\\\/secure.gravatar.com\\\/avatar\\\/03f4e8ced09894b72c67e83142540730d4b3bbf619bf46341b0074e3bf5f08a0?s=96&d=mm&r=g\",\"caption\":\"pascalbarbier\"},\"url\":\"https:\\\/\\\/autate.fr\\\/site\\\/author\\\/pascalbarbier\\\/\"}]}<\/script>\n<!-- \/ Yoast SEO plugin. -->","yoast_head_json":{"title":"Un RER pour l'agglo toulousaine ? - AUTATE","robots":{"index":"index","follow":"follow","max-snippet":"max-snippet:-1","max-image-preview":"max-image-preview:large","max-video-preview":"max-video-preview:-1"},"canonical":"https:\/\/autate.fr\/site\/un-rer-pour-lagglo-toulousaine\/","og_locale":"fr_FR","og_type":"article","og_title":"Un RER pour l'agglo toulousaine ? - AUTATE","og_description":"Un article paru dans la D\u00e9p\u00eache du midi le 13\/09\/2014 lire sur le site Plusieurs acteurs de l&rsquo;agglo travaillent sur un projet de RER au Nord et \u00e0 l&rsquo;Est de Toulouse. Un projet \u00e0 long terme, co\u00fbteux, qui fait l&rsquo;objet de d\u00e9bats chez Tiss\u00e9o. Toulouse aura-t-elle un jour un RER \u00e0 la parisienne ? \u00c0VOIR PLUS","og_url":"https:\/\/autate.fr\/site\/un-rer-pour-lagglo-toulousaine\/","og_site_name":"AUTATE","article_publisher":"https:\/\/www.facebook.com\/AutateToulouse","article_published_time":"2015-10-23T11:52:29+00:00","article_modified_time":"2018-02-23T13:16:50+00:00","og_image":[{"width":650,"height":309,"url":"https:\/\/autate.fr\/site\/wp-content\/uploads\/2016\/02\/RERD\u00e9p\u00eache.jpg","type":"image\/jpeg"}],"author":"pascalbarbier","twitter_card":"summary_large_image","twitter_creator":"@AutateToulouse","twitter_site":"@AutateToulouse","twitter_misc":{"\u00c9crit par":"pascalbarbier","Dur\u00e9e de lecture estim\u00e9e":"4 minutes"},"schema":{"@context":"https:\/\/schema.org","@graph":[{"@type":"Article","@id":"https:\/\/autate.fr\/site\/un-rer-pour-lagglo-toulousaine\/#article","isPartOf":{"@id":"https:\/\/autate.fr\/site\/un-rer-pour-lagglo-toulousaine\/"},"author":{"name":"pascalbarbier","@id":"https:\/\/autate.fr\/site\/#\/schema\/person\/ae1ab8bdaa7b41d2a9b52d2557ce8254"},"headline":"Un RER pour l&rsquo;agglo toulousaine ?","datePublished":"2015-10-23T11:52:29+00:00","dateModified":"2018-02-23T13:16:50+00:00","mainEntityOfPage":{"@id":"https:\/\/autate.fr\/site\/un-rer-pour-lagglo-toulousaine\/"},"wordCount":853,"commentCount":0,"publisher":{"@id":"https:\/\/autate.fr\/site\/#organization"},"image":{"@id":"https:\/\/autate.fr\/site\/un-rer-pour-lagglo-toulousaine\/#primaryimage"},"thumbnailUrl":"https:\/\/autate.fr\/site\/wp-content\/uploads\/2016\/02\/RERD\u00e9p\u00eache.jpg","keywords":["A\u00e9rotram","RER"],"articleSection":["Revue de presse","Trains urbains"],"inLanguage":"fr-FR","potentialAction":[{"@type":"CommentAction","name":"Comment","target":["https:\/\/autate.fr\/site\/un-rer-pour-lagglo-toulousaine\/#respond"]}]},{"@type":"WebPage","@id":"https:\/\/autate.fr\/site\/un-rer-pour-lagglo-toulousaine\/","url":"https:\/\/autate.fr\/site\/un-rer-pour-lagglo-toulousaine\/","name":"Un RER pour l'agglo toulousaine ? - AUTATE","isPartOf":{"@id":"https:\/\/autate.fr\/site\/#website"},"primaryImageOfPage":{"@id":"https:\/\/autate.fr\/site\/un-rer-pour-lagglo-toulousaine\/#primaryimage"},"image":{"@id":"https:\/\/autate.fr\/site\/un-rer-pour-lagglo-toulousaine\/#primaryimage"},"thumbnailUrl":"https:\/\/autate.fr\/site\/wp-content\/uploads\/2016\/02\/RERD\u00e9p\u00eache.jpg","datePublished":"2015-10-23T11:52:29+00:00","dateModified":"2018-02-23T13:16:50+00:00","breadcrumb":{"@id":"https:\/\/autate.fr\/site\/un-rer-pour-lagglo-toulousaine\/#breadcrumb"},"inLanguage":"fr-FR","potentialAction":[{"@type":"ReadAction","target":["https:\/\/autate.fr\/site\/un-rer-pour-lagglo-toulousaine\/"]}]},{"@type":"ImageObject","inLanguage":"fr-FR","@id":"https:\/\/autate.fr\/site\/un-rer-pour-lagglo-toulousaine\/#primaryimage","url":"https:\/\/autate.fr\/site\/wp-content\/uploads\/2016\/02\/RERD\u00e9p\u00eache.jpg","contentUrl":"https:\/\/autate.fr\/site\/wp-content\/uploads\/2016\/02\/RERD\u00e9p\u00eache.jpg","width":650,"height":309},{"@type":"BreadcrumbList","@id":"https:\/\/autate.fr\/site\/un-rer-pour-lagglo-toulousaine\/#breadcrumb","itemListElement":[{"@type":"ListItem","position":1,"name":"Accueil","item":"https:\/\/autate.fr\/site\/"},{"@type":"ListItem","position":2,"name":"Un RER pour l&rsquo;agglo toulousaine ?"}]},{"@type":"WebSite","@id":"https:\/\/autate.fr\/site\/#website","url":"https:\/\/autate.fr\/site\/","name":"AUTATE","description":"Association des usagers des transports de l&#039;agglom\u00e9ration Toulousaine et de ses environs","publisher":{"@id":"https:\/\/autate.fr\/site\/#organization"},"potentialAction":[{"@type":"SearchAction","target":{"@type":"EntryPoint","urlTemplate":"https:\/\/autate.fr\/site\/?s={search_term_string}"},"query-input":{"@type":"PropertyValueSpecification","valueRequired":true,"valueName":"search_term_string"}}],"inLanguage":"fr-FR"},{"@type":"Organization","@id":"https:\/\/autate.fr\/site\/#organization","name":"AUTATE","url":"https:\/\/autate.fr\/site\/","logo":{"@type":"ImageObject","inLanguage":"fr-FR","@id":"https:\/\/autate.fr\/site\/#\/schema\/logo\/image\/","url":"http:\/\/autate.fr\/site\/wp-content\/uploads\/2019\/01\/logo.png","contentUrl":"http:\/\/autate.fr\/site\/wp-content\/uploads\/2019\/01\/logo.png","width":506,"height":280,"caption":"AUTATE"},"image":{"@id":"https:\/\/autate.fr\/site\/#\/schema\/logo\/image\/"},"sameAs":["https:\/\/www.facebook.com\/AutateToulouse","https:\/\/x.com\/AutateToulouse"]},{"@type":"Person","@id":"https:\/\/autate.fr\/site\/#\/schema\/person\/ae1ab8bdaa7b41d2a9b52d2557ce8254","name":"pascalbarbier","image":{"@type":"ImageObject","inLanguage":"fr-FR","@id":"https:\/\/secure.gravatar.com\/avatar\/03f4e8ced09894b72c67e83142540730d4b3bbf619bf46341b0074e3bf5f08a0?s=96&d=mm&r=g","url":"https:\/\/secure.gravatar.com\/avatar\/03f4e8ced09894b72c67e83142540730d4b3bbf619bf46341b0074e3bf5f08a0?s=96&d=mm&r=g","contentUrl":"https:\/\/secure.gravatar.com\/avatar\/03f4e8ced09894b72c67e83142540730d4b3bbf619bf46341b0074e3bf5f08a0?s=96&d=mm&r=g","caption":"pascalbarbier"},"url":"https:\/\/autate.fr\/site\/author\/pascalbarbier\/"}]}},"_links":{"self":[{"href":"https:\/\/autate.fr\/site\/wp-json\/wp\/v2\/posts\/2466","targetHints":{"allow":["GET"]}}],"collection":[{"href":"https:\/\/autate.fr\/site\/wp-json\/wp\/v2\/posts"}],"about":[{"href":"https:\/\/autate.fr\/site\/wp-json\/wp\/v2\/types\/post"}],"author":[{"embeddable":true,"href":"https:\/\/autate.fr\/site\/wp-json\/wp\/v2\/users\/1"}],"replies":[{"embeddable":true,"href":"https:\/\/autate.fr\/site\/wp-json\/wp\/v2\/comments?post=2466"}],"version-history":[{"count":3,"href":"https:\/\/autate.fr\/site\/wp-json\/wp\/v2\/posts\/2466\/revisions"}],"predecessor-version":[{"id":2470,"href":"https:\/\/autate.fr\/site\/wp-json\/wp\/v2\/posts\/2466\/revisions\/2470"}],"wp:featuredmedia":[{"embeddable":true,"href":"https:\/\/autate.fr\/site\/wp-json\/wp\/v2\/media\/2469"}],"wp:attachment":[{"href":"https:\/\/autate.fr\/site\/wp-json\/wp\/v2\/media?parent=2466"}],"wp:term":[{"taxonomy":"category","embeddable":true,"href":"https:\/\/autate.fr\/site\/wp-json\/wp\/v2\/categories?post=2466"},{"taxonomy":"post_tag","embeddable":true,"href":"https:\/\/autate.fr\/site\/wp-json\/wp\/v2\/tags?post=2466"}],"curies":[{"name":"wp","href":"https:\/\/api.w.org\/{rel}","templated":true}]}}