{"id":2440,"date":"2018-02-21T13:34:35","date_gmt":"2018-02-21T12:34:35","guid":{"rendered":"http:\/\/autate.fr\/site\/?p=2440"},"modified":"2018-03-12T12:07:37","modified_gmt":"2018-03-12T11:07:37","slug":"tractage-autate-gare-de-labege-innopole","status":"publish","type":"post","link":"https:\/\/autate.fr\/site\/tractage-autate-gare-de-labege-innopole\/","title":{"rendered":"Compte-rendu tractage AUTATE gare de Labege Innopole"},"content":{"rendered":"<p class=\"western\" lang=\"fr-FR\"><span lang=\"fr-FR\">20\/02\/2018 Nous \u00e9tions 5 membres de l&rsquo;AUTATE<\/span><\/p>\n<p lang=\"fr-FR\"><a href=\"https:\/\/autate.fr\/site\/wp-content\/uploads\/2018\/02\/infoTrafic.jpg\"><img loading=\"lazy\" decoding=\"async\" class=\"alignnone size-medium wp-image-2386\" src=\"https:\/\/autate.fr\/site\/wp-content\/uploads\/2018\/02\/infoTrafic-300x251.jpg\" alt=\"\" width=\"300\" height=\"251\" srcset=\"https:\/\/autate.fr\/site\/wp-content\/uploads\/2018\/02\/infoTrafic-300x251.jpg 300w, https:\/\/autate.fr\/site\/wp-content\/uploads\/2018\/02\/infoTrafic-768x642.jpg 768w, https:\/\/autate.fr\/site\/wp-content\/uploads\/2018\/02\/infoTrafic.jpg 790w\" sizes=\"auto, (max-width: 300px) 100vw, 300px\" \/><\/a><\/p>\n<p><strong><span lang=\"fr-FR\">T\u00e9moignages d&rsquo;usager.e.s dans le train\u00a0 m\u00e9tropolitain sur la ligne Toulouse sud Est de 17h15 aller et 18H34 au retour <\/span><\/strong><span lang=\"fr-FR\">:<br \/>\n&#8211; usagers de Villefranche : ma gare pourrait \u00eatre \u00e9ligible \u00e0 l&rsquo;abonnement agglo Pastel +, il serait bien qu&rsquo;il y ait plus de trains directs le soir.<br \/>\n&#8211; peu de retards au dessus de 10 minutes, par contre pas de solutions de rechange fiables quand un train est annul\u00e9<br \/>\n-on voit des choses inexplicables : annulation par la SNCF d&rsquo;un train pour la simple absence inopin\u00e9e d&rsquo;un agent annonc\u00e9e la veille pour le lendemain<br \/>\n-le probl\u00e8me de la fiabilit\u00e9, surtout en cas de suppression d&rsquo;un train est vraiment un gros probl\u00e8me pour les usager-e-s qui prennent r\u00e9guli\u00e8rement le train pour travailler<\/span><\/p>\n<p><strong><span lang=\"fr-FR\">Gare de Lab\u00e8ge Innopole<\/span><\/strong><span lang=\"fr-FR\"> :<br \/>\nLa gare n&rsquo;est pas int\u00e9gr\u00e9e dans les espaces publics de Lab\u00e8ge Innopole : bord\u00e9e par 2 grillages qui donnent sur des parkings priv\u00e9s, aucun panneau indicatif pour les pi\u00e9tons, m\u00eame pour indiquer les arr\u00eats de bus<br \/>\n<strong>La carte<\/strong> affich\u00e9e par la SNCF porte \u00e0 confusion et\u00a0 la carte du r\u00e9seau Tiss\u00e9o n&rsquo;est pas actualis\u00e9e.<\/span><\/p>\n<p>Nous nous demandons pourquoi un\u00a0 <strong>chemin pour amener au centre commercial<\/strong> a \u00e9t\u00e9 ferm\u00e9. R\u00e9ponse d&rsquo;un usager sur Twitter : il faut longer le quai, au bout un escalier m\u00e8ne au parking Carrefour. En effet, il y a plein de places sur l&rsquo;arri\u00e8re du centre commercial et un acc\u00e8s direct \u00e0 la gare par un petit escalier. Mais un jour, Carrefour peut privatiser son parking.<\/p>\n<p>Un usager nous indique que la <strong>derni\u00e8re navette gratuite<\/strong> mise \u00e0 disposition des salari\u00e9s par le Sicoval dessert le train de 17h58. Apr\u00e8s il n&rsquo;y en a plus.<\/p>\n<p><strong>Il semble bien que\u00a0 Lab\u00e8ge Innopole n&rsquo;ait pas pris en consid\u00e9ration les usager-e-s du train dans la conception de la zone d&rsquo;activit\u00e9.<\/strong><\/p>\n<p><a href=\"https:\/\/autate.fr\/site\/wp-content\/uploads\/2018\/02\/GareLabegeInnopole.jpg\"><img loading=\"lazy\" decoding=\"async\" class=\"alignnone size-medium wp-image-2456\" src=\"https:\/\/autate.fr\/site\/wp-content\/uploads\/2018\/02\/GareLabegeInnopole-300x225.jpg\" alt=\"\" width=\"300\" height=\"225\" srcset=\"https:\/\/autate.fr\/site\/wp-content\/uploads\/2018\/02\/GareLabegeInnopole-300x225.jpg 300w, https:\/\/autate.fr\/site\/wp-content\/uploads\/2018\/02\/GareLabegeInnopole-768x576.jpg 768w, https:\/\/autate.fr\/site\/wp-content\/uploads\/2018\/02\/GareLabegeInnopole-1024x768.jpg 1024w\" sizes=\"auto, (max-width: 300px) 100vw, 300px\" \/><\/a><a href=\"https:\/\/autate.fr\/site\/wp-content\/uploads\/2018\/02\/GareLabegeInnopolecarte-e1519218168508.jpg\"><img loading=\"lazy\" decoding=\"async\" class=\"alignnone size-medium wp-image-2457\" src=\"https:\/\/autate.fr\/site\/wp-content\/uploads\/2018\/02\/GareLabegeInnopolecarte-e1519218168508-225x300.jpg\" alt=\"\" width=\"225\" height=\"300\" srcset=\"https:\/\/autate.fr\/site\/wp-content\/uploads\/2018\/02\/GareLabegeInnopolecarte-e1519218168508-225x300.jpg 225w, https:\/\/autate.fr\/site\/wp-content\/uploads\/2018\/02\/GareLabegeInnopolecarte-e1519218168508-768x1024.jpg 768w\" sizes=\"auto, (max-width: 225px) 100vw, 225px\" \/><\/a><\/p>\n<p><strong><span lang=\"fr-FR\">Gare d&rsquo;Escalquens<\/span><\/strong><span lang=\"fr-FR\"> :<br \/>\nune gare vieillotte mais un abri<strong> v\u00e9lo<\/strong> et 3 box ferm\u00e9s; des <strong>parkings<\/strong> am\u00e9nag\u00e9s satur\u00e9s m\u00eame ce mardi de cong\u00e9s scolaires mais des possibilit\u00e9s de se garer au del\u00e0 sur un espace qui pourrait \u00eatre facilement am\u00e9nag\u00e9.<br \/>\n<\/span><\/p>\n<p><a href=\"https:\/\/autate.fr\/site\/wp-content\/uploads\/2018\/02\/GareEscalquensPVoitures2-1-e1519216776462.jpg\"><img loading=\"lazy\" decoding=\"async\" class=\"alignnone size-medium wp-image-2444\" src=\"https:\/\/autate.fr\/site\/wp-content\/uploads\/2018\/02\/GareEscalquensPVoitures2-1-e1519216776462-180x300.jpg\" alt=\"\" width=\"180\" height=\"300\" srcset=\"https:\/\/autate.fr\/site\/wp-content\/uploads\/2018\/02\/GareEscalquensPVoitures2-1-e1519216776462-180x300.jpg 180w, https:\/\/autate.fr\/site\/wp-content\/uploads\/2018\/02\/GareEscalquensPVoitures2-1-e1519216776462-768x1280.jpg 768w, https:\/\/autate.fr\/site\/wp-content\/uploads\/2018\/02\/GareEscalquensPVoitures2-1-e1519216776462-614x1024.jpg 614w, https:\/\/autate.fr\/site\/wp-content\/uploads\/2018\/02\/GareEscalquensPVoitures2-1-e1519216776462.jpg 1536w\" sizes=\"auto, (max-width: 180px) 100vw, 180px\" \/><\/a><a href=\"https:\/\/autate.fr\/site\/wp-content\/uploads\/2018\/02\/GareEscalquensPV\u00e9los-e1519216804512.jpg\"><img loading=\"lazy\" decoding=\"async\" class=\"alignnone size-medium wp-image-2445\" src=\"https:\/\/autate.fr\/site\/wp-content\/uploads\/2018\/02\/GareEscalquensPV\u00e9los-e1519216804512-180x300.jpg\" alt=\"\" width=\"180\" height=\"300\" srcset=\"https:\/\/autate.fr\/site\/wp-content\/uploads\/2018\/02\/GareEscalquensPV\u00e9los-e1519216804512-180x300.jpg 180w, https:\/\/autate.fr\/site\/wp-content\/uploads\/2018\/02\/GareEscalquensPV\u00e9los-e1519216804512-768x1280.jpg 768w, https:\/\/autate.fr\/site\/wp-content\/uploads\/2018\/02\/GareEscalquensPV\u00e9los-e1519216804512-614x1024.jpg 614w, https:\/\/autate.fr\/site\/wp-content\/uploads\/2018\/02\/GareEscalquensPV\u00e9los-e1519216804512.jpg 1536w\" sizes=\"auto, (max-width: 180px) 100vw, 180px\" \/><\/a><\/p>\n<p><strong><span lang=\"fr-FR\">Gare de Bazi\u00e8ge<\/span><\/strong><span lang=\"fr-FR\"><br \/>\nbeaucoup moins de voitures sur le parking am\u00e9nag\u00e9 et non am\u00e9nag\u00e9. Possibilit\u00e9s d&rsquo;extension.<br \/>\n<\/span><\/p>\n<p><a href=\"https:\/\/autate.fr\/site\/wp-content\/uploads\/2018\/02\/GareBaziege-e1519216974498.jpg\"><img loading=\"lazy\" decoding=\"async\" class=\"alignnone size-medium wp-image-2447\" src=\"https:\/\/autate.fr\/site\/wp-content\/uploads\/2018\/02\/GareBaziege-e1519216974498-180x300.jpg\" alt=\"\" width=\"180\" height=\"300\" srcset=\"https:\/\/autate.fr\/site\/wp-content\/uploads\/2018\/02\/GareBaziege-e1519216974498-180x300.jpg 180w, https:\/\/autate.fr\/site\/wp-content\/uploads\/2018\/02\/GareBaziege-e1519216974498-768x1280.jpg 768w, https:\/\/autate.fr\/site\/wp-content\/uploads\/2018\/02\/GareBaziege-e1519216974498-614x1024.jpg 614w, https:\/\/autate.fr\/site\/wp-content\/uploads\/2018\/02\/GareBaziege-e1519216974498.jpg 1536w\" sizes=\"auto, (max-width: 180px) 100vw, 180px\" \/><\/a><a href=\"https:\/\/autate.fr\/site\/wp-content\/uploads\/2018\/02\/GareBaziegeParkingVoitures-e1519217000987.jpg\"><img loading=\"lazy\" decoding=\"async\" class=\"alignnone size-medium wp-image-2448\" src=\"https:\/\/autate.fr\/site\/wp-content\/uploads\/2018\/02\/GareBaziegeParkingVoitures-e1519217000987-180x300.jpg\" alt=\"\" width=\"180\" height=\"300\" srcset=\"https:\/\/autate.fr\/site\/wp-content\/uploads\/2018\/02\/GareBaziegeParkingVoitures-e1519217000987-180x300.jpg 180w, https:\/\/autate.fr\/site\/wp-content\/uploads\/2018\/02\/GareBaziegeParkingVoitures-e1519217000987-768x1280.jpg 768w, https:\/\/autate.fr\/site\/wp-content\/uploads\/2018\/02\/GareBaziegeParkingVoitures-e1519217000987-614x1024.jpg 614w, https:\/\/autate.fr\/site\/wp-content\/uploads\/2018\/02\/GareBaziegeParkingVoitures-e1519217000987.jpg 1536w\" sizes=\"auto, (max-width: 180px) 100vw, 180px\" \/><\/a><\/p>\n<p><strong><span lang=\"fr-FR\">Gare de Lab\u00e8ge Village<\/span><\/strong><span lang=\"fr-FR\"><br \/>\nune simple halte mais bien am\u00e9nag\u00e9e. Petit parking peu utilis\u00e9.<br \/>\nLa gare est loin du lyc\u00e9e de la Cad\u00e8ne.<\/span><\/p>\n<p><a href=\"https:\/\/autate.fr\/site\/wp-content\/uploads\/2018\/02\/Garede-Lab\u00e8ge-Village-1-e1519217487599.jpg\"><img loading=\"lazy\" decoding=\"async\" class=\"alignnone size-medium wp-image-2453\" src=\"https:\/\/autate.fr\/site\/wp-content\/uploads\/2018\/02\/Garede-Lab\u00e8ge-Village-1-e1519217487599-180x300.jpg\" alt=\"\" width=\"180\" height=\"300\" srcset=\"https:\/\/autate.fr\/site\/wp-content\/uploads\/2018\/02\/Garede-Lab\u00e8ge-Village-1-e1519217487599-180x300.jpg 180w, https:\/\/autate.fr\/site\/wp-content\/uploads\/2018\/02\/Garede-Lab\u00e8ge-Village-1-e1519217487599-768x1280.jpg 768w, https:\/\/autate.fr\/site\/wp-content\/uploads\/2018\/02\/Garede-Lab\u00e8ge-Village-1-e1519217487599-614x1024.jpg 614w, https:\/\/autate.fr\/site\/wp-content\/uploads\/2018\/02\/Garede-Lab\u00e8ge-Village-1-e1519217487599.jpg 1536w\" sizes=\"auto, (max-width: 180px) 100vw, 180px\" \/><\/a><a href=\"https:\/\/autate.fr\/site\/wp-content\/uploads\/2018\/02\/GareLabegeVillageParking-1-e1519217468941.jpg\"><img loading=\"lazy\" decoding=\"async\" class=\"alignnone size-medium wp-image-2451\" src=\"https:\/\/autate.fr\/site\/wp-content\/uploads\/2018\/02\/GareLabegeVillageParking-1-e1519217468941-180x300.jpg\" alt=\"\" width=\"180\" height=\"300\" srcset=\"https:\/\/autate.fr\/site\/wp-content\/uploads\/2018\/02\/GareLabegeVillageParking-1-e1519217468941-180x300.jpg 180w, https:\/\/autate.fr\/site\/wp-content\/uploads\/2018\/02\/GareLabegeVillageParking-1-e1519217468941-768x1280.jpg 768w, https:\/\/autate.fr\/site\/wp-content\/uploads\/2018\/02\/GareLabegeVillageParking-1-e1519217468941-614x1024.jpg 614w, https:\/\/autate.fr\/site\/wp-content\/uploads\/2018\/02\/GareLabegeVillageParking-1-e1519217468941.jpg 1536w\" sizes=\"auto, (max-width: 180px) 100vw, 180px\" \/><\/a><\/p>\n<p><strong><span lang=\"fr-FR\">Contact<\/span><\/strong><\/p>\n<p>Une personne va nous contacter : elle fait partie d&rsquo;une association qui s&rsquo;est constitu\u00e9e sur la ligne. Ils ont des RV avec la SNCF mais pour traiter de\u00a0 toutes les lignes ensemble, ce qui ne lui semble pas efficace.<\/p>\n<p><strong><span lang=\"fr-FR\">Conclusion<\/span><\/strong><\/p>\n<p>M\u00eame pendant les vacances scolaires, les trains entre Toulouse et Lab\u00e8ge Innopole sont remplis entre 17h et 18h30 avec beaucoup d&rsquo;usagers qui circulent\u00a0 entre Lab\u00e8ge Innopole et Toulouse Matabiau.<br \/>\n<strong>Le cadencement<\/strong>, dans un premier temps, d&rsquo;un train \u00e0 la demi heure toute la journ\u00e9e et <strong>l&rsquo;\u00e9largissement des horaires<\/strong> (5h &#8211; 23h)\u00a0 tel que propos\u00e9s par l&rsquo;AUTATE r\u00e9pondent aux besoins de la population.<\/p>\n<p>Il est essentiel \u00e9galement de <strong>favoriser l&rsquo;intermodalit\u00e9<\/strong> avec les autres modes de transport (jalonnements pour rejoindre les gares, les arr\u00eats de bus et les principaux p\u00f4les du secteur, positionnements des arr\u00eats de bus \u00e0 proximit\u00e9 des gares, stationnements v\u00e9lo s\u00e9curis\u00e9s pr\u00e8s des gares, cheminements pi\u00e9tons et v\u00e9lo s\u00e9curis\u00e9s, coordination des horaires entre bus\/navettes et trains avec dans la mesure du possible, attente en cas de l\u00e9gers retards)<\/p>\n<p><a href=\"https:\/\/autate.fr\/site\/wp-content\/uploads\/2018\/02\/GareQuai.jpg\"><img loading=\"lazy\" decoding=\"async\" class=\"alignnone size-medium wp-image-2461\" src=\"https:\/\/autate.fr\/site\/wp-content\/uploads\/2018\/02\/GareQuai-225x300.jpg\" alt=\"\" width=\"225\" height=\"300\" srcset=\"https:\/\/autate.fr\/site\/wp-content\/uploads\/2018\/02\/GareQuai-225x300.jpg 225w, https:\/\/autate.fr\/site\/wp-content\/uploads\/2018\/02\/GareQuai.jpg 624w\" sizes=\"auto, (max-width: 225px) 100vw, 225px\" \/><\/a><\/p>\n","protected":false},"excerpt":{"rendered":"<p>20\/02\/2018 Nous \u00e9tions 5 membres de l&rsquo;AUTATE T\u00e9moignages d&rsquo;usager.e.s dans le train\u00a0 m\u00e9tropolitain sur la ligne Toulouse sud Est de 17h15 aller et 18H34 au retour : &#8211; usagers de Villefranche : ma gare pourrait \u00eatre \u00e9ligible \u00e0 l&rsquo;abonnement agglo Pastel +, il serait bien qu&rsquo;il y ait plus de trains directs le soir. &#8211;<\/p>\n<p class=\"more-link\"><a href=\"https:\/\/autate.fr\/site\/tractage-autate-gare-de-labege-innopole\/\" class=\"themebutton2\">VOIR PLUS<\/a><\/p>\n","protected":false},"author":1,"featured_media":0,"comment_status":"open","ping_status":"open","sticky":false,"template":"","format":"standard","meta":{"footnotes":""},"categories":[336],"tags":[22,10],"class_list":["post-2440","post","type-post","status-publish","format-standard","hentry","category-temoignages","tag-labege","tag-usagers"],"yoast_head":"<!-- This site is optimized with the Yoast SEO plugin v27.4 - https:\/\/yoast.com\/product\/yoast-seo-wordpress\/ -->\n<title>Compte-rendu tractage AUTATE gare de Labege Innopole - AUTATE<\/title>\n<meta name=\"robots\" content=\"index, follow, max-snippet:-1, max-image-preview:large, max-video-preview:-1\" \/>\n<link rel=\"canonical\" href=\"https:\/\/autate.fr\/site\/tractage-autate-gare-de-labege-innopole\/\" \/>\n<meta property=\"og:locale\" content=\"fr_FR\" \/>\n<meta property=\"og:type\" content=\"article\" \/>\n<meta property=\"og:title\" content=\"Compte-rendu tractage AUTATE gare de Labege Innopole - AUTATE\" \/>\n<meta property=\"og:description\" content=\"20\/02\/2018 Nous \u00e9tions 5 membres de l&rsquo;AUTATE T\u00e9moignages d&rsquo;usager.e.s dans le train\u00a0 m\u00e9tropolitain sur la ligne Toulouse sud Est de 17h15 aller et 18H34 au retour : &#8211; usagers de Villefranche : ma gare pourrait \u00eatre \u00e9ligible \u00e0 l&rsquo;abonnement agglo Pastel +, il serait bien qu&rsquo;il y ait plus de trains directs le soir. &#8211;VOIR PLUS\" \/>\n<meta property=\"og:url\" content=\"https:\/\/autate.fr\/site\/tractage-autate-gare-de-labege-innopole\/\" \/>\n<meta property=\"og:site_name\" content=\"AUTATE\" \/>\n<meta property=\"article:publisher\" content=\"https:\/\/www.facebook.com\/AutateToulouse\" \/>\n<meta property=\"article:published_time\" content=\"2018-02-21T12:34:35+00:00\" \/>\n<meta property=\"article:modified_time\" content=\"2018-03-12T11:07:37+00:00\" \/>\n<meta property=\"og:image\" content=\"http:\/\/autate.fr\/site\/wp-content\/uploads\/2018\/02\/infoTrafic-300x251.jpg\" \/>\n<meta name=\"author\" content=\"pascalbarbier\" \/>\n<meta name=\"twitter:card\" content=\"summary_large_image\" \/>\n<meta name=\"twitter:creator\" content=\"@AutateToulouse\" \/>\n<meta name=\"twitter:site\" content=\"@AutateToulouse\" \/>\n<meta name=\"twitter:label1\" content=\"\u00c9crit par\" \/>\n\t<meta name=\"twitter:data1\" content=\"pascalbarbier\" \/>\n\t<meta name=\"twitter:label2\" content=\"Dur\u00e9e de lecture estim\u00e9e\" \/>\n\t<meta name=\"twitter:data2\" content=\"3 minutes\" \/>\n<script type=\"application\/ld+json\" class=\"yoast-schema-graph\">{\"@context\":\"https:\\\/\\\/schema.org\",\"@graph\":[{\"@type\":\"Article\",\"@id\":\"https:\\\/\\\/autate.fr\\\/site\\\/tractage-autate-gare-de-labege-innopole\\\/#article\",\"isPartOf\":{\"@id\":\"https:\\\/\\\/autate.fr\\\/site\\\/tractage-autate-gare-de-labege-innopole\\\/\"},\"author\":{\"name\":\"pascalbarbier\",\"@id\":\"https:\\\/\\\/autate.fr\\\/site\\\/#\\\/schema\\\/person\\\/ae1ab8bdaa7b41d2a9b52d2557ce8254\"},\"headline\":\"Compte-rendu tractage AUTATE gare de Labege Innopole\",\"datePublished\":\"2018-02-21T12:34:35+00:00\",\"dateModified\":\"2018-03-12T11:07:37+00:00\",\"mainEntityOfPage\":{\"@id\":\"https:\\\/\\\/autate.fr\\\/site\\\/tractage-autate-gare-de-labege-innopole\\\/\"},\"wordCount\":609,\"commentCount\":0,\"publisher\":{\"@id\":\"https:\\\/\\\/autate.fr\\\/site\\\/#organization\"},\"image\":{\"@id\":\"https:\\\/\\\/autate.fr\\\/site\\\/tractage-autate-gare-de-labege-innopole\\\/#primaryimage\"},\"thumbnailUrl\":\"http:\\\/\\\/autate.fr\\\/site\\\/wp-content\\\/uploads\\\/2018\\\/02\\\/infoTrafic-300x251.jpg\",\"keywords\":[\"Lab\u00e8ge\",\"usagers\"],\"articleSection\":[\"T\u00e9moignages\"],\"inLanguage\":\"fr-FR\",\"potentialAction\":[{\"@type\":\"CommentAction\",\"name\":\"Comment\",\"target\":[\"https:\\\/\\\/autate.fr\\\/site\\\/tractage-autate-gare-de-labege-innopole\\\/#respond\"]}]},{\"@type\":\"WebPage\",\"@id\":\"https:\\\/\\\/autate.fr\\\/site\\\/tractage-autate-gare-de-labege-innopole\\\/\",\"url\":\"https:\\\/\\\/autate.fr\\\/site\\\/tractage-autate-gare-de-labege-innopole\\\/\",\"name\":\"Compte-rendu tractage AUTATE gare de Labege Innopole - AUTATE\",\"isPartOf\":{\"@id\":\"https:\\\/\\\/autate.fr\\\/site\\\/#website\"},\"primaryImageOfPage\":{\"@id\":\"https:\\\/\\\/autate.fr\\\/site\\\/tractage-autate-gare-de-labege-innopole\\\/#primaryimage\"},\"image\":{\"@id\":\"https:\\\/\\\/autate.fr\\\/site\\\/tractage-autate-gare-de-labege-innopole\\\/#primaryimage\"},\"thumbnailUrl\":\"http:\\\/\\\/autate.fr\\\/site\\\/wp-content\\\/uploads\\\/2018\\\/02\\\/infoTrafic-300x251.jpg\",\"datePublished\":\"2018-02-21T12:34:35+00:00\",\"dateModified\":\"2018-03-12T11:07:37+00:00\",\"breadcrumb\":{\"@id\":\"https:\\\/\\\/autate.fr\\\/site\\\/tractage-autate-gare-de-labege-innopole\\\/#breadcrumb\"},\"inLanguage\":\"fr-FR\",\"potentialAction\":[{\"@type\":\"ReadAction\",\"target\":[\"https:\\\/\\\/autate.fr\\\/site\\\/tractage-autate-gare-de-labege-innopole\\\/\"]}]},{\"@type\":\"ImageObject\",\"inLanguage\":\"fr-FR\",\"@id\":\"https:\\\/\\\/autate.fr\\\/site\\\/tractage-autate-gare-de-labege-innopole\\\/#primaryimage\",\"url\":\"https:\\\/\\\/autate.fr\\\/site\\\/wp-content\\\/uploads\\\/2018\\\/02\\\/infoTrafic.jpg\",\"contentUrl\":\"https:\\\/\\\/autate.fr\\\/site\\\/wp-content\\\/uploads\\\/2018\\\/02\\\/infoTrafic.jpg\",\"width\":790,\"height\":660},{\"@type\":\"BreadcrumbList\",\"@id\":\"https:\\\/\\\/autate.fr\\\/site\\\/tractage-autate-gare-de-labege-innopole\\\/#breadcrumb\",\"itemListElement\":[{\"@type\":\"ListItem\",\"position\":1,\"name\":\"Accueil\",\"item\":\"https:\\\/\\\/autate.fr\\\/site\\\/\"},{\"@type\":\"ListItem\",\"position\":2,\"name\":\"Compte-rendu tractage AUTATE gare de Labege Innopole\"}]},{\"@type\":\"WebSite\",\"@id\":\"https:\\\/\\\/autate.fr\\\/site\\\/#website\",\"url\":\"https:\\\/\\\/autate.fr\\\/site\\\/\",\"name\":\"AUTATE\",\"description\":\"Association des usagers des transports de l&#039;agglom\u00e9ration Toulousaine et de ses environs\",\"publisher\":{\"@id\":\"https:\\\/\\\/autate.fr\\\/site\\\/#organization\"},\"potentialAction\":[{\"@type\":\"SearchAction\",\"target\":{\"@type\":\"EntryPoint\",\"urlTemplate\":\"https:\\\/\\\/autate.fr\\\/site\\\/?s={search_term_string}\"},\"query-input\":{\"@type\":\"PropertyValueSpecification\",\"valueRequired\":true,\"valueName\":\"search_term_string\"}}],\"inLanguage\":\"fr-FR\"},{\"@type\":\"Organization\",\"@id\":\"https:\\\/\\\/autate.fr\\\/site\\\/#organization\",\"name\":\"AUTATE\",\"url\":\"https:\\\/\\\/autate.fr\\\/site\\\/\",\"logo\":{\"@type\":\"ImageObject\",\"inLanguage\":\"fr-FR\",\"@id\":\"https:\\\/\\\/autate.fr\\\/site\\\/#\\\/schema\\\/logo\\\/image\\\/\",\"url\":\"http:\\\/\\\/autate.fr\\\/site\\\/wp-content\\\/uploads\\\/2019\\\/01\\\/logo.png\",\"contentUrl\":\"http:\\\/\\\/autate.fr\\\/site\\\/wp-content\\\/uploads\\\/2019\\\/01\\\/logo.png\",\"width\":506,\"height\":280,\"caption\":\"AUTATE\"},\"image\":{\"@id\":\"https:\\\/\\\/autate.fr\\\/site\\\/#\\\/schema\\\/logo\\\/image\\\/\"},\"sameAs\":[\"https:\\\/\\\/www.facebook.com\\\/AutateToulouse\",\"https:\\\/\\\/x.com\\\/AutateToulouse\"]},{\"@type\":\"Person\",\"@id\":\"https:\\\/\\\/autate.fr\\\/site\\\/#\\\/schema\\\/person\\\/ae1ab8bdaa7b41d2a9b52d2557ce8254\",\"name\":\"pascalbarbier\",\"image\":{\"@type\":\"ImageObject\",\"inLanguage\":\"fr-FR\",\"@id\":\"https:\\\/\\\/secure.gravatar.com\\\/avatar\\\/03f4e8ced09894b72c67e83142540730d4b3bbf619bf46341b0074e3bf5f08a0?s=96&d=mm&r=g\",\"url\":\"https:\\\/\\\/secure.gravatar.com\\\/avatar\\\/03f4e8ced09894b72c67e83142540730d4b3bbf619bf46341b0074e3bf5f08a0?s=96&d=mm&r=g\",\"contentUrl\":\"https:\\\/\\\/secure.gravatar.com\\\/avatar\\\/03f4e8ced09894b72c67e83142540730d4b3bbf619bf46341b0074e3bf5f08a0?s=96&d=mm&r=g\",\"caption\":\"pascalbarbier\"},\"url\":\"https:\\\/\\\/autate.fr\\\/site\\\/author\\\/pascalbarbier\\\/\"}]}<\/script>\n<!-- \/ Yoast SEO plugin. -->","yoast_head_json":{"title":"Compte-rendu tractage AUTATE gare de Labege Innopole - AUTATE","robots":{"index":"index","follow":"follow","max-snippet":"max-snippet:-1","max-image-preview":"max-image-preview:large","max-video-preview":"max-video-preview:-1"},"canonical":"https:\/\/autate.fr\/site\/tractage-autate-gare-de-labege-innopole\/","og_locale":"fr_FR","og_type":"article","og_title":"Compte-rendu tractage AUTATE gare de Labege Innopole - AUTATE","og_description":"20\/02\/2018 Nous \u00e9tions 5 membres de l&rsquo;AUTATE T\u00e9moignages d&rsquo;usager.e.s dans le train\u00a0 m\u00e9tropolitain sur la ligne Toulouse sud Est de 17h15 aller et 18H34 au retour : &#8211; usagers de Villefranche : ma gare pourrait \u00eatre \u00e9ligible \u00e0 l&rsquo;abonnement agglo Pastel +, il serait bien qu&rsquo;il y ait plus de trains directs le soir. &#8211;VOIR PLUS","og_url":"https:\/\/autate.fr\/site\/tractage-autate-gare-de-labege-innopole\/","og_site_name":"AUTATE","article_publisher":"https:\/\/www.facebook.com\/AutateToulouse","article_published_time":"2018-02-21T12:34:35+00:00","article_modified_time":"2018-03-12T11:07:37+00:00","og_image":[{"url":"http:\/\/autate.fr\/site\/wp-content\/uploads\/2018\/02\/infoTrafic-300x251.jpg","type":"","width":"","height":""}],"author":"pascalbarbier","twitter_card":"summary_large_image","twitter_creator":"@AutateToulouse","twitter_site":"@AutateToulouse","twitter_misc":{"\u00c9crit par":"pascalbarbier","Dur\u00e9e de lecture estim\u00e9e":"3 minutes"},"schema":{"@context":"https:\/\/schema.org","@graph":[{"@type":"Article","@id":"https:\/\/autate.fr\/site\/tractage-autate-gare-de-labege-innopole\/#article","isPartOf":{"@id":"https:\/\/autate.fr\/site\/tractage-autate-gare-de-labege-innopole\/"},"author":{"name":"pascalbarbier","@id":"https:\/\/autate.fr\/site\/#\/schema\/person\/ae1ab8bdaa7b41d2a9b52d2557ce8254"},"headline":"Compte-rendu tractage AUTATE gare de Labege Innopole","datePublished":"2018-02-21T12:34:35+00:00","dateModified":"2018-03-12T11:07:37+00:00","mainEntityOfPage":{"@id":"https:\/\/autate.fr\/site\/tractage-autate-gare-de-labege-innopole\/"},"wordCount":609,"commentCount":0,"publisher":{"@id":"https:\/\/autate.fr\/site\/#organization"},"image":{"@id":"https:\/\/autate.fr\/site\/tractage-autate-gare-de-labege-innopole\/#primaryimage"},"thumbnailUrl":"http:\/\/autate.fr\/site\/wp-content\/uploads\/2018\/02\/infoTrafic-300x251.jpg","keywords":["Lab\u00e8ge","usagers"],"articleSection":["T\u00e9moignages"],"inLanguage":"fr-FR","potentialAction":[{"@type":"CommentAction","name":"Comment","target":["https:\/\/autate.fr\/site\/tractage-autate-gare-de-labege-innopole\/#respond"]}]},{"@type":"WebPage","@id":"https:\/\/autate.fr\/site\/tractage-autate-gare-de-labege-innopole\/","url":"https:\/\/autate.fr\/site\/tractage-autate-gare-de-labege-innopole\/","name":"Compte-rendu tractage AUTATE gare de Labege Innopole - AUTATE","isPartOf":{"@id":"https:\/\/autate.fr\/site\/#website"},"primaryImageOfPage":{"@id":"https:\/\/autate.fr\/site\/tractage-autate-gare-de-labege-innopole\/#primaryimage"},"image":{"@id":"https:\/\/autate.fr\/site\/tractage-autate-gare-de-labege-innopole\/#primaryimage"},"thumbnailUrl":"http:\/\/autate.fr\/site\/wp-content\/uploads\/2018\/02\/infoTrafic-300x251.jpg","datePublished":"2018-02-21T12:34:35+00:00","dateModified":"2018-03-12T11:07:37+00:00","breadcrumb":{"@id":"https:\/\/autate.fr\/site\/tractage-autate-gare-de-labege-innopole\/#breadcrumb"},"inLanguage":"fr-FR","potentialAction":[{"@type":"ReadAction","target":["https:\/\/autate.fr\/site\/tractage-autate-gare-de-labege-innopole\/"]}]},{"@type":"ImageObject","inLanguage":"fr-FR","@id":"https:\/\/autate.fr\/site\/tractage-autate-gare-de-labege-innopole\/#primaryimage","url":"https:\/\/autate.fr\/site\/wp-content\/uploads\/2018\/02\/infoTrafic.jpg","contentUrl":"https:\/\/autate.fr\/site\/wp-content\/uploads\/2018\/02\/infoTrafic.jpg","width":790,"height":660},{"@type":"BreadcrumbList","@id":"https:\/\/autate.fr\/site\/tractage-autate-gare-de-labege-innopole\/#breadcrumb","itemListElement":[{"@type":"ListItem","position":1,"name":"Accueil","item":"https:\/\/autate.fr\/site\/"},{"@type":"ListItem","position":2,"name":"Compte-rendu tractage AUTATE gare de Labege Innopole"}]},{"@type":"WebSite","@id":"https:\/\/autate.fr\/site\/#website","url":"https:\/\/autate.fr\/site\/","name":"AUTATE","description":"Association des usagers des transports de l&#039;agglom\u00e9ration Toulousaine et de ses environs","publisher":{"@id":"https:\/\/autate.fr\/site\/#organization"},"potentialAction":[{"@type":"SearchAction","target":{"@type":"EntryPoint","urlTemplate":"https:\/\/autate.fr\/site\/?s={search_term_string}"},"query-input":{"@type":"PropertyValueSpecification","valueRequired":true,"valueName":"search_term_string"}}],"inLanguage":"fr-FR"},{"@type":"Organization","@id":"https:\/\/autate.fr\/site\/#organization","name":"AUTATE","url":"https:\/\/autate.fr\/site\/","logo":{"@type":"ImageObject","inLanguage":"fr-FR","@id":"https:\/\/autate.fr\/site\/#\/schema\/logo\/image\/","url":"http:\/\/autate.fr\/site\/wp-content\/uploads\/2019\/01\/logo.png","contentUrl":"http:\/\/autate.fr\/site\/wp-content\/uploads\/2019\/01\/logo.png","width":506,"height":280,"caption":"AUTATE"},"image":{"@id":"https:\/\/autate.fr\/site\/#\/schema\/logo\/image\/"},"sameAs":["https:\/\/www.facebook.com\/AutateToulouse","https:\/\/x.com\/AutateToulouse"]},{"@type":"Person","@id":"https:\/\/autate.fr\/site\/#\/schema\/person\/ae1ab8bdaa7b41d2a9b52d2557ce8254","name":"pascalbarbier","image":{"@type":"ImageObject","inLanguage":"fr-FR","@id":"https:\/\/secure.gravatar.com\/avatar\/03f4e8ced09894b72c67e83142540730d4b3bbf619bf46341b0074e3bf5f08a0?s=96&d=mm&r=g","url":"https:\/\/secure.gravatar.com\/avatar\/03f4e8ced09894b72c67e83142540730d4b3bbf619bf46341b0074e3bf5f08a0?s=96&d=mm&r=g","contentUrl":"https:\/\/secure.gravatar.com\/avatar\/03f4e8ced09894b72c67e83142540730d4b3bbf619bf46341b0074e3bf5f08a0?s=96&d=mm&r=g","caption":"pascalbarbier"},"url":"https:\/\/autate.fr\/site\/author\/pascalbarbier\/"}]}},"_links":{"self":[{"href":"https:\/\/autate.fr\/site\/wp-json\/wp\/v2\/posts\/2440","targetHints":{"allow":["GET"]}}],"collection":[{"href":"https:\/\/autate.fr\/site\/wp-json\/wp\/v2\/posts"}],"about":[{"href":"https:\/\/autate.fr\/site\/wp-json\/wp\/v2\/types\/post"}],"author":[{"embeddable":true,"href":"https:\/\/autate.fr\/site\/wp-json\/wp\/v2\/users\/1"}],"replies":[{"embeddable":true,"href":"https:\/\/autate.fr\/site\/wp-json\/wp\/v2\/comments?post=2440"}],"version-history":[{"count":11,"href":"https:\/\/autate.fr\/site\/wp-json\/wp\/v2\/posts\/2440\/revisions"}],"predecessor-version":[{"id":2464,"href":"https:\/\/autate.fr\/site\/wp-json\/wp\/v2\/posts\/2440\/revisions\/2464"}],"wp:attachment":[{"href":"https:\/\/autate.fr\/site\/wp-json\/wp\/v2\/media?parent=2440"}],"wp:term":[{"taxonomy":"category","embeddable":true,"href":"https:\/\/autate.fr\/site\/wp-json\/wp\/v2\/categories?post=2440"},{"taxonomy":"post_tag","embeddable":true,"href":"https:\/\/autate.fr\/site\/wp-json\/wp\/v2\/tags?post=2440"}],"curies":[{"name":"wp","href":"https:\/\/api.w.org\/{rel}","templated":true}]}}