{"id":2425,"date":"2017-09-15T17:51:11","date_gmt":"2017-09-15T15:51:11","guid":{"rendered":"http:\/\/autate.fr\/site\/?p=2425"},"modified":"2025-11-21T22:07:05","modified_gmt":"2025-11-21T21:07:05","slug":"debat-sur-les-transports-en-commun-a-loccasion-enquete-publique","status":"publish","type":"post","link":"https:\/\/autate.fr\/site\/debat-sur-les-transports-en-commun-a-loccasion-enquete-publique\/","title":{"rendered":"D\u00e9bat sur les transports en commun \u00e0 l&rsquo;occasion enqu\u00eate publique"},"content":{"rendered":"<p align=\"center\"><b>Enqu\u00eate Publique du lundi 4 septembre 2017 au mardi 10 octobre 2017 :<\/b><\/p>\n<p align=\"center\"><b>Le Projet Mobilit\u00e9s 2030 de SMTC-TISSEO<\/b><\/p>\n<p align=\"center\">D\u00e9battre pour mieux donner son avis<\/p>\n<ul>\n<li>\n<ul>\n<li>\n<ul>\n<li>\n<p align=\"left\"><b>sur l&rsquo;organisation des Transports en Commun dans l&rsquo;agglom\u00e9ration<\/b><b> <\/b><b>vendredi 15 septembre \u00e0 partir de 20h, salle du S\u00e9n\u00e9chal \u00e0 Toulouse<\/b><\/p>\n<\/li>\n<\/ul>\n<\/li>\n<\/ul>\n<\/li>\n<\/ul>\n<ul>\n<li>\n<ul>\n<li>\n<ul>\n<li><b>sur le d\u00e9veloppement des modes actifs : v\u00e9lo, marche \u00e0 pied&#8230; <\/b><b>lundi 18 septembre \u00e0 partir de 20h, salle du S\u00e9n\u00e9chal \u00e0 Toulouse<\/b><b><\/b><\/li>\n<\/ul>\n<\/li>\n<\/ul>\n<\/li>\n<\/ul>\n<pre class=\"m_7045414816011693099western\">Une enqu\u00eate publique est lanc\u00e9e du 4 septembre au 10 octobre 2017 par le SMTC-TISSEO sur une nouvelle version du <b>Plan de D\u00e9placement Urbain (PDU)<\/b> de l'agglom\u00e9ration, dit Projet Mobilit\u00e9s 2020-2025-2030. \r\n\r\n<span lang=\"fr-FR\">Ce projet r\u00e9oriente la version pr\u00e9c\u00e9dente du PDU en y inscrivant la troisi\u00e8me ligne de m\u00e9tro au d\u00e9triment des projets de r\u00e9seau de bus et tramway en site propre. En perspective d'ici 2030, ce nouveau Plan de D\u00e9placement de l'agglom\u00e9ration toulousaine ne propose pas d'am\u00e9lioration de l'usage des modes actifs (v\u00e9lo, marche).<\/span><\/pre>\n<p align=\"justify\">Les associations d&rsquo;usagers veulent profiter de la <strong>Semaine europ\u00e9enne de la mobilit\u00e9 2017<\/strong> (du 16 au 22 septembre) pour amplifier les d\u00e9bats de l&rsquo;enqu\u00eate publique sur le plan Mobilit\u00e9 2020-2030, et demander une am\u00e9lioration rapide des d\u00e9placements dans l&rsquo;agglom\u00e9ration en favorisant l&rsquo;usage de la marche \u00e0 pied, du v\u00e9lo et des transports en commun.<\/p>\n<p align=\"justify\"><b>Rappel du contexte<\/b><\/p>\n<p align=\"justify\">Suite \u00e0 la saisie par les associations de la Commission Nationale du D\u00e9bat Public, un grand d\u00e9bat public a \u00e9t\u00e9 organis\u00e9 de juin \u00e0 d\u00e9cembre 2016 sur l&rsquo;opportunit\u00e9 du projet de troisi\u00e8me ligne de m\u00e9tro sur un arc Nord et Est en p\u00e9riph\u00e9rie de la ville de Toulouse et pour 2,2 milliards \u20ac.<\/p>\n<p align=\"justify\">Les associations d&rsquo;usagers ont fait valoir l\u2019urgence d\u2019\u00e9tendre le r\u00e9seau de transport en commun sur toute l&rsquo;agglom\u00e9ration en alliant train, m\u00e9tro, tramway, bus en sites propres et v\u00e9lo pour fluidifier les transports, en particulier pour desservir les zones d\u2019emploi et de r\u00e9sidence au-del\u00e0 de la rocade. Elles ont montr\u00e9 que le d\u00e9veloppement d&rsquo;infrastructures de transports en commun de surface facilite la r\u00e9alisation d&rsquo;am\u00e9nagements en faveur de l&rsquo;usage du v\u00e9lo et des pi\u00e9tons sur tout le territoire, tels les ateliers v\u00e9lo ou le r\u00e9seau express v\u00e9lo d&rsquo;agglom\u00e9ration.<\/p>\n<p align=\"justify\">Rappelons qu\u2019un PDU a pour objectif r\u00e8glementaire la r\u00e9duction du trafic automobile. Or, le plan mis en enqu\u00eate public induit au contraire une augmentation du nombre de voitures.<\/p>\n<p align=\"justify\"><b>Les points forts de l&rsquo;enqu\u00eate publique<\/b><\/p>\n<p align=\"justify\"><u>Le financement<\/u><\/p>\n<p align=\"justify\">Le bilan pr\u00e9sent\u00e9 en fin du d\u00e9bat public sur la troisi\u00e8me ligne de m\u00e9tro a montr\u00e9 la difficult\u00e9 des participants \u00e0 r\u00e9aliser l\u2019enjeu financier de plus de 2 milliards d\u2019euros du m\u00e9tro. Or du point de vue mobilit\u00e9, la question majeure est celle des investissements n\u00e9cessaires pour mettre en place un r\u00e9seau de bus, train, v\u00e9lo et tramway pour desservir toute l&rsquo;agglom\u00e9ration. Ils seraient fortement r\u00e9duits en cas de financement de la troisi\u00e8me ligne de m\u00e9tro.<\/p>\n<p align=\"justify\"><u>La baisse de la pollution et le partage de l&rsquo;espace public<\/u><\/p>\n<p align=\"justify\">L\u2019enjeu du d\u00e9veloppement du r\u00e9seau de bus, tramway, v\u00e9lo, espaces pi\u00e9tons est celui du partage de l&rsquo;espace public afin de valoriser la vie urbaine, et de r\u00e9duction des \u00e9missions des gaz \u00e0 effet de serre. Il s\u2019agit de modifier les mentalit\u00e9s pour favoriser la coop\u00e9ration, le civisme, et ancrer la conviction que la pollution est l\u2019affaire de tous. Or l&rsquo;agglom\u00e9ration toulousaine est la grande ville de France qui a la plus grande part de d\u00e9placement automobile de par l&rsquo;insuffisante capacit\u00e9 de son r\u00e9seau de transport en commun. La troisi\u00e8me ligne de m\u00e9tro est loin d&rsquo;\u00eatre suffisante pour inverser cette tendance.<\/p>\n<p align=\"justify\">Concernant les modes actifs, le plan ne propose rien de concret. Il revoit m\u00eame \u00e0 la baisse les objectifs de la part des d\u00e9placements \u00e0 v\u00e9lo (3 \u00e0 5\u00a0% en 2030 contre 8\u00a0% dans le PDU actuel \u00e0 horizon 2020)\u00a0!<\/p>\n<p align=\"justify\"><u>Le r\u00e9seau ferroviaire d&rsquo;agglom\u00e9ration<\/u><\/p>\n<p align=\"justify\"><span lang=\"fr-FR\">Le trafic automobile de banlieue constitue plus de la moiti\u00e9 des d\u00e9placements avec des embouteillages r\u00e9currents des voies rapides. Pour y rem\u00e9dier, il faut d\u00e9velopper l<\/span><span lang=\"fr-FR\">\u2019\u00e9toile ferroviaire de Toulouse en un syst\u00e8me de trains \u00e0 l\u2019\u00e9chelle m\u00e9tropolitaine de type RER Toulousain avec des fr\u00e9quences de 30 minutes ou au \u00bc d\u2019heure en heures de pointe.<\/span><span lang=\"fr-FR\"> Le r\u00e9seau ferroviaire doit \u00eatre \u00e9troitement connect\u00e9 aux transports en commun et aux am\u00e9nagements v\u00e9los. Or l&rsquo;endettement qu&rsquo;imposerait la troisi\u00e8me ligne de m\u00e9tro repousserait une telle perspective bien apr\u00e8s 2030.<\/span><\/p>\n<p align=\"justify\"><i>A l&rsquo;invitation des associations\u00a0:<\/i><\/p>\n<p align=\"justify\"><i><b>2P2R <\/b>(2 Pieds 2 Roues),<br \/>\n<\/i><\/p>\n<p align=\"justify\"><i><b>ATMP<\/b> (Amis de la Terre de Midi-Pyr\u00e9n\u00e9es),<b><br \/>\n<\/b><\/i><\/p>\n<p align=\"justify\"><i><b>AUTATE<\/b> ( Association des Usagers des Transports publics de l\u2019Agglom\u00e9ration Toulousaine et de ses Environs), <b><br \/>\n<\/b><\/i><\/p>\n<p align=\"justify\"><i><b>V\u00e9lorution (<\/b>association d&rsquo;usagers cyclistes et atelier-v\u00e9lo<b> )<\/b><\/i><\/p>\n<p align=\"justify\"><a href=\"https:\/\/autate.fr\/site\/wp-content\/uploads\/2018\/02\/AUTATEPhotoSoir\u00e9e15092017.jpg\"><img loading=\"lazy\" decoding=\"async\" class=\"alignnone size-medium wp-image-2426\" src=\"https:\/\/autate.fr\/site\/wp-content\/uploads\/2018\/02\/AUTATEPhotoSoir\u00e9e15092017-300x169.jpg\" alt=\"\" width=\"300\" height=\"169\" srcset=\"https:\/\/autate.fr\/site\/wp-content\/uploads\/2018\/02\/AUTATEPhotoSoir\u00e9e15092017-300x169.jpg 300w, https:\/\/autate.fr\/site\/wp-content\/uploads\/2018\/02\/AUTATEPhotoSoir\u00e9e15092017-768x432.jpg 768w, https:\/\/autate.fr\/site\/wp-content\/uploads\/2018\/02\/AUTATEPhotoSoir\u00e9e15092017-1024x576.jpg 1024w\" sizes=\"auto, (max-width: 300px) 100vw, 300px\" \/><\/a><\/p>\n","protected":false},"excerpt":{"rendered":"<p>Enqu\u00eate Publique du lundi 4 septembre 2017 au mardi 10 octobre 2017 : Le Projet Mobilit\u00e9s 2030 de SMTC-TISSEO D\u00e9battre pour mieux donner son avis sur l&rsquo;organisation des Transports en Commun dans l&rsquo;agglom\u00e9ration vendredi 15 septembre \u00e0 partir de 20h, salle du S\u00e9n\u00e9chal \u00e0 Toulouse sur le d\u00e9veloppement des modes actifs : v\u00e9lo, marche \u00e0<\/p>\n<p class=\"more-link\"><a href=\"https:\/\/autate.fr\/site\/debat-sur-les-transports-en-commun-a-loccasion-enquete-publique\/\" class=\"themebutton2\">VOIR PLUS<\/a><\/p>\n","protected":false},"author":1,"featured_media":2426,"comment_status":"open","ping_status":"open","sticky":false,"template":"","format":"standard","meta":{"footnotes":""},"categories":[4,525],"tags":[204,334,86,236],"class_list":["post-2425","post","type-post","status-publish","format-standard","has-post-thumbnail","hentry","category-actualite-association","category-pdm","tag-debat","tag-enquete-publique","tag-pdu","tag-projet-mobilites"],"yoast_head":"<!-- This site is optimized with the Yoast SEO plugin v27.4 - https:\/\/yoast.com\/product\/yoast-seo-wordpress\/ -->\n<title>D\u00e9bat sur les transports en commun \u00e0 l&#039;occasion enqu\u00eate publique - AUTATE<\/title>\n<meta name=\"robots\" content=\"index, follow, max-snippet:-1, max-image-preview:large, max-video-preview:-1\" \/>\n<link rel=\"canonical\" href=\"https:\/\/autate.fr\/site\/debat-sur-les-transports-en-commun-a-loccasion-enquete-publique\/\" \/>\n<meta property=\"og:locale\" content=\"fr_FR\" \/>\n<meta property=\"og:type\" content=\"article\" \/>\n<meta property=\"og:title\" content=\"D\u00e9bat sur les transports en commun \u00e0 l&#039;occasion enqu\u00eate publique - AUTATE\" \/>\n<meta property=\"og:description\" content=\"Enqu\u00eate Publique du lundi 4 septembre 2017 au mardi 10 octobre 2017 : Le Projet Mobilit\u00e9s 2030 de SMTC-TISSEO D\u00e9battre pour mieux donner son avis sur l&rsquo;organisation des Transports en Commun dans l&rsquo;agglom\u00e9ration vendredi 15 septembre \u00e0 partir de 20h, salle du S\u00e9n\u00e9chal \u00e0 Toulouse sur le d\u00e9veloppement des modes actifs : v\u00e9lo, marche \u00e0VOIR PLUS\" \/>\n<meta property=\"og:url\" content=\"https:\/\/autate.fr\/site\/debat-sur-les-transports-en-commun-a-loccasion-enquete-publique\/\" \/>\n<meta property=\"og:site_name\" content=\"AUTATE\" \/>\n<meta property=\"article:publisher\" content=\"https:\/\/www.facebook.com\/AutateToulouse\" \/>\n<meta property=\"article:published_time\" content=\"2017-09-15T15:51:11+00:00\" \/>\n<meta property=\"article:modified_time\" content=\"2025-11-21T21:07:05+00:00\" \/>\n<meta property=\"og:image\" content=\"https:\/\/autate.fr\/site\/wp-content\/uploads\/2018\/02\/AUTATEPhotoSoir\u00e9e15092017-1024x576.jpg\" \/>\n\t<meta property=\"og:image:width\" content=\"1024\" \/>\n\t<meta property=\"og:image:height\" content=\"576\" \/>\n\t<meta property=\"og:image:type\" content=\"image\/jpeg\" \/>\n<meta name=\"author\" content=\"pascalbarbier\" \/>\n<meta name=\"twitter:card\" content=\"summary_large_image\" \/>\n<meta name=\"twitter:creator\" content=\"@AutateToulouse\" \/>\n<meta name=\"twitter:site\" content=\"@AutateToulouse\" \/>\n<meta name=\"twitter:label1\" content=\"\u00c9crit par\" \/>\n\t<meta name=\"twitter:data1\" content=\"pascalbarbier\" \/>\n\t<meta name=\"twitter:label2\" content=\"Dur\u00e9e de lecture estim\u00e9e\" \/>\n\t<meta name=\"twitter:data2\" content=\"4 minutes\" \/>\n<script type=\"application\/ld+json\" class=\"yoast-schema-graph\">{\"@context\":\"https:\\\/\\\/schema.org\",\"@graph\":[{\"@type\":\"Article\",\"@id\":\"https:\\\/\\\/autate.fr\\\/site\\\/debat-sur-les-transports-en-commun-a-loccasion-enquete-publique\\\/#article\",\"isPartOf\":{\"@id\":\"https:\\\/\\\/autate.fr\\\/site\\\/debat-sur-les-transports-en-commun-a-loccasion-enquete-publique\\\/\"},\"author\":{\"name\":\"pascalbarbier\",\"@id\":\"https:\\\/\\\/autate.fr\\\/site\\\/#\\\/schema\\\/person\\\/ae1ab8bdaa7b41d2a9b52d2557ce8254\"},\"headline\":\"D\u00e9bat sur les transports en commun \u00e0 l&rsquo;occasion enqu\u00eate publique\",\"datePublished\":\"2017-09-15T15:51:11+00:00\",\"dateModified\":\"2025-11-21T21:07:05+00:00\",\"mainEntityOfPage\":{\"@id\":\"https:\\\/\\\/autate.fr\\\/site\\\/debat-sur-les-transports-en-commun-a-loccasion-enquete-publique\\\/\"},\"wordCount\":727,\"commentCount\":0,\"publisher\":{\"@id\":\"https:\\\/\\\/autate.fr\\\/site\\\/#organization\"},\"image\":{\"@id\":\"https:\\\/\\\/autate.fr\\\/site\\\/debat-sur-les-transports-en-commun-a-loccasion-enquete-publique\\\/#primaryimage\"},\"thumbnailUrl\":\"https:\\\/\\\/autate.fr\\\/site\\\/wp-content\\\/uploads\\\/2018\\\/02\\\/AUTATEPhotoSoir\u00e9e15092017.jpg\",\"keywords\":[\"d\u00e9bat\",\"enqu\u00eate publique\",\"PDU\",\"projet mobilit\u00e9s\"],\"articleSection\":[\"Actualit\u00e9s-AUTATE\",\"PlanDeMobilit\u00e9\"],\"inLanguage\":\"fr-FR\",\"potentialAction\":[{\"@type\":\"CommentAction\",\"name\":\"Comment\",\"target\":[\"https:\\\/\\\/autate.fr\\\/site\\\/debat-sur-les-transports-en-commun-a-loccasion-enquete-publique\\\/#respond\"]}]},{\"@type\":\"WebPage\",\"@id\":\"https:\\\/\\\/autate.fr\\\/site\\\/debat-sur-les-transports-en-commun-a-loccasion-enquete-publique\\\/\",\"url\":\"https:\\\/\\\/autate.fr\\\/site\\\/debat-sur-les-transports-en-commun-a-loccasion-enquete-publique\\\/\",\"name\":\"D\u00e9bat sur les transports en commun \u00e0 l'occasion enqu\u00eate publique - AUTATE\",\"isPartOf\":{\"@id\":\"https:\\\/\\\/autate.fr\\\/site\\\/#website\"},\"primaryImageOfPage\":{\"@id\":\"https:\\\/\\\/autate.fr\\\/site\\\/debat-sur-les-transports-en-commun-a-loccasion-enquete-publique\\\/#primaryimage\"},\"image\":{\"@id\":\"https:\\\/\\\/autate.fr\\\/site\\\/debat-sur-les-transports-en-commun-a-loccasion-enquete-publique\\\/#primaryimage\"},\"thumbnailUrl\":\"https:\\\/\\\/autate.fr\\\/site\\\/wp-content\\\/uploads\\\/2018\\\/02\\\/AUTATEPhotoSoir\u00e9e15092017.jpg\",\"datePublished\":\"2017-09-15T15:51:11+00:00\",\"dateModified\":\"2025-11-21T21:07:05+00:00\",\"breadcrumb\":{\"@id\":\"https:\\\/\\\/autate.fr\\\/site\\\/debat-sur-les-transports-en-commun-a-loccasion-enquete-publique\\\/#breadcrumb\"},\"inLanguage\":\"fr-FR\",\"potentialAction\":[{\"@type\":\"ReadAction\",\"target\":[\"https:\\\/\\\/autate.fr\\\/site\\\/debat-sur-les-transports-en-commun-a-loccasion-enquete-publique\\\/\"]}]},{\"@type\":\"ImageObject\",\"inLanguage\":\"fr-FR\",\"@id\":\"https:\\\/\\\/autate.fr\\\/site\\\/debat-sur-les-transports-en-commun-a-loccasion-enquete-publique\\\/#primaryimage\",\"url\":\"https:\\\/\\\/autate.fr\\\/site\\\/wp-content\\\/uploads\\\/2018\\\/02\\\/AUTATEPhotoSoir\u00e9e15092017.jpg\",\"contentUrl\":\"https:\\\/\\\/autate.fr\\\/site\\\/wp-content\\\/uploads\\\/2018\\\/02\\\/AUTATEPhotoSoir\u00e9e15092017.jpg\",\"width\":4160,\"height\":2340},{\"@type\":\"BreadcrumbList\",\"@id\":\"https:\\\/\\\/autate.fr\\\/site\\\/debat-sur-les-transports-en-commun-a-loccasion-enquete-publique\\\/#breadcrumb\",\"itemListElement\":[{\"@type\":\"ListItem\",\"position\":1,\"name\":\"Accueil\",\"item\":\"https:\\\/\\\/autate.fr\\\/site\\\/\"},{\"@type\":\"ListItem\",\"position\":2,\"name\":\"D\u00e9bat sur les transports en commun \u00e0 l&rsquo;occasion enqu\u00eate publique\"}]},{\"@type\":\"WebSite\",\"@id\":\"https:\\\/\\\/autate.fr\\\/site\\\/#website\",\"url\":\"https:\\\/\\\/autate.fr\\\/site\\\/\",\"name\":\"AUTATE\",\"description\":\"Association des usagers des transports de l&#039;agglom\u00e9ration Toulousaine et de ses environs\",\"publisher\":{\"@id\":\"https:\\\/\\\/autate.fr\\\/site\\\/#organization\"},\"potentialAction\":[{\"@type\":\"SearchAction\",\"target\":{\"@type\":\"EntryPoint\",\"urlTemplate\":\"https:\\\/\\\/autate.fr\\\/site\\\/?s={search_term_string}\"},\"query-input\":{\"@type\":\"PropertyValueSpecification\",\"valueRequired\":true,\"valueName\":\"search_term_string\"}}],\"inLanguage\":\"fr-FR\"},{\"@type\":\"Organization\",\"@id\":\"https:\\\/\\\/autate.fr\\\/site\\\/#organization\",\"name\":\"AUTATE\",\"url\":\"https:\\\/\\\/autate.fr\\\/site\\\/\",\"logo\":{\"@type\":\"ImageObject\",\"inLanguage\":\"fr-FR\",\"@id\":\"https:\\\/\\\/autate.fr\\\/site\\\/#\\\/schema\\\/logo\\\/image\\\/\",\"url\":\"http:\\\/\\\/autate.fr\\\/site\\\/wp-content\\\/uploads\\\/2019\\\/01\\\/logo.png\",\"contentUrl\":\"http:\\\/\\\/autate.fr\\\/site\\\/wp-content\\\/uploads\\\/2019\\\/01\\\/logo.png\",\"width\":506,\"height\":280,\"caption\":\"AUTATE\"},\"image\":{\"@id\":\"https:\\\/\\\/autate.fr\\\/site\\\/#\\\/schema\\\/logo\\\/image\\\/\"},\"sameAs\":[\"https:\\\/\\\/www.facebook.com\\\/AutateToulouse\",\"https:\\\/\\\/x.com\\\/AutateToulouse\"]},{\"@type\":\"Person\",\"@id\":\"https:\\\/\\\/autate.fr\\\/site\\\/#\\\/schema\\\/person\\\/ae1ab8bdaa7b41d2a9b52d2557ce8254\",\"name\":\"pascalbarbier\",\"image\":{\"@type\":\"ImageObject\",\"inLanguage\":\"fr-FR\",\"@id\":\"https:\\\/\\\/secure.gravatar.com\\\/avatar\\\/03f4e8ced09894b72c67e83142540730d4b3bbf619bf46341b0074e3bf5f08a0?s=96&d=mm&r=g\",\"url\":\"https:\\\/\\\/secure.gravatar.com\\\/avatar\\\/03f4e8ced09894b72c67e83142540730d4b3bbf619bf46341b0074e3bf5f08a0?s=96&d=mm&r=g\",\"contentUrl\":\"https:\\\/\\\/secure.gravatar.com\\\/avatar\\\/03f4e8ced09894b72c67e83142540730d4b3bbf619bf46341b0074e3bf5f08a0?s=96&d=mm&r=g\",\"caption\":\"pascalbarbier\"},\"url\":\"https:\\\/\\\/autate.fr\\\/site\\\/author\\\/pascalbarbier\\\/\"}]}<\/script>\n<!-- \/ Yoast SEO plugin. -->","yoast_head_json":{"title":"D\u00e9bat sur les transports en commun \u00e0 l'occasion enqu\u00eate publique - AUTATE","robots":{"index":"index","follow":"follow","max-snippet":"max-snippet:-1","max-image-preview":"max-image-preview:large","max-video-preview":"max-video-preview:-1"},"canonical":"https:\/\/autate.fr\/site\/debat-sur-les-transports-en-commun-a-loccasion-enquete-publique\/","og_locale":"fr_FR","og_type":"article","og_title":"D\u00e9bat sur les transports en commun \u00e0 l'occasion enqu\u00eate publique - AUTATE","og_description":"Enqu\u00eate Publique du lundi 4 septembre 2017 au mardi 10 octobre 2017 : Le Projet Mobilit\u00e9s 2030 de SMTC-TISSEO D\u00e9battre pour mieux donner son avis sur l&rsquo;organisation des Transports en Commun dans l&rsquo;agglom\u00e9ration vendredi 15 septembre \u00e0 partir de 20h, salle du S\u00e9n\u00e9chal \u00e0 Toulouse sur le d\u00e9veloppement des modes actifs : v\u00e9lo, marche \u00e0VOIR PLUS","og_url":"https:\/\/autate.fr\/site\/debat-sur-les-transports-en-commun-a-loccasion-enquete-publique\/","og_site_name":"AUTATE","article_publisher":"https:\/\/www.facebook.com\/AutateToulouse","article_published_time":"2017-09-15T15:51:11+00:00","article_modified_time":"2025-11-21T21:07:05+00:00","og_image":[{"width":1024,"height":576,"url":"https:\/\/autate.fr\/site\/wp-content\/uploads\/2018\/02\/AUTATEPhotoSoir\u00e9e15092017-1024x576.jpg","type":"image\/jpeg"}],"author":"pascalbarbier","twitter_card":"summary_large_image","twitter_creator":"@AutateToulouse","twitter_site":"@AutateToulouse","twitter_misc":{"\u00c9crit par":"pascalbarbier","Dur\u00e9e de lecture estim\u00e9e":"4 minutes"},"schema":{"@context":"https:\/\/schema.org","@graph":[{"@type":"Article","@id":"https:\/\/autate.fr\/site\/debat-sur-les-transports-en-commun-a-loccasion-enquete-publique\/#article","isPartOf":{"@id":"https:\/\/autate.fr\/site\/debat-sur-les-transports-en-commun-a-loccasion-enquete-publique\/"},"author":{"name":"pascalbarbier","@id":"https:\/\/autate.fr\/site\/#\/schema\/person\/ae1ab8bdaa7b41d2a9b52d2557ce8254"},"headline":"D\u00e9bat sur les transports en commun \u00e0 l&rsquo;occasion enqu\u00eate publique","datePublished":"2017-09-15T15:51:11+00:00","dateModified":"2025-11-21T21:07:05+00:00","mainEntityOfPage":{"@id":"https:\/\/autate.fr\/site\/debat-sur-les-transports-en-commun-a-loccasion-enquete-publique\/"},"wordCount":727,"commentCount":0,"publisher":{"@id":"https:\/\/autate.fr\/site\/#organization"},"image":{"@id":"https:\/\/autate.fr\/site\/debat-sur-les-transports-en-commun-a-loccasion-enquete-publique\/#primaryimage"},"thumbnailUrl":"https:\/\/autate.fr\/site\/wp-content\/uploads\/2018\/02\/AUTATEPhotoSoir\u00e9e15092017.jpg","keywords":["d\u00e9bat","enqu\u00eate publique","PDU","projet mobilit\u00e9s"],"articleSection":["Actualit\u00e9s-AUTATE","PlanDeMobilit\u00e9"],"inLanguage":"fr-FR","potentialAction":[{"@type":"CommentAction","name":"Comment","target":["https:\/\/autate.fr\/site\/debat-sur-les-transports-en-commun-a-loccasion-enquete-publique\/#respond"]}]},{"@type":"WebPage","@id":"https:\/\/autate.fr\/site\/debat-sur-les-transports-en-commun-a-loccasion-enquete-publique\/","url":"https:\/\/autate.fr\/site\/debat-sur-les-transports-en-commun-a-loccasion-enquete-publique\/","name":"D\u00e9bat sur les transports en commun \u00e0 l'occasion enqu\u00eate publique - AUTATE","isPartOf":{"@id":"https:\/\/autate.fr\/site\/#website"},"primaryImageOfPage":{"@id":"https:\/\/autate.fr\/site\/debat-sur-les-transports-en-commun-a-loccasion-enquete-publique\/#primaryimage"},"image":{"@id":"https:\/\/autate.fr\/site\/debat-sur-les-transports-en-commun-a-loccasion-enquete-publique\/#primaryimage"},"thumbnailUrl":"https:\/\/autate.fr\/site\/wp-content\/uploads\/2018\/02\/AUTATEPhotoSoir\u00e9e15092017.jpg","datePublished":"2017-09-15T15:51:11+00:00","dateModified":"2025-11-21T21:07:05+00:00","breadcrumb":{"@id":"https:\/\/autate.fr\/site\/debat-sur-les-transports-en-commun-a-loccasion-enquete-publique\/#breadcrumb"},"inLanguage":"fr-FR","potentialAction":[{"@type":"ReadAction","target":["https:\/\/autate.fr\/site\/debat-sur-les-transports-en-commun-a-loccasion-enquete-publique\/"]}]},{"@type":"ImageObject","inLanguage":"fr-FR","@id":"https:\/\/autate.fr\/site\/debat-sur-les-transports-en-commun-a-loccasion-enquete-publique\/#primaryimage","url":"https:\/\/autate.fr\/site\/wp-content\/uploads\/2018\/02\/AUTATEPhotoSoir\u00e9e15092017.jpg","contentUrl":"https:\/\/autate.fr\/site\/wp-content\/uploads\/2018\/02\/AUTATEPhotoSoir\u00e9e15092017.jpg","width":4160,"height":2340},{"@type":"BreadcrumbList","@id":"https:\/\/autate.fr\/site\/debat-sur-les-transports-en-commun-a-loccasion-enquete-publique\/#breadcrumb","itemListElement":[{"@type":"ListItem","position":1,"name":"Accueil","item":"https:\/\/autate.fr\/site\/"},{"@type":"ListItem","position":2,"name":"D\u00e9bat sur les transports en commun \u00e0 l&rsquo;occasion enqu\u00eate publique"}]},{"@type":"WebSite","@id":"https:\/\/autate.fr\/site\/#website","url":"https:\/\/autate.fr\/site\/","name":"AUTATE","description":"Association des usagers des transports de l&#039;agglom\u00e9ration Toulousaine et de ses environs","publisher":{"@id":"https:\/\/autate.fr\/site\/#organization"},"potentialAction":[{"@type":"SearchAction","target":{"@type":"EntryPoint","urlTemplate":"https:\/\/autate.fr\/site\/?s={search_term_string}"},"query-input":{"@type":"PropertyValueSpecification","valueRequired":true,"valueName":"search_term_string"}}],"inLanguage":"fr-FR"},{"@type":"Organization","@id":"https:\/\/autate.fr\/site\/#organization","name":"AUTATE","url":"https:\/\/autate.fr\/site\/","logo":{"@type":"ImageObject","inLanguage":"fr-FR","@id":"https:\/\/autate.fr\/site\/#\/schema\/logo\/image\/","url":"http:\/\/autate.fr\/site\/wp-content\/uploads\/2019\/01\/logo.png","contentUrl":"http:\/\/autate.fr\/site\/wp-content\/uploads\/2019\/01\/logo.png","width":506,"height":280,"caption":"AUTATE"},"image":{"@id":"https:\/\/autate.fr\/site\/#\/schema\/logo\/image\/"},"sameAs":["https:\/\/www.facebook.com\/AutateToulouse","https:\/\/x.com\/AutateToulouse"]},{"@type":"Person","@id":"https:\/\/autate.fr\/site\/#\/schema\/person\/ae1ab8bdaa7b41d2a9b52d2557ce8254","name":"pascalbarbier","image":{"@type":"ImageObject","inLanguage":"fr-FR","@id":"https:\/\/secure.gravatar.com\/avatar\/03f4e8ced09894b72c67e83142540730d4b3bbf619bf46341b0074e3bf5f08a0?s=96&d=mm&r=g","url":"https:\/\/secure.gravatar.com\/avatar\/03f4e8ced09894b72c67e83142540730d4b3bbf619bf46341b0074e3bf5f08a0?s=96&d=mm&r=g","contentUrl":"https:\/\/secure.gravatar.com\/avatar\/03f4e8ced09894b72c67e83142540730d4b3bbf619bf46341b0074e3bf5f08a0?s=96&d=mm&r=g","caption":"pascalbarbier"},"url":"https:\/\/autate.fr\/site\/author\/pascalbarbier\/"}]}},"_links":{"self":[{"href":"https:\/\/autate.fr\/site\/wp-json\/wp\/v2\/posts\/2425","targetHints":{"allow":["GET"]}}],"collection":[{"href":"https:\/\/autate.fr\/site\/wp-json\/wp\/v2\/posts"}],"about":[{"href":"https:\/\/autate.fr\/site\/wp-json\/wp\/v2\/types\/post"}],"author":[{"embeddable":true,"href":"https:\/\/autate.fr\/site\/wp-json\/wp\/v2\/users\/1"}],"replies":[{"embeddable":true,"href":"https:\/\/autate.fr\/site\/wp-json\/wp\/v2\/comments?post=2425"}],"version-history":[{"count":1,"href":"https:\/\/autate.fr\/site\/wp-json\/wp\/v2\/posts\/2425\/revisions"}],"predecessor-version":[{"id":2427,"href":"https:\/\/autate.fr\/site\/wp-json\/wp\/v2\/posts\/2425\/revisions\/2427"}],"wp:featuredmedia":[{"embeddable":true,"href":"https:\/\/autate.fr\/site\/wp-json\/wp\/v2\/media\/2426"}],"wp:attachment":[{"href":"https:\/\/autate.fr\/site\/wp-json\/wp\/v2\/media?parent=2425"}],"wp:term":[{"taxonomy":"category","embeddable":true,"href":"https:\/\/autate.fr\/site\/wp-json\/wp\/v2\/categories?post=2425"},{"taxonomy":"post_tag","embeddable":true,"href":"https:\/\/autate.fr\/site\/wp-json\/wp\/v2\/tags?post=2425"}],"curies":[{"name":"wp","href":"https:\/\/api.w.org\/{rel}","templated":true}]}}