{"id":2398,"date":"2018-02-16T08:52:05","date_gmt":"2018-02-16T07:52:05","guid":{"rendered":"http:\/\/autate.fr\/site\/?p=2398"},"modified":"2018-02-16T08:52:05","modified_gmt":"2018-02-16T07:52:05","slug":"temoignage-ligne-c-et-lineo-2-sur-trajet-tournefeuille-marengo","status":"publish","type":"post","link":"https:\/\/autate.fr\/site\/temoignage-ligne-c-et-lineo-2-sur-trajet-tournefeuille-marengo\/","title":{"rendered":"T\u00e9moignage Ligne C et Lineo 2 sur trajet Tournefeuille-Marengo"},"content":{"rendered":"<p>Mercredi dernier (7 f\u00e9v 2018), jour de manifestation des agriculteurs, je devais aller \u00e0 Marengo pour une r\u00e9union \u00e0 9h, en partant de Tournefeuille (pr\u00e8s de la limite de Colomiers quartier des Ramassiers).<\/p>\n<p>Afin d\u2019\u00e9viter les bouchons routiers, j\u2019abandonne les options [parking relais des Ar\u00e8nes + ligne A] ou [Bus 63 + ligne B + ligne A].<\/p>\n<p>Il me reste le train avec l\u2019option [parking relais des Ramassiers + ligne C + m\u00e9tro ligne A] (faible risque de bouchon sur trajet de 2km jusqu\u2019au parking des Ramassiers).<\/p>\n<p>Je prends le train de 8h28, arriv\u00e9e 8h38 aux Ar\u00e8nes, puis ligne A\u00a0; arriv\u00e9e \u00e0 Marengo \u00e0 8h55. Parfait timing\u00a0!<\/p>\n<p>Voyager en TER est tr\u00e8s agr\u00e9able\u00a0; le train \u00e9tait bien rempli, mais il restait des places assises. Train peu bruyant, sans vibration ni \u00e0-coup de conduite.<\/p>\n<p>Avec la marge prise au d\u00e9part, j\u2019ai donc mis \u00be d\u2019heure. J\u2019aurais certainement mis le m\u00eame temps en prenant le m\u00e9tro aux Ar\u00e8nes, sachant que j\u2019aurais tourn\u00e9 avant de trouver une place pour ma garer, ce parking relais \u00e9tant satur\u00e9 le matin (la parking relais des Ramassiers est quasi vide quant \u00e0 lui).<\/p>\n<p>Le retour a \u00e9t\u00e9 plus compliqu\u00e9. La fr\u00e9quence de la ligne C pour la gare des Ramassiers \u00e9tant au mieux \u00e0 la \u00bd heure, il faut bien calculer son trajet.<\/p>\n<p>En quittant Marengo \u00e0 11h40, j\u2019ai donc couru pour attraper le train de 11h51. Arriv\u00e9e juste \u00e0 l\u2019heure en sueur, je trouve le train arr\u00eat\u00e9 en gare moteur \u00e9teint avec un affichage n\u2019indiquant pas l\u2019horaire de d\u00e9part \u2026 Mauvais signe \u2026 J\u2019attends quelques minutes avant de comprendre que le train \u00e9tait certainement supprim\u00e9. Mais aucune information n\u2019est donn\u00e9e \u2026<\/p>\n<p>Le suivant \u00e9tant pr\u00e9vu \u00e0 12h21 (mais non indiqu\u00e9 non plus sur le panneau), je regarde quelle autre option j\u2019aurais (gr\u00e2ce \u00e0 l\u2019application Tisseo sur smartphone). Je vois que je peux prendre la Lineo 2, et descendre \u00e0 l\u2019arr\u00eat Caulet, derri\u00e8re la gare des Ramassiers (7 minutes \u00e0 pied).<\/p>\n<p>D\u00e9part du Lineo \u00e0 12h, arriv\u00e9e \u00e0 l\u2019arr\u00eat Caulet \u00e0 12h20, et aux Ramassiers 12h25. Retour \u00e0 la maison \u00e0 12h30. Soit dur\u00e9e du trajet total 50 minutes. Pas mal, mais si le train n\u2019avait pas \u00e9t\u00e9 supprim\u00e9, j\u2019aurais mis seulement 35 minutes (la sueur en prime\u00a0!).<\/p>\n<p>L\u2019exp\u00e9rience Lin\u00e9o est plut\u00f4t concluante sur ce cr\u00e9neau horaire car la route \u00e9tait d\u00e9gag\u00e9e, et le bus a bien roul\u00e9.<\/p>\n<p>&nbsp;<\/p>\n<p>Conclusion\u00a0: Ligne C performante, et je pense la prendre plus souvent. Le seul frein est sa faible fr\u00e9quence et sa faible amplitude horaire le soir et le week-end. Lineo 2 est une solution de repli que je n\u2019avais pas imagin\u00e9e jusque-l\u00e0.<\/p>\n","protected":false},"excerpt":{"rendered":"<p>Mercredi dernier (7 f\u00e9v 2018), jour de manifestation des agriculteurs, je devais aller \u00e0 Marengo pour une r\u00e9union \u00e0 9h, en partant de Tournefeuille (pr\u00e8s de la limite de Colomiers quartier des Ramassiers). Afin d\u2019\u00e9viter les bouchons routiers, j\u2019abandonne les options [parking relais des Ar\u00e8nes + ligne A] ou [Bus 63 + ligne B +<\/p>\n<p class=\"more-link\"><a href=\"https:\/\/autate.fr\/site\/temoignage-ligne-c-et-lineo-2-sur-trajet-tournefeuille-marengo\/\" class=\"themebutton2\">VOIR PLUS<\/a><\/p>\n","protected":false},"author":1,"featured_media":0,"comment_status":"open","ping_status":"open","sticky":false,"template":"","format":"standard","meta":{"footnotes":""},"categories":[336],"tags":[301,424,475,227],"class_list":["post-2398","post","type-post","status-publish","format-standard","hentry","category-temoignages","tag-ligne-c","tag-lineo2","tag-marengo","tag-tournefeuille"],"yoast_head":"<!-- This site is optimized with the Yoast SEO plugin v27.4 - https:\/\/yoast.com\/product\/yoast-seo-wordpress\/ -->\n<title>T\u00e9moignage Ligne C et Lineo 2 sur trajet Tournefeuille-Marengo - AUTATE<\/title>\n<meta name=\"robots\" content=\"index, follow, max-snippet:-1, max-image-preview:large, max-video-preview:-1\" \/>\n<link rel=\"canonical\" href=\"https:\/\/autate.fr\/site\/temoignage-ligne-c-et-lineo-2-sur-trajet-tournefeuille-marengo\/\" \/>\n<meta property=\"og:locale\" content=\"fr_FR\" \/>\n<meta property=\"og:type\" content=\"article\" \/>\n<meta property=\"og:title\" content=\"T\u00e9moignage Ligne C et Lineo 2 sur trajet Tournefeuille-Marengo - AUTATE\" \/>\n<meta property=\"og:description\" content=\"Mercredi dernier (7 f\u00e9v 2018), jour de manifestation des agriculteurs, je devais aller \u00e0 Marengo pour une r\u00e9union \u00e0 9h, en partant de Tournefeuille (pr\u00e8s de la limite de Colomiers quartier des Ramassiers). Afin d\u2019\u00e9viter les bouchons routiers, j\u2019abandonne les options [parking relais des Ar\u00e8nes + ligne A] ou [Bus 63 + ligne B +VOIR PLUS\" \/>\n<meta property=\"og:url\" content=\"https:\/\/autate.fr\/site\/temoignage-ligne-c-et-lineo-2-sur-trajet-tournefeuille-marengo\/\" \/>\n<meta property=\"og:site_name\" content=\"AUTATE\" \/>\n<meta property=\"article:publisher\" content=\"https:\/\/www.facebook.com\/AutateToulouse\" \/>\n<meta property=\"article:published_time\" content=\"2018-02-16T07:52:05+00:00\" \/>\n<meta name=\"author\" content=\"pascalbarbier\" \/>\n<meta name=\"twitter:card\" content=\"summary_large_image\" \/>\n<meta name=\"twitter:creator\" content=\"@AutateToulouse\" \/>\n<meta name=\"twitter:site\" content=\"@AutateToulouse\" \/>\n<meta name=\"twitter:label1\" content=\"\u00c9crit par\" \/>\n\t<meta name=\"twitter:data1\" content=\"pascalbarbier\" \/>\n\t<meta name=\"twitter:label2\" content=\"Dur\u00e9e de lecture estim\u00e9e\" \/>\n\t<meta name=\"twitter:data2\" content=\"2 minutes\" \/>\n<script type=\"application\/ld+json\" class=\"yoast-schema-graph\">{\"@context\":\"https:\\\/\\\/schema.org\",\"@graph\":[{\"@type\":\"Article\",\"@id\":\"https:\\\/\\\/autate.fr\\\/site\\\/temoignage-ligne-c-et-lineo-2-sur-trajet-tournefeuille-marengo\\\/#article\",\"isPartOf\":{\"@id\":\"https:\\\/\\\/autate.fr\\\/site\\\/temoignage-ligne-c-et-lineo-2-sur-trajet-tournefeuille-marengo\\\/\"},\"author\":{\"name\":\"pascalbarbier\",\"@id\":\"https:\\\/\\\/autate.fr\\\/site\\\/#\\\/schema\\\/person\\\/ae1ab8bdaa7b41d2a9b52d2557ce8254\"},\"headline\":\"T\u00e9moignage Ligne C et Lineo 2 sur trajet Tournefeuille-Marengo\",\"datePublished\":\"2018-02-16T07:52:05+00:00\",\"mainEntityOfPage\":{\"@id\":\"https:\\\/\\\/autate.fr\\\/site\\\/temoignage-ligne-c-et-lineo-2-sur-trajet-tournefeuille-marengo\\\/\"},\"wordCount\":464,\"commentCount\":2,\"publisher\":{\"@id\":\"https:\\\/\\\/autate.fr\\\/site\\\/#organization\"},\"keywords\":[\"ligne C\",\"Lin\u00e9o2\",\"Marengo\",\"tournefeuille\"],\"articleSection\":[\"T\u00e9moignages\"],\"inLanguage\":\"fr-FR\",\"potentialAction\":[{\"@type\":\"CommentAction\",\"name\":\"Comment\",\"target\":[\"https:\\\/\\\/autate.fr\\\/site\\\/temoignage-ligne-c-et-lineo-2-sur-trajet-tournefeuille-marengo\\\/#respond\"]}]},{\"@type\":\"WebPage\",\"@id\":\"https:\\\/\\\/autate.fr\\\/site\\\/temoignage-ligne-c-et-lineo-2-sur-trajet-tournefeuille-marengo\\\/\",\"url\":\"https:\\\/\\\/autate.fr\\\/site\\\/temoignage-ligne-c-et-lineo-2-sur-trajet-tournefeuille-marengo\\\/\",\"name\":\"T\u00e9moignage Ligne C et Lineo 2 sur trajet Tournefeuille-Marengo - AUTATE\",\"isPartOf\":{\"@id\":\"https:\\\/\\\/autate.fr\\\/site\\\/#website\"},\"datePublished\":\"2018-02-16T07:52:05+00:00\",\"breadcrumb\":{\"@id\":\"https:\\\/\\\/autate.fr\\\/site\\\/temoignage-ligne-c-et-lineo-2-sur-trajet-tournefeuille-marengo\\\/#breadcrumb\"},\"inLanguage\":\"fr-FR\",\"potentialAction\":[{\"@type\":\"ReadAction\",\"target\":[\"https:\\\/\\\/autate.fr\\\/site\\\/temoignage-ligne-c-et-lineo-2-sur-trajet-tournefeuille-marengo\\\/\"]}]},{\"@type\":\"BreadcrumbList\",\"@id\":\"https:\\\/\\\/autate.fr\\\/site\\\/temoignage-ligne-c-et-lineo-2-sur-trajet-tournefeuille-marengo\\\/#breadcrumb\",\"itemListElement\":[{\"@type\":\"ListItem\",\"position\":1,\"name\":\"Accueil\",\"item\":\"https:\\\/\\\/autate.fr\\\/site\\\/\"},{\"@type\":\"ListItem\",\"position\":2,\"name\":\"T\u00e9moignage Ligne C et Lineo 2 sur trajet Tournefeuille-Marengo\"}]},{\"@type\":\"WebSite\",\"@id\":\"https:\\\/\\\/autate.fr\\\/site\\\/#website\",\"url\":\"https:\\\/\\\/autate.fr\\\/site\\\/\",\"name\":\"AUTATE\",\"description\":\"Association des usagers des transports de l&#039;agglom\u00e9ration Toulousaine et de ses environs\",\"publisher\":{\"@id\":\"https:\\\/\\\/autate.fr\\\/site\\\/#organization\"},\"potentialAction\":[{\"@type\":\"SearchAction\",\"target\":{\"@type\":\"EntryPoint\",\"urlTemplate\":\"https:\\\/\\\/autate.fr\\\/site\\\/?s={search_term_string}\"},\"query-input\":{\"@type\":\"PropertyValueSpecification\",\"valueRequired\":true,\"valueName\":\"search_term_string\"}}],\"inLanguage\":\"fr-FR\"},{\"@type\":\"Organization\",\"@id\":\"https:\\\/\\\/autate.fr\\\/site\\\/#organization\",\"name\":\"AUTATE\",\"url\":\"https:\\\/\\\/autate.fr\\\/site\\\/\",\"logo\":{\"@type\":\"ImageObject\",\"inLanguage\":\"fr-FR\",\"@id\":\"https:\\\/\\\/autate.fr\\\/site\\\/#\\\/schema\\\/logo\\\/image\\\/\",\"url\":\"http:\\\/\\\/autate.fr\\\/site\\\/wp-content\\\/uploads\\\/2019\\\/01\\\/logo.png\",\"contentUrl\":\"http:\\\/\\\/autate.fr\\\/site\\\/wp-content\\\/uploads\\\/2019\\\/01\\\/logo.png\",\"width\":506,\"height\":280,\"caption\":\"AUTATE\"},\"image\":{\"@id\":\"https:\\\/\\\/autate.fr\\\/site\\\/#\\\/schema\\\/logo\\\/image\\\/\"},\"sameAs\":[\"https:\\\/\\\/www.facebook.com\\\/AutateToulouse\",\"https:\\\/\\\/x.com\\\/AutateToulouse\"]},{\"@type\":\"Person\",\"@id\":\"https:\\\/\\\/autate.fr\\\/site\\\/#\\\/schema\\\/person\\\/ae1ab8bdaa7b41d2a9b52d2557ce8254\",\"name\":\"pascalbarbier\",\"image\":{\"@type\":\"ImageObject\",\"inLanguage\":\"fr-FR\",\"@id\":\"https:\\\/\\\/secure.gravatar.com\\\/avatar\\\/03f4e8ced09894b72c67e83142540730d4b3bbf619bf46341b0074e3bf5f08a0?s=96&d=mm&r=g\",\"url\":\"https:\\\/\\\/secure.gravatar.com\\\/avatar\\\/03f4e8ced09894b72c67e83142540730d4b3bbf619bf46341b0074e3bf5f08a0?s=96&d=mm&r=g\",\"contentUrl\":\"https:\\\/\\\/secure.gravatar.com\\\/avatar\\\/03f4e8ced09894b72c67e83142540730d4b3bbf619bf46341b0074e3bf5f08a0?s=96&d=mm&r=g\",\"caption\":\"pascalbarbier\"},\"url\":\"https:\\\/\\\/autate.fr\\\/site\\\/author\\\/pascalbarbier\\\/\"}]}<\/script>\n<!-- \/ Yoast SEO plugin. -->","yoast_head_json":{"title":"T\u00e9moignage Ligne C et Lineo 2 sur trajet Tournefeuille-Marengo - AUTATE","robots":{"index":"index","follow":"follow","max-snippet":"max-snippet:-1","max-image-preview":"max-image-preview:large","max-video-preview":"max-video-preview:-1"},"canonical":"https:\/\/autate.fr\/site\/temoignage-ligne-c-et-lineo-2-sur-trajet-tournefeuille-marengo\/","og_locale":"fr_FR","og_type":"article","og_title":"T\u00e9moignage Ligne C et Lineo 2 sur trajet Tournefeuille-Marengo - AUTATE","og_description":"Mercredi dernier (7 f\u00e9v 2018), jour de manifestation des agriculteurs, je devais aller \u00e0 Marengo pour une r\u00e9union \u00e0 9h, en partant de Tournefeuille (pr\u00e8s de la limite de Colomiers quartier des Ramassiers). Afin d\u2019\u00e9viter les bouchons routiers, j\u2019abandonne les options [parking relais des Ar\u00e8nes + ligne A] ou [Bus 63 + ligne B +VOIR PLUS","og_url":"https:\/\/autate.fr\/site\/temoignage-ligne-c-et-lineo-2-sur-trajet-tournefeuille-marengo\/","og_site_name":"AUTATE","article_publisher":"https:\/\/www.facebook.com\/AutateToulouse","article_published_time":"2018-02-16T07:52:05+00:00","author":"pascalbarbier","twitter_card":"summary_large_image","twitter_creator":"@AutateToulouse","twitter_site":"@AutateToulouse","twitter_misc":{"\u00c9crit par":"pascalbarbier","Dur\u00e9e de lecture estim\u00e9e":"2 minutes"},"schema":{"@context":"https:\/\/schema.org","@graph":[{"@type":"Article","@id":"https:\/\/autate.fr\/site\/temoignage-ligne-c-et-lineo-2-sur-trajet-tournefeuille-marengo\/#article","isPartOf":{"@id":"https:\/\/autate.fr\/site\/temoignage-ligne-c-et-lineo-2-sur-trajet-tournefeuille-marengo\/"},"author":{"name":"pascalbarbier","@id":"https:\/\/autate.fr\/site\/#\/schema\/person\/ae1ab8bdaa7b41d2a9b52d2557ce8254"},"headline":"T\u00e9moignage Ligne C et Lineo 2 sur trajet Tournefeuille-Marengo","datePublished":"2018-02-16T07:52:05+00:00","mainEntityOfPage":{"@id":"https:\/\/autate.fr\/site\/temoignage-ligne-c-et-lineo-2-sur-trajet-tournefeuille-marengo\/"},"wordCount":464,"commentCount":2,"publisher":{"@id":"https:\/\/autate.fr\/site\/#organization"},"keywords":["ligne C","Lin\u00e9o2","Marengo","tournefeuille"],"articleSection":["T\u00e9moignages"],"inLanguage":"fr-FR","potentialAction":[{"@type":"CommentAction","name":"Comment","target":["https:\/\/autate.fr\/site\/temoignage-ligne-c-et-lineo-2-sur-trajet-tournefeuille-marengo\/#respond"]}]},{"@type":"WebPage","@id":"https:\/\/autate.fr\/site\/temoignage-ligne-c-et-lineo-2-sur-trajet-tournefeuille-marengo\/","url":"https:\/\/autate.fr\/site\/temoignage-ligne-c-et-lineo-2-sur-trajet-tournefeuille-marengo\/","name":"T\u00e9moignage Ligne C et Lineo 2 sur trajet Tournefeuille-Marengo - AUTATE","isPartOf":{"@id":"https:\/\/autate.fr\/site\/#website"},"datePublished":"2018-02-16T07:52:05+00:00","breadcrumb":{"@id":"https:\/\/autate.fr\/site\/temoignage-ligne-c-et-lineo-2-sur-trajet-tournefeuille-marengo\/#breadcrumb"},"inLanguage":"fr-FR","potentialAction":[{"@type":"ReadAction","target":["https:\/\/autate.fr\/site\/temoignage-ligne-c-et-lineo-2-sur-trajet-tournefeuille-marengo\/"]}]},{"@type":"BreadcrumbList","@id":"https:\/\/autate.fr\/site\/temoignage-ligne-c-et-lineo-2-sur-trajet-tournefeuille-marengo\/#breadcrumb","itemListElement":[{"@type":"ListItem","position":1,"name":"Accueil","item":"https:\/\/autate.fr\/site\/"},{"@type":"ListItem","position":2,"name":"T\u00e9moignage Ligne C et Lineo 2 sur trajet Tournefeuille-Marengo"}]},{"@type":"WebSite","@id":"https:\/\/autate.fr\/site\/#website","url":"https:\/\/autate.fr\/site\/","name":"AUTATE","description":"Association des usagers des transports de l&#039;agglom\u00e9ration Toulousaine et de ses environs","publisher":{"@id":"https:\/\/autate.fr\/site\/#organization"},"potentialAction":[{"@type":"SearchAction","target":{"@type":"EntryPoint","urlTemplate":"https:\/\/autate.fr\/site\/?s={search_term_string}"},"query-input":{"@type":"PropertyValueSpecification","valueRequired":true,"valueName":"search_term_string"}}],"inLanguage":"fr-FR"},{"@type":"Organization","@id":"https:\/\/autate.fr\/site\/#organization","name":"AUTATE","url":"https:\/\/autate.fr\/site\/","logo":{"@type":"ImageObject","inLanguage":"fr-FR","@id":"https:\/\/autate.fr\/site\/#\/schema\/logo\/image\/","url":"http:\/\/autate.fr\/site\/wp-content\/uploads\/2019\/01\/logo.png","contentUrl":"http:\/\/autate.fr\/site\/wp-content\/uploads\/2019\/01\/logo.png","width":506,"height":280,"caption":"AUTATE"},"image":{"@id":"https:\/\/autate.fr\/site\/#\/schema\/logo\/image\/"},"sameAs":["https:\/\/www.facebook.com\/AutateToulouse","https:\/\/x.com\/AutateToulouse"]},{"@type":"Person","@id":"https:\/\/autate.fr\/site\/#\/schema\/person\/ae1ab8bdaa7b41d2a9b52d2557ce8254","name":"pascalbarbier","image":{"@type":"ImageObject","inLanguage":"fr-FR","@id":"https:\/\/secure.gravatar.com\/avatar\/03f4e8ced09894b72c67e83142540730d4b3bbf619bf46341b0074e3bf5f08a0?s=96&d=mm&r=g","url":"https:\/\/secure.gravatar.com\/avatar\/03f4e8ced09894b72c67e83142540730d4b3bbf619bf46341b0074e3bf5f08a0?s=96&d=mm&r=g","contentUrl":"https:\/\/secure.gravatar.com\/avatar\/03f4e8ced09894b72c67e83142540730d4b3bbf619bf46341b0074e3bf5f08a0?s=96&d=mm&r=g","caption":"pascalbarbier"},"url":"https:\/\/autate.fr\/site\/author\/pascalbarbier\/"}]}},"_links":{"self":[{"href":"https:\/\/autate.fr\/site\/wp-json\/wp\/v2\/posts\/2398","targetHints":{"allow":["GET"]}}],"collection":[{"href":"https:\/\/autate.fr\/site\/wp-json\/wp\/v2\/posts"}],"about":[{"href":"https:\/\/autate.fr\/site\/wp-json\/wp\/v2\/types\/post"}],"author":[{"embeddable":true,"href":"https:\/\/autate.fr\/site\/wp-json\/wp\/v2\/users\/1"}],"replies":[{"embeddable":true,"href":"https:\/\/autate.fr\/site\/wp-json\/wp\/v2\/comments?post=2398"}],"version-history":[{"count":1,"href":"https:\/\/autate.fr\/site\/wp-json\/wp\/v2\/posts\/2398\/revisions"}],"predecessor-version":[{"id":2399,"href":"https:\/\/autate.fr\/site\/wp-json\/wp\/v2\/posts\/2398\/revisions\/2399"}],"wp:attachment":[{"href":"https:\/\/autate.fr\/site\/wp-json\/wp\/v2\/media?parent=2398"}],"wp:term":[{"taxonomy":"category","embeddable":true,"href":"https:\/\/autate.fr\/site\/wp-json\/wp\/v2\/categories?post=2398"},{"taxonomy":"post_tag","embeddable":true,"href":"https:\/\/autate.fr\/site\/wp-json\/wp\/v2\/tags?post=2398"}],"curies":[{"name":"wp","href":"https:\/\/api.w.org\/{rel}","templated":true}]}}