{"id":2341,"date":"2018-02-05T12:42:34","date_gmt":"2018-02-05T11:42:34","guid":{"rendered":"http:\/\/autate.fr\/site\/?p=2341"},"modified":"2025-11-21T22:03:01","modified_gmt":"2025-11-21T21:03:01","slug":"il-semble-quil-ne-manque-que-des-pistes-cyclables","status":"publish","type":"post","link":"https:\/\/autate.fr\/site\/il-semble-quil-ne-manque-que-des-pistes-cyclables\/","title":{"rendered":"Avis enqu\u00eate publique PDU : il semble qu\u2019il ne manque que des pistes cyclables !"},"content":{"rendered":"<p><strong>Communiqu\u00e9 de presse sur l\u2019avis de la Commission d\u2019enqu\u00eate sur le<\/strong> <strong>plan de d\u00e9placements urbains \u201cprojet Mobilit\u00e9s\u201d 2020-2025-2030 <\/strong><\/p>\n<p>Notre association a particip\u00e9 abondamment aux diff\u00e9rentes enqu\u00eates publiques \u201cautour de la 3\u00e8me ligne de m\u00e9tro\u201d depuis 2 ans et a lu avec attention les conclusions et avis de la Commission d\u2019enqu\u00eate sur le plan de d\u00e9placements urbains \u201cprojet Mobilit\u00e9s\u201d 2020-20252030 dont elle a rencontr\u00e9 les r\u00e9dacteurs. Elle a prouv\u00e9 que son avis \u00e9tay\u00e9, loin des consid\u00e9rations id\u00e9ologiques, met l\u2019usager au centre de son point de vue. En lisant le rapport, les membres de l\u2019AUTATE prennent note de l\u2019avis favorable de la Commission avec deux r\u00e9serves sur les investissements cyclables mais souhaitent faire part de son analyse pr\u00e9cise.<\/p>\n<p>Le document de 20 pages comprend 2 parties assez diff\u00e9rentes et dans la forme et dans le fond : en effet, les 17 premi\u00e8res pages alternent les termes \u201cregrets, semble, d\u00e9plore, assur\u00e9ment, trop vague, impr\u00e9cision etc.\u201d et les phrases vides et st\u00e9riles de type \u201cTisseo ne peut \u00e9videmment obliger personne \u00e0 prendre le bus\u201d (page 7). On y trouve en vrac, une analyse non \u201cid\u00e9ologique\u201d mais positive du projet de m\u00e9tro, une r\u00e9f\u00e9rence \u00e0 l\u2019excellent travail du conseil scientifique form\u00e9 d\u2019experts ind\u00e9pendants (surtout celui de son pr\u00e9sident, d\u2019ailleurs..), l\u2019analyse tronqu\u00e9e de l\u2019\u00e9toile ferroviaire de l\u2019AUTATE, la r\u00e9f\u00e9rence aux projets quasi-vides financ\u00e9s pour Airbus par les finances publiques et pour finir, la prise en compte de la suppression de la ligne T2, dont elle \u201cregrette toutefois qu\u2019elle n\u2019ait pas pu \u00eatre communiqu\u00e9e au public pendant l\u2019enqu\u00eate\u201d (page 12). En gros, ce n\u2019\u00e9tait pas dans l\u2019enqu\u00eate mais les commissaires ont quand m\u00eame un avis, \u00e0 partir de documents \u00ab cach\u00e9s \u00bb&#8230;Une ligne pour les affaires de type Orlyval\u2026<\/p>\n<p>De toute fa\u00e7on, le ton est donn\u00e9, d\u00e8s la page 12 quand on y lit que \u201cle d\u00e9placement cycliste est l\u2019un des moyens les plus efficaces de r\u00e9duire l\u2019usage de l\u2019automobile en ville\u201d. Cette id\u00e9e est-elle r\u00e9ellement s\u00e9rieuse ? A moins de consid\u00e9rer que le terme \u201cefficace\u201d signifie \u201cle moins co\u00fbteux\u201d ? De combien la part des d\u00e9placements cyclistes doit-elle augmenter ? Du double ? De 3 \u00e0 6% ? Du triple, pour atteindre 9% ? Il restera 91% des 2 millions de d\u00e9placements quotidiens !Donc, apr\u00e8s cette premi\u00e8re partie analytique mesur\u00e9e et souvent critique, les conclusions qui tombent, ne portent que sur 2 r\u00e9serves, celles qui consistent \u00e0 consacrer 10 millions d\u2019\u20ac de<br \/>\nplus par an aux v\u00e9los. On comprendra ais\u00e9ment, qu\u2019\u00e0 c\u00f4t\u00e9 des 3,8 milliards d\u2019\u20ac pour l\u2019ensemble du PDU, le biscuit, donn\u00e9 aux associations \u00ab cyclistes \u00bb soit tr\u00e8s efficace !<\/p>\n<p>Mais c\u00f4t\u00e9 \u00ab transports en commun \u00bb, les conclusions ne sont pas contraignantes. Pourtant, les recommandations sont bien plus courageuses que les r\u00e9serves et certaines nous paraissent suivre l\u2019int\u00e9r\u00eat des banlieusards toulousains, coinc\u00e9s tous les matins dans les bouchons de la rocade : celle (la 7\u00e8me) qui demande la r\u00e9alisation de la Ceinture Sud de Colomiers \u00e0 Portet-sur-garonne ; la 8\u00e8me qui pr\u00e9conise de mener une \u00e9tude pour d\u00e9velopper une ligne de RER entre Brax-L\u00e9guevin et l\u2019Oncopole, et enfin, la 3\u00e8me, qui propose de diff\u00e9rer le tron\u00e7on de la 3\u00e8me ligne parall\u00e8le \u00e0 la ligne de train existante Lab\u00e8ge-Matabiau, afin de financer la recommandation 7. Ces mesures semblent \u00eatre celles qui, de notre point de vue, sont les plus efficaces \u00e0 r\u00e9duire l\u2019usage de l\u2019automobile dans toute l\u2019agglom\u00e9ration. L\u2019avenir nous donnera raison mais en attendant, les 15 prochaines ann\u00e9es vont \u00eatre catastrophiques pour les d\u00e9placements dans l\u2019agglom\u00e9ration, sauf pour ceux qui pourront acheter un v\u00e9lo \u00e9lectrique<\/p>\n","protected":false},"excerpt":{"rendered":"<p>Communiqu\u00e9 de presse sur l\u2019avis de la Commission d\u2019enqu\u00eate sur le plan de d\u00e9placements urbains \u201cprojet Mobilit\u00e9s\u201d 2020-2025-2030 Notre association a particip\u00e9 abondamment aux diff\u00e9rentes enqu\u00eates publiques \u201cautour de la 3\u00e8me ligne de m\u00e9tro\u201d depuis 2 ans et a lu avec attention les conclusions et avis de la Commission d\u2019enqu\u00eate sur le plan de d\u00e9placements<\/p>\n<p class=\"more-link\"><a href=\"https:\/\/autate.fr\/site\/il-semble-quil-ne-manque-que-des-pistes-cyclables\/\" class=\"themebutton2\">VOIR PLUS<\/a><\/p>\n","protected":false},"author":1,"featured_media":0,"comment_status":"open","ping_status":"open","sticky":false,"template":"","format":"standard","meta":{"footnotes":""},"categories":[4,525],"tags":[334,86,203],"class_list":["post-2341","post","type-post","status-publish","format-standard","hentry","category-actualite-association","category-pdm","tag-enquete-publique","tag-pdu","tag-plan-mobilites"],"yoast_head":"<!-- This site is optimized with the Yoast SEO plugin v27.4 - https:\/\/yoast.com\/product\/yoast-seo-wordpress\/ -->\n<title>Avis enqu\u00eate publique PDU : il semble qu\u2019il ne manque que des pistes cyclables ! - AUTATE<\/title>\n<meta name=\"robots\" content=\"index, follow, max-snippet:-1, max-image-preview:large, max-video-preview:-1\" \/>\n<link rel=\"canonical\" href=\"https:\/\/autate.fr\/site\/il-semble-quil-ne-manque-que-des-pistes-cyclables\/\" \/>\n<meta property=\"og:locale\" content=\"fr_FR\" \/>\n<meta property=\"og:type\" content=\"article\" \/>\n<meta property=\"og:title\" content=\"Avis enqu\u00eate publique PDU : il semble qu\u2019il ne manque que des pistes cyclables ! - AUTATE\" \/>\n<meta property=\"og:description\" content=\"Communiqu\u00e9 de presse sur l\u2019avis de la Commission d\u2019enqu\u00eate sur le plan de d\u00e9placements urbains \u201cprojet Mobilit\u00e9s\u201d 2020-2025-2030 Notre association a particip\u00e9 abondamment aux diff\u00e9rentes enqu\u00eates publiques \u201cautour de la 3\u00e8me ligne de m\u00e9tro\u201d depuis 2 ans et a lu avec attention les conclusions et avis de la Commission d\u2019enqu\u00eate sur le plan de d\u00e9placementsVOIR PLUS\" \/>\n<meta property=\"og:url\" content=\"https:\/\/autate.fr\/site\/il-semble-quil-ne-manque-que-des-pistes-cyclables\/\" \/>\n<meta property=\"og:site_name\" content=\"AUTATE\" \/>\n<meta property=\"article:publisher\" content=\"https:\/\/www.facebook.com\/AutateToulouse\" \/>\n<meta property=\"article:published_time\" content=\"2018-02-05T11:42:34+00:00\" \/>\n<meta property=\"article:modified_time\" content=\"2025-11-21T21:03:01+00:00\" \/>\n<meta name=\"author\" content=\"pascalbarbier\" \/>\n<meta name=\"twitter:card\" content=\"summary_large_image\" \/>\n<meta name=\"twitter:creator\" content=\"@AutateToulouse\" \/>\n<meta name=\"twitter:site\" content=\"@AutateToulouse\" \/>\n<meta name=\"twitter:label1\" content=\"\u00c9crit par\" \/>\n\t<meta name=\"twitter:data1\" content=\"pascalbarbier\" \/>\n\t<meta name=\"twitter:label2\" content=\"Dur\u00e9e de lecture estim\u00e9e\" \/>\n\t<meta name=\"twitter:data2\" content=\"3 minutes\" \/>\n<script type=\"application\/ld+json\" class=\"yoast-schema-graph\">{\"@context\":\"https:\\\/\\\/schema.org\",\"@graph\":[{\"@type\":\"Article\",\"@id\":\"https:\\\/\\\/autate.fr\\\/site\\\/il-semble-quil-ne-manque-que-des-pistes-cyclables\\\/#article\",\"isPartOf\":{\"@id\":\"https:\\\/\\\/autate.fr\\\/site\\\/il-semble-quil-ne-manque-que-des-pistes-cyclables\\\/\"},\"author\":{\"name\":\"pascalbarbier\",\"@id\":\"https:\\\/\\\/autate.fr\\\/site\\\/#\\\/schema\\\/person\\\/ae1ab8bdaa7b41d2a9b52d2557ce8254\"},\"headline\":\"Avis enqu\u00eate publique PDU : il semble qu\u2019il ne manque que des pistes cyclables !\",\"datePublished\":\"2018-02-05T11:42:34+00:00\",\"dateModified\":\"2025-11-21T21:03:01+00:00\",\"mainEntityOfPage\":{\"@id\":\"https:\\\/\\\/autate.fr\\\/site\\\/il-semble-quil-ne-manque-que-des-pistes-cyclables\\\/\"},\"wordCount\":659,\"commentCount\":0,\"publisher\":{\"@id\":\"https:\\\/\\\/autate.fr\\\/site\\\/#organization\"},\"keywords\":[\"enqu\u00eate publique\",\"PDU\",\"plan mobilit\u00e9s\"],\"articleSection\":[\"Actualit\u00e9s-AUTATE\",\"PlanDeMobilit\u00e9\"],\"inLanguage\":\"fr-FR\",\"potentialAction\":[{\"@type\":\"CommentAction\",\"name\":\"Comment\",\"target\":[\"https:\\\/\\\/autate.fr\\\/site\\\/il-semble-quil-ne-manque-que-des-pistes-cyclables\\\/#respond\"]}]},{\"@type\":\"WebPage\",\"@id\":\"https:\\\/\\\/autate.fr\\\/site\\\/il-semble-quil-ne-manque-que-des-pistes-cyclables\\\/\",\"url\":\"https:\\\/\\\/autate.fr\\\/site\\\/il-semble-quil-ne-manque-que-des-pistes-cyclables\\\/\",\"name\":\"Avis enqu\u00eate publique PDU : il semble qu\u2019il ne manque que des pistes cyclables ! - AUTATE\",\"isPartOf\":{\"@id\":\"https:\\\/\\\/autate.fr\\\/site\\\/#website\"},\"datePublished\":\"2018-02-05T11:42:34+00:00\",\"dateModified\":\"2025-11-21T21:03:01+00:00\",\"breadcrumb\":{\"@id\":\"https:\\\/\\\/autate.fr\\\/site\\\/il-semble-quil-ne-manque-que-des-pistes-cyclables\\\/#breadcrumb\"},\"inLanguage\":\"fr-FR\",\"potentialAction\":[{\"@type\":\"ReadAction\",\"target\":[\"https:\\\/\\\/autate.fr\\\/site\\\/il-semble-quil-ne-manque-que-des-pistes-cyclables\\\/\"]}]},{\"@type\":\"BreadcrumbList\",\"@id\":\"https:\\\/\\\/autate.fr\\\/site\\\/il-semble-quil-ne-manque-que-des-pistes-cyclables\\\/#breadcrumb\",\"itemListElement\":[{\"@type\":\"ListItem\",\"position\":1,\"name\":\"Accueil\",\"item\":\"https:\\\/\\\/autate.fr\\\/site\\\/\"},{\"@type\":\"ListItem\",\"position\":2,\"name\":\"Avis enqu\u00eate publique PDU : il semble qu\u2019il ne manque que des pistes cyclables !\"}]},{\"@type\":\"WebSite\",\"@id\":\"https:\\\/\\\/autate.fr\\\/site\\\/#website\",\"url\":\"https:\\\/\\\/autate.fr\\\/site\\\/\",\"name\":\"AUTATE\",\"description\":\"Association des usagers des transports de l&#039;agglom\u00e9ration Toulousaine et de ses environs\",\"publisher\":{\"@id\":\"https:\\\/\\\/autate.fr\\\/site\\\/#organization\"},\"potentialAction\":[{\"@type\":\"SearchAction\",\"target\":{\"@type\":\"EntryPoint\",\"urlTemplate\":\"https:\\\/\\\/autate.fr\\\/site\\\/?s={search_term_string}\"},\"query-input\":{\"@type\":\"PropertyValueSpecification\",\"valueRequired\":true,\"valueName\":\"search_term_string\"}}],\"inLanguage\":\"fr-FR\"},{\"@type\":\"Organization\",\"@id\":\"https:\\\/\\\/autate.fr\\\/site\\\/#organization\",\"name\":\"AUTATE\",\"url\":\"https:\\\/\\\/autate.fr\\\/site\\\/\",\"logo\":{\"@type\":\"ImageObject\",\"inLanguage\":\"fr-FR\",\"@id\":\"https:\\\/\\\/autate.fr\\\/site\\\/#\\\/schema\\\/logo\\\/image\\\/\",\"url\":\"http:\\\/\\\/autate.fr\\\/site\\\/wp-content\\\/uploads\\\/2019\\\/01\\\/logo.png\",\"contentUrl\":\"http:\\\/\\\/autate.fr\\\/site\\\/wp-content\\\/uploads\\\/2019\\\/01\\\/logo.png\",\"width\":506,\"height\":280,\"caption\":\"AUTATE\"},\"image\":{\"@id\":\"https:\\\/\\\/autate.fr\\\/site\\\/#\\\/schema\\\/logo\\\/image\\\/\"},\"sameAs\":[\"https:\\\/\\\/www.facebook.com\\\/AutateToulouse\",\"https:\\\/\\\/x.com\\\/AutateToulouse\"]},{\"@type\":\"Person\",\"@id\":\"https:\\\/\\\/autate.fr\\\/site\\\/#\\\/schema\\\/person\\\/ae1ab8bdaa7b41d2a9b52d2557ce8254\",\"name\":\"pascalbarbier\",\"image\":{\"@type\":\"ImageObject\",\"inLanguage\":\"fr-FR\",\"@id\":\"https:\\\/\\\/secure.gravatar.com\\\/avatar\\\/03f4e8ced09894b72c67e83142540730d4b3bbf619bf46341b0074e3bf5f08a0?s=96&d=mm&r=g\",\"url\":\"https:\\\/\\\/secure.gravatar.com\\\/avatar\\\/03f4e8ced09894b72c67e83142540730d4b3bbf619bf46341b0074e3bf5f08a0?s=96&d=mm&r=g\",\"contentUrl\":\"https:\\\/\\\/secure.gravatar.com\\\/avatar\\\/03f4e8ced09894b72c67e83142540730d4b3bbf619bf46341b0074e3bf5f08a0?s=96&d=mm&r=g\",\"caption\":\"pascalbarbier\"},\"url\":\"https:\\\/\\\/autate.fr\\\/site\\\/author\\\/pascalbarbier\\\/\"}]}<\/script>\n<!-- \/ Yoast SEO plugin. -->","yoast_head_json":{"title":"Avis enqu\u00eate publique PDU : il semble qu\u2019il ne manque que des pistes cyclables ! - AUTATE","robots":{"index":"index","follow":"follow","max-snippet":"max-snippet:-1","max-image-preview":"max-image-preview:large","max-video-preview":"max-video-preview:-1"},"canonical":"https:\/\/autate.fr\/site\/il-semble-quil-ne-manque-que-des-pistes-cyclables\/","og_locale":"fr_FR","og_type":"article","og_title":"Avis enqu\u00eate publique PDU : il semble qu\u2019il ne manque que des pistes cyclables ! - AUTATE","og_description":"Communiqu\u00e9 de presse sur l\u2019avis de la Commission d\u2019enqu\u00eate sur le plan de d\u00e9placements urbains \u201cprojet Mobilit\u00e9s\u201d 2020-2025-2030 Notre association a particip\u00e9 abondamment aux diff\u00e9rentes enqu\u00eates publiques \u201cautour de la 3\u00e8me ligne de m\u00e9tro\u201d depuis 2 ans et a lu avec attention les conclusions et avis de la Commission d\u2019enqu\u00eate sur le plan de d\u00e9placementsVOIR PLUS","og_url":"https:\/\/autate.fr\/site\/il-semble-quil-ne-manque-que-des-pistes-cyclables\/","og_site_name":"AUTATE","article_publisher":"https:\/\/www.facebook.com\/AutateToulouse","article_published_time":"2018-02-05T11:42:34+00:00","article_modified_time":"2025-11-21T21:03:01+00:00","author":"pascalbarbier","twitter_card":"summary_large_image","twitter_creator":"@AutateToulouse","twitter_site":"@AutateToulouse","twitter_misc":{"\u00c9crit par":"pascalbarbier","Dur\u00e9e de lecture estim\u00e9e":"3 minutes"},"schema":{"@context":"https:\/\/schema.org","@graph":[{"@type":"Article","@id":"https:\/\/autate.fr\/site\/il-semble-quil-ne-manque-que-des-pistes-cyclables\/#article","isPartOf":{"@id":"https:\/\/autate.fr\/site\/il-semble-quil-ne-manque-que-des-pistes-cyclables\/"},"author":{"name":"pascalbarbier","@id":"https:\/\/autate.fr\/site\/#\/schema\/person\/ae1ab8bdaa7b41d2a9b52d2557ce8254"},"headline":"Avis enqu\u00eate publique PDU : il semble qu\u2019il ne manque que des pistes cyclables !","datePublished":"2018-02-05T11:42:34+00:00","dateModified":"2025-11-21T21:03:01+00:00","mainEntityOfPage":{"@id":"https:\/\/autate.fr\/site\/il-semble-quil-ne-manque-que-des-pistes-cyclables\/"},"wordCount":659,"commentCount":0,"publisher":{"@id":"https:\/\/autate.fr\/site\/#organization"},"keywords":["enqu\u00eate publique","PDU","plan mobilit\u00e9s"],"articleSection":["Actualit\u00e9s-AUTATE","PlanDeMobilit\u00e9"],"inLanguage":"fr-FR","potentialAction":[{"@type":"CommentAction","name":"Comment","target":["https:\/\/autate.fr\/site\/il-semble-quil-ne-manque-que-des-pistes-cyclables\/#respond"]}]},{"@type":"WebPage","@id":"https:\/\/autate.fr\/site\/il-semble-quil-ne-manque-que-des-pistes-cyclables\/","url":"https:\/\/autate.fr\/site\/il-semble-quil-ne-manque-que-des-pistes-cyclables\/","name":"Avis enqu\u00eate publique PDU : il semble qu\u2019il ne manque que des pistes cyclables ! - AUTATE","isPartOf":{"@id":"https:\/\/autate.fr\/site\/#website"},"datePublished":"2018-02-05T11:42:34+00:00","dateModified":"2025-11-21T21:03:01+00:00","breadcrumb":{"@id":"https:\/\/autate.fr\/site\/il-semble-quil-ne-manque-que-des-pistes-cyclables\/#breadcrumb"},"inLanguage":"fr-FR","potentialAction":[{"@type":"ReadAction","target":["https:\/\/autate.fr\/site\/il-semble-quil-ne-manque-que-des-pistes-cyclables\/"]}]},{"@type":"BreadcrumbList","@id":"https:\/\/autate.fr\/site\/il-semble-quil-ne-manque-que-des-pistes-cyclables\/#breadcrumb","itemListElement":[{"@type":"ListItem","position":1,"name":"Accueil","item":"https:\/\/autate.fr\/site\/"},{"@type":"ListItem","position":2,"name":"Avis enqu\u00eate publique PDU : il semble qu\u2019il ne manque que des pistes cyclables !"}]},{"@type":"WebSite","@id":"https:\/\/autate.fr\/site\/#website","url":"https:\/\/autate.fr\/site\/","name":"AUTATE","description":"Association des usagers des transports de l&#039;agglom\u00e9ration Toulousaine et de ses environs","publisher":{"@id":"https:\/\/autate.fr\/site\/#organization"},"potentialAction":[{"@type":"SearchAction","target":{"@type":"EntryPoint","urlTemplate":"https:\/\/autate.fr\/site\/?s={search_term_string}"},"query-input":{"@type":"PropertyValueSpecification","valueRequired":true,"valueName":"search_term_string"}}],"inLanguage":"fr-FR"},{"@type":"Organization","@id":"https:\/\/autate.fr\/site\/#organization","name":"AUTATE","url":"https:\/\/autate.fr\/site\/","logo":{"@type":"ImageObject","inLanguage":"fr-FR","@id":"https:\/\/autate.fr\/site\/#\/schema\/logo\/image\/","url":"http:\/\/autate.fr\/site\/wp-content\/uploads\/2019\/01\/logo.png","contentUrl":"http:\/\/autate.fr\/site\/wp-content\/uploads\/2019\/01\/logo.png","width":506,"height":280,"caption":"AUTATE"},"image":{"@id":"https:\/\/autate.fr\/site\/#\/schema\/logo\/image\/"},"sameAs":["https:\/\/www.facebook.com\/AutateToulouse","https:\/\/x.com\/AutateToulouse"]},{"@type":"Person","@id":"https:\/\/autate.fr\/site\/#\/schema\/person\/ae1ab8bdaa7b41d2a9b52d2557ce8254","name":"pascalbarbier","image":{"@type":"ImageObject","inLanguage":"fr-FR","@id":"https:\/\/secure.gravatar.com\/avatar\/03f4e8ced09894b72c67e83142540730d4b3bbf619bf46341b0074e3bf5f08a0?s=96&d=mm&r=g","url":"https:\/\/secure.gravatar.com\/avatar\/03f4e8ced09894b72c67e83142540730d4b3bbf619bf46341b0074e3bf5f08a0?s=96&d=mm&r=g","contentUrl":"https:\/\/secure.gravatar.com\/avatar\/03f4e8ced09894b72c67e83142540730d4b3bbf619bf46341b0074e3bf5f08a0?s=96&d=mm&r=g","caption":"pascalbarbier"},"url":"https:\/\/autate.fr\/site\/author\/pascalbarbier\/"}]}},"_links":{"self":[{"href":"https:\/\/autate.fr\/site\/wp-json\/wp\/v2\/posts\/2341","targetHints":{"allow":["GET"]}}],"collection":[{"href":"https:\/\/autate.fr\/site\/wp-json\/wp\/v2\/posts"}],"about":[{"href":"https:\/\/autate.fr\/site\/wp-json\/wp\/v2\/types\/post"}],"author":[{"embeddable":true,"href":"https:\/\/autate.fr\/site\/wp-json\/wp\/v2\/users\/1"}],"replies":[{"embeddable":true,"href":"https:\/\/autate.fr\/site\/wp-json\/wp\/v2\/comments?post=2341"}],"version-history":[{"count":2,"href":"https:\/\/autate.fr\/site\/wp-json\/wp\/v2\/posts\/2341\/revisions"}],"predecessor-version":[{"id":2397,"href":"https:\/\/autate.fr\/site\/wp-json\/wp\/v2\/posts\/2341\/revisions\/2397"}],"wp:attachment":[{"href":"https:\/\/autate.fr\/site\/wp-json\/wp\/v2\/media?parent=2341"}],"wp:term":[{"taxonomy":"category","embeddable":true,"href":"https:\/\/autate.fr\/site\/wp-json\/wp\/v2\/categories?post=2341"},{"taxonomy":"post_tag","embeddable":true,"href":"https:\/\/autate.fr\/site\/wp-json\/wp\/v2\/tags?post=2341"}],"curies":[{"name":"wp","href":"https:\/\/api.w.org\/{rel}","templated":true}]}}