{"id":2271,"date":"2018-01-05T19:27:31","date_gmt":"2018-01-05T18:27:31","guid":{"rendered":"http:\/\/autate.fr\/site\/?p=2271"},"modified":"2025-11-11T17:55:32","modified_gmt":"2025-11-11T16:55:32","slug":"le-tad-est-il-suffisant-pour-dremil-lafage-et-vallesvilles","status":"publish","type":"post","link":"https:\/\/autate.fr\/site\/le-tad-est-il-suffisant-pour-dremil-lafage-et-vallesvilles\/","title":{"rendered":"Le TAD est-il suffisant pour Dr\u00e9mil-Lafage et Vallesvilles ?"},"content":{"rendered":"<p>Bonjour,<\/p>\n<p>Usag\u00e8re du TAD, je partage avec vous mon exp\u00e9rience de ce moyen de transport\u00a0 :<\/p>\n<p>La r\u00e9servation 2 heures avant le d\u00e9part marche tr\u00e8s bien&#8230;bien qu&rsquo;un peu contraignante.<\/p>\n<p>Les chauffeurs conduisent comme des dingues&#8230;le transport est donc tr\u00e8s inconfortable sur les petites routes de campagne&#8230;ils sont aimables mais il faut bien s&rsquo;accrocher. Certaines stations ont \u00e9t\u00e9 supprim\u00e9es, ce qui g\u00e9n\u00e8re une grand g\u00eane pour plusieurs familles.<\/p>\n<p>Une ligne de bus serait bienvenue. Il y a bien une liaison scolaire, mais seulement le matin et en fin d&rsquo;apr\u00e8s-midi et elle ne fonctionne pas le WE et pendant les vacances.<\/p>\n<p>Quant aux bus Arc-en-ciel du d\u00e9partement, on ne les prend jamais car ils ne passent pas assez souvent !<\/p>\n<p><strong>Notre r\u00eave : une liaison Vallesvilles-Balma en passant par Dr\u00e9mil Lafage ! C&rsquo;est possible ! Question de choix politique !<\/strong><\/p>\n<p>&nbsp;<\/p>\n","protected":false},"excerpt":{"rendered":"<p>Bonjour, Usag\u00e8re du TAD, je partage avec vous mon exp\u00e9rience de ce moyen de transport\u00a0 : La r\u00e9servation 2 heures avant le d\u00e9part marche tr\u00e8s bien&#8230;bien qu&rsquo;un peu contraignante. Les chauffeurs conduisent comme des dingues&#8230;le transport est donc tr\u00e8s inconfortable sur les petites routes de campagne&#8230;ils sont aimables mais il faut bien s&rsquo;accrocher. Certaines stations<\/p>\n<p class=\"more-link\"><a href=\"https:\/\/autate.fr\/site\/le-tad-est-il-suffisant-pour-dremil-lafage-et-vallesvilles\/\" class=\"themebutton2\">VOIR PLUS<\/a><\/p>\n","protected":false},"author":1,"featured_media":0,"comment_status":"open","ping_status":"open","sticky":false,"template":"","format":"standard","meta":{"footnotes":""},"categories":[514,336],"tags":[455,451,453,450,452,384,454],"class_list":["post-2271","post","type-post","status-publish","format-standard","hentry","category-tad","category-temoignages","tag-balma","tag-campagne","tag-dremil-lafage","tag-periurbain","tag-rurbain","tag-tad","tag-vallesvilles"],"yoast_head":"<!-- This site is optimized with the Yoast SEO plugin v27.4 - https:\/\/yoast.com\/product\/yoast-seo-wordpress\/ -->\n<title>Le TAD est-il suffisant pour Dr\u00e9mil-Lafage et Vallesvilles ? - AUTATE<\/title>\n<meta name=\"robots\" content=\"index, follow, max-snippet:-1, max-image-preview:large, max-video-preview:-1\" \/>\n<link rel=\"canonical\" href=\"https:\/\/autate.fr\/site\/le-tad-est-il-suffisant-pour-dremil-lafage-et-vallesvilles\/\" \/>\n<meta property=\"og:locale\" content=\"fr_FR\" \/>\n<meta property=\"og:type\" content=\"article\" \/>\n<meta property=\"og:title\" content=\"Le TAD est-il suffisant pour Dr\u00e9mil-Lafage et Vallesvilles ? - AUTATE\" \/>\n<meta property=\"og:description\" content=\"Bonjour, Usag\u00e8re du TAD, je partage avec vous mon exp\u00e9rience de ce moyen de transport\u00a0 : La r\u00e9servation 2 heures avant le d\u00e9part marche tr\u00e8s bien&#8230;bien qu&rsquo;un peu contraignante. Les chauffeurs conduisent comme des dingues&#8230;le transport est donc tr\u00e8s inconfortable sur les petites routes de campagne&#8230;ils sont aimables mais il faut bien s&rsquo;accrocher. Certaines stationsVOIR PLUS\" \/>\n<meta property=\"og:url\" content=\"https:\/\/autate.fr\/site\/le-tad-est-il-suffisant-pour-dremil-lafage-et-vallesvilles\/\" \/>\n<meta property=\"og:site_name\" content=\"AUTATE\" \/>\n<meta property=\"article:publisher\" content=\"https:\/\/www.facebook.com\/AutateToulouse\" \/>\n<meta property=\"article:published_time\" content=\"2018-01-05T18:27:31+00:00\" \/>\n<meta property=\"article:modified_time\" content=\"2025-11-11T16:55:32+00:00\" \/>\n<meta name=\"author\" content=\"pascalbarbier\" \/>\n<meta name=\"twitter:card\" content=\"summary_large_image\" \/>\n<meta name=\"twitter:creator\" content=\"@AutateToulouse\" \/>\n<meta name=\"twitter:site\" content=\"@AutateToulouse\" \/>\n<meta name=\"twitter:label1\" content=\"\u00c9crit par\" \/>\n\t<meta name=\"twitter:data1\" content=\"pascalbarbier\" \/>\n\t<meta name=\"twitter:label2\" content=\"Dur\u00e9e de lecture estim\u00e9e\" \/>\n\t<meta name=\"twitter:data2\" content=\"1 minute\" \/>\n<script type=\"application\/ld+json\" class=\"yoast-schema-graph\">{\"@context\":\"https:\\\/\\\/schema.org\",\"@graph\":[{\"@type\":\"Article\",\"@id\":\"https:\\\/\\\/autate.fr\\\/site\\\/le-tad-est-il-suffisant-pour-dremil-lafage-et-vallesvilles\\\/#article\",\"isPartOf\":{\"@id\":\"https:\\\/\\\/autate.fr\\\/site\\\/le-tad-est-il-suffisant-pour-dremil-lafage-et-vallesvilles\\\/\"},\"author\":{\"name\":\"pascalbarbier\",\"@id\":\"https:\\\/\\\/autate.fr\\\/site\\\/#\\\/schema\\\/person\\\/ae1ab8bdaa7b41d2a9b52d2557ce8254\"},\"headline\":\"Le TAD est-il suffisant pour Dr\u00e9mil-Lafage et Vallesvilles ?\",\"datePublished\":\"2018-01-05T18:27:31+00:00\",\"dateModified\":\"2025-11-11T16:55:32+00:00\",\"mainEntityOfPage\":{\"@id\":\"https:\\\/\\\/autate.fr\\\/site\\\/le-tad-est-il-suffisant-pour-dremil-lafage-et-vallesvilles\\\/\"},\"wordCount\":158,\"commentCount\":0,\"publisher\":{\"@id\":\"https:\\\/\\\/autate.fr\\\/site\\\/#organization\"},\"keywords\":[\"Balma\",\"campagne\",\"Dr\u00e9mil-Lafage\",\"p\u00e9riurbain\",\"rurbain\",\"TAD\",\"Vallesvilles\"],\"articleSection\":[\"TAD\",\"T\u00e9moignages\"],\"inLanguage\":\"fr-FR\",\"potentialAction\":[{\"@type\":\"CommentAction\",\"name\":\"Comment\",\"target\":[\"https:\\\/\\\/autate.fr\\\/site\\\/le-tad-est-il-suffisant-pour-dremil-lafage-et-vallesvilles\\\/#respond\"]}]},{\"@type\":\"WebPage\",\"@id\":\"https:\\\/\\\/autate.fr\\\/site\\\/le-tad-est-il-suffisant-pour-dremil-lafage-et-vallesvilles\\\/\",\"url\":\"https:\\\/\\\/autate.fr\\\/site\\\/le-tad-est-il-suffisant-pour-dremil-lafage-et-vallesvilles\\\/\",\"name\":\"Le TAD est-il suffisant pour Dr\u00e9mil-Lafage et Vallesvilles ? - AUTATE\",\"isPartOf\":{\"@id\":\"https:\\\/\\\/autate.fr\\\/site\\\/#website\"},\"datePublished\":\"2018-01-05T18:27:31+00:00\",\"dateModified\":\"2025-11-11T16:55:32+00:00\",\"breadcrumb\":{\"@id\":\"https:\\\/\\\/autate.fr\\\/site\\\/le-tad-est-il-suffisant-pour-dremil-lafage-et-vallesvilles\\\/#breadcrumb\"},\"inLanguage\":\"fr-FR\",\"potentialAction\":[{\"@type\":\"ReadAction\",\"target\":[\"https:\\\/\\\/autate.fr\\\/site\\\/le-tad-est-il-suffisant-pour-dremil-lafage-et-vallesvilles\\\/\"]}]},{\"@type\":\"BreadcrumbList\",\"@id\":\"https:\\\/\\\/autate.fr\\\/site\\\/le-tad-est-il-suffisant-pour-dremil-lafage-et-vallesvilles\\\/#breadcrumb\",\"itemListElement\":[{\"@type\":\"ListItem\",\"position\":1,\"name\":\"Accueil\",\"item\":\"https:\\\/\\\/autate.fr\\\/site\\\/\"},{\"@type\":\"ListItem\",\"position\":2,\"name\":\"Le TAD est-il suffisant pour Dr\u00e9mil-Lafage et Vallesvilles ?\"}]},{\"@type\":\"WebSite\",\"@id\":\"https:\\\/\\\/autate.fr\\\/site\\\/#website\",\"url\":\"https:\\\/\\\/autate.fr\\\/site\\\/\",\"name\":\"AUTATE\",\"description\":\"Association des usagers des transports de l&#039;agglom\u00e9ration Toulousaine et de ses environs\",\"publisher\":{\"@id\":\"https:\\\/\\\/autate.fr\\\/site\\\/#organization\"},\"potentialAction\":[{\"@type\":\"SearchAction\",\"target\":{\"@type\":\"EntryPoint\",\"urlTemplate\":\"https:\\\/\\\/autate.fr\\\/site\\\/?s={search_term_string}\"},\"query-input\":{\"@type\":\"PropertyValueSpecification\",\"valueRequired\":true,\"valueName\":\"search_term_string\"}}],\"inLanguage\":\"fr-FR\"},{\"@type\":\"Organization\",\"@id\":\"https:\\\/\\\/autate.fr\\\/site\\\/#organization\",\"name\":\"AUTATE\",\"url\":\"https:\\\/\\\/autate.fr\\\/site\\\/\",\"logo\":{\"@type\":\"ImageObject\",\"inLanguage\":\"fr-FR\",\"@id\":\"https:\\\/\\\/autate.fr\\\/site\\\/#\\\/schema\\\/logo\\\/image\\\/\",\"url\":\"http:\\\/\\\/autate.fr\\\/site\\\/wp-content\\\/uploads\\\/2019\\\/01\\\/logo.png\",\"contentUrl\":\"http:\\\/\\\/autate.fr\\\/site\\\/wp-content\\\/uploads\\\/2019\\\/01\\\/logo.png\",\"width\":506,\"height\":280,\"caption\":\"AUTATE\"},\"image\":{\"@id\":\"https:\\\/\\\/autate.fr\\\/site\\\/#\\\/schema\\\/logo\\\/image\\\/\"},\"sameAs\":[\"https:\\\/\\\/www.facebook.com\\\/AutateToulouse\",\"https:\\\/\\\/x.com\\\/AutateToulouse\"]},{\"@type\":\"Person\",\"@id\":\"https:\\\/\\\/autate.fr\\\/site\\\/#\\\/schema\\\/person\\\/ae1ab8bdaa7b41d2a9b52d2557ce8254\",\"name\":\"pascalbarbier\",\"image\":{\"@type\":\"ImageObject\",\"inLanguage\":\"fr-FR\",\"@id\":\"https:\\\/\\\/secure.gravatar.com\\\/avatar\\\/03f4e8ced09894b72c67e83142540730d4b3bbf619bf46341b0074e3bf5f08a0?s=96&d=mm&r=g\",\"url\":\"https:\\\/\\\/secure.gravatar.com\\\/avatar\\\/03f4e8ced09894b72c67e83142540730d4b3bbf619bf46341b0074e3bf5f08a0?s=96&d=mm&r=g\",\"contentUrl\":\"https:\\\/\\\/secure.gravatar.com\\\/avatar\\\/03f4e8ced09894b72c67e83142540730d4b3bbf619bf46341b0074e3bf5f08a0?s=96&d=mm&r=g\",\"caption\":\"pascalbarbier\"},\"url\":\"https:\\\/\\\/autate.fr\\\/site\\\/author\\\/pascalbarbier\\\/\"}]}<\/script>\n<!-- \/ Yoast SEO plugin. -->","yoast_head_json":{"title":"Le TAD est-il suffisant pour Dr\u00e9mil-Lafage et Vallesvilles ? - AUTATE","robots":{"index":"index","follow":"follow","max-snippet":"max-snippet:-1","max-image-preview":"max-image-preview:large","max-video-preview":"max-video-preview:-1"},"canonical":"https:\/\/autate.fr\/site\/le-tad-est-il-suffisant-pour-dremil-lafage-et-vallesvilles\/","og_locale":"fr_FR","og_type":"article","og_title":"Le TAD est-il suffisant pour Dr\u00e9mil-Lafage et Vallesvilles ? - AUTATE","og_description":"Bonjour, Usag\u00e8re du TAD, je partage avec vous mon exp\u00e9rience de ce moyen de transport\u00a0 : La r\u00e9servation 2 heures avant le d\u00e9part marche tr\u00e8s bien&#8230;bien qu&rsquo;un peu contraignante. Les chauffeurs conduisent comme des dingues&#8230;le transport est donc tr\u00e8s inconfortable sur les petites routes de campagne&#8230;ils sont aimables mais il faut bien s&rsquo;accrocher. Certaines stationsVOIR PLUS","og_url":"https:\/\/autate.fr\/site\/le-tad-est-il-suffisant-pour-dremil-lafage-et-vallesvilles\/","og_site_name":"AUTATE","article_publisher":"https:\/\/www.facebook.com\/AutateToulouse","article_published_time":"2018-01-05T18:27:31+00:00","article_modified_time":"2025-11-11T16:55:32+00:00","author":"pascalbarbier","twitter_card":"summary_large_image","twitter_creator":"@AutateToulouse","twitter_site":"@AutateToulouse","twitter_misc":{"\u00c9crit par":"pascalbarbier","Dur\u00e9e de lecture estim\u00e9e":"1 minute"},"schema":{"@context":"https:\/\/schema.org","@graph":[{"@type":"Article","@id":"https:\/\/autate.fr\/site\/le-tad-est-il-suffisant-pour-dremil-lafage-et-vallesvilles\/#article","isPartOf":{"@id":"https:\/\/autate.fr\/site\/le-tad-est-il-suffisant-pour-dremil-lafage-et-vallesvilles\/"},"author":{"name":"pascalbarbier","@id":"https:\/\/autate.fr\/site\/#\/schema\/person\/ae1ab8bdaa7b41d2a9b52d2557ce8254"},"headline":"Le TAD est-il suffisant pour Dr\u00e9mil-Lafage et Vallesvilles ?","datePublished":"2018-01-05T18:27:31+00:00","dateModified":"2025-11-11T16:55:32+00:00","mainEntityOfPage":{"@id":"https:\/\/autate.fr\/site\/le-tad-est-il-suffisant-pour-dremil-lafage-et-vallesvilles\/"},"wordCount":158,"commentCount":0,"publisher":{"@id":"https:\/\/autate.fr\/site\/#organization"},"keywords":["Balma","campagne","Dr\u00e9mil-Lafage","p\u00e9riurbain","rurbain","TAD","Vallesvilles"],"articleSection":["TAD","T\u00e9moignages"],"inLanguage":"fr-FR","potentialAction":[{"@type":"CommentAction","name":"Comment","target":["https:\/\/autate.fr\/site\/le-tad-est-il-suffisant-pour-dremil-lafage-et-vallesvilles\/#respond"]}]},{"@type":"WebPage","@id":"https:\/\/autate.fr\/site\/le-tad-est-il-suffisant-pour-dremil-lafage-et-vallesvilles\/","url":"https:\/\/autate.fr\/site\/le-tad-est-il-suffisant-pour-dremil-lafage-et-vallesvilles\/","name":"Le TAD est-il suffisant pour Dr\u00e9mil-Lafage et Vallesvilles ? - AUTATE","isPartOf":{"@id":"https:\/\/autate.fr\/site\/#website"},"datePublished":"2018-01-05T18:27:31+00:00","dateModified":"2025-11-11T16:55:32+00:00","breadcrumb":{"@id":"https:\/\/autate.fr\/site\/le-tad-est-il-suffisant-pour-dremil-lafage-et-vallesvilles\/#breadcrumb"},"inLanguage":"fr-FR","potentialAction":[{"@type":"ReadAction","target":["https:\/\/autate.fr\/site\/le-tad-est-il-suffisant-pour-dremil-lafage-et-vallesvilles\/"]}]},{"@type":"BreadcrumbList","@id":"https:\/\/autate.fr\/site\/le-tad-est-il-suffisant-pour-dremil-lafage-et-vallesvilles\/#breadcrumb","itemListElement":[{"@type":"ListItem","position":1,"name":"Accueil","item":"https:\/\/autate.fr\/site\/"},{"@type":"ListItem","position":2,"name":"Le TAD est-il suffisant pour Dr\u00e9mil-Lafage et Vallesvilles ?"}]},{"@type":"WebSite","@id":"https:\/\/autate.fr\/site\/#website","url":"https:\/\/autate.fr\/site\/","name":"AUTATE","description":"Association des usagers des transports de l&#039;agglom\u00e9ration Toulousaine et de ses environs","publisher":{"@id":"https:\/\/autate.fr\/site\/#organization"},"potentialAction":[{"@type":"SearchAction","target":{"@type":"EntryPoint","urlTemplate":"https:\/\/autate.fr\/site\/?s={search_term_string}"},"query-input":{"@type":"PropertyValueSpecification","valueRequired":true,"valueName":"search_term_string"}}],"inLanguage":"fr-FR"},{"@type":"Organization","@id":"https:\/\/autate.fr\/site\/#organization","name":"AUTATE","url":"https:\/\/autate.fr\/site\/","logo":{"@type":"ImageObject","inLanguage":"fr-FR","@id":"https:\/\/autate.fr\/site\/#\/schema\/logo\/image\/","url":"http:\/\/autate.fr\/site\/wp-content\/uploads\/2019\/01\/logo.png","contentUrl":"http:\/\/autate.fr\/site\/wp-content\/uploads\/2019\/01\/logo.png","width":506,"height":280,"caption":"AUTATE"},"image":{"@id":"https:\/\/autate.fr\/site\/#\/schema\/logo\/image\/"},"sameAs":["https:\/\/www.facebook.com\/AutateToulouse","https:\/\/x.com\/AutateToulouse"]},{"@type":"Person","@id":"https:\/\/autate.fr\/site\/#\/schema\/person\/ae1ab8bdaa7b41d2a9b52d2557ce8254","name":"pascalbarbier","image":{"@type":"ImageObject","inLanguage":"fr-FR","@id":"https:\/\/secure.gravatar.com\/avatar\/03f4e8ced09894b72c67e83142540730d4b3bbf619bf46341b0074e3bf5f08a0?s=96&d=mm&r=g","url":"https:\/\/secure.gravatar.com\/avatar\/03f4e8ced09894b72c67e83142540730d4b3bbf619bf46341b0074e3bf5f08a0?s=96&d=mm&r=g","contentUrl":"https:\/\/secure.gravatar.com\/avatar\/03f4e8ced09894b72c67e83142540730d4b3bbf619bf46341b0074e3bf5f08a0?s=96&d=mm&r=g","caption":"pascalbarbier"},"url":"https:\/\/autate.fr\/site\/author\/pascalbarbier\/"}]}},"_links":{"self":[{"href":"https:\/\/autate.fr\/site\/wp-json\/wp\/v2\/posts\/2271","targetHints":{"allow":["GET"]}}],"collection":[{"href":"https:\/\/autate.fr\/site\/wp-json\/wp\/v2\/posts"}],"about":[{"href":"https:\/\/autate.fr\/site\/wp-json\/wp\/v2\/types\/post"}],"author":[{"embeddable":true,"href":"https:\/\/autate.fr\/site\/wp-json\/wp\/v2\/users\/1"}],"replies":[{"embeddable":true,"href":"https:\/\/autate.fr\/site\/wp-json\/wp\/v2\/comments?post=2271"}],"version-history":[{"count":2,"href":"https:\/\/autate.fr\/site\/wp-json\/wp\/v2\/posts\/2271\/revisions"}],"predecessor-version":[{"id":2273,"href":"https:\/\/autate.fr\/site\/wp-json\/wp\/v2\/posts\/2271\/revisions\/2273"}],"wp:attachment":[{"href":"https:\/\/autate.fr\/site\/wp-json\/wp\/v2\/media?parent=2271"}],"wp:term":[{"taxonomy":"category","embeddable":true,"href":"https:\/\/autate.fr\/site\/wp-json\/wp\/v2\/categories?post=2271"},{"taxonomy":"post_tag","embeddable":true,"href":"https:\/\/autate.fr\/site\/wp-json\/wp\/v2\/tags?post=2271"}],"curies":[{"name":"wp","href":"https:\/\/api.w.org\/{rel}","templated":true}]}}