{"id":2266,"date":"2018-01-03T18:38:34","date_gmt":"2018-01-03T17:38:34","guid":{"rendered":"http:\/\/autate.fr\/site\/?p=2266"},"modified":"2018-01-03T18:38:34","modified_gmt":"2018-01-03T17:38:34","slug":"preservez-les-transports-tisseo-du-nord-est-toulousain","status":"publish","type":"post","link":"https:\/\/autate.fr\/site\/preservez-les-transports-tisseo-du-nord-est-toulousain\/","title":{"rendered":"Pr\u00e9servez les transports Tiss\u00e9o du Nord-Est Toulousain !"},"content":{"rendered":"<div id=\"description\">\n<div class=\"mtm xs-phxs\">\n<div class=\"mbl\">\n<div class=\"type-break-word type-l description\">\n<div class=\"rte js-description-content\">\n<p><a href=\"https:\/\/www.change.org\/p\/mr-lattes-pr%C3%A9sident-du-smtc-pr%C3%A9servez-les-transports-tiss%C3%A9o-du-nord-est-toulousain-d62cc5e2-5689-42c8-8ed9-6bc3a2f731b1\/nftexp\/ex44\/control\/74355290?recruiter=74355290&amp;utm_source=share_petition&amp;utm_medium=facebook&amp;utm_campaign=autopublish&amp;utm_term=share_page&amp;utm_content=ex44%3Acontrol\" target=\"_blank\" rel=\"noopener\"><strong>P\u00e9tition en ligne<\/strong><\/a><\/p>\n<p>Dans le cadre de la cr\u00e9ation de la ligne de BUS Rapide Lin\u00e9o 9, Tiss\u00e9o a choisi de supprimer la ligne 75 d\u00e8s l\u2019automne 2018.<\/p>\n<p>La compensation avec la prolongation de la ligne 74 n\u2019est pas satisfaisante. La ligne 74 met plus de 30 minutes pour rejoindre Balma-Gramont lors des pics de circulation.\u00a0 Les lyc\u00e9ens devront changer deux fois, la ligne 73 sera encore plus satur\u00e9e qu&rsquo;elle ne l&rsquo;est d\u00e9j\u00e0. Si on ajoute la fin de la desserte du coll\u00e8ge par le 43, aller en bus Tiss\u00e9o au Coll\u00e8ge Romain Rolland ou au Lyc\u00e9e Raymond Naves rel\u00e8vera du parcours du combattant.<\/p>\n<p>Des temps de transports rallong\u00e9s qui risquent de pousser les habitants \u00e0 utiliser encore plus leur v\u00e9hicule personnel, donc saturer les axes routiers et accentuer la pollution. La qualit\u00e9 de vie de tous les usagers va \u00eatre fortement d\u00e9grad\u00e9e et notamment celle de nos enfants, ce qui aura probablement un impact sur l\u2019apprentissage\u00a0scolaire. Dans le cas o\u00f9 le service ne r\u00e9pondrait plus \u00e0 la demande, le recours aux deux-roues motoris\u00e9s par les adolescents serait un risque majeur compte tenu de la dangerosit\u00e9 connue de la RD888.<\/p>\n<p>Pour la s\u00e9curit\u00e9 et le bien-\u00eatre de nos enfants et des habitants du Nord-Est Toulousain, demandons ensemble le maintien d\u2019un service Tiss\u00e9o de qualit\u00e9 desservant correctement les \u00e9tablissements scolaires du secteur (Coll\u00e8ge Romain Rolland et Lyc\u00e9e Raymond Naves).<\/p>\n<\/div>\n<\/div>\n<div class=\"box border-rounded-t phn ptm pbn mtl mbn type-s xs-phm sm-phm\">\u00a0<strong class=\"type-weak\">Cette p\u00e9tition sera remise \u00e0:<\/strong><\/p>\n<ul class=\"list-space-m\">\n<li>Mr Lattes Pr\u00e9sident du SMTC<\/li>\n<\/ul>\n<\/div>\n<\/div>\n<\/div>\n<\/div>\n","protected":false},"excerpt":{"rendered":"<p>P\u00e9tition en ligne Dans le cadre de la cr\u00e9ation de la ligne de BUS Rapide Lin\u00e9o 9, Tiss\u00e9o a choisi de supprimer la ligne 75 d\u00e8s l\u2019automne 2018. La compensation avec la prolongation de la ligne 74 n\u2019est pas satisfaisante. La ligne 74 met plus de 30 minutes pour rejoindre Balma-Gramont lors des pics de<\/p>\n<p class=\"more-link\"><a href=\"https:\/\/autate.fr\/site\/preservez-les-transports-tisseo-du-nord-est-toulousain\/\" class=\"themebutton2\">VOIR PLUS<\/a><\/p>\n","protected":false},"author":1,"featured_media":0,"comment_status":"open","ping_status":"open","sticky":false,"template":"","format":"standard","meta":{"footnotes":""},"categories":[314],"tags":[449,320],"class_list":["post-2266","post","type-post","status-publish","format-standard","hentry","category-petition","tag-bus-75","tag-lineo-9"],"yoast_head":"<!-- This site is optimized with the Yoast SEO plugin v27.4 - https:\/\/yoast.com\/product\/yoast-seo-wordpress\/ -->\n<title>Pr\u00e9servez les transports Tiss\u00e9o du Nord-Est Toulousain ! - AUTATE<\/title>\n<meta name=\"robots\" content=\"index, follow, max-snippet:-1, max-image-preview:large, max-video-preview:-1\" \/>\n<link rel=\"canonical\" href=\"https:\/\/autate.fr\/site\/preservez-les-transports-tisseo-du-nord-est-toulousain\/\" \/>\n<meta property=\"og:locale\" content=\"fr_FR\" \/>\n<meta property=\"og:type\" content=\"article\" \/>\n<meta property=\"og:title\" content=\"Pr\u00e9servez les transports Tiss\u00e9o du Nord-Est Toulousain ! - AUTATE\" \/>\n<meta property=\"og:description\" content=\"P\u00e9tition en ligne Dans le cadre de la cr\u00e9ation de la ligne de BUS Rapide Lin\u00e9o 9, Tiss\u00e9o a choisi de supprimer la ligne 75 d\u00e8s l\u2019automne 2018. La compensation avec la prolongation de la ligne 74 n\u2019est pas satisfaisante. La ligne 74 met plus de 30 minutes pour rejoindre Balma-Gramont lors des pics deVOIR PLUS\" \/>\n<meta property=\"og:url\" content=\"https:\/\/autate.fr\/site\/preservez-les-transports-tisseo-du-nord-est-toulousain\/\" \/>\n<meta property=\"og:site_name\" content=\"AUTATE\" \/>\n<meta property=\"article:publisher\" content=\"https:\/\/www.facebook.com\/AutateToulouse\" \/>\n<meta property=\"article:published_time\" content=\"2018-01-03T17:38:34+00:00\" \/>\n<meta name=\"author\" content=\"pascalbarbier\" \/>\n<meta name=\"twitter:card\" content=\"summary_large_image\" \/>\n<meta name=\"twitter:creator\" content=\"@AutateToulouse\" \/>\n<meta name=\"twitter:site\" content=\"@AutateToulouse\" \/>\n<meta name=\"twitter:label1\" content=\"\u00c9crit par\" \/>\n\t<meta name=\"twitter:data1\" content=\"pascalbarbier\" \/>\n\t<meta name=\"twitter:label2\" content=\"Dur\u00e9e de lecture estim\u00e9e\" \/>\n\t<meta name=\"twitter:data2\" content=\"1 minute\" \/>\n<script type=\"application\/ld+json\" class=\"yoast-schema-graph\">{\"@context\":\"https:\\\/\\\/schema.org\",\"@graph\":[{\"@type\":\"Article\",\"@id\":\"https:\\\/\\\/autate.fr\\\/site\\\/preservez-les-transports-tisseo-du-nord-est-toulousain\\\/#article\",\"isPartOf\":{\"@id\":\"https:\\\/\\\/autate.fr\\\/site\\\/preservez-les-transports-tisseo-du-nord-est-toulousain\\\/\"},\"author\":{\"name\":\"pascalbarbier\",\"@id\":\"https:\\\/\\\/autate.fr\\\/site\\\/#\\\/schema\\\/person\\\/ae1ab8bdaa7b41d2a9b52d2557ce8254\"},\"headline\":\"Pr\u00e9servez les transports Tiss\u00e9o du Nord-Est Toulousain !\",\"datePublished\":\"2018-01-03T17:38:34+00:00\",\"mainEntityOfPage\":{\"@id\":\"https:\\\/\\\/autate.fr\\\/site\\\/preservez-les-transports-tisseo-du-nord-est-toulousain\\\/\"},\"wordCount\":267,\"commentCount\":2,\"publisher\":{\"@id\":\"https:\\\/\\\/autate.fr\\\/site\\\/#organization\"},\"keywords\":[\"bus 75\",\"Lin\u00e9o 9\"],\"articleSection\":[\"P\u00e9titions\"],\"inLanguage\":\"fr-FR\",\"potentialAction\":[{\"@type\":\"CommentAction\",\"name\":\"Comment\",\"target\":[\"https:\\\/\\\/autate.fr\\\/site\\\/preservez-les-transports-tisseo-du-nord-est-toulousain\\\/#respond\"]}]},{\"@type\":\"WebPage\",\"@id\":\"https:\\\/\\\/autate.fr\\\/site\\\/preservez-les-transports-tisseo-du-nord-est-toulousain\\\/\",\"url\":\"https:\\\/\\\/autate.fr\\\/site\\\/preservez-les-transports-tisseo-du-nord-est-toulousain\\\/\",\"name\":\"Pr\u00e9servez les transports Tiss\u00e9o du Nord-Est Toulousain ! - AUTATE\",\"isPartOf\":{\"@id\":\"https:\\\/\\\/autate.fr\\\/site\\\/#website\"},\"datePublished\":\"2018-01-03T17:38:34+00:00\",\"breadcrumb\":{\"@id\":\"https:\\\/\\\/autate.fr\\\/site\\\/preservez-les-transports-tisseo-du-nord-est-toulousain\\\/#breadcrumb\"},\"inLanguage\":\"fr-FR\",\"potentialAction\":[{\"@type\":\"ReadAction\",\"target\":[\"https:\\\/\\\/autate.fr\\\/site\\\/preservez-les-transports-tisseo-du-nord-est-toulousain\\\/\"]}]},{\"@type\":\"BreadcrumbList\",\"@id\":\"https:\\\/\\\/autate.fr\\\/site\\\/preservez-les-transports-tisseo-du-nord-est-toulousain\\\/#breadcrumb\",\"itemListElement\":[{\"@type\":\"ListItem\",\"position\":1,\"name\":\"Accueil\",\"item\":\"https:\\\/\\\/autate.fr\\\/site\\\/\"},{\"@type\":\"ListItem\",\"position\":2,\"name\":\"Pr\u00e9servez les transports Tiss\u00e9o du Nord-Est Toulousain !\"}]},{\"@type\":\"WebSite\",\"@id\":\"https:\\\/\\\/autate.fr\\\/site\\\/#website\",\"url\":\"https:\\\/\\\/autate.fr\\\/site\\\/\",\"name\":\"AUTATE\",\"description\":\"Association des usagers des transports de l&#039;agglom\u00e9ration Toulousaine et de ses environs\",\"publisher\":{\"@id\":\"https:\\\/\\\/autate.fr\\\/site\\\/#organization\"},\"potentialAction\":[{\"@type\":\"SearchAction\",\"target\":{\"@type\":\"EntryPoint\",\"urlTemplate\":\"https:\\\/\\\/autate.fr\\\/site\\\/?s={search_term_string}\"},\"query-input\":{\"@type\":\"PropertyValueSpecification\",\"valueRequired\":true,\"valueName\":\"search_term_string\"}}],\"inLanguage\":\"fr-FR\"},{\"@type\":\"Organization\",\"@id\":\"https:\\\/\\\/autate.fr\\\/site\\\/#organization\",\"name\":\"AUTATE\",\"url\":\"https:\\\/\\\/autate.fr\\\/site\\\/\",\"logo\":{\"@type\":\"ImageObject\",\"inLanguage\":\"fr-FR\",\"@id\":\"https:\\\/\\\/autate.fr\\\/site\\\/#\\\/schema\\\/logo\\\/image\\\/\",\"url\":\"http:\\\/\\\/autate.fr\\\/site\\\/wp-content\\\/uploads\\\/2019\\\/01\\\/logo.png\",\"contentUrl\":\"http:\\\/\\\/autate.fr\\\/site\\\/wp-content\\\/uploads\\\/2019\\\/01\\\/logo.png\",\"width\":506,\"height\":280,\"caption\":\"AUTATE\"},\"image\":{\"@id\":\"https:\\\/\\\/autate.fr\\\/site\\\/#\\\/schema\\\/logo\\\/image\\\/\"},\"sameAs\":[\"https:\\\/\\\/www.facebook.com\\\/AutateToulouse\",\"https:\\\/\\\/x.com\\\/AutateToulouse\"]},{\"@type\":\"Person\",\"@id\":\"https:\\\/\\\/autate.fr\\\/site\\\/#\\\/schema\\\/person\\\/ae1ab8bdaa7b41d2a9b52d2557ce8254\",\"name\":\"pascalbarbier\",\"image\":{\"@type\":\"ImageObject\",\"inLanguage\":\"fr-FR\",\"@id\":\"https:\\\/\\\/secure.gravatar.com\\\/avatar\\\/03f4e8ced09894b72c67e83142540730d4b3bbf619bf46341b0074e3bf5f08a0?s=96&d=mm&r=g\",\"url\":\"https:\\\/\\\/secure.gravatar.com\\\/avatar\\\/03f4e8ced09894b72c67e83142540730d4b3bbf619bf46341b0074e3bf5f08a0?s=96&d=mm&r=g\",\"contentUrl\":\"https:\\\/\\\/secure.gravatar.com\\\/avatar\\\/03f4e8ced09894b72c67e83142540730d4b3bbf619bf46341b0074e3bf5f08a0?s=96&d=mm&r=g\",\"caption\":\"pascalbarbier\"},\"url\":\"https:\\\/\\\/autate.fr\\\/site\\\/author\\\/pascalbarbier\\\/\"}]}<\/script>\n<!-- \/ Yoast SEO plugin. -->","yoast_head_json":{"title":"Pr\u00e9servez les transports Tiss\u00e9o du Nord-Est Toulousain ! - AUTATE","robots":{"index":"index","follow":"follow","max-snippet":"max-snippet:-1","max-image-preview":"max-image-preview:large","max-video-preview":"max-video-preview:-1"},"canonical":"https:\/\/autate.fr\/site\/preservez-les-transports-tisseo-du-nord-est-toulousain\/","og_locale":"fr_FR","og_type":"article","og_title":"Pr\u00e9servez les transports Tiss\u00e9o du Nord-Est Toulousain ! - AUTATE","og_description":"P\u00e9tition en ligne Dans le cadre de la cr\u00e9ation de la ligne de BUS Rapide Lin\u00e9o 9, Tiss\u00e9o a choisi de supprimer la ligne 75 d\u00e8s l\u2019automne 2018. La compensation avec la prolongation de la ligne 74 n\u2019est pas satisfaisante. La ligne 74 met plus de 30 minutes pour rejoindre Balma-Gramont lors des pics deVOIR PLUS","og_url":"https:\/\/autate.fr\/site\/preservez-les-transports-tisseo-du-nord-est-toulousain\/","og_site_name":"AUTATE","article_publisher":"https:\/\/www.facebook.com\/AutateToulouse","article_published_time":"2018-01-03T17:38:34+00:00","author":"pascalbarbier","twitter_card":"summary_large_image","twitter_creator":"@AutateToulouse","twitter_site":"@AutateToulouse","twitter_misc":{"\u00c9crit par":"pascalbarbier","Dur\u00e9e de lecture estim\u00e9e":"1 minute"},"schema":{"@context":"https:\/\/schema.org","@graph":[{"@type":"Article","@id":"https:\/\/autate.fr\/site\/preservez-les-transports-tisseo-du-nord-est-toulousain\/#article","isPartOf":{"@id":"https:\/\/autate.fr\/site\/preservez-les-transports-tisseo-du-nord-est-toulousain\/"},"author":{"name":"pascalbarbier","@id":"https:\/\/autate.fr\/site\/#\/schema\/person\/ae1ab8bdaa7b41d2a9b52d2557ce8254"},"headline":"Pr\u00e9servez les transports Tiss\u00e9o du Nord-Est Toulousain !","datePublished":"2018-01-03T17:38:34+00:00","mainEntityOfPage":{"@id":"https:\/\/autate.fr\/site\/preservez-les-transports-tisseo-du-nord-est-toulousain\/"},"wordCount":267,"commentCount":2,"publisher":{"@id":"https:\/\/autate.fr\/site\/#organization"},"keywords":["bus 75","Lin\u00e9o 9"],"articleSection":["P\u00e9titions"],"inLanguage":"fr-FR","potentialAction":[{"@type":"CommentAction","name":"Comment","target":["https:\/\/autate.fr\/site\/preservez-les-transports-tisseo-du-nord-est-toulousain\/#respond"]}]},{"@type":"WebPage","@id":"https:\/\/autate.fr\/site\/preservez-les-transports-tisseo-du-nord-est-toulousain\/","url":"https:\/\/autate.fr\/site\/preservez-les-transports-tisseo-du-nord-est-toulousain\/","name":"Pr\u00e9servez les transports Tiss\u00e9o du Nord-Est Toulousain ! - AUTATE","isPartOf":{"@id":"https:\/\/autate.fr\/site\/#website"},"datePublished":"2018-01-03T17:38:34+00:00","breadcrumb":{"@id":"https:\/\/autate.fr\/site\/preservez-les-transports-tisseo-du-nord-est-toulousain\/#breadcrumb"},"inLanguage":"fr-FR","potentialAction":[{"@type":"ReadAction","target":["https:\/\/autate.fr\/site\/preservez-les-transports-tisseo-du-nord-est-toulousain\/"]}]},{"@type":"BreadcrumbList","@id":"https:\/\/autate.fr\/site\/preservez-les-transports-tisseo-du-nord-est-toulousain\/#breadcrumb","itemListElement":[{"@type":"ListItem","position":1,"name":"Accueil","item":"https:\/\/autate.fr\/site\/"},{"@type":"ListItem","position":2,"name":"Pr\u00e9servez les transports Tiss\u00e9o du Nord-Est Toulousain !"}]},{"@type":"WebSite","@id":"https:\/\/autate.fr\/site\/#website","url":"https:\/\/autate.fr\/site\/","name":"AUTATE","description":"Association des usagers des transports de l&#039;agglom\u00e9ration Toulousaine et de ses environs","publisher":{"@id":"https:\/\/autate.fr\/site\/#organization"},"potentialAction":[{"@type":"SearchAction","target":{"@type":"EntryPoint","urlTemplate":"https:\/\/autate.fr\/site\/?s={search_term_string}"},"query-input":{"@type":"PropertyValueSpecification","valueRequired":true,"valueName":"search_term_string"}}],"inLanguage":"fr-FR"},{"@type":"Organization","@id":"https:\/\/autate.fr\/site\/#organization","name":"AUTATE","url":"https:\/\/autate.fr\/site\/","logo":{"@type":"ImageObject","inLanguage":"fr-FR","@id":"https:\/\/autate.fr\/site\/#\/schema\/logo\/image\/","url":"http:\/\/autate.fr\/site\/wp-content\/uploads\/2019\/01\/logo.png","contentUrl":"http:\/\/autate.fr\/site\/wp-content\/uploads\/2019\/01\/logo.png","width":506,"height":280,"caption":"AUTATE"},"image":{"@id":"https:\/\/autate.fr\/site\/#\/schema\/logo\/image\/"},"sameAs":["https:\/\/www.facebook.com\/AutateToulouse","https:\/\/x.com\/AutateToulouse"]},{"@type":"Person","@id":"https:\/\/autate.fr\/site\/#\/schema\/person\/ae1ab8bdaa7b41d2a9b52d2557ce8254","name":"pascalbarbier","image":{"@type":"ImageObject","inLanguage":"fr-FR","@id":"https:\/\/secure.gravatar.com\/avatar\/03f4e8ced09894b72c67e83142540730d4b3bbf619bf46341b0074e3bf5f08a0?s=96&d=mm&r=g","url":"https:\/\/secure.gravatar.com\/avatar\/03f4e8ced09894b72c67e83142540730d4b3bbf619bf46341b0074e3bf5f08a0?s=96&d=mm&r=g","contentUrl":"https:\/\/secure.gravatar.com\/avatar\/03f4e8ced09894b72c67e83142540730d4b3bbf619bf46341b0074e3bf5f08a0?s=96&d=mm&r=g","caption":"pascalbarbier"},"url":"https:\/\/autate.fr\/site\/author\/pascalbarbier\/"}]}},"_links":{"self":[{"href":"https:\/\/autate.fr\/site\/wp-json\/wp\/v2\/posts\/2266","targetHints":{"allow":["GET"]}}],"collection":[{"href":"https:\/\/autate.fr\/site\/wp-json\/wp\/v2\/posts"}],"about":[{"href":"https:\/\/autate.fr\/site\/wp-json\/wp\/v2\/types\/post"}],"author":[{"embeddable":true,"href":"https:\/\/autate.fr\/site\/wp-json\/wp\/v2\/users\/1"}],"replies":[{"embeddable":true,"href":"https:\/\/autate.fr\/site\/wp-json\/wp\/v2\/comments?post=2266"}],"version-history":[{"count":1,"href":"https:\/\/autate.fr\/site\/wp-json\/wp\/v2\/posts\/2266\/revisions"}],"predecessor-version":[{"id":2267,"href":"https:\/\/autate.fr\/site\/wp-json\/wp\/v2\/posts\/2266\/revisions\/2267"}],"wp:attachment":[{"href":"https:\/\/autate.fr\/site\/wp-json\/wp\/v2\/media?parent=2266"}],"wp:term":[{"taxonomy":"category","embeddable":true,"href":"https:\/\/autate.fr\/site\/wp-json\/wp\/v2\/categories?post=2266"},{"taxonomy":"post_tag","embeddable":true,"href":"https:\/\/autate.fr\/site\/wp-json\/wp\/v2\/tags?post=2266"}],"curies":[{"name":"wp","href":"https:\/\/api.w.org\/{rel}","templated":true}]}}