{"id":2260,"date":"2017-12-06T13:35:55","date_gmt":"2017-12-06T12:35:55","guid":{"rendered":"http:\/\/autate.fr\/site\/?p=2260"},"modified":"2025-11-21T22:30:44","modified_gmt":"2025-11-21T21:30:44","slug":"la-depeche-la-seconde-rocade-moudencmeric","status":"publish","type":"post","link":"https:\/\/autate.fr\/site\/la-depeche-la-seconde-rocade-moudencmeric\/","title":{"rendered":"[La D\u00e9p\u00eache] la seconde rocade Moudenc\/M\u00e9ric"},"content":{"rendered":"<p><a href=\"https:\/\/www.ladepeche.fr\/article\/2017\/12\/05\/2698260-jean-luc-moudenc-sommes-seule-grand-agglo-projet.html\" target=\"_blank\" rel=\"noopener\"><strong>Jean-Luc Moudenc : \u00abNous sommes la seule grand agglo sans projet\u00bb\u00a0<\/strong><\/a>(cliquer pour acc\u00e9der \u00e0 l&rsquo;article en ligne)<\/p>\n<p>Publi\u00e9 le 05\/12\/2017 \u00e0 07:38<\/p>\n<p><strong>Circulation &#8211; D\u00e9placements &#8211; Interview Jean-Luc Moudenc, maire de Toulouse et pr\u00e9sident de la M\u00e9tropole<\/strong><\/p>\n<p><strong>La seconde rocade n&rsquo;a-t-elle pas \u00e9t\u00e9 rejet\u00e9e une fois pour toutes en 2008 ?<\/strong><\/p>\n<p>Le projet a \u00e9t\u00e9 tranch\u00e9 faute de combattants. Jean-Louis Borloo, alors ministre de l&rsquo;\u00c9cologie, a constat\u00e9, apr\u00e8s le changement de municipalit\u00e9 en 2008, qu&rsquo;il n&rsquo;y avait plus de collectivit\u00e9 pour d\u00e9fendre cette id\u00e9e. La seconde rocade reste pertinente. Le p\u00e9riph\u00e9rique doit \u00eatre d\u00e9barrass\u00e9 du trafic de transit et, en premier lieu, du transit d&rsquo;une autoroute \u00e0 l&rsquo;autre. Si on cr\u00e9e une liaison , forc\u00e9ment, on soulagera le p\u00e9riph\u00e9rique.<\/p>\n<p><strong>La part du trafic de transit est-elle suffisante pour cela? Elle est de 12 \u00e0 14 % sur le p\u00e9riph Est selon les chiffres de 2003.<\/strong><\/p>\n<p>Ce sont des chiffres consid\u00e9rables qui renforcent ma conviction. J&rsquo;observe que d&rsquo;autres agglom\u00e9rations, moins dynamiques que la n\u00f4tre, font des contournements. C&rsquo;est le cas \u00e0 Montpellier, \u00e0 Strasbourg &#8230; Nous avons la plus forte pouss\u00e9e d\u00e9mographique et nous sommes les seuls \u00e0 ne pas avoir de projet. Alors que la seconde rocade ne co\u00fbte rien (la construction et l&rsquo;exploitation seraient conc\u00e9d\u00e9es \u00e0 une entreprise, Ndlr).<\/p>\n<p><strong>Mais reste-il des terrains disponibles pour un trac\u00e9 \u00e0 l&rsquo;Est ?<\/strong><\/p>\n<p>Tout d\u00e9pend o\u00f9 on le met. Il est certain que plus on joue la politique de l&rsquo;autruche, plus cette option va dispara\u00eetre. Mais pas la congestion. Le dossier a \u00e9t\u00e9 bloqu\u00e9 pendant dix ans par les collectivit\u00e9s socialistes. Je constate qu&rsquo;aucune autre solution n&rsquo;a \u00e9t\u00e9 propos\u00e9e. On a perdu dix ans. Va-t-on en perdre dix de plus? Les autres agglom\u00e9rations avancent : ce n&rsquo;est pas un probl\u00e8me d&rsquo;\u00e9tiquette politique mais de dogmatisme.<\/p>\n<p><strong>O\u00f9 en est la M\u00e9tropole pour le projet \u00e0 l&rsquo;Ouest ?<\/strong><\/p>\n<p><span style=\"color: #ff0000;\">\u00c0 l&rsquo;Ouest, qui conna\u00eet de grosses difficult\u00e9s, ce n&rsquo;est pas un trafic de transit.<\/span> <span style=\"color: #ff0000;\">Le secteur concentre 70 % des emplois de l&rsquo;agglo<\/span>. La M\u00e9tropole pr\u00e9sentera son plan d&rsquo;am\u00e9nagement routier d\u00e9but 2018. Il y a beaucoup d&rsquo;arbitrages \u00e0 faire. Financi\u00e8rement, nous n&rsquo;avons pas la capacit\u00e9 \u00e0 financer tout seul. Et on p\u00e2tit de l&rsquo;inaction du conseil g\u00e9n\u00e9ral pendant 20 ans, la Voie du canal Saint-Martory \u00e9tant l&rsquo;exemple le plus c\u00e9l\u00e8bre. Pour moi, la seconde rocade doit faire le tour de <a href=\"https:\/\/www.ladepeche.fr\/communes\/toulouse,31555.html\" data-saferedirecturl=\"https:\/\/www.google.com\/url?hl=fr&amp;q=https:\/\/www.ladepeche.fr\/communes\/toulouse,31555.html&amp;source=gmail&amp;ust=1514722300379000&amp;usg=AFQjCNF-twcsWLmhZa3Sbkp3nWtjUlN3qQ\">Toulouse<\/a>.<\/p>\n<p><strong>Dans cette perspective, o\u00f9 serait construit le pont sur la Garonne au nord ?<\/strong><\/p>\n<p>L&#8217;emplacement n&rsquo;est pas d\u00e9cid\u00e9. Cela fait partie des \u00e9tudes en cours.<\/p>\n<p>Propos recueillis par J.-N. G.<\/p>\n<p><span style=\"color: #ff0000;\"><em>Notre commentaire : le maire de Toulouse dit que la 2<sup>\u00e8me<\/sup> rocade doit faire le tour de Toulouse car 75% des emplois sont concentr\u00e9s \u00e0 l\u2019ouest\u00a0: on est content d\u2019apprendre \u00e7a, alors que le PDU concentre le budget sur une ligne de m\u00e9tro principalement&#8230; \u00e0 l\u2019est !<\/em><\/span><\/p>\n<p>&#8212;&#8212;&#8212;&#8212;&#8212;&#8212;&#8212;&#8212;&#8212;&#8211;<\/p>\n<p><a href=\"https:\/\/www.ladepeche.fr\/article\/2017\/12\/05\/2698114-routes-peut-on-contourner-toulouse.html\" target=\"_blank\" rel=\"noopener\"><strong>Routes : peut-on contourner Toulouse ? \u00a0<\/strong><\/a>(cliquer pour acc\u00e9der \u00e0 l&rsquo;article en ligne)<\/p>\n<p>Publi\u00e9 le 05\/12\/2017 \u00e0 03:52, Mis \u00e0 jour le 05\/12\/2017 \u00e0 09:11<\/p>\n<p><strong>Circulation &#8211; D\u00e9placements &#8211; Le fait du jour<\/strong><\/p>\n<p>Alors que l&rsquo;\u00c9tat a lanc\u00e9 hier une \u00e9tude sur l&rsquo;engorgement routier de l&rsquo;agglo, la mairie de <a href=\"https:\/\/www.ladepeche.fr\/communes\/toulouse,31555.html\" data-saferedirecturl=\"https:\/\/www.google.com\/url?hl=fr&amp;q=https:\/\/www.ladepeche.fr\/communes\/toulouse,31555.html&amp;source=gmail&amp;ust=1514722300380000&amp;usg=AFQjCNFSeWip7XzGLl38Mc-g6SlevTIOzA\">Toulouse<\/a> et le D\u00e9partement continuent \u00e0 s&rsquo;opposer sur la faisabilit\u00e9 et l&rsquo;utilit\u00e9 d&rsquo;une seconde rocade.<\/p>\n<p>Y aura-t-il un jour une autoroute pour \u00e9viter Toulouse ? Plus exactement, une telle liaison, d\u00e9j\u00e0 examin\u00e9e puis \u00e9cart\u00e9e en 2008, est-elle utile et encore r\u00e9alisable ? Hier, le pr\u00e9fet, Pascal Mailhos, qui r\u00e9unissait Jean-Luc Moudenc, maire de Toulouse et pr\u00e9sident de la M\u00e9tropole, Georges M\u00e9ric, pr\u00e9sident du D\u00e9partement, Carole Delga, pr\u00e9sidente de la R\u00e9gion, et Jean-Michel Lattes pour Tiss\u00e9o Collectivit\u00e9s, a lanc\u00e9 une \u00e9tude sur l&rsquo;engorgement routier de l&rsquo;agglo et les perspectives pour y faire face. Une \u00e9tude de 3 M\u20ac qui livrera ses conclusions fin 2018.<\/p>\n<p>L&rsquo;accord sur la m\u00e9thode et le calendrier trouv\u00e9 hier n&rsquo;inclut pas formellement l&rsquo;option de la seconde rocade mais le projet ressurgira immanquablement. Et en marge de cette r\u00e9union au sommet, la M\u00e9tropole et le D\u00e9partement ont r\u00e9affirm\u00e9 leurs divergences. Le bras de fer se poursuit&#8230;<\/p>\n<p><strong>P\u00e9riph\u00e9rique satur\u00e9<\/strong><\/p>\n<p>En 2008, apr\u00e8s plusieurs mois d&rsquo;un d\u00e9bat public, le ministre de l&rsquo;\u00c9cologie, Jean-Louis Borloo, a jug\u00e9 que l&rsquo;opportunit\u00e9 de ce qu&rsquo;on appelait le grand contournement autoroutier \u00abn&rsquo;avait pas \u00e9t\u00e9 d\u00e9montr\u00e9e\u00bb. Mais en 2014, lors de la campagne des municipales, Jean-Luc Moudenc a relanc\u00e9 l&rsquo;id\u00e9e d&rsquo;une \u00abseconde rocade\u00bb, vue surtout comme une liaison par l&rsquo;Est entre les autoroutes de Narbonne et de Bordeaux.<\/p>\n<p>Depuis un an, le maire de Toulouse bataille pour que l&rsquo;\u00e9tude de l&rsquo;\u00c9tat inclut cette option, refusant d&rsquo;abord en d\u00e9cembre 2016 de ratifier le cahier des charges. Sur le fond, Jean-Luc Moudenc consid\u00e8re que la conclusion de 2008 n&rsquo;a pas invalid\u00e9 le projet, celui de d\u00e9tourner d&rsquo;un p\u00e9riph\u00e9rique satur\u00e9 les v\u00e9hicules en transit. S&rsquo;il \u00e9lude la question du foncier disponible ou pas, il met de l&rsquo;avant la croissance de l&rsquo;agglo et l&rsquo;arriv\u00e9e, ailleurs dans l&rsquo;Hexagone, de tels contournements. Le projet toulousain se finan\u00e7ant dans le cadre d&rsquo;une concession.<\/p>\n<p>Ni faisable, ni utile, r\u00e9torque Georges M\u00e9ric qui ne voulait surtout pas que l&rsquo;\u00e9tude soit \u00abd\u00e9tourn\u00e9e\u00bb au profit de la seconde rocade. \u00abUne rocade \u00e0 moins de 15 km &#8211; ce qui est infaisable-, c&rsquo;est 700 M\u20ac au minimum et trois \u00e0 cinq ans seulement d&rsquo;am\u00e9lioration pour le p\u00e9riph\u00e9rique. Une rocade \u00e0 30 km, \u00e0 plus d&rsquo;1 milliard, serait inop\u00e9rante sur le transit.\u00bb <span style=\"color: #ff0000;\">Le patron du D\u00e9partement veut plus de transports en commun, \u00abcar ils ne sont pas au niveau\u00bb<\/span>, et des routes am\u00e9lior\u00e9es \u00abpour des emplois locaux\u00bb. L&rsquo;adversaire le plus farouche au projet refait siennes ses accusations d&rsquo;avant l&rsquo;\u00e9t\u00e9 en stigmatisant une promesse \u00abirr\u00e9aliste\u00bb et \u00ab\u00e9lectoraliste\u00bb. Quand Jean-Luc Moudenc parle lui de \u00abdogmatisme\u00bb. Ambiance.<\/p>\n<p><strong>Georges M\u00e9ric<\/strong><strong> : \u00abOn veut \u00eatre partenaires\u00bb<\/strong><\/p>\n<p>\u00abLes embouteillages et la pollution sont ind\u00e9niables et s&rsquo;aggravent.\u00bb Si tout le monde s&rsquo;accorde sur le constat, il ne faut pas parler \u00e0 Georges M\u00e9ric, le pr\u00e9sident du conseil d\u00e9partemental, de seconde rocade. La promesse du maire de Toulouse est non seulement \u00abirr\u00e9aliste\u00bb mais aussi \u00ab\u00e9lectoraliste\u00bb, a-t-il redit hier, en marge de la r\u00e9union \u00e0 la pr\u00e9fecture. Pour lui, une seconde rocade \u00e0 \u00abmoins de 15 kilom\u00e8tres, outre qu&rsquo;elle lui para\u00eet infaisable pour des raisons de foncier, ne donnerait que \u00abtrois \u00e0 cinq ans de r\u00e9pit\u00bb au p\u00e9riph\u00e9rique avant le retour de la saturation. Et une rocade positionn\u00e9e plus loin n&rsquo;aurait aucun impact sur le transit. Pour se faire entendre, <span style=\"color: #ff0000;\">Georges M\u00e9ric n&rsquo;h\u00e9site pas \u00e0 tirer \u00e0 boulets rouges sur les transports en commun de la M\u00e9tropole. \u00abIls ne sont pas performants. L&rsquo;id\u00e9e que la 3e ligne de m\u00e9tro et le contournement vont tout r\u00e9gler est fausse.\u00bb<\/span> De m\u00eame, <span style=\"color: #ff0000;\">\u00abl&rsquo;irrigation par les bus Lin\u00e9o est totalement insuffisante\u00bb,<\/span> juge-t-il.<\/p>\n<p>Pour autant, le patron du D\u00e9partement se dit pr\u00eat \u00e0 coop\u00e9rer. \u00abOn veut \u00eatre partenaires\u00bb, assure-t-il, en se disant pr\u00eat \u00e0 apporter 10 M\u20ac pour la r\u00e9alisation d&rsquo;<strong>un nouveau pont sur la Garonne<\/strong>.<\/p>\n<p>Jean-No\u00ebl Gros<\/p>\n","protected":false},"excerpt":{"rendered":"<p>Jean-Luc Moudenc : \u00abNous sommes la seule grand agglo sans projet\u00bb\u00a0(cliquer pour acc\u00e9der \u00e0 l&rsquo;article en ligne) Publi\u00e9 le 05\/12\/2017 \u00e0 07:38 Circulation &#8211; D\u00e9placements &#8211; Interview Jean-Luc Moudenc, maire de Toulouse et pr\u00e9sident de la M\u00e9tropole La seconde rocade n&rsquo;a-t-elle pas \u00e9t\u00e9 rejet\u00e9e une fois pour toutes en 2008 ? Le projet a \u00e9t\u00e9<\/p>\n<p class=\"more-link\"><a href=\"https:\/\/autate.fr\/site\/la-depeche-la-seconde-rocade-moudencmeric\/\" class=\"themebutton2\">VOIR PLUS<\/a><\/p>\n","protected":false},"author":1,"featured_media":0,"comment_status":"open","ping_status":"open","sticky":false,"template":"","format":"standard","meta":{"footnotes":""},"categories":[7],"tags":[448,444,240,446,447],"class_list":["post-2260","post","type-post","status-publish","format-standard","hentry","category-revue-de-presse","tag-banlieues","tag-pollution","tag-rocade","tag-seconde-rocade","tag-trafic"],"yoast_head":"<!-- This site is optimized with the Yoast SEO plugin v27.4 - https:\/\/yoast.com\/product\/yoast-seo-wordpress\/ -->\n<title>[La D\u00e9p\u00eache] la seconde rocade Moudenc\/M\u00e9ric - AUTATE<\/title>\n<meta name=\"robots\" content=\"index, follow, max-snippet:-1, max-image-preview:large, max-video-preview:-1\" \/>\n<link rel=\"canonical\" href=\"https:\/\/autate.fr\/site\/la-depeche-la-seconde-rocade-moudencmeric\/\" \/>\n<meta property=\"og:locale\" content=\"fr_FR\" \/>\n<meta property=\"og:type\" content=\"article\" \/>\n<meta property=\"og:title\" content=\"[La D\u00e9p\u00eache] la seconde rocade Moudenc\/M\u00e9ric - AUTATE\" \/>\n<meta property=\"og:description\" content=\"Jean-Luc Moudenc : \u00abNous sommes la seule grand agglo sans projet\u00bb\u00a0(cliquer pour acc\u00e9der \u00e0 l&rsquo;article en ligne) Publi\u00e9 le 05\/12\/2017 \u00e0 07:38 Circulation &#8211; D\u00e9placements &#8211; Interview Jean-Luc Moudenc, maire de Toulouse et pr\u00e9sident de la M\u00e9tropole La seconde rocade n&rsquo;a-t-elle pas \u00e9t\u00e9 rejet\u00e9e une fois pour toutes en 2008 ? Le projet a \u00e9t\u00e9VOIR PLUS\" \/>\n<meta property=\"og:url\" content=\"https:\/\/autate.fr\/site\/la-depeche-la-seconde-rocade-moudencmeric\/\" \/>\n<meta property=\"og:site_name\" content=\"AUTATE\" \/>\n<meta property=\"article:publisher\" content=\"https:\/\/www.facebook.com\/AutateToulouse\" \/>\n<meta property=\"article:published_time\" content=\"2017-12-06T12:35:55+00:00\" \/>\n<meta property=\"article:modified_time\" content=\"2025-11-21T21:30:44+00:00\" \/>\n<meta name=\"author\" content=\"pascalbarbier\" \/>\n<meta name=\"twitter:card\" content=\"summary_large_image\" \/>\n<meta name=\"twitter:creator\" content=\"@AutateToulouse\" \/>\n<meta name=\"twitter:site\" content=\"@AutateToulouse\" \/>\n<meta name=\"twitter:label1\" content=\"\u00c9crit par\" \/>\n\t<meta name=\"twitter:data1\" content=\"pascalbarbier\" \/>\n\t<meta name=\"twitter:label2\" content=\"Dur\u00e9e de lecture estim\u00e9e\" \/>\n\t<meta name=\"twitter:data2\" content=\"6 minutes\" \/>\n<script type=\"application\/ld+json\" class=\"yoast-schema-graph\">{\"@context\":\"https:\\\/\\\/schema.org\",\"@graph\":[{\"@type\":\"Article\",\"@id\":\"https:\\\/\\\/autate.fr\\\/site\\\/la-depeche-la-seconde-rocade-moudencmeric\\\/#article\",\"isPartOf\":{\"@id\":\"https:\\\/\\\/autate.fr\\\/site\\\/la-depeche-la-seconde-rocade-moudencmeric\\\/\"},\"author\":{\"name\":\"pascalbarbier\",\"@id\":\"https:\\\/\\\/autate.fr\\\/site\\\/#\\\/schema\\\/person\\\/ae1ab8bdaa7b41d2a9b52d2557ce8254\"},\"headline\":\"[La D\u00e9p\u00eache] la seconde rocade Moudenc\\\/M\u00e9ric\",\"datePublished\":\"2017-12-06T12:35:55+00:00\",\"dateModified\":\"2025-11-21T21:30:44+00:00\",\"mainEntityOfPage\":{\"@id\":\"https:\\\/\\\/autate.fr\\\/site\\\/la-depeche-la-seconde-rocade-moudencmeric\\\/\"},\"wordCount\":1198,\"commentCount\":0,\"publisher\":{\"@id\":\"https:\\\/\\\/autate.fr\\\/site\\\/#organization\"},\"keywords\":[\"banlieues\",\"pollution\",\"rocade\",\"seconde rocade\",\"trafic\"],\"articleSection\":[\"Revue de presse\"],\"inLanguage\":\"fr-FR\",\"potentialAction\":[{\"@type\":\"CommentAction\",\"name\":\"Comment\",\"target\":[\"https:\\\/\\\/autate.fr\\\/site\\\/la-depeche-la-seconde-rocade-moudencmeric\\\/#respond\"]}]},{\"@type\":\"WebPage\",\"@id\":\"https:\\\/\\\/autate.fr\\\/site\\\/la-depeche-la-seconde-rocade-moudencmeric\\\/\",\"url\":\"https:\\\/\\\/autate.fr\\\/site\\\/la-depeche-la-seconde-rocade-moudencmeric\\\/\",\"name\":\"[La D\u00e9p\u00eache] la seconde rocade Moudenc\\\/M\u00e9ric - AUTATE\",\"isPartOf\":{\"@id\":\"https:\\\/\\\/autate.fr\\\/site\\\/#website\"},\"datePublished\":\"2017-12-06T12:35:55+00:00\",\"dateModified\":\"2025-11-21T21:30:44+00:00\",\"breadcrumb\":{\"@id\":\"https:\\\/\\\/autate.fr\\\/site\\\/la-depeche-la-seconde-rocade-moudencmeric\\\/#breadcrumb\"},\"inLanguage\":\"fr-FR\",\"potentialAction\":[{\"@type\":\"ReadAction\",\"target\":[\"https:\\\/\\\/autate.fr\\\/site\\\/la-depeche-la-seconde-rocade-moudencmeric\\\/\"]}]},{\"@type\":\"BreadcrumbList\",\"@id\":\"https:\\\/\\\/autate.fr\\\/site\\\/la-depeche-la-seconde-rocade-moudencmeric\\\/#breadcrumb\",\"itemListElement\":[{\"@type\":\"ListItem\",\"position\":1,\"name\":\"Accueil\",\"item\":\"https:\\\/\\\/autate.fr\\\/site\\\/\"},{\"@type\":\"ListItem\",\"position\":2,\"name\":\"[La D\u00e9p\u00eache] la seconde rocade Moudenc\\\/M\u00e9ric\"}]},{\"@type\":\"WebSite\",\"@id\":\"https:\\\/\\\/autate.fr\\\/site\\\/#website\",\"url\":\"https:\\\/\\\/autate.fr\\\/site\\\/\",\"name\":\"AUTATE\",\"description\":\"Association des usagers des transports de l&#039;agglom\u00e9ration Toulousaine et de ses environs\",\"publisher\":{\"@id\":\"https:\\\/\\\/autate.fr\\\/site\\\/#organization\"},\"potentialAction\":[{\"@type\":\"SearchAction\",\"target\":{\"@type\":\"EntryPoint\",\"urlTemplate\":\"https:\\\/\\\/autate.fr\\\/site\\\/?s={search_term_string}\"},\"query-input\":{\"@type\":\"PropertyValueSpecification\",\"valueRequired\":true,\"valueName\":\"search_term_string\"}}],\"inLanguage\":\"fr-FR\"},{\"@type\":\"Organization\",\"@id\":\"https:\\\/\\\/autate.fr\\\/site\\\/#organization\",\"name\":\"AUTATE\",\"url\":\"https:\\\/\\\/autate.fr\\\/site\\\/\",\"logo\":{\"@type\":\"ImageObject\",\"inLanguage\":\"fr-FR\",\"@id\":\"https:\\\/\\\/autate.fr\\\/site\\\/#\\\/schema\\\/logo\\\/image\\\/\",\"url\":\"http:\\\/\\\/autate.fr\\\/site\\\/wp-content\\\/uploads\\\/2019\\\/01\\\/logo.png\",\"contentUrl\":\"http:\\\/\\\/autate.fr\\\/site\\\/wp-content\\\/uploads\\\/2019\\\/01\\\/logo.png\",\"width\":506,\"height\":280,\"caption\":\"AUTATE\"},\"image\":{\"@id\":\"https:\\\/\\\/autate.fr\\\/site\\\/#\\\/schema\\\/logo\\\/image\\\/\"},\"sameAs\":[\"https:\\\/\\\/www.facebook.com\\\/AutateToulouse\",\"https:\\\/\\\/x.com\\\/AutateToulouse\"]},{\"@type\":\"Person\",\"@id\":\"https:\\\/\\\/autate.fr\\\/site\\\/#\\\/schema\\\/person\\\/ae1ab8bdaa7b41d2a9b52d2557ce8254\",\"name\":\"pascalbarbier\",\"image\":{\"@type\":\"ImageObject\",\"inLanguage\":\"fr-FR\",\"@id\":\"https:\\\/\\\/secure.gravatar.com\\\/avatar\\\/03f4e8ced09894b72c67e83142540730d4b3bbf619bf46341b0074e3bf5f08a0?s=96&d=mm&r=g\",\"url\":\"https:\\\/\\\/secure.gravatar.com\\\/avatar\\\/03f4e8ced09894b72c67e83142540730d4b3bbf619bf46341b0074e3bf5f08a0?s=96&d=mm&r=g\",\"contentUrl\":\"https:\\\/\\\/secure.gravatar.com\\\/avatar\\\/03f4e8ced09894b72c67e83142540730d4b3bbf619bf46341b0074e3bf5f08a0?s=96&d=mm&r=g\",\"caption\":\"pascalbarbier\"},\"url\":\"https:\\\/\\\/autate.fr\\\/site\\\/author\\\/pascalbarbier\\\/\"}]}<\/script>\n<!-- \/ Yoast SEO plugin. -->","yoast_head_json":{"title":"[La D\u00e9p\u00eache] la seconde rocade Moudenc\/M\u00e9ric - AUTATE","robots":{"index":"index","follow":"follow","max-snippet":"max-snippet:-1","max-image-preview":"max-image-preview:large","max-video-preview":"max-video-preview:-1"},"canonical":"https:\/\/autate.fr\/site\/la-depeche-la-seconde-rocade-moudencmeric\/","og_locale":"fr_FR","og_type":"article","og_title":"[La D\u00e9p\u00eache] la seconde rocade Moudenc\/M\u00e9ric - AUTATE","og_description":"Jean-Luc Moudenc : \u00abNous sommes la seule grand agglo sans projet\u00bb\u00a0(cliquer pour acc\u00e9der \u00e0 l&rsquo;article en ligne) Publi\u00e9 le 05\/12\/2017 \u00e0 07:38 Circulation &#8211; D\u00e9placements &#8211; Interview Jean-Luc Moudenc, maire de Toulouse et pr\u00e9sident de la M\u00e9tropole La seconde rocade n&rsquo;a-t-elle pas \u00e9t\u00e9 rejet\u00e9e une fois pour toutes en 2008 ? Le projet a \u00e9t\u00e9VOIR PLUS","og_url":"https:\/\/autate.fr\/site\/la-depeche-la-seconde-rocade-moudencmeric\/","og_site_name":"AUTATE","article_publisher":"https:\/\/www.facebook.com\/AutateToulouse","article_published_time":"2017-12-06T12:35:55+00:00","article_modified_time":"2025-11-21T21:30:44+00:00","author":"pascalbarbier","twitter_card":"summary_large_image","twitter_creator":"@AutateToulouse","twitter_site":"@AutateToulouse","twitter_misc":{"\u00c9crit par":"pascalbarbier","Dur\u00e9e de lecture estim\u00e9e":"6 minutes"},"schema":{"@context":"https:\/\/schema.org","@graph":[{"@type":"Article","@id":"https:\/\/autate.fr\/site\/la-depeche-la-seconde-rocade-moudencmeric\/#article","isPartOf":{"@id":"https:\/\/autate.fr\/site\/la-depeche-la-seconde-rocade-moudencmeric\/"},"author":{"name":"pascalbarbier","@id":"https:\/\/autate.fr\/site\/#\/schema\/person\/ae1ab8bdaa7b41d2a9b52d2557ce8254"},"headline":"[La D\u00e9p\u00eache] la seconde rocade Moudenc\/M\u00e9ric","datePublished":"2017-12-06T12:35:55+00:00","dateModified":"2025-11-21T21:30:44+00:00","mainEntityOfPage":{"@id":"https:\/\/autate.fr\/site\/la-depeche-la-seconde-rocade-moudencmeric\/"},"wordCount":1198,"commentCount":0,"publisher":{"@id":"https:\/\/autate.fr\/site\/#organization"},"keywords":["banlieues","pollution","rocade","seconde rocade","trafic"],"articleSection":["Revue de presse"],"inLanguage":"fr-FR","potentialAction":[{"@type":"CommentAction","name":"Comment","target":["https:\/\/autate.fr\/site\/la-depeche-la-seconde-rocade-moudencmeric\/#respond"]}]},{"@type":"WebPage","@id":"https:\/\/autate.fr\/site\/la-depeche-la-seconde-rocade-moudencmeric\/","url":"https:\/\/autate.fr\/site\/la-depeche-la-seconde-rocade-moudencmeric\/","name":"[La D\u00e9p\u00eache] la seconde rocade Moudenc\/M\u00e9ric - AUTATE","isPartOf":{"@id":"https:\/\/autate.fr\/site\/#website"},"datePublished":"2017-12-06T12:35:55+00:00","dateModified":"2025-11-21T21:30:44+00:00","breadcrumb":{"@id":"https:\/\/autate.fr\/site\/la-depeche-la-seconde-rocade-moudencmeric\/#breadcrumb"},"inLanguage":"fr-FR","potentialAction":[{"@type":"ReadAction","target":["https:\/\/autate.fr\/site\/la-depeche-la-seconde-rocade-moudencmeric\/"]}]},{"@type":"BreadcrumbList","@id":"https:\/\/autate.fr\/site\/la-depeche-la-seconde-rocade-moudencmeric\/#breadcrumb","itemListElement":[{"@type":"ListItem","position":1,"name":"Accueil","item":"https:\/\/autate.fr\/site\/"},{"@type":"ListItem","position":2,"name":"[La D\u00e9p\u00eache] la seconde rocade Moudenc\/M\u00e9ric"}]},{"@type":"WebSite","@id":"https:\/\/autate.fr\/site\/#website","url":"https:\/\/autate.fr\/site\/","name":"AUTATE","description":"Association des usagers des transports de l&#039;agglom\u00e9ration Toulousaine et de ses environs","publisher":{"@id":"https:\/\/autate.fr\/site\/#organization"},"potentialAction":[{"@type":"SearchAction","target":{"@type":"EntryPoint","urlTemplate":"https:\/\/autate.fr\/site\/?s={search_term_string}"},"query-input":{"@type":"PropertyValueSpecification","valueRequired":true,"valueName":"search_term_string"}}],"inLanguage":"fr-FR"},{"@type":"Organization","@id":"https:\/\/autate.fr\/site\/#organization","name":"AUTATE","url":"https:\/\/autate.fr\/site\/","logo":{"@type":"ImageObject","inLanguage":"fr-FR","@id":"https:\/\/autate.fr\/site\/#\/schema\/logo\/image\/","url":"http:\/\/autate.fr\/site\/wp-content\/uploads\/2019\/01\/logo.png","contentUrl":"http:\/\/autate.fr\/site\/wp-content\/uploads\/2019\/01\/logo.png","width":506,"height":280,"caption":"AUTATE"},"image":{"@id":"https:\/\/autate.fr\/site\/#\/schema\/logo\/image\/"},"sameAs":["https:\/\/www.facebook.com\/AutateToulouse","https:\/\/x.com\/AutateToulouse"]},{"@type":"Person","@id":"https:\/\/autate.fr\/site\/#\/schema\/person\/ae1ab8bdaa7b41d2a9b52d2557ce8254","name":"pascalbarbier","image":{"@type":"ImageObject","inLanguage":"fr-FR","@id":"https:\/\/secure.gravatar.com\/avatar\/03f4e8ced09894b72c67e83142540730d4b3bbf619bf46341b0074e3bf5f08a0?s=96&d=mm&r=g","url":"https:\/\/secure.gravatar.com\/avatar\/03f4e8ced09894b72c67e83142540730d4b3bbf619bf46341b0074e3bf5f08a0?s=96&d=mm&r=g","contentUrl":"https:\/\/secure.gravatar.com\/avatar\/03f4e8ced09894b72c67e83142540730d4b3bbf619bf46341b0074e3bf5f08a0?s=96&d=mm&r=g","caption":"pascalbarbier"},"url":"https:\/\/autate.fr\/site\/author\/pascalbarbier\/"}]}},"_links":{"self":[{"href":"https:\/\/autate.fr\/site\/wp-json\/wp\/v2\/posts\/2260","targetHints":{"allow":["GET"]}}],"collection":[{"href":"https:\/\/autate.fr\/site\/wp-json\/wp\/v2\/posts"}],"about":[{"href":"https:\/\/autate.fr\/site\/wp-json\/wp\/v2\/types\/post"}],"author":[{"embeddable":true,"href":"https:\/\/autate.fr\/site\/wp-json\/wp\/v2\/users\/1"}],"replies":[{"embeddable":true,"href":"https:\/\/autate.fr\/site\/wp-json\/wp\/v2\/comments?post=2260"}],"version-history":[{"count":3,"href":"https:\/\/autate.fr\/site\/wp-json\/wp\/v2\/posts\/2260\/revisions"}],"predecessor-version":[{"id":2263,"href":"https:\/\/autate.fr\/site\/wp-json\/wp\/v2\/posts\/2260\/revisions\/2263"}],"wp:attachment":[{"href":"https:\/\/autate.fr\/site\/wp-json\/wp\/v2\/media?parent=2260"}],"wp:term":[{"taxonomy":"category","embeddable":true,"href":"https:\/\/autate.fr\/site\/wp-json\/wp\/v2\/categories?post=2260"},{"taxonomy":"post_tag","embeddable":true,"href":"https:\/\/autate.fr\/site\/wp-json\/wp\/v2\/tags?post=2260"}],"curies":[{"name":"wp","href":"https:\/\/api.w.org\/{rel}","templated":true}]}}