{"id":2174,"date":"2017-12-04T18:58:44","date_gmt":"2017-12-04T17:58:44","guid":{"rendered":"http:\/\/autate.fr\/site\/?p=2174"},"modified":"2025-11-21T22:12:51","modified_gmt":"2025-11-21T21:12:51","slug":"pas-de-transports-en-commun-a-bazus","status":"publish","type":"post","link":"https:\/\/autate.fr\/site\/pas-de-transports-en-commun-a-bazus\/","title":{"rendered":"Pas de transports en commun \u00e0 Bazus"},"content":{"rendered":"<p>Je souhaite prendre contact avec vous pour faire bouger les choses, cot\u00e9 <strong>transport en commun<\/strong> dans <strong>la commune de Bazus<\/strong>, 13 KM de Toulouse, car pour l&rsquo;instant il n&rsquo;y en a aucun except\u00e9 les transports scolaires. Non loin de l\u00e0 \u00e0 5 KM dans la commune de Paulhac, il y a une ligne Hop qui passe toutes les demie-heures pour se diriger vers Montastruc la conseill\u00e8re et conduire les usagers jusqu&rsquo;au m\u00e9tro.<br \/>\nJe suis handicap\u00e9, je ne conduis pas, et je dois me rendre r\u00e9guli\u00e8rement \u00e0 Montberon 6KM pour des soins, je n&rsquo;ai pas acc\u00e8s aux taxis car la zone n&rsquo;est pas rentable pour eux.<br \/>\nJ&rsquo;ai donc fait une demande aupr\u00e8s de la Maire de la commune, mais celle-ci \u00e9voque qu&rsquo;il n&rsquo;y a que quelques jeunes qui ont r\u00e9clam\u00e9 une ligne de bus, ce dont je doute car aucun recueil des besoins n&rsquo;a \u00e9t\u00e9 effectu\u00e9 car non loin \u00e0 4 km, il y a l&rsquo;entr\u00e9e de l&rsquo;autoroute, donc pour la Mairie, une navette ou ligne bus n&rsquo;est pas justifi\u00e9e.<br \/>\nIl s&rsquo;agit d&rsquo;une commune de 500 habitants, qui ne voit pas l&rsquo;int\u00e9r\u00eat non plus de se doter d&rsquo;une licence Taxi.<br \/>\nJe me tourne vers vous qui avez une expertise sur la question des transports, et esp\u00e8re vos conseils ou suggestions pour d\u00e9cloisonner cette commune<br \/>\nEn l&rsquo;attente, cordialement<br \/>\nM.L.<\/p>\n<p>R\u00e9ponse de l&rsquo;AUTATE :<\/p>\n<p>La commune n&rsquo;ayant que 564 habitants (en baisse), on transport lourd n&rsquo;est pas envisageable. Les alternatives ne peuvent \u00eatre que l\u00e9g\u00e8res et souples.<\/p>\n<p>Il faut soulever des leviers d&rsquo;actions rapides aupr\u00e8s de de la mairie pour qu&rsquo;elle instaure un transport au niveau de ses moyens (faibles) vers diff\u00e9rents p\u00f4les intermodaux<br \/>\n&#8211; Les gares de Gragnague ou Montastruc situ\u00e9es \u00e0 7km. Acc\u00e8s rapide au centre de Toulouse.<br \/>\n&#8211; Lapeyrouse (ligne tisseo 76) \u00e0 5 km.<br \/>\n&#8211; Montberon (ligne tisseo 61) \u00e0 5km.<\/p>\n<p>Le bus classique \u00e9tant probablement trop cher pour cette commune, il existe des alternatives dont la mairie pourrait s&rsquo;inspirer :<br \/>\n&#8211; TAD (Transport \u00e0 la demande).<br \/>\n&#8211; minibus<br \/>\n&#8211; rezo pouce (stop organis\u00e9) dont un certain nombre de communes autour de Bazus sont d\u00e9j\u00e0 partenaires.<\/p>\n<p>&nbsp;<\/p>\n<p>&nbsp;<\/p>\n","protected":false},"excerpt":{"rendered":"<p>Je souhaite prendre contact avec vous pour faire bouger les choses, cot\u00e9 transport en commun dans la commune de Bazus, 13 KM de Toulouse, car pour l&rsquo;instant il n&rsquo;y en a aucun except\u00e9 les transports scolaires. Non loin de l\u00e0 \u00e0 5 KM dans la commune de Paulhac, il y a une ligne Hop qui<\/p>\n<p class=\"more-link\"><a href=\"https:\/\/autate.fr\/site\/pas-de-transports-en-commun-a-bazus\/\" class=\"themebutton2\">VOIR PLUS<\/a><\/p>\n","protected":false},"author":1,"featured_media":0,"comment_status":"open","ping_status":"open","sticky":false,"template":"","format":"standard","meta":{"footnotes":""},"categories":[500,336],"tags":[],"class_list":["post-2174","post","type-post","status-publish","format-standard","hentry","category-bus-tisseo","category-temoignages"],"yoast_head":"<!-- This site is optimized with the Yoast SEO plugin v27.4 - https:\/\/yoast.com\/product\/yoast-seo-wordpress\/ -->\n<title>Pas de transports en commun \u00e0 Bazus - AUTATE<\/title>\n<meta name=\"robots\" content=\"index, follow, max-snippet:-1, max-image-preview:large, max-video-preview:-1\" \/>\n<link rel=\"canonical\" href=\"https:\/\/autate.fr\/site\/pas-de-transports-en-commun-a-bazus\/\" \/>\n<meta property=\"og:locale\" content=\"fr_FR\" \/>\n<meta property=\"og:type\" content=\"article\" \/>\n<meta property=\"og:title\" content=\"Pas de transports en commun \u00e0 Bazus - AUTATE\" \/>\n<meta property=\"og:description\" content=\"Je souhaite prendre contact avec vous pour faire bouger les choses, cot\u00e9 transport en commun dans la commune de Bazus, 13 KM de Toulouse, car pour l&rsquo;instant il n&rsquo;y en a aucun except\u00e9 les transports scolaires. Non loin de l\u00e0 \u00e0 5 KM dans la commune de Paulhac, il y a une ligne Hop quiVOIR PLUS\" \/>\n<meta property=\"og:url\" content=\"https:\/\/autate.fr\/site\/pas-de-transports-en-commun-a-bazus\/\" \/>\n<meta property=\"og:site_name\" content=\"AUTATE\" \/>\n<meta property=\"article:publisher\" content=\"https:\/\/www.facebook.com\/AutateToulouse\" \/>\n<meta property=\"article:published_time\" content=\"2017-12-04T17:58:44+00:00\" \/>\n<meta property=\"article:modified_time\" content=\"2025-11-21T21:12:51+00:00\" \/>\n<meta name=\"author\" content=\"pascalbarbier\" \/>\n<meta name=\"twitter:card\" content=\"summary_large_image\" \/>\n<meta name=\"twitter:creator\" content=\"@AutateToulouse\" \/>\n<meta name=\"twitter:site\" content=\"@AutateToulouse\" \/>\n<meta name=\"twitter:label1\" content=\"\u00c9crit par\" \/>\n\t<meta name=\"twitter:data1\" content=\"pascalbarbier\" \/>\n\t<meta name=\"twitter:label2\" content=\"Dur\u00e9e de lecture estim\u00e9e\" \/>\n\t<meta name=\"twitter:data2\" content=\"2 minutes\" \/>\n<script type=\"application\/ld+json\" class=\"yoast-schema-graph\">{\"@context\":\"https:\\\/\\\/schema.org\",\"@graph\":[{\"@type\":\"Article\",\"@id\":\"https:\\\/\\\/autate.fr\\\/site\\\/pas-de-transports-en-commun-a-bazus\\\/#article\",\"isPartOf\":{\"@id\":\"https:\\\/\\\/autate.fr\\\/site\\\/pas-de-transports-en-commun-a-bazus\\\/\"},\"author\":{\"name\":\"pascalbarbier\",\"@id\":\"https:\\\/\\\/autate.fr\\\/site\\\/#\\\/schema\\\/person\\\/ae1ab8bdaa7b41d2a9b52d2557ce8254\"},\"headline\":\"Pas de transports en commun \u00e0 Bazus\",\"datePublished\":\"2017-12-04T17:58:44+00:00\",\"dateModified\":\"2025-11-21T21:12:51+00:00\",\"mainEntityOfPage\":{\"@id\":\"https:\\\/\\\/autate.fr\\\/site\\\/pas-de-transports-en-commun-a-bazus\\\/\"},\"wordCount\":361,\"commentCount\":0,\"publisher\":{\"@id\":\"https:\\\/\\\/autate.fr\\\/site\\\/#organization\"},\"articleSection\":[\"Bus Tisseo\",\"T\u00e9moignages\"],\"inLanguage\":\"fr-FR\",\"potentialAction\":[{\"@type\":\"CommentAction\",\"name\":\"Comment\",\"target\":[\"https:\\\/\\\/autate.fr\\\/site\\\/pas-de-transports-en-commun-a-bazus\\\/#respond\"]}]},{\"@type\":\"WebPage\",\"@id\":\"https:\\\/\\\/autate.fr\\\/site\\\/pas-de-transports-en-commun-a-bazus\\\/\",\"url\":\"https:\\\/\\\/autate.fr\\\/site\\\/pas-de-transports-en-commun-a-bazus\\\/\",\"name\":\"Pas de transports en commun \u00e0 Bazus - AUTATE\",\"isPartOf\":{\"@id\":\"https:\\\/\\\/autate.fr\\\/site\\\/#website\"},\"datePublished\":\"2017-12-04T17:58:44+00:00\",\"dateModified\":\"2025-11-21T21:12:51+00:00\",\"breadcrumb\":{\"@id\":\"https:\\\/\\\/autate.fr\\\/site\\\/pas-de-transports-en-commun-a-bazus\\\/#breadcrumb\"},\"inLanguage\":\"fr-FR\",\"potentialAction\":[{\"@type\":\"ReadAction\",\"target\":[\"https:\\\/\\\/autate.fr\\\/site\\\/pas-de-transports-en-commun-a-bazus\\\/\"]}]},{\"@type\":\"BreadcrumbList\",\"@id\":\"https:\\\/\\\/autate.fr\\\/site\\\/pas-de-transports-en-commun-a-bazus\\\/#breadcrumb\",\"itemListElement\":[{\"@type\":\"ListItem\",\"position\":1,\"name\":\"Accueil\",\"item\":\"https:\\\/\\\/autate.fr\\\/site\\\/\"},{\"@type\":\"ListItem\",\"position\":2,\"name\":\"Pas de transports en commun \u00e0 Bazus\"}]},{\"@type\":\"WebSite\",\"@id\":\"https:\\\/\\\/autate.fr\\\/site\\\/#website\",\"url\":\"https:\\\/\\\/autate.fr\\\/site\\\/\",\"name\":\"AUTATE\",\"description\":\"Association des usagers des transports de l&#039;agglom\u00e9ration Toulousaine et de ses environs\",\"publisher\":{\"@id\":\"https:\\\/\\\/autate.fr\\\/site\\\/#organization\"},\"potentialAction\":[{\"@type\":\"SearchAction\",\"target\":{\"@type\":\"EntryPoint\",\"urlTemplate\":\"https:\\\/\\\/autate.fr\\\/site\\\/?s={search_term_string}\"},\"query-input\":{\"@type\":\"PropertyValueSpecification\",\"valueRequired\":true,\"valueName\":\"search_term_string\"}}],\"inLanguage\":\"fr-FR\"},{\"@type\":\"Organization\",\"@id\":\"https:\\\/\\\/autate.fr\\\/site\\\/#organization\",\"name\":\"AUTATE\",\"url\":\"https:\\\/\\\/autate.fr\\\/site\\\/\",\"logo\":{\"@type\":\"ImageObject\",\"inLanguage\":\"fr-FR\",\"@id\":\"https:\\\/\\\/autate.fr\\\/site\\\/#\\\/schema\\\/logo\\\/image\\\/\",\"url\":\"http:\\\/\\\/autate.fr\\\/site\\\/wp-content\\\/uploads\\\/2019\\\/01\\\/logo.png\",\"contentUrl\":\"http:\\\/\\\/autate.fr\\\/site\\\/wp-content\\\/uploads\\\/2019\\\/01\\\/logo.png\",\"width\":506,\"height\":280,\"caption\":\"AUTATE\"},\"image\":{\"@id\":\"https:\\\/\\\/autate.fr\\\/site\\\/#\\\/schema\\\/logo\\\/image\\\/\"},\"sameAs\":[\"https:\\\/\\\/www.facebook.com\\\/AutateToulouse\",\"https:\\\/\\\/x.com\\\/AutateToulouse\"]},{\"@type\":\"Person\",\"@id\":\"https:\\\/\\\/autate.fr\\\/site\\\/#\\\/schema\\\/person\\\/ae1ab8bdaa7b41d2a9b52d2557ce8254\",\"name\":\"pascalbarbier\",\"image\":{\"@type\":\"ImageObject\",\"inLanguage\":\"fr-FR\",\"@id\":\"https:\\\/\\\/secure.gravatar.com\\\/avatar\\\/03f4e8ced09894b72c67e83142540730d4b3bbf619bf46341b0074e3bf5f08a0?s=96&d=mm&r=g\",\"url\":\"https:\\\/\\\/secure.gravatar.com\\\/avatar\\\/03f4e8ced09894b72c67e83142540730d4b3bbf619bf46341b0074e3bf5f08a0?s=96&d=mm&r=g\",\"contentUrl\":\"https:\\\/\\\/secure.gravatar.com\\\/avatar\\\/03f4e8ced09894b72c67e83142540730d4b3bbf619bf46341b0074e3bf5f08a0?s=96&d=mm&r=g\",\"caption\":\"pascalbarbier\"},\"url\":\"https:\\\/\\\/autate.fr\\\/site\\\/author\\\/pascalbarbier\\\/\"}]}<\/script>\n<!-- \/ Yoast SEO plugin. -->","yoast_head_json":{"title":"Pas de transports en commun \u00e0 Bazus - AUTATE","robots":{"index":"index","follow":"follow","max-snippet":"max-snippet:-1","max-image-preview":"max-image-preview:large","max-video-preview":"max-video-preview:-1"},"canonical":"https:\/\/autate.fr\/site\/pas-de-transports-en-commun-a-bazus\/","og_locale":"fr_FR","og_type":"article","og_title":"Pas de transports en commun \u00e0 Bazus - AUTATE","og_description":"Je souhaite prendre contact avec vous pour faire bouger les choses, cot\u00e9 transport en commun dans la commune de Bazus, 13 KM de Toulouse, car pour l&rsquo;instant il n&rsquo;y en a aucun except\u00e9 les transports scolaires. Non loin de l\u00e0 \u00e0 5 KM dans la commune de Paulhac, il y a une ligne Hop quiVOIR PLUS","og_url":"https:\/\/autate.fr\/site\/pas-de-transports-en-commun-a-bazus\/","og_site_name":"AUTATE","article_publisher":"https:\/\/www.facebook.com\/AutateToulouse","article_published_time":"2017-12-04T17:58:44+00:00","article_modified_time":"2025-11-21T21:12:51+00:00","author":"pascalbarbier","twitter_card":"summary_large_image","twitter_creator":"@AutateToulouse","twitter_site":"@AutateToulouse","twitter_misc":{"\u00c9crit par":"pascalbarbier","Dur\u00e9e de lecture estim\u00e9e":"2 minutes"},"schema":{"@context":"https:\/\/schema.org","@graph":[{"@type":"Article","@id":"https:\/\/autate.fr\/site\/pas-de-transports-en-commun-a-bazus\/#article","isPartOf":{"@id":"https:\/\/autate.fr\/site\/pas-de-transports-en-commun-a-bazus\/"},"author":{"name":"pascalbarbier","@id":"https:\/\/autate.fr\/site\/#\/schema\/person\/ae1ab8bdaa7b41d2a9b52d2557ce8254"},"headline":"Pas de transports en commun \u00e0 Bazus","datePublished":"2017-12-04T17:58:44+00:00","dateModified":"2025-11-21T21:12:51+00:00","mainEntityOfPage":{"@id":"https:\/\/autate.fr\/site\/pas-de-transports-en-commun-a-bazus\/"},"wordCount":361,"commentCount":0,"publisher":{"@id":"https:\/\/autate.fr\/site\/#organization"},"articleSection":["Bus Tisseo","T\u00e9moignages"],"inLanguage":"fr-FR","potentialAction":[{"@type":"CommentAction","name":"Comment","target":["https:\/\/autate.fr\/site\/pas-de-transports-en-commun-a-bazus\/#respond"]}]},{"@type":"WebPage","@id":"https:\/\/autate.fr\/site\/pas-de-transports-en-commun-a-bazus\/","url":"https:\/\/autate.fr\/site\/pas-de-transports-en-commun-a-bazus\/","name":"Pas de transports en commun \u00e0 Bazus - AUTATE","isPartOf":{"@id":"https:\/\/autate.fr\/site\/#website"},"datePublished":"2017-12-04T17:58:44+00:00","dateModified":"2025-11-21T21:12:51+00:00","breadcrumb":{"@id":"https:\/\/autate.fr\/site\/pas-de-transports-en-commun-a-bazus\/#breadcrumb"},"inLanguage":"fr-FR","potentialAction":[{"@type":"ReadAction","target":["https:\/\/autate.fr\/site\/pas-de-transports-en-commun-a-bazus\/"]}]},{"@type":"BreadcrumbList","@id":"https:\/\/autate.fr\/site\/pas-de-transports-en-commun-a-bazus\/#breadcrumb","itemListElement":[{"@type":"ListItem","position":1,"name":"Accueil","item":"https:\/\/autate.fr\/site\/"},{"@type":"ListItem","position":2,"name":"Pas de transports en commun \u00e0 Bazus"}]},{"@type":"WebSite","@id":"https:\/\/autate.fr\/site\/#website","url":"https:\/\/autate.fr\/site\/","name":"AUTATE","description":"Association des usagers des transports de l&#039;agglom\u00e9ration Toulousaine et de ses environs","publisher":{"@id":"https:\/\/autate.fr\/site\/#organization"},"potentialAction":[{"@type":"SearchAction","target":{"@type":"EntryPoint","urlTemplate":"https:\/\/autate.fr\/site\/?s={search_term_string}"},"query-input":{"@type":"PropertyValueSpecification","valueRequired":true,"valueName":"search_term_string"}}],"inLanguage":"fr-FR"},{"@type":"Organization","@id":"https:\/\/autate.fr\/site\/#organization","name":"AUTATE","url":"https:\/\/autate.fr\/site\/","logo":{"@type":"ImageObject","inLanguage":"fr-FR","@id":"https:\/\/autate.fr\/site\/#\/schema\/logo\/image\/","url":"http:\/\/autate.fr\/site\/wp-content\/uploads\/2019\/01\/logo.png","contentUrl":"http:\/\/autate.fr\/site\/wp-content\/uploads\/2019\/01\/logo.png","width":506,"height":280,"caption":"AUTATE"},"image":{"@id":"https:\/\/autate.fr\/site\/#\/schema\/logo\/image\/"},"sameAs":["https:\/\/www.facebook.com\/AutateToulouse","https:\/\/x.com\/AutateToulouse"]},{"@type":"Person","@id":"https:\/\/autate.fr\/site\/#\/schema\/person\/ae1ab8bdaa7b41d2a9b52d2557ce8254","name":"pascalbarbier","image":{"@type":"ImageObject","inLanguage":"fr-FR","@id":"https:\/\/secure.gravatar.com\/avatar\/03f4e8ced09894b72c67e83142540730d4b3bbf619bf46341b0074e3bf5f08a0?s=96&d=mm&r=g","url":"https:\/\/secure.gravatar.com\/avatar\/03f4e8ced09894b72c67e83142540730d4b3bbf619bf46341b0074e3bf5f08a0?s=96&d=mm&r=g","contentUrl":"https:\/\/secure.gravatar.com\/avatar\/03f4e8ced09894b72c67e83142540730d4b3bbf619bf46341b0074e3bf5f08a0?s=96&d=mm&r=g","caption":"pascalbarbier"},"url":"https:\/\/autate.fr\/site\/author\/pascalbarbier\/"}]}},"_links":{"self":[{"href":"https:\/\/autate.fr\/site\/wp-json\/wp\/v2\/posts\/2174","targetHints":{"allow":["GET"]}}],"collection":[{"href":"https:\/\/autate.fr\/site\/wp-json\/wp\/v2\/posts"}],"about":[{"href":"https:\/\/autate.fr\/site\/wp-json\/wp\/v2\/types\/post"}],"author":[{"embeddable":true,"href":"https:\/\/autate.fr\/site\/wp-json\/wp\/v2\/users\/1"}],"replies":[{"embeddable":true,"href":"https:\/\/autate.fr\/site\/wp-json\/wp\/v2\/comments?post=2174"}],"version-history":[{"count":3,"href":"https:\/\/autate.fr\/site\/wp-json\/wp\/v2\/posts\/2174\/revisions"}],"predecessor-version":[{"id":2302,"href":"https:\/\/autate.fr\/site\/wp-json\/wp\/v2\/posts\/2174\/revisions\/2302"}],"wp:attachment":[{"href":"https:\/\/autate.fr\/site\/wp-json\/wp\/v2\/media?parent=2174"}],"wp:term":[{"taxonomy":"category","embeddable":true,"href":"https:\/\/autate.fr\/site\/wp-json\/wp\/v2\/categories?post=2174"},{"taxonomy":"post_tag","embeddable":true,"href":"https:\/\/autate.fr\/site\/wp-json\/wp\/v2\/tags?post=2174"}],"curies":[{"name":"wp","href":"https:\/\/api.w.org\/{rel}","templated":true}]}}