{"id":2163,"date":"2017-12-03T11:26:42","date_gmt":"2017-12-03T10:26:42","guid":{"rendered":"http:\/\/autate.fr\/site\/?p=2163"},"modified":"2025-11-21T22:13:08","modified_gmt":"2025-11-21T21:13:08","slug":"parcours-dune-usagere-dans-lagglo-et-bilan","status":"publish","type":"post","link":"https:\/\/autate.fr\/site\/parcours-dune-usagere-dans-lagglo-et-bilan\/","title":{"rendered":"parcours d&rsquo;une usag\u00e8re dans l&rsquo;agglo et bilan"},"content":{"rendered":"<p>Aujourd&rsquo;hui, samedi, en raison du froid et du temps (un livre \u00e0 lire) dont je dispose, je d\u00e9cide de me d\u00e9placer en transport en commun alors que je dois aller \u00e0 plusieurs endroits de l&rsquo;agglom\u00e9ration et que je poss\u00e8de une voiture.<\/p>\n<p>J&rsquo;habite \u00e0 Blagnac, je dois aller \u00e0 Rangueil (avenue Edouard Belin) puis \u00e0 Basso Cambo et retour \u00e0 Blagnac.<\/p>\n<p>Je m&rsquo;avance en v\u00e9lo jusqu&rsquo;\u00e0 la place du relais sur le trajet du tram car il y a un parc \u00e0 v\u00e9lo.<\/p>\n<p>Voici mes temps de parcours :<\/p>\n<p>-Blagnac-Avenue Edouard Belin : 1h15, 2 correspondances<br \/>\n-Avenue Edouard Belin-Basso Cambo : 48 minutes, 1 correspondance<br \/>\n-Basso-Cambo-Blagnac : 47 minutes, 1 correspondance<\/p>\n<p>Soit un total de 170 minutes, c\u00e0d <strong>2 heure 50 minutes<\/strong>.<br \/>\nLe co\u00fbt est de 1,60\u20ac x3 c\u00e0d 4,80\u20ac ou bien avec les tickets de 10, 4,02\u20ac pour les 3 d\u00e9placements.<br \/>\nMon bilan carbone est de 0,00804 tonnes de CO2 (calcul\u00e9 sur le site Tisseo)<\/p>\n<p>En voiture, j&rsquo;aurai mis :<br \/>\n<strong>44 minutes<\/strong>, pour parcourir 40 kms et d\u00e9pens\u00e9 12\u20ac (0,3\u20ac\/km)<br \/>\nAu niveau bilan carbone j&rsquo;aurais \u00e9mis en voiture 0.01 tonnes de CO2<\/p>\n<p>Marie-Pierre<\/p>\n","protected":false},"excerpt":{"rendered":"<p>Aujourd&rsquo;hui, samedi, en raison du froid et du temps (un livre \u00e0 lire) dont je dispose, je d\u00e9cide de me d\u00e9placer en transport en commun alors que je dois aller \u00e0 plusieurs endroits de l&rsquo;agglom\u00e9ration et que je poss\u00e8de une voiture. J&rsquo;habite \u00e0 Blagnac, je dois aller \u00e0 Rangueil (avenue Edouard Belin) puis \u00e0 Basso<\/p>\n<p class=\"more-link\"><a href=\"https:\/\/autate.fr\/site\/parcours-dune-usagere-dans-lagglo-et-bilan\/\" class=\"themebutton2\">VOIR PLUS<\/a><\/p>\n","protected":false},"author":1,"featured_media":0,"comment_status":"open","ping_status":"open","sticky":false,"template":"","format":"standard","meta":{"footnotes":""},"categories":[500,336],"tags":[],"class_list":["post-2163","post","type-post","status-publish","format-standard","hentry","category-bus-tisseo","category-temoignages"],"yoast_head":"<!-- This site is optimized with the Yoast SEO plugin v27.4 - https:\/\/yoast.com\/product\/yoast-seo-wordpress\/ -->\n<title>parcours d&#039;une usag\u00e8re dans l&#039;agglo et bilan - AUTATE<\/title>\n<meta name=\"robots\" content=\"index, follow, max-snippet:-1, max-image-preview:large, max-video-preview:-1\" \/>\n<link rel=\"canonical\" href=\"https:\/\/autate.fr\/site\/parcours-dune-usagere-dans-lagglo-et-bilan\/\" \/>\n<meta property=\"og:locale\" content=\"fr_FR\" \/>\n<meta property=\"og:type\" content=\"article\" \/>\n<meta property=\"og:title\" content=\"parcours d&#039;une usag\u00e8re dans l&#039;agglo et bilan - AUTATE\" \/>\n<meta property=\"og:description\" content=\"Aujourd&rsquo;hui, samedi, en raison du froid et du temps (un livre \u00e0 lire) dont je dispose, je d\u00e9cide de me d\u00e9placer en transport en commun alors que je dois aller \u00e0 plusieurs endroits de l&rsquo;agglom\u00e9ration et que je poss\u00e8de une voiture. J&rsquo;habite \u00e0 Blagnac, je dois aller \u00e0 Rangueil (avenue Edouard Belin) puis \u00e0 BassoVOIR PLUS\" \/>\n<meta property=\"og:url\" content=\"https:\/\/autate.fr\/site\/parcours-dune-usagere-dans-lagglo-et-bilan\/\" \/>\n<meta property=\"og:site_name\" content=\"AUTATE\" \/>\n<meta property=\"article:publisher\" content=\"https:\/\/www.facebook.com\/AutateToulouse\" \/>\n<meta property=\"article:published_time\" content=\"2017-12-03T10:26:42+00:00\" \/>\n<meta property=\"article:modified_time\" content=\"2025-11-21T21:13:08+00:00\" \/>\n<meta name=\"author\" content=\"pascalbarbier\" \/>\n<meta name=\"twitter:card\" content=\"summary_large_image\" \/>\n<meta name=\"twitter:creator\" content=\"@AutateToulouse\" \/>\n<meta name=\"twitter:site\" content=\"@AutateToulouse\" \/>\n<meta name=\"twitter:label1\" content=\"\u00c9crit par\" \/>\n\t<meta name=\"twitter:data1\" content=\"pascalbarbier\" \/>\n\t<meta name=\"twitter:label2\" content=\"Dur\u00e9e de lecture estim\u00e9e\" \/>\n\t<meta name=\"twitter:data2\" content=\"1 minute\" \/>\n<script type=\"application\/ld+json\" class=\"yoast-schema-graph\">{\"@context\":\"https:\\\/\\\/schema.org\",\"@graph\":[{\"@type\":\"Article\",\"@id\":\"https:\\\/\\\/autate.fr\\\/site\\\/parcours-dune-usagere-dans-lagglo-et-bilan\\\/#article\",\"isPartOf\":{\"@id\":\"https:\\\/\\\/autate.fr\\\/site\\\/parcours-dune-usagere-dans-lagglo-et-bilan\\\/\"},\"author\":{\"name\":\"pascalbarbier\",\"@id\":\"https:\\\/\\\/autate.fr\\\/site\\\/#\\\/schema\\\/person\\\/ae1ab8bdaa7b41d2a9b52d2557ce8254\"},\"headline\":\"parcours d&rsquo;une usag\u00e8re dans l&rsquo;agglo et bilan\",\"datePublished\":\"2017-12-03T10:26:42+00:00\",\"dateModified\":\"2025-11-21T21:13:08+00:00\",\"mainEntityOfPage\":{\"@id\":\"https:\\\/\\\/autate.fr\\\/site\\\/parcours-dune-usagere-dans-lagglo-et-bilan\\\/\"},\"wordCount\":172,\"commentCount\":2,\"publisher\":{\"@id\":\"https:\\\/\\\/autate.fr\\\/site\\\/#organization\"},\"articleSection\":[\"Bus Tisseo\",\"T\u00e9moignages\"],\"inLanguage\":\"fr-FR\",\"potentialAction\":[{\"@type\":\"CommentAction\",\"name\":\"Comment\",\"target\":[\"https:\\\/\\\/autate.fr\\\/site\\\/parcours-dune-usagere-dans-lagglo-et-bilan\\\/#respond\"]}]},{\"@type\":\"WebPage\",\"@id\":\"https:\\\/\\\/autate.fr\\\/site\\\/parcours-dune-usagere-dans-lagglo-et-bilan\\\/\",\"url\":\"https:\\\/\\\/autate.fr\\\/site\\\/parcours-dune-usagere-dans-lagglo-et-bilan\\\/\",\"name\":\"parcours d'une usag\u00e8re dans l'agglo et bilan - AUTATE\",\"isPartOf\":{\"@id\":\"https:\\\/\\\/autate.fr\\\/site\\\/#website\"},\"datePublished\":\"2017-12-03T10:26:42+00:00\",\"dateModified\":\"2025-11-21T21:13:08+00:00\",\"breadcrumb\":{\"@id\":\"https:\\\/\\\/autate.fr\\\/site\\\/parcours-dune-usagere-dans-lagglo-et-bilan\\\/#breadcrumb\"},\"inLanguage\":\"fr-FR\",\"potentialAction\":[{\"@type\":\"ReadAction\",\"target\":[\"https:\\\/\\\/autate.fr\\\/site\\\/parcours-dune-usagere-dans-lagglo-et-bilan\\\/\"]}]},{\"@type\":\"BreadcrumbList\",\"@id\":\"https:\\\/\\\/autate.fr\\\/site\\\/parcours-dune-usagere-dans-lagglo-et-bilan\\\/#breadcrumb\",\"itemListElement\":[{\"@type\":\"ListItem\",\"position\":1,\"name\":\"Accueil\",\"item\":\"https:\\\/\\\/autate.fr\\\/site\\\/\"},{\"@type\":\"ListItem\",\"position\":2,\"name\":\"parcours d&rsquo;une usag\u00e8re dans l&rsquo;agglo et bilan\"}]},{\"@type\":\"WebSite\",\"@id\":\"https:\\\/\\\/autate.fr\\\/site\\\/#website\",\"url\":\"https:\\\/\\\/autate.fr\\\/site\\\/\",\"name\":\"AUTATE\",\"description\":\"Association des usagers des transports de l&#039;agglom\u00e9ration Toulousaine et de ses environs\",\"publisher\":{\"@id\":\"https:\\\/\\\/autate.fr\\\/site\\\/#organization\"},\"potentialAction\":[{\"@type\":\"SearchAction\",\"target\":{\"@type\":\"EntryPoint\",\"urlTemplate\":\"https:\\\/\\\/autate.fr\\\/site\\\/?s={search_term_string}\"},\"query-input\":{\"@type\":\"PropertyValueSpecification\",\"valueRequired\":true,\"valueName\":\"search_term_string\"}}],\"inLanguage\":\"fr-FR\"},{\"@type\":\"Organization\",\"@id\":\"https:\\\/\\\/autate.fr\\\/site\\\/#organization\",\"name\":\"AUTATE\",\"url\":\"https:\\\/\\\/autate.fr\\\/site\\\/\",\"logo\":{\"@type\":\"ImageObject\",\"inLanguage\":\"fr-FR\",\"@id\":\"https:\\\/\\\/autate.fr\\\/site\\\/#\\\/schema\\\/logo\\\/image\\\/\",\"url\":\"http:\\\/\\\/autate.fr\\\/site\\\/wp-content\\\/uploads\\\/2019\\\/01\\\/logo.png\",\"contentUrl\":\"http:\\\/\\\/autate.fr\\\/site\\\/wp-content\\\/uploads\\\/2019\\\/01\\\/logo.png\",\"width\":506,\"height\":280,\"caption\":\"AUTATE\"},\"image\":{\"@id\":\"https:\\\/\\\/autate.fr\\\/site\\\/#\\\/schema\\\/logo\\\/image\\\/\"},\"sameAs\":[\"https:\\\/\\\/www.facebook.com\\\/AutateToulouse\",\"https:\\\/\\\/x.com\\\/AutateToulouse\"]},{\"@type\":\"Person\",\"@id\":\"https:\\\/\\\/autate.fr\\\/site\\\/#\\\/schema\\\/person\\\/ae1ab8bdaa7b41d2a9b52d2557ce8254\",\"name\":\"pascalbarbier\",\"image\":{\"@type\":\"ImageObject\",\"inLanguage\":\"fr-FR\",\"@id\":\"https:\\\/\\\/secure.gravatar.com\\\/avatar\\\/03f4e8ced09894b72c67e83142540730d4b3bbf619bf46341b0074e3bf5f08a0?s=96&d=mm&r=g\",\"url\":\"https:\\\/\\\/secure.gravatar.com\\\/avatar\\\/03f4e8ced09894b72c67e83142540730d4b3bbf619bf46341b0074e3bf5f08a0?s=96&d=mm&r=g\",\"contentUrl\":\"https:\\\/\\\/secure.gravatar.com\\\/avatar\\\/03f4e8ced09894b72c67e83142540730d4b3bbf619bf46341b0074e3bf5f08a0?s=96&d=mm&r=g\",\"caption\":\"pascalbarbier\"},\"url\":\"https:\\\/\\\/autate.fr\\\/site\\\/author\\\/pascalbarbier\\\/\"}]}<\/script>\n<!-- \/ Yoast SEO plugin. -->","yoast_head_json":{"title":"parcours d'une usag\u00e8re dans l'agglo et bilan - AUTATE","robots":{"index":"index","follow":"follow","max-snippet":"max-snippet:-1","max-image-preview":"max-image-preview:large","max-video-preview":"max-video-preview:-1"},"canonical":"https:\/\/autate.fr\/site\/parcours-dune-usagere-dans-lagglo-et-bilan\/","og_locale":"fr_FR","og_type":"article","og_title":"parcours d'une usag\u00e8re dans l'agglo et bilan - AUTATE","og_description":"Aujourd&rsquo;hui, samedi, en raison du froid et du temps (un livre \u00e0 lire) dont je dispose, je d\u00e9cide de me d\u00e9placer en transport en commun alors que je dois aller \u00e0 plusieurs endroits de l&rsquo;agglom\u00e9ration et que je poss\u00e8de une voiture. J&rsquo;habite \u00e0 Blagnac, je dois aller \u00e0 Rangueil (avenue Edouard Belin) puis \u00e0 BassoVOIR PLUS","og_url":"https:\/\/autate.fr\/site\/parcours-dune-usagere-dans-lagglo-et-bilan\/","og_site_name":"AUTATE","article_publisher":"https:\/\/www.facebook.com\/AutateToulouse","article_published_time":"2017-12-03T10:26:42+00:00","article_modified_time":"2025-11-21T21:13:08+00:00","author":"pascalbarbier","twitter_card":"summary_large_image","twitter_creator":"@AutateToulouse","twitter_site":"@AutateToulouse","twitter_misc":{"\u00c9crit par":"pascalbarbier","Dur\u00e9e de lecture estim\u00e9e":"1 minute"},"schema":{"@context":"https:\/\/schema.org","@graph":[{"@type":"Article","@id":"https:\/\/autate.fr\/site\/parcours-dune-usagere-dans-lagglo-et-bilan\/#article","isPartOf":{"@id":"https:\/\/autate.fr\/site\/parcours-dune-usagere-dans-lagglo-et-bilan\/"},"author":{"name":"pascalbarbier","@id":"https:\/\/autate.fr\/site\/#\/schema\/person\/ae1ab8bdaa7b41d2a9b52d2557ce8254"},"headline":"parcours d&rsquo;une usag\u00e8re dans l&rsquo;agglo et bilan","datePublished":"2017-12-03T10:26:42+00:00","dateModified":"2025-11-21T21:13:08+00:00","mainEntityOfPage":{"@id":"https:\/\/autate.fr\/site\/parcours-dune-usagere-dans-lagglo-et-bilan\/"},"wordCount":172,"commentCount":2,"publisher":{"@id":"https:\/\/autate.fr\/site\/#organization"},"articleSection":["Bus Tisseo","T\u00e9moignages"],"inLanguage":"fr-FR","potentialAction":[{"@type":"CommentAction","name":"Comment","target":["https:\/\/autate.fr\/site\/parcours-dune-usagere-dans-lagglo-et-bilan\/#respond"]}]},{"@type":"WebPage","@id":"https:\/\/autate.fr\/site\/parcours-dune-usagere-dans-lagglo-et-bilan\/","url":"https:\/\/autate.fr\/site\/parcours-dune-usagere-dans-lagglo-et-bilan\/","name":"parcours d'une usag\u00e8re dans l'agglo et bilan - AUTATE","isPartOf":{"@id":"https:\/\/autate.fr\/site\/#website"},"datePublished":"2017-12-03T10:26:42+00:00","dateModified":"2025-11-21T21:13:08+00:00","breadcrumb":{"@id":"https:\/\/autate.fr\/site\/parcours-dune-usagere-dans-lagglo-et-bilan\/#breadcrumb"},"inLanguage":"fr-FR","potentialAction":[{"@type":"ReadAction","target":["https:\/\/autate.fr\/site\/parcours-dune-usagere-dans-lagglo-et-bilan\/"]}]},{"@type":"BreadcrumbList","@id":"https:\/\/autate.fr\/site\/parcours-dune-usagere-dans-lagglo-et-bilan\/#breadcrumb","itemListElement":[{"@type":"ListItem","position":1,"name":"Accueil","item":"https:\/\/autate.fr\/site\/"},{"@type":"ListItem","position":2,"name":"parcours d&rsquo;une usag\u00e8re dans l&rsquo;agglo et bilan"}]},{"@type":"WebSite","@id":"https:\/\/autate.fr\/site\/#website","url":"https:\/\/autate.fr\/site\/","name":"AUTATE","description":"Association des usagers des transports de l&#039;agglom\u00e9ration Toulousaine et de ses environs","publisher":{"@id":"https:\/\/autate.fr\/site\/#organization"},"potentialAction":[{"@type":"SearchAction","target":{"@type":"EntryPoint","urlTemplate":"https:\/\/autate.fr\/site\/?s={search_term_string}"},"query-input":{"@type":"PropertyValueSpecification","valueRequired":true,"valueName":"search_term_string"}}],"inLanguage":"fr-FR"},{"@type":"Organization","@id":"https:\/\/autate.fr\/site\/#organization","name":"AUTATE","url":"https:\/\/autate.fr\/site\/","logo":{"@type":"ImageObject","inLanguage":"fr-FR","@id":"https:\/\/autate.fr\/site\/#\/schema\/logo\/image\/","url":"http:\/\/autate.fr\/site\/wp-content\/uploads\/2019\/01\/logo.png","contentUrl":"http:\/\/autate.fr\/site\/wp-content\/uploads\/2019\/01\/logo.png","width":506,"height":280,"caption":"AUTATE"},"image":{"@id":"https:\/\/autate.fr\/site\/#\/schema\/logo\/image\/"},"sameAs":["https:\/\/www.facebook.com\/AutateToulouse","https:\/\/x.com\/AutateToulouse"]},{"@type":"Person","@id":"https:\/\/autate.fr\/site\/#\/schema\/person\/ae1ab8bdaa7b41d2a9b52d2557ce8254","name":"pascalbarbier","image":{"@type":"ImageObject","inLanguage":"fr-FR","@id":"https:\/\/secure.gravatar.com\/avatar\/03f4e8ced09894b72c67e83142540730d4b3bbf619bf46341b0074e3bf5f08a0?s=96&d=mm&r=g","url":"https:\/\/secure.gravatar.com\/avatar\/03f4e8ced09894b72c67e83142540730d4b3bbf619bf46341b0074e3bf5f08a0?s=96&d=mm&r=g","contentUrl":"https:\/\/secure.gravatar.com\/avatar\/03f4e8ced09894b72c67e83142540730d4b3bbf619bf46341b0074e3bf5f08a0?s=96&d=mm&r=g","caption":"pascalbarbier"},"url":"https:\/\/autate.fr\/site\/author\/pascalbarbier\/"}]}},"_links":{"self":[{"href":"https:\/\/autate.fr\/site\/wp-json\/wp\/v2\/posts\/2163","targetHints":{"allow":["GET"]}}],"collection":[{"href":"https:\/\/autate.fr\/site\/wp-json\/wp\/v2\/posts"}],"about":[{"href":"https:\/\/autate.fr\/site\/wp-json\/wp\/v2\/types\/post"}],"author":[{"embeddable":true,"href":"https:\/\/autate.fr\/site\/wp-json\/wp\/v2\/users\/1"}],"replies":[{"embeddable":true,"href":"https:\/\/autate.fr\/site\/wp-json\/wp\/v2\/comments?post=2163"}],"version-history":[{"count":7,"href":"https:\/\/autate.fr\/site\/wp-json\/wp\/v2\/posts\/2163\/revisions"}],"predecessor-version":[{"id":2173,"href":"https:\/\/autate.fr\/site\/wp-json\/wp\/v2\/posts\/2163\/revisions\/2173"}],"wp:attachment":[{"href":"https:\/\/autate.fr\/site\/wp-json\/wp\/v2\/media?parent=2163"}],"wp:term":[{"taxonomy":"category","embeddable":true,"href":"https:\/\/autate.fr\/site\/wp-json\/wp\/v2\/categories?post=2163"},{"taxonomy":"post_tag","embeddable":true,"href":"https:\/\/autate.fr\/site\/wp-json\/wp\/v2\/tags?post=2163"}],"curies":[{"name":"wp","href":"https:\/\/api.w.org\/{rel}","templated":true}]}}