{"id":2140,"date":"2017-10-03T11:20:33","date_gmt":"2017-10-03T09:20:33","guid":{"rendered":"http:\/\/autate.fr\/site\/?p=2140"},"modified":"2025-11-21T22:05:14","modified_gmt":"2025-11-21T21:05:14","slug":"le-point-de-vue-de-labave-la-3eme-ligne-aggravera-les-embouteillages","status":"publish","type":"post","link":"https:\/\/autate.fr\/site\/le-point-de-vue-de-labave-la-3eme-ligne-aggravera-les-embouteillages\/","title":{"rendered":"Le point de vue de l&rsquo;ABAVE : la 3\u00e8me ligne aggravera les embouteillages"},"content":{"rendered":"<p>L&rsquo;association blagnacaise <a href=\"http:\/\/www.abave.net\/\" target=\"_blank\" rel=\"noopener\"><strong>ABAVE<\/strong><\/a> a r\u00e9pondu \u00e0 l&rsquo;enqu\u00eate publique.<\/p>\n<p><a href=\"https:\/\/www.registre-numerique.fr\/projet-mobilites\/voir-avis?avis=19452\" target=\"_blank\" rel=\"noopener\">https:\/\/www.registre-numerique.fr\/projet-mobilites\/voir-avis?avis=19452<\/a><\/p>\n<p>Comme le registre n&rsquo;est plus visible au public (!!!), voici le PDF de leur<strong> <a href=\"https:\/\/autate.fr\/site\/wp-content\/uploads\/2017\/10\/ContributionABAVEProjetMobilit\u00e9s-1.pdf\" target=\"_blank\" rel=\"noopener\">Contribution<\/a><\/strong><\/p>\n<p>Pour am\u00e9liorer sur le court terme les d\u00e9placements sur leur secteur ils sugg\u00e8rent :<br \/>\n&#8211; l&rsquo;acc\u00e9l\u00e9ration de la vitesse du tramway, sa mise en site propre sur tout son parcours et une augmentation des fr\u00e9quences des rames<br \/>\n&#8211; la cr\u00e9ation d&rsquo;un bus en site propre reliant l&rsquo;a\u00e9rogare de Blagnac \u00e0 la barri\u00e8re de Paris et donc une connexion avec la ligne B au niveau de la station de m\u00e9tro.<br \/>\n&#8211; la cr\u00e9ation d&rsquo;un bus circulaire autour de l&rsquo;a\u00e9roport,<br \/>\n&#8211; le prolongement de la Lin\u00e9o 1 jusqu&rsquo;\u00e0 la station de tramway T1 Servanty<br \/>\n&#8211; la cr\u00e9ation de parking relais aux entr\u00e9es nord de la ville<\/p>\n<p>Le \u00ab Projet Mobilit\u00e9s \u00bb trop ax\u00e9 sur et autour de la troisi\u00e8me ligne de m\u00e9tro est un projet essentiellement toulousain. ll n&rsquo;apporte aucune solution satisfaisante pour qu&rsquo;un transfert de mode de d\u00e9placements s&rsquo;effectue vers les TC et les modes doux. A contrario, fautes d&rsquo;alternatives, il risque d&rsquo;augmenter fortement sur tout le secteur la circulation routi\u00e8re et les nuisances aff\u00e9rentes \u00e0 ce Projet\u00a0 : pollution de I&rsquo;air, augmentation du bruit, risque accru d&rsquo;accidents de la circulation (cf. la liaison routi\u00e8re programm\u00e9e entre le parc d&rsquo;exposition et Saint-Jory).<\/p>\n","protected":false},"excerpt":{"rendered":"<p>L&rsquo;association blagnacaise ABAVE a r\u00e9pondu \u00e0 l&rsquo;enqu\u00eate publique. https:\/\/www.registre-numerique.fr\/projet-mobilites\/voir-avis?avis=19452 Comme le registre n&rsquo;est plus visible au public (!!!), voici le PDF de leur Contribution Pour am\u00e9liorer sur le court terme les d\u00e9placements sur leur secteur ils sugg\u00e8rent : &#8211; l&rsquo;acc\u00e9l\u00e9ration de la vitesse du tramway, sa mise en site propre sur tout son parcours et<\/p>\n<p class=\"more-link\"><a href=\"https:\/\/autate.fr\/site\/le-point-de-vue-de-labave-la-3eme-ligne-aggravera-les-embouteillages\/\" class=\"themebutton2\">VOIR PLUS<\/a><\/p>\n","protected":false},"author":1,"featured_media":0,"comment_status":"open","ping_status":"open","sticky":false,"template":"","format":"standard","meta":{"footnotes":""},"categories":[525],"tags":[429,34,430,236,304],"class_list":["post-2140","post","type-post","status-publish","format-standard","hentry","category-pdm","tag-abave","tag-blagnac","tag-lineo1","tag-projet-mobilites","tag-tramway"],"yoast_head":"<!-- This site is optimized with the Yoast SEO plugin v27.4 - https:\/\/yoast.com\/product\/yoast-seo-wordpress\/ -->\n<title>Le point de vue de l&#039;ABAVE : la 3\u00e8me ligne aggravera les embouteillages - AUTATE<\/title>\n<meta name=\"robots\" content=\"index, follow, max-snippet:-1, max-image-preview:large, max-video-preview:-1\" \/>\n<link rel=\"canonical\" href=\"https:\/\/autate.fr\/site\/le-point-de-vue-de-labave-la-3eme-ligne-aggravera-les-embouteillages\/\" \/>\n<meta property=\"og:locale\" content=\"fr_FR\" \/>\n<meta property=\"og:type\" content=\"article\" \/>\n<meta property=\"og:title\" content=\"Le point de vue de l&#039;ABAVE : la 3\u00e8me ligne aggravera les embouteillages - AUTATE\" \/>\n<meta property=\"og:description\" content=\"L&rsquo;association blagnacaise ABAVE a r\u00e9pondu \u00e0 l&rsquo;enqu\u00eate publique. https:\/\/www.registre-numerique.fr\/projet-mobilites\/voir-avis?avis=19452 Comme le registre n&rsquo;est plus visible au public (!!!), voici le PDF de leur Contribution Pour am\u00e9liorer sur le court terme les d\u00e9placements sur leur secteur ils sugg\u00e8rent : &#8211; l&rsquo;acc\u00e9l\u00e9ration de la vitesse du tramway, sa mise en site propre sur tout son parcours etVOIR PLUS\" \/>\n<meta property=\"og:url\" content=\"https:\/\/autate.fr\/site\/le-point-de-vue-de-labave-la-3eme-ligne-aggravera-les-embouteillages\/\" \/>\n<meta property=\"og:site_name\" content=\"AUTATE\" \/>\n<meta property=\"article:publisher\" content=\"https:\/\/www.facebook.com\/AutateToulouse\" \/>\n<meta property=\"article:published_time\" content=\"2017-10-03T09:20:33+00:00\" \/>\n<meta property=\"article:modified_time\" content=\"2025-11-21T21:05:14+00:00\" \/>\n<meta name=\"author\" content=\"pascalbarbier\" \/>\n<meta name=\"twitter:card\" content=\"summary_large_image\" \/>\n<meta name=\"twitter:creator\" content=\"@AutateToulouse\" \/>\n<meta name=\"twitter:site\" content=\"@AutateToulouse\" \/>\n<meta name=\"twitter:label1\" content=\"\u00c9crit par\" \/>\n\t<meta name=\"twitter:data1\" content=\"pascalbarbier\" \/>\n\t<meta name=\"twitter:label2\" content=\"Dur\u00e9e de lecture estim\u00e9e\" \/>\n\t<meta name=\"twitter:data2\" content=\"1 minute\" \/>\n<script type=\"application\/ld+json\" class=\"yoast-schema-graph\">{\"@context\":\"https:\\\/\\\/schema.org\",\"@graph\":[{\"@type\":\"Article\",\"@id\":\"https:\\\/\\\/autate.fr\\\/site\\\/le-point-de-vue-de-labave-la-3eme-ligne-aggravera-les-embouteillages\\\/#article\",\"isPartOf\":{\"@id\":\"https:\\\/\\\/autate.fr\\\/site\\\/le-point-de-vue-de-labave-la-3eme-ligne-aggravera-les-embouteillages\\\/\"},\"author\":{\"name\":\"pascalbarbier\",\"@id\":\"https:\\\/\\\/autate.fr\\\/site\\\/#\\\/schema\\\/person\\\/ae1ab8bdaa7b41d2a9b52d2557ce8254\"},\"headline\":\"Le point de vue de l&rsquo;ABAVE : la 3\u00e8me ligne aggravera les embouteillages\",\"datePublished\":\"2017-10-03T09:20:33+00:00\",\"dateModified\":\"2025-11-21T21:05:14+00:00\",\"mainEntityOfPage\":{\"@id\":\"https:\\\/\\\/autate.fr\\\/site\\\/le-point-de-vue-de-labave-la-3eme-ligne-aggravera-les-embouteillages\\\/\"},\"wordCount\":249,\"commentCount\":0,\"publisher\":{\"@id\":\"https:\\\/\\\/autate.fr\\\/site\\\/#organization\"},\"keywords\":[\"ABAVE\",\"Blagnac\",\"lineo1\",\"projet mobilit\u00e9s\",\"tramway\"],\"articleSection\":[\"PlanDeMobilit\u00e9\"],\"inLanguage\":\"fr-FR\",\"potentialAction\":[{\"@type\":\"CommentAction\",\"name\":\"Comment\",\"target\":[\"https:\\\/\\\/autate.fr\\\/site\\\/le-point-de-vue-de-labave-la-3eme-ligne-aggravera-les-embouteillages\\\/#respond\"]}]},{\"@type\":\"WebPage\",\"@id\":\"https:\\\/\\\/autate.fr\\\/site\\\/le-point-de-vue-de-labave-la-3eme-ligne-aggravera-les-embouteillages\\\/\",\"url\":\"https:\\\/\\\/autate.fr\\\/site\\\/le-point-de-vue-de-labave-la-3eme-ligne-aggravera-les-embouteillages\\\/\",\"name\":\"Le point de vue de l'ABAVE : la 3\u00e8me ligne aggravera les embouteillages - AUTATE\",\"isPartOf\":{\"@id\":\"https:\\\/\\\/autate.fr\\\/site\\\/#website\"},\"datePublished\":\"2017-10-03T09:20:33+00:00\",\"dateModified\":\"2025-11-21T21:05:14+00:00\",\"breadcrumb\":{\"@id\":\"https:\\\/\\\/autate.fr\\\/site\\\/le-point-de-vue-de-labave-la-3eme-ligne-aggravera-les-embouteillages\\\/#breadcrumb\"},\"inLanguage\":\"fr-FR\",\"potentialAction\":[{\"@type\":\"ReadAction\",\"target\":[\"https:\\\/\\\/autate.fr\\\/site\\\/le-point-de-vue-de-labave-la-3eme-ligne-aggravera-les-embouteillages\\\/\"]}]},{\"@type\":\"BreadcrumbList\",\"@id\":\"https:\\\/\\\/autate.fr\\\/site\\\/le-point-de-vue-de-labave-la-3eme-ligne-aggravera-les-embouteillages\\\/#breadcrumb\",\"itemListElement\":[{\"@type\":\"ListItem\",\"position\":1,\"name\":\"Accueil\",\"item\":\"https:\\\/\\\/autate.fr\\\/site\\\/\"},{\"@type\":\"ListItem\",\"position\":2,\"name\":\"Le point de vue de l&rsquo;ABAVE : la 3\u00e8me ligne aggravera les embouteillages\"}]},{\"@type\":\"WebSite\",\"@id\":\"https:\\\/\\\/autate.fr\\\/site\\\/#website\",\"url\":\"https:\\\/\\\/autate.fr\\\/site\\\/\",\"name\":\"AUTATE\",\"description\":\"Association des usagers des transports de l&#039;agglom\u00e9ration Toulousaine et de ses environs\",\"publisher\":{\"@id\":\"https:\\\/\\\/autate.fr\\\/site\\\/#organization\"},\"potentialAction\":[{\"@type\":\"SearchAction\",\"target\":{\"@type\":\"EntryPoint\",\"urlTemplate\":\"https:\\\/\\\/autate.fr\\\/site\\\/?s={search_term_string}\"},\"query-input\":{\"@type\":\"PropertyValueSpecification\",\"valueRequired\":true,\"valueName\":\"search_term_string\"}}],\"inLanguage\":\"fr-FR\"},{\"@type\":\"Organization\",\"@id\":\"https:\\\/\\\/autate.fr\\\/site\\\/#organization\",\"name\":\"AUTATE\",\"url\":\"https:\\\/\\\/autate.fr\\\/site\\\/\",\"logo\":{\"@type\":\"ImageObject\",\"inLanguage\":\"fr-FR\",\"@id\":\"https:\\\/\\\/autate.fr\\\/site\\\/#\\\/schema\\\/logo\\\/image\\\/\",\"url\":\"http:\\\/\\\/autate.fr\\\/site\\\/wp-content\\\/uploads\\\/2019\\\/01\\\/logo.png\",\"contentUrl\":\"http:\\\/\\\/autate.fr\\\/site\\\/wp-content\\\/uploads\\\/2019\\\/01\\\/logo.png\",\"width\":506,\"height\":280,\"caption\":\"AUTATE\"},\"image\":{\"@id\":\"https:\\\/\\\/autate.fr\\\/site\\\/#\\\/schema\\\/logo\\\/image\\\/\"},\"sameAs\":[\"https:\\\/\\\/www.facebook.com\\\/AutateToulouse\",\"https:\\\/\\\/x.com\\\/AutateToulouse\"]},{\"@type\":\"Person\",\"@id\":\"https:\\\/\\\/autate.fr\\\/site\\\/#\\\/schema\\\/person\\\/ae1ab8bdaa7b41d2a9b52d2557ce8254\",\"name\":\"pascalbarbier\",\"image\":{\"@type\":\"ImageObject\",\"inLanguage\":\"fr-FR\",\"@id\":\"https:\\\/\\\/secure.gravatar.com\\\/avatar\\\/03f4e8ced09894b72c67e83142540730d4b3bbf619bf46341b0074e3bf5f08a0?s=96&d=mm&r=g\",\"url\":\"https:\\\/\\\/secure.gravatar.com\\\/avatar\\\/03f4e8ced09894b72c67e83142540730d4b3bbf619bf46341b0074e3bf5f08a0?s=96&d=mm&r=g\",\"contentUrl\":\"https:\\\/\\\/secure.gravatar.com\\\/avatar\\\/03f4e8ced09894b72c67e83142540730d4b3bbf619bf46341b0074e3bf5f08a0?s=96&d=mm&r=g\",\"caption\":\"pascalbarbier\"},\"url\":\"https:\\\/\\\/autate.fr\\\/site\\\/author\\\/pascalbarbier\\\/\"}]}<\/script>\n<!-- \/ Yoast SEO plugin. -->","yoast_head_json":{"title":"Le point de vue de l'ABAVE : la 3\u00e8me ligne aggravera les embouteillages - AUTATE","robots":{"index":"index","follow":"follow","max-snippet":"max-snippet:-1","max-image-preview":"max-image-preview:large","max-video-preview":"max-video-preview:-1"},"canonical":"https:\/\/autate.fr\/site\/le-point-de-vue-de-labave-la-3eme-ligne-aggravera-les-embouteillages\/","og_locale":"fr_FR","og_type":"article","og_title":"Le point de vue de l'ABAVE : la 3\u00e8me ligne aggravera les embouteillages - AUTATE","og_description":"L&rsquo;association blagnacaise ABAVE a r\u00e9pondu \u00e0 l&rsquo;enqu\u00eate publique. https:\/\/www.registre-numerique.fr\/projet-mobilites\/voir-avis?avis=19452 Comme le registre n&rsquo;est plus visible au public (!!!), voici le PDF de leur Contribution Pour am\u00e9liorer sur le court terme les d\u00e9placements sur leur secteur ils sugg\u00e8rent : &#8211; l&rsquo;acc\u00e9l\u00e9ration de la vitesse du tramway, sa mise en site propre sur tout son parcours etVOIR PLUS","og_url":"https:\/\/autate.fr\/site\/le-point-de-vue-de-labave-la-3eme-ligne-aggravera-les-embouteillages\/","og_site_name":"AUTATE","article_publisher":"https:\/\/www.facebook.com\/AutateToulouse","article_published_time":"2017-10-03T09:20:33+00:00","article_modified_time":"2025-11-21T21:05:14+00:00","author":"pascalbarbier","twitter_card":"summary_large_image","twitter_creator":"@AutateToulouse","twitter_site":"@AutateToulouse","twitter_misc":{"\u00c9crit par":"pascalbarbier","Dur\u00e9e de lecture estim\u00e9e":"1 minute"},"schema":{"@context":"https:\/\/schema.org","@graph":[{"@type":"Article","@id":"https:\/\/autate.fr\/site\/le-point-de-vue-de-labave-la-3eme-ligne-aggravera-les-embouteillages\/#article","isPartOf":{"@id":"https:\/\/autate.fr\/site\/le-point-de-vue-de-labave-la-3eme-ligne-aggravera-les-embouteillages\/"},"author":{"name":"pascalbarbier","@id":"https:\/\/autate.fr\/site\/#\/schema\/person\/ae1ab8bdaa7b41d2a9b52d2557ce8254"},"headline":"Le point de vue de l&rsquo;ABAVE : la 3\u00e8me ligne aggravera les embouteillages","datePublished":"2017-10-03T09:20:33+00:00","dateModified":"2025-11-21T21:05:14+00:00","mainEntityOfPage":{"@id":"https:\/\/autate.fr\/site\/le-point-de-vue-de-labave-la-3eme-ligne-aggravera-les-embouteillages\/"},"wordCount":249,"commentCount":0,"publisher":{"@id":"https:\/\/autate.fr\/site\/#organization"},"keywords":["ABAVE","Blagnac","lineo1","projet mobilit\u00e9s","tramway"],"articleSection":["PlanDeMobilit\u00e9"],"inLanguage":"fr-FR","potentialAction":[{"@type":"CommentAction","name":"Comment","target":["https:\/\/autate.fr\/site\/le-point-de-vue-de-labave-la-3eme-ligne-aggravera-les-embouteillages\/#respond"]}]},{"@type":"WebPage","@id":"https:\/\/autate.fr\/site\/le-point-de-vue-de-labave-la-3eme-ligne-aggravera-les-embouteillages\/","url":"https:\/\/autate.fr\/site\/le-point-de-vue-de-labave-la-3eme-ligne-aggravera-les-embouteillages\/","name":"Le point de vue de l'ABAVE : la 3\u00e8me ligne aggravera les embouteillages - AUTATE","isPartOf":{"@id":"https:\/\/autate.fr\/site\/#website"},"datePublished":"2017-10-03T09:20:33+00:00","dateModified":"2025-11-21T21:05:14+00:00","breadcrumb":{"@id":"https:\/\/autate.fr\/site\/le-point-de-vue-de-labave-la-3eme-ligne-aggravera-les-embouteillages\/#breadcrumb"},"inLanguage":"fr-FR","potentialAction":[{"@type":"ReadAction","target":["https:\/\/autate.fr\/site\/le-point-de-vue-de-labave-la-3eme-ligne-aggravera-les-embouteillages\/"]}]},{"@type":"BreadcrumbList","@id":"https:\/\/autate.fr\/site\/le-point-de-vue-de-labave-la-3eme-ligne-aggravera-les-embouteillages\/#breadcrumb","itemListElement":[{"@type":"ListItem","position":1,"name":"Accueil","item":"https:\/\/autate.fr\/site\/"},{"@type":"ListItem","position":2,"name":"Le point de vue de l&rsquo;ABAVE : la 3\u00e8me ligne aggravera les embouteillages"}]},{"@type":"WebSite","@id":"https:\/\/autate.fr\/site\/#website","url":"https:\/\/autate.fr\/site\/","name":"AUTATE","description":"Association des usagers des transports de l&#039;agglom\u00e9ration Toulousaine et de ses environs","publisher":{"@id":"https:\/\/autate.fr\/site\/#organization"},"potentialAction":[{"@type":"SearchAction","target":{"@type":"EntryPoint","urlTemplate":"https:\/\/autate.fr\/site\/?s={search_term_string}"},"query-input":{"@type":"PropertyValueSpecification","valueRequired":true,"valueName":"search_term_string"}}],"inLanguage":"fr-FR"},{"@type":"Organization","@id":"https:\/\/autate.fr\/site\/#organization","name":"AUTATE","url":"https:\/\/autate.fr\/site\/","logo":{"@type":"ImageObject","inLanguage":"fr-FR","@id":"https:\/\/autate.fr\/site\/#\/schema\/logo\/image\/","url":"http:\/\/autate.fr\/site\/wp-content\/uploads\/2019\/01\/logo.png","contentUrl":"http:\/\/autate.fr\/site\/wp-content\/uploads\/2019\/01\/logo.png","width":506,"height":280,"caption":"AUTATE"},"image":{"@id":"https:\/\/autate.fr\/site\/#\/schema\/logo\/image\/"},"sameAs":["https:\/\/www.facebook.com\/AutateToulouse","https:\/\/x.com\/AutateToulouse"]},{"@type":"Person","@id":"https:\/\/autate.fr\/site\/#\/schema\/person\/ae1ab8bdaa7b41d2a9b52d2557ce8254","name":"pascalbarbier","image":{"@type":"ImageObject","inLanguage":"fr-FR","@id":"https:\/\/secure.gravatar.com\/avatar\/03f4e8ced09894b72c67e83142540730d4b3bbf619bf46341b0074e3bf5f08a0?s=96&d=mm&r=g","url":"https:\/\/secure.gravatar.com\/avatar\/03f4e8ced09894b72c67e83142540730d4b3bbf619bf46341b0074e3bf5f08a0?s=96&d=mm&r=g","contentUrl":"https:\/\/secure.gravatar.com\/avatar\/03f4e8ced09894b72c67e83142540730d4b3bbf619bf46341b0074e3bf5f08a0?s=96&d=mm&r=g","caption":"pascalbarbier"},"url":"https:\/\/autate.fr\/site\/author\/pascalbarbier\/"}]}},"_links":{"self":[{"href":"https:\/\/autate.fr\/site\/wp-json\/wp\/v2\/posts\/2140","targetHints":{"allow":["GET"]}}],"collection":[{"href":"https:\/\/autate.fr\/site\/wp-json\/wp\/v2\/posts"}],"about":[{"href":"https:\/\/autate.fr\/site\/wp-json\/wp\/v2\/types\/post"}],"author":[{"embeddable":true,"href":"https:\/\/autate.fr\/site\/wp-json\/wp\/v2\/users\/1"}],"replies":[{"embeddable":true,"href":"https:\/\/autate.fr\/site\/wp-json\/wp\/v2\/comments?post=2140"}],"version-history":[{"count":7,"href":"https:\/\/autate.fr\/site\/wp-json\/wp\/v2\/posts\/2140\/revisions"}],"predecessor-version":[{"id":2149,"href":"https:\/\/autate.fr\/site\/wp-json\/wp\/v2\/posts\/2140\/revisions\/2149"}],"wp:attachment":[{"href":"https:\/\/autate.fr\/site\/wp-json\/wp\/v2\/media?parent=2140"}],"wp:term":[{"taxonomy":"category","embeddable":true,"href":"https:\/\/autate.fr\/site\/wp-json\/wp\/v2\/categories?post=2140"},{"taxonomy":"post_tag","embeddable":true,"href":"https:\/\/autate.fr\/site\/wp-json\/wp\/v2\/tags?post=2140"}],"curies":[{"name":"wp","href":"https:\/\/api.w.org\/{rel}","templated":true}]}}