{"id":213,"date":"2016-01-22T22:05:02","date_gmt":"2016-01-22T21:05:02","guid":{"rendered":"http:\/\/autate.fr\/site\/?p=213"},"modified":"2017-04-13T16:49:32","modified_gmt":"2017-04-13T14:49:32","slug":"la-depeche-la-ligne-de-bus-lineo-est-en-bonne-voie","status":"publish","type":"post","link":"https:\/\/autate.fr\/site\/la-depeche-la-ligne-de-bus-lineo-est-en-bonne-voie\/","title":{"rendered":"[La D\u00e9p\u00eache] La ligne de bus Lin\u00e9o est en bonne voie"},"content":{"rendered":"<p>Dans quelques mois, la ligne de bus Lin\u00e9o 2 reliera <a href=\"http:\/\/www.ladepeche.fr\/communes\/colomiers,31149.html\">Colomiers<\/a> aux Ar\u00e8nes en 30 minutes. Compos\u00e9 de vingt arr\u00eats entre le rond-point de la Fontaine Lumineuse et le lyc\u00e9e international Victor-Hugo, ce nouveau service est un fait une \u00e9volution de la ligne 64, la plus fr\u00e9quent\u00e9e de la m\u00e9tropole.<\/p>\n<p>Lors de ses v\u0153ux institutionnels, mercredi soir, au Hall Comminges, Karine Traval-Michelet, maire de Colomiers, a confirm\u00e9 l&rsquo;engagement dans cette voie. \u00abConcernant les d\u00e9placements et notre agenda 21, nous nous appuierons sur le d\u00e9veloppement des transports en commun et de nouvelles formes de mobilit\u00e9. En effet, la ligne de bus Lin\u00e9o 2 sera mise en service \u00e0 la fin de cette ann\u00e9e. Il offrira une qualit\u00e9 de service de tr\u00e8s bon niveau aux Colum\u00e9rines et aux Colum\u00e9rins. Nous pouvons esp\u00e9rer un changement dans les habitudes de d\u00e9placement vers Toulouse, compte tenu de sa fr\u00e9quence et de son amplitude horaires\u00bb.<\/p>\n<p><a href=\"http:\/\/www.ladepeche.fr\/article\/2016\/01\/22\/2260894-la-ligne-de-bus-lineo-est-en-bonne-voie.html\">lire la suite<\/a><\/p>\n","protected":false},"excerpt":{"rendered":"<p>Dans quelques mois, la ligne de bus Lin\u00e9o 2 reliera Colomiers aux Ar\u00e8nes en 30 minutes. Compos\u00e9 de vingt arr\u00eats entre le rond-point de la Fontaine Lumineuse et le lyc\u00e9e international Victor-Hugo, ce nouveau service est un fait une \u00e9volution de la ligne 64, la plus fr\u00e9quent\u00e9e de la m\u00e9tropole. Lors de ses v\u0153ux institutionnels,<\/p>\n<p class=\"more-link\"><a href=\"https:\/\/autate.fr\/site\/la-depeche-la-ligne-de-bus-lineo-est-en-bonne-voie\/\" class=\"themebutton2\">VOIR PLUS<\/a><\/p>\n","protected":false},"author":1,"featured_media":0,"comment_status":"open","ping_status":"open","sticky":false,"template":"","format":"standard","meta":{"footnotes":""},"categories":[298,7],"tags":[65,35,36],"class_list":["post-213","post","type-post","status-publish","format-standard","hentry","category-lineo","category-revue-de-presse","tag-arenes","tag-colomiers","tag-lineo"],"yoast_head":"<!-- This site is optimized with the Yoast SEO plugin v27.4 - https:\/\/yoast.com\/product\/yoast-seo-wordpress\/ -->\n<title>[La D\u00e9p\u00eache] La ligne de bus Lin\u00e9o est en bonne voie - AUTATE<\/title>\n<meta name=\"robots\" content=\"index, follow, max-snippet:-1, max-image-preview:large, max-video-preview:-1\" \/>\n<link rel=\"canonical\" href=\"https:\/\/autate.fr\/site\/la-depeche-la-ligne-de-bus-lineo-est-en-bonne-voie\/\" \/>\n<meta property=\"og:locale\" content=\"fr_FR\" \/>\n<meta property=\"og:type\" content=\"article\" \/>\n<meta property=\"og:title\" content=\"[La D\u00e9p\u00eache] La ligne de bus Lin\u00e9o est en bonne voie - AUTATE\" \/>\n<meta property=\"og:description\" content=\"Dans quelques mois, la ligne de bus Lin\u00e9o 2 reliera Colomiers aux Ar\u00e8nes en 30 minutes. Compos\u00e9 de vingt arr\u00eats entre le rond-point de la Fontaine Lumineuse et le lyc\u00e9e international Victor-Hugo, ce nouveau service est un fait une \u00e9volution de la ligne 64, la plus fr\u00e9quent\u00e9e de la m\u00e9tropole. Lors de ses v\u0153ux institutionnels,VOIR PLUS\" \/>\n<meta property=\"og:url\" content=\"https:\/\/autate.fr\/site\/la-depeche-la-ligne-de-bus-lineo-est-en-bonne-voie\/\" \/>\n<meta property=\"og:site_name\" content=\"AUTATE\" \/>\n<meta property=\"article:publisher\" content=\"https:\/\/www.facebook.com\/AutateToulouse\" \/>\n<meta property=\"article:published_time\" content=\"2016-01-22T21:05:02+00:00\" \/>\n<meta property=\"article:modified_time\" content=\"2017-04-13T14:49:32+00:00\" \/>\n<meta name=\"author\" content=\"pascalbarbier\" \/>\n<meta name=\"twitter:card\" content=\"summary_large_image\" \/>\n<meta name=\"twitter:creator\" content=\"@AutateToulouse\" \/>\n<meta name=\"twitter:site\" content=\"@AutateToulouse\" \/>\n<meta name=\"twitter:label1\" content=\"\u00c9crit par\" \/>\n\t<meta name=\"twitter:data1\" content=\"pascalbarbier\" \/>\n\t<meta name=\"twitter:label2\" content=\"Dur\u00e9e de lecture estim\u00e9e\" \/>\n\t<meta name=\"twitter:data2\" content=\"1 minute\" \/>\n<script type=\"application\/ld+json\" class=\"yoast-schema-graph\">{\"@context\":\"https:\\\/\\\/schema.org\",\"@graph\":[{\"@type\":\"Article\",\"@id\":\"https:\\\/\\\/autate.fr\\\/site\\\/la-depeche-la-ligne-de-bus-lineo-est-en-bonne-voie\\\/#article\",\"isPartOf\":{\"@id\":\"https:\\\/\\\/autate.fr\\\/site\\\/la-depeche-la-ligne-de-bus-lineo-est-en-bonne-voie\\\/\"},\"author\":{\"name\":\"pascalbarbier\",\"@id\":\"https:\\\/\\\/autate.fr\\\/site\\\/#\\\/schema\\\/person\\\/ae1ab8bdaa7b41d2a9b52d2557ce8254\"},\"headline\":\"[La D\u00e9p\u00eache] La ligne de bus Lin\u00e9o est en bonne voie\",\"datePublished\":\"2016-01-22T21:05:02+00:00\",\"dateModified\":\"2017-04-13T14:49:32+00:00\",\"mainEntityOfPage\":{\"@id\":\"https:\\\/\\\/autate.fr\\\/site\\\/la-depeche-la-ligne-de-bus-lineo-est-en-bonne-voie\\\/\"},\"wordCount\":178,\"commentCount\":0,\"publisher\":{\"@id\":\"https:\\\/\\\/autate.fr\\\/site\\\/#organization\"},\"keywords\":[\"ar\u00e8nes\",\"Colomiers\",\"Lin\u00e9o\"],\"articleSection\":[\"Lin\u00e9o\",\"Revue de presse\"],\"inLanguage\":\"fr-FR\",\"potentialAction\":[{\"@type\":\"CommentAction\",\"name\":\"Comment\",\"target\":[\"https:\\\/\\\/autate.fr\\\/site\\\/la-depeche-la-ligne-de-bus-lineo-est-en-bonne-voie\\\/#respond\"]}]},{\"@type\":\"WebPage\",\"@id\":\"https:\\\/\\\/autate.fr\\\/site\\\/la-depeche-la-ligne-de-bus-lineo-est-en-bonne-voie\\\/\",\"url\":\"https:\\\/\\\/autate.fr\\\/site\\\/la-depeche-la-ligne-de-bus-lineo-est-en-bonne-voie\\\/\",\"name\":\"[La D\u00e9p\u00eache] La ligne de bus Lin\u00e9o est en bonne voie - AUTATE\",\"isPartOf\":{\"@id\":\"https:\\\/\\\/autate.fr\\\/site\\\/#website\"},\"datePublished\":\"2016-01-22T21:05:02+00:00\",\"dateModified\":\"2017-04-13T14:49:32+00:00\",\"breadcrumb\":{\"@id\":\"https:\\\/\\\/autate.fr\\\/site\\\/la-depeche-la-ligne-de-bus-lineo-est-en-bonne-voie\\\/#breadcrumb\"},\"inLanguage\":\"fr-FR\",\"potentialAction\":[{\"@type\":\"ReadAction\",\"target\":[\"https:\\\/\\\/autate.fr\\\/site\\\/la-depeche-la-ligne-de-bus-lineo-est-en-bonne-voie\\\/\"]}]},{\"@type\":\"BreadcrumbList\",\"@id\":\"https:\\\/\\\/autate.fr\\\/site\\\/la-depeche-la-ligne-de-bus-lineo-est-en-bonne-voie\\\/#breadcrumb\",\"itemListElement\":[{\"@type\":\"ListItem\",\"position\":1,\"name\":\"Accueil\",\"item\":\"https:\\\/\\\/autate.fr\\\/site\\\/\"},{\"@type\":\"ListItem\",\"position\":2,\"name\":\"[La D\u00e9p\u00eache] La ligne de bus Lin\u00e9o est en bonne voie\"}]},{\"@type\":\"WebSite\",\"@id\":\"https:\\\/\\\/autate.fr\\\/site\\\/#website\",\"url\":\"https:\\\/\\\/autate.fr\\\/site\\\/\",\"name\":\"AUTATE\",\"description\":\"Association des usagers des transports de l&#039;agglom\u00e9ration Toulousaine et de ses environs\",\"publisher\":{\"@id\":\"https:\\\/\\\/autate.fr\\\/site\\\/#organization\"},\"potentialAction\":[{\"@type\":\"SearchAction\",\"target\":{\"@type\":\"EntryPoint\",\"urlTemplate\":\"https:\\\/\\\/autate.fr\\\/site\\\/?s={search_term_string}\"},\"query-input\":{\"@type\":\"PropertyValueSpecification\",\"valueRequired\":true,\"valueName\":\"search_term_string\"}}],\"inLanguage\":\"fr-FR\"},{\"@type\":\"Organization\",\"@id\":\"https:\\\/\\\/autate.fr\\\/site\\\/#organization\",\"name\":\"AUTATE\",\"url\":\"https:\\\/\\\/autate.fr\\\/site\\\/\",\"logo\":{\"@type\":\"ImageObject\",\"inLanguage\":\"fr-FR\",\"@id\":\"https:\\\/\\\/autate.fr\\\/site\\\/#\\\/schema\\\/logo\\\/image\\\/\",\"url\":\"http:\\\/\\\/autate.fr\\\/site\\\/wp-content\\\/uploads\\\/2019\\\/01\\\/logo.png\",\"contentUrl\":\"http:\\\/\\\/autate.fr\\\/site\\\/wp-content\\\/uploads\\\/2019\\\/01\\\/logo.png\",\"width\":506,\"height\":280,\"caption\":\"AUTATE\"},\"image\":{\"@id\":\"https:\\\/\\\/autate.fr\\\/site\\\/#\\\/schema\\\/logo\\\/image\\\/\"},\"sameAs\":[\"https:\\\/\\\/www.facebook.com\\\/AutateToulouse\",\"https:\\\/\\\/x.com\\\/AutateToulouse\"]},{\"@type\":\"Person\",\"@id\":\"https:\\\/\\\/autate.fr\\\/site\\\/#\\\/schema\\\/person\\\/ae1ab8bdaa7b41d2a9b52d2557ce8254\",\"name\":\"pascalbarbier\",\"image\":{\"@type\":\"ImageObject\",\"inLanguage\":\"fr-FR\",\"@id\":\"https:\\\/\\\/secure.gravatar.com\\\/avatar\\\/03f4e8ced09894b72c67e83142540730d4b3bbf619bf46341b0074e3bf5f08a0?s=96&d=mm&r=g\",\"url\":\"https:\\\/\\\/secure.gravatar.com\\\/avatar\\\/03f4e8ced09894b72c67e83142540730d4b3bbf619bf46341b0074e3bf5f08a0?s=96&d=mm&r=g\",\"contentUrl\":\"https:\\\/\\\/secure.gravatar.com\\\/avatar\\\/03f4e8ced09894b72c67e83142540730d4b3bbf619bf46341b0074e3bf5f08a0?s=96&d=mm&r=g\",\"caption\":\"pascalbarbier\"},\"url\":\"https:\\\/\\\/autate.fr\\\/site\\\/author\\\/pascalbarbier\\\/\"}]}<\/script>\n<!-- \/ Yoast SEO plugin. -->","yoast_head_json":{"title":"[La D\u00e9p\u00eache] La ligne de bus Lin\u00e9o est en bonne voie - AUTATE","robots":{"index":"index","follow":"follow","max-snippet":"max-snippet:-1","max-image-preview":"max-image-preview:large","max-video-preview":"max-video-preview:-1"},"canonical":"https:\/\/autate.fr\/site\/la-depeche-la-ligne-de-bus-lineo-est-en-bonne-voie\/","og_locale":"fr_FR","og_type":"article","og_title":"[La D\u00e9p\u00eache] La ligne de bus Lin\u00e9o est en bonne voie - AUTATE","og_description":"Dans quelques mois, la ligne de bus Lin\u00e9o 2 reliera Colomiers aux Ar\u00e8nes en 30 minutes. Compos\u00e9 de vingt arr\u00eats entre le rond-point de la Fontaine Lumineuse et le lyc\u00e9e international Victor-Hugo, ce nouveau service est un fait une \u00e9volution de la ligne 64, la plus fr\u00e9quent\u00e9e de la m\u00e9tropole. Lors de ses v\u0153ux institutionnels,VOIR PLUS","og_url":"https:\/\/autate.fr\/site\/la-depeche-la-ligne-de-bus-lineo-est-en-bonne-voie\/","og_site_name":"AUTATE","article_publisher":"https:\/\/www.facebook.com\/AutateToulouse","article_published_time":"2016-01-22T21:05:02+00:00","article_modified_time":"2017-04-13T14:49:32+00:00","author":"pascalbarbier","twitter_card":"summary_large_image","twitter_creator":"@AutateToulouse","twitter_site":"@AutateToulouse","twitter_misc":{"\u00c9crit par":"pascalbarbier","Dur\u00e9e de lecture estim\u00e9e":"1 minute"},"schema":{"@context":"https:\/\/schema.org","@graph":[{"@type":"Article","@id":"https:\/\/autate.fr\/site\/la-depeche-la-ligne-de-bus-lineo-est-en-bonne-voie\/#article","isPartOf":{"@id":"https:\/\/autate.fr\/site\/la-depeche-la-ligne-de-bus-lineo-est-en-bonne-voie\/"},"author":{"name":"pascalbarbier","@id":"https:\/\/autate.fr\/site\/#\/schema\/person\/ae1ab8bdaa7b41d2a9b52d2557ce8254"},"headline":"[La D\u00e9p\u00eache] La ligne de bus Lin\u00e9o est en bonne voie","datePublished":"2016-01-22T21:05:02+00:00","dateModified":"2017-04-13T14:49:32+00:00","mainEntityOfPage":{"@id":"https:\/\/autate.fr\/site\/la-depeche-la-ligne-de-bus-lineo-est-en-bonne-voie\/"},"wordCount":178,"commentCount":0,"publisher":{"@id":"https:\/\/autate.fr\/site\/#organization"},"keywords":["ar\u00e8nes","Colomiers","Lin\u00e9o"],"articleSection":["Lin\u00e9o","Revue de presse"],"inLanguage":"fr-FR","potentialAction":[{"@type":"CommentAction","name":"Comment","target":["https:\/\/autate.fr\/site\/la-depeche-la-ligne-de-bus-lineo-est-en-bonne-voie\/#respond"]}]},{"@type":"WebPage","@id":"https:\/\/autate.fr\/site\/la-depeche-la-ligne-de-bus-lineo-est-en-bonne-voie\/","url":"https:\/\/autate.fr\/site\/la-depeche-la-ligne-de-bus-lineo-est-en-bonne-voie\/","name":"[La D\u00e9p\u00eache] La ligne de bus Lin\u00e9o est en bonne voie - AUTATE","isPartOf":{"@id":"https:\/\/autate.fr\/site\/#website"},"datePublished":"2016-01-22T21:05:02+00:00","dateModified":"2017-04-13T14:49:32+00:00","breadcrumb":{"@id":"https:\/\/autate.fr\/site\/la-depeche-la-ligne-de-bus-lineo-est-en-bonne-voie\/#breadcrumb"},"inLanguage":"fr-FR","potentialAction":[{"@type":"ReadAction","target":["https:\/\/autate.fr\/site\/la-depeche-la-ligne-de-bus-lineo-est-en-bonne-voie\/"]}]},{"@type":"BreadcrumbList","@id":"https:\/\/autate.fr\/site\/la-depeche-la-ligne-de-bus-lineo-est-en-bonne-voie\/#breadcrumb","itemListElement":[{"@type":"ListItem","position":1,"name":"Accueil","item":"https:\/\/autate.fr\/site\/"},{"@type":"ListItem","position":2,"name":"[La D\u00e9p\u00eache] La ligne de bus Lin\u00e9o est en bonne voie"}]},{"@type":"WebSite","@id":"https:\/\/autate.fr\/site\/#website","url":"https:\/\/autate.fr\/site\/","name":"AUTATE","description":"Association des usagers des transports de l&#039;agglom\u00e9ration Toulousaine et de ses environs","publisher":{"@id":"https:\/\/autate.fr\/site\/#organization"},"potentialAction":[{"@type":"SearchAction","target":{"@type":"EntryPoint","urlTemplate":"https:\/\/autate.fr\/site\/?s={search_term_string}"},"query-input":{"@type":"PropertyValueSpecification","valueRequired":true,"valueName":"search_term_string"}}],"inLanguage":"fr-FR"},{"@type":"Organization","@id":"https:\/\/autate.fr\/site\/#organization","name":"AUTATE","url":"https:\/\/autate.fr\/site\/","logo":{"@type":"ImageObject","inLanguage":"fr-FR","@id":"https:\/\/autate.fr\/site\/#\/schema\/logo\/image\/","url":"http:\/\/autate.fr\/site\/wp-content\/uploads\/2019\/01\/logo.png","contentUrl":"http:\/\/autate.fr\/site\/wp-content\/uploads\/2019\/01\/logo.png","width":506,"height":280,"caption":"AUTATE"},"image":{"@id":"https:\/\/autate.fr\/site\/#\/schema\/logo\/image\/"},"sameAs":["https:\/\/www.facebook.com\/AutateToulouse","https:\/\/x.com\/AutateToulouse"]},{"@type":"Person","@id":"https:\/\/autate.fr\/site\/#\/schema\/person\/ae1ab8bdaa7b41d2a9b52d2557ce8254","name":"pascalbarbier","image":{"@type":"ImageObject","inLanguage":"fr-FR","@id":"https:\/\/secure.gravatar.com\/avatar\/03f4e8ced09894b72c67e83142540730d4b3bbf619bf46341b0074e3bf5f08a0?s=96&d=mm&r=g","url":"https:\/\/secure.gravatar.com\/avatar\/03f4e8ced09894b72c67e83142540730d4b3bbf619bf46341b0074e3bf5f08a0?s=96&d=mm&r=g","contentUrl":"https:\/\/secure.gravatar.com\/avatar\/03f4e8ced09894b72c67e83142540730d4b3bbf619bf46341b0074e3bf5f08a0?s=96&d=mm&r=g","caption":"pascalbarbier"},"url":"https:\/\/autate.fr\/site\/author\/pascalbarbier\/"}]}},"_links":{"self":[{"href":"https:\/\/autate.fr\/site\/wp-json\/wp\/v2\/posts\/213","targetHints":{"allow":["GET"]}}],"collection":[{"href":"https:\/\/autate.fr\/site\/wp-json\/wp\/v2\/posts"}],"about":[{"href":"https:\/\/autate.fr\/site\/wp-json\/wp\/v2\/types\/post"}],"author":[{"embeddable":true,"href":"https:\/\/autate.fr\/site\/wp-json\/wp\/v2\/users\/1"}],"replies":[{"embeddable":true,"href":"https:\/\/autate.fr\/site\/wp-json\/wp\/v2\/comments?post=213"}],"version-history":[{"count":1,"href":"https:\/\/autate.fr\/site\/wp-json\/wp\/v2\/posts\/213\/revisions"}],"predecessor-version":[{"id":214,"href":"https:\/\/autate.fr\/site\/wp-json\/wp\/v2\/posts\/213\/revisions\/214"}],"wp:attachment":[{"href":"https:\/\/autate.fr\/site\/wp-json\/wp\/v2\/media?parent=213"}],"wp:term":[{"taxonomy":"category","embeddable":true,"href":"https:\/\/autate.fr\/site\/wp-json\/wp\/v2\/categories?post=213"},{"taxonomy":"post_tag","embeddable":true,"href":"https:\/\/autate.fr\/site\/wp-json\/wp\/v2\/tags?post=213"}],"curies":[{"name":"wp","href":"https:\/\/api.w.org\/{rel}","templated":true}]}}