{"id":2121,"date":"2017-11-19T09:14:35","date_gmt":"2017-11-19T08:14:35","guid":{"rendered":"http:\/\/autate.fr\/site\/?p=2121"},"modified":"2017-11-21T17:02:56","modified_gmt":"2017-11-21T16:02:56","slug":"2121-2","status":"publish","type":"post","link":"https:\/\/autate.fr\/site\/2121-2\/","title":{"rendered":"T\u00e9moignage et propositions d&rsquo;Andyprenariat pour Mobibus"},"content":{"rendered":"<p><span style=\"color: #00000a;\">En pr\u00e9ambule, je me permets de pr\u00e9ciser 3 points :<\/span><\/p>\n<p><span style=\"color: #00000a;\">\uf093<\/span><span style=\"color: #00000a;\"> Que la volont\u00e9 P.H* est de circuler de la mani\u00e8re la plus autonome possible.<\/span><\/p>\n<p><span style=\"color: #00000a;\">\uf093<\/span><span style=\"color: #00000a;\"> Que la municipalit\u00e9 de Toulouse s&rsquo;inscrit dans une d\u00e9marche d&rsquo;inclusion des P.H et nous personnes handicap\u00e9es en sont pleinement conscientes et nous le saluons.<\/span><\/p>\n<p><span style=\"color: #00000a;\">\uf093<\/span><span style=\"color: #00000a;\"> Que Tiss\u00e9o, soci\u00e9t\u00e9 de Transports urbains sous l&rsquo;impulsion de son Pr\u00e9sident a pris pleinement conscience des difficult\u00e9s des P.H et ne cesse d&rsquo;innover en mati\u00e8re de signal\u00e9tique, et autres actions qui facilitent le d\u00e9placement.<\/span><\/p>\n<p><span style=\"color: #00000a;\">Cela dit nous P.H notons de <strong>grands dysfonctionnements dans le service qui nous est d\u00e9di\u00e9 Mobibus<\/strong> :<\/span><\/p>\n<p><span style=\"color: #00000a;\"><strong>1\u00b0) L&rsquo;acc\u00e8s de ce service<\/strong> :<\/span><\/p>\n<p><a name=\"_GoBack\"><\/a><span style=\"color: #00000a;\">\u00a0En effet en tant que P.H si nous d\u00e9sirons voyager <strong>sur le r\u00e9seau Tiss\u00e9o<\/strong>, nous avons la possibilit\u00e9 de le faire avec une <strong>carte Pastel<\/strong>. Pour l&rsquo;obtenir nous devons nous rendre dans une agence Tiss\u00e9o avec notre carte d&rsquo;invalidit\u00e9, carte &amp;\u00a0photo d&rsquo;identit\u00e9, nous ressortons avec notre carte Pastel de surcro\u00eet <strong>gratuite<\/strong> en raison de notre handicap.<\/span><\/p>\n<p><span style=\"color: #00000a;\">A contrario si nous voulons voyager via Mobibus cela devient le parcours du combattant, en effet outre les formalit\u00e9s lambdas il faut que nous passions devant un m\u00e9decin pour nous entendre dire si on exag\u00e8re ou pas. Personnellement, moi Laurence Trichet atteinte d&rsquo;un handicap cong\u00e9nital appel\u00e9 l&rsquo;h\u00e9mipl\u00e9gie me suit entendue dire par le m\u00e9decin, qu&rsquo;il ne comprenait pas pourquoi j&rsquo;avais besoin d&rsquo;utiliser Mobibus mais qu&rsquo;il me l&rsquo;accordait mais limite. Je suis sortie de cette consultation humili\u00e9e. Nous n&rsquo;avons pas besoin de \u00e7a ! Les P.H ont \u00e9t\u00e9 reconnues comme l&rsquo;\u00e9tant par des antennes dont le handicap est la sp\u00e9cialit\u00e9 tel que la MDPH, l&rsquo;AGEFIPH, par les acteurs sociaux comme la s\u00e9curit\u00e9 sociale et les mutuelles. <strong>Nous n&rsquo;avons donc nul besoin qu&rsquo;un m\u00e9decin diligent\u00e9 par une soci\u00e9t\u00e9 priv\u00e9e de transports viennent nous dire s&rsquo;il reconna\u00eet notre handicap ou pas\u00a0et admette ou pas nos difficult\u00e9s de d\u00e9placement<\/strong>.\u00a0\u00a0<\/span><\/p>\n<p><span style=\"color: #00000a;\">Il est surprenant de constater qu&rsquo;un agent de Tiss\u00e9o en agence sur la seule pr\u00e9sentation de la carte d\u2019invalidit\u00e9\u00a0reconna\u00eet notre statut de citoyen handicap\u00e9, alors que Mobibus doit se r\u00e9f\u00e9rer \u00e0 l&rsquo;appr\u00e9ciation d&rsquo;un m\u00e9decin pour constater ce que constate un agent de Tiss\u00e9o sans comp\u00e9tences sp\u00e9cifique li\u00e9es au handicap :\u00a0 nous sommes handicap\u00e9s.<\/span><\/p>\n<p><span style=\"color: #00000a;\"><strong>\u00a0En cons\u00e9quence nous demandons que l&rsquo;acc\u00e8s au service Mobibus soit accessible via la carte Pastel aux conditions de la carte pastel<\/strong>.\u00a0<\/span><\/p>\n<p><span style=\"color: #00000a;\">En effet avec la carte pastel on peut avec l&rsquo;abonnement ad\u00e9quat prendre le T.E.R, le bus, le m\u00e9tro et le Tram; rajouter Mobibus serait une avanc\u00e9e consid\u00e9rable.<\/span><\/p>\n<p><span style=\"color: #00000a;\">N\u00e9anmoins notons le paradoxe suivant\u00a0: vous \u00eates handicap\u00e9s, vous voyagez en m\u00e9tro, vous utilisez une carte pastel obtenue en 5 minutes, si vous voyagez avec Mobibus, vous n\u2019utilisez pas de carte pastel et vous mettez 3 semaines \u00e0 obtenir l\u2019acc\u00e8s au service contenu de la longueur des m\u00e9andres administratifs.<\/span><\/p>\n<p><strong><span style=\"color: #00000a;\">2\u00b0) La r\u00e9servation de Mobibus<\/span><\/strong><\/p>\n<p><span style=\"color: #00000a;\">La m\u00e9thode m\u00eame de la r\u00e9servation doit \u00eatre am\u00e9lior\u00e9e, en effet\u00a0utiliser Mobibus signifie pour nous vivre une vie planifi\u00e9e et organis\u00e9e telle un m\u00e9tronome. Et cela nous n&rsquo;en voulons pas. Nous avons le droit d&rsquo;avoir une vie organis\u00e9e au jour le jour. D\u00e9cider le matin de prendre Mobibus le lendemain apr\u00e8s-midi sortir en ville ou o\u00f9 bon nous semble.\u00a0 Pour cela une seule chose est \u00e0 faire<strong> modifier le temps de r\u00e9servation. La dur\u00e9e maximale devrait \u00eatre 10 jours avant le besoin de transports et la dur\u00e9e minimale devrait \u00eatre la veille \u00e0 midi<\/strong>.<\/span><\/p>\n<p><span style=\"color: #00000a;\">Pour le bon fonctionnement <strong>4 cat\u00e9gories doivent \u00eatre cr\u00e9\u00e9e et respect\u00e9e par les agents Mobibus<\/strong><\/span><\/p>\n<p><strong><span style=\"color: #00000a;\">1\u00b0) Les transports assujettis \u00e0 un Rendez-vous\u00a0<\/span><\/strong><\/p>\n<p><span style=\"color: #00000a;\">En effet quand nous allons \u00e0 un Rendez-vous, nous sommes attendus \u00e0 une certaine heure, il peut \u00eatre d\u00e9licat\u00a0pour nous d&rsquo;arriver tr\u00e8s en avance, \u00e0 contrario il nous\u00a0est souvent difficile de savoir notre horaire de fin de Rendez-vous.\u00a0<\/span><\/p>\n<p><span style=\"color: #00000a;\">Il est donc difficile de r\u00e9server un horaire de d\u00e9part. Cela dit nous sommes clairement en mesure de savoir que nous aurons besoin de Mobibus, c&rsquo;est pour \u00e7a que nous souhaitons la possibilit\u00e9 de pouvoir r\u00e9server un transport aller-retour,<strong> le retour \u00e9tant \u00e0 horaire al\u00e9atoire<\/strong>.<\/span><\/p>\n<p><span style=\"color: #00000a;\"><strong>2\u00b0) Les transports professionnels<\/strong> (y compris examens tels que ceux de fin d&rsquo;\u00e9tudes)<\/span><\/p>\n<p><span style=\"color: #00000a;\">L&rsquo;organisation actuelle n&rsquo;assure pas la certitude de pouvoir assurer le passage des examens.<\/span><\/p>\n<p><span style=\"color: #00000a;\">En effet le fait que nous soyons <strong>suspendus \u00e0 une confirmation du service<\/strong> au sujet des horaires n&rsquo;est pas g\u00e9rable.\u00a0<\/span><\/p>\n<p><span style=\"color: #00000a;\">D&rsquo;autre part les entrepreneurs handicap\u00e9s refusent de mettre leur chiffre d&rsquo;affaires entre les mains de Mobibus. Comment aller \u00e0 la rencontre de futurs clients quand nous sommes contraints d&rsquo;\u00eatre transport\u00e9s par\u00a0Mobibus, et que le service ne nous assure pas un service digne de nous permettre d&rsquo;assurer le d\u00e9veloppement \u00e9conomique de nos soci\u00e9t\u00e9s. Dire \u00e0 un entrepreneur handicap\u00e9 que le mieux que l&rsquo;on puisse faire est de vous d\u00e9poser 45 minutes avant votre Rendez-vous, n&rsquo;est en aucun cas acceptable,<strong> ceci constitue un frein \u00e9conomique \u00e0 l&rsquo;entrepreneuriat handicap\u00e9<\/strong>.\u00a0<\/span><\/p>\n<p><span style=\"color: #00000a;\">Pour une personne handicap\u00e9e qui ne peut rester 10 minutes debout rester 45 minutes en plein soleil n&rsquo;est pas possible. En conclusion devant cette situation deux choses restent \u00e0 faire pour l&rsquo;entrepreneur : annuler sa demande de transports aupr\u00e8s de Mobibus et annuler le Rendez-vous professionnel. Cons\u00e9quence directe : perte de chiffre d&rsquo;affaires.<\/span><\/p>\n<p><span style=\"color: #00000a;\">En tant qu&rsquo;entrepreneurs handicap\u00e9s nous souhaitons b\u00e9n\u00e9ficier du respect des <strong>horaires tr\u00e8s pr\u00e9cis<\/strong>, nous souhaitons d\u00e9velopper notre soci\u00e9t\u00e9 et de pouvoir rencontrer nos clients comme tous entrepreneurs lambdas. A nous les entrepreneurs d&rsquo;organiser nos rendez-vous de mani\u00e8re \u00e0 trouver un consensus avec Mobibus. Andyprenariat souhaite engager le d\u00e9bat avec Mobibus \u00e0 ce sujet.<\/span><\/p>\n<p><span style=\"color: #00000a;\"><strong>3\u00b0) Les transports pour convenance<\/strong>.<\/span><\/p>\n<p><span style=\"color: #00000a;\">Il s&rsquo;agit des activit\u00e9s dites de loisirs, elles peuvent tol\u00e9rer une marge ou\u00a0d\u2019avance retard par rapport \u00e0 l&rsquo;horaire r\u00e9serv\u00e9. Mais l&rsquo;horaire al\u00e9atoire de retour doit \u00eatre propos\u00e9 syst\u00e9matiquement.<\/span><\/p>\n<p><span style=\"color: #00000a;\"><strong>4\u00b0) Les transports r\u00e9currents<\/strong>.<\/span><\/p>\n<p><span style=\"color: #00000a;\">Certains usagers souhaitent aller au m\u00eame endroit toutes les semaines, il suffit simplement de <strong>cr\u00e9er des abonnements de transports<\/strong>.<\/span><\/p>\n<p><span style=\"color: #00000a;\">Nous souhaitons que<strong> la\u00a0descente des v\u00e9hicules se fasse en toute s\u00e9curit\u00e9<\/strong>. En aucun nous devons \u00eatre d\u00e9pos\u00e9 ailleurs que sur un espace r\u00e9serv\u00e9 au stationnement et du c\u00f4t\u00e9 trottoir. Ceci doit \u00eatre la r\u00e8gle.<\/span><\/p>\n<p><span style=\"color: #00000a;\">Nous souhaitons pouvoir faire remonter nos probl\u00e9matiques de mani\u00e8re plus directe. Un compte Facebook et un compte Twitter serait une mani\u00e8re directe de dialoguer avec Mobibus.<\/span><\/p>\n<p><span style=\"color: #00000a;\">Actuellement Tiss\u00e9o\u00a0: <\/span><\/p>\n<p><span style=\"color: #00000a;\">\uf093<\/span><span style=\"color: #00000a;\"> \u0152uvre en faveur de l&rsquo;inclusion des personnes handicap\u00e9es il est tout \u00e0 fait justifier qu&rsquo;il \u00e9tende son action\u00a0\u00e0 Mobibus.\u00a0<\/span><\/p>\n<p><span style=\"color: #00000a;\">\uf093<\/span><span style=\"color: #00000a;\"> B\u00e9n\u00e9ficie d\u2019une gestion du handicap ad\u00e9quat et nous souhaitons b\u00e9n\u00e9ficier de l&rsquo;expertise du pr\u00e9sident de Tiss\u00e9o.<\/span><\/p>\n<p><span style=\"color: #00000a;\">\u00a0<\/span><span style=\"color: #00000a;\">\uf093<\/span><span style=\"color: #00000a;\"> Aborde la question du handicap de mani\u00e8re souple et pragmatique alors que Mobibus a une m\u00e9thode militaire.\u00a0<\/span><\/p>\n<p><span style=\"color: #00000a;\">Nous les P.H luttons pied \u00e0 pied en faveur de notre inclusion et c&rsquo;est \u00e0 ce titre que <strong>nous sommes en faveur de la reprise de\u00a0la gestion de Mobibus par Tiss\u00e9o<\/strong>.\u00a0<\/span><\/p>\n<p><span style=\"color: #00000a;\">Pour conclure en tant qu\u2019handicap\u00e9 je dirais que notre vie est le parcours du combattant, n&rsquo;en rajoutez pas.<\/span><\/p>\n<p><span style=\"color: #00000a;\">* personnes handicap\u00e9es<\/span><\/p>\n<p><span style=\"color: #00000a;\">Laurence Trichet Pr\u00e9sidente d&rsquo;Andyprenariat<\/span><\/p>\n","protected":false},"excerpt":{"rendered":"<p>En pr\u00e9ambule, je me permets de pr\u00e9ciser 3 points : \uf093 Que la volont\u00e9 P.H* est de circuler de la mani\u00e8re la plus autonome possible. \uf093 Que la municipalit\u00e9 de Toulouse s&rsquo;inscrit dans une d\u00e9marche d&rsquo;inclusion des P.H et nous personnes handicap\u00e9es en sont pleinement conscientes et nous le saluons. \uf093 Que Tiss\u00e9o, soci\u00e9t\u00e9 de<\/p>\n<p class=\"more-link\"><a href=\"https:\/\/autate.fr\/site\/2121-2\/\" class=\"themebutton2\">VOIR PLUS<\/a><\/p>\n","protected":false},"author":1,"featured_media":0,"comment_status":"open","ping_status":"open","sticky":false,"template":"","format":"standard","meta":{"footnotes":""},"categories":[4,336],"tags":[376,375,428,427],"class_list":["post-2121","post","type-post","status-publish","format-standard","hentry","category-actualite-association","category-temoignages","tag-handicap","tag-mobibus","tag-mobilite-reduite","tag-pe"],"yoast_head":"<!-- This site is optimized with the Yoast SEO plugin v27.4 - https:\/\/yoast.com\/product\/yoast-seo-wordpress\/ -->\n<title>T\u00e9moignage et propositions d&#039;Andyprenariat pour Mobibus - AUTATE<\/title>\n<meta name=\"robots\" content=\"index, follow, max-snippet:-1, max-image-preview:large, max-video-preview:-1\" \/>\n<link rel=\"canonical\" href=\"https:\/\/autate.fr\/site\/2121-2\/\" \/>\n<meta property=\"og:locale\" content=\"fr_FR\" \/>\n<meta property=\"og:type\" content=\"article\" \/>\n<meta property=\"og:title\" content=\"T\u00e9moignage et propositions d&#039;Andyprenariat pour Mobibus - AUTATE\" \/>\n<meta property=\"og:description\" content=\"En pr\u00e9ambule, je me permets de pr\u00e9ciser 3 points : \uf093 Que la volont\u00e9 P.H* est de circuler de la mani\u00e8re la plus autonome possible. \uf093 Que la municipalit\u00e9 de Toulouse s&rsquo;inscrit dans une d\u00e9marche d&rsquo;inclusion des P.H et nous personnes handicap\u00e9es en sont pleinement conscientes et nous le saluons. \uf093 Que Tiss\u00e9o, soci\u00e9t\u00e9 deVOIR PLUS\" \/>\n<meta property=\"og:url\" content=\"https:\/\/autate.fr\/site\/2121-2\/\" \/>\n<meta property=\"og:site_name\" content=\"AUTATE\" \/>\n<meta property=\"article:publisher\" content=\"https:\/\/www.facebook.com\/AutateToulouse\" \/>\n<meta property=\"article:published_time\" content=\"2017-11-19T08:14:35+00:00\" \/>\n<meta property=\"article:modified_time\" content=\"2017-11-21T16:02:56+00:00\" \/>\n<meta name=\"author\" content=\"pascalbarbier\" \/>\n<meta name=\"twitter:card\" content=\"summary_large_image\" \/>\n<meta name=\"twitter:creator\" content=\"@AutateToulouse\" \/>\n<meta name=\"twitter:site\" content=\"@AutateToulouse\" \/>\n<meta name=\"twitter:label1\" content=\"\u00c9crit par\" \/>\n\t<meta name=\"twitter:data1\" content=\"pascalbarbier\" \/>\n\t<meta name=\"twitter:label2\" content=\"Dur\u00e9e de lecture estim\u00e9e\" \/>\n\t<meta name=\"twitter:data2\" content=\"6 minutes\" \/>\n<script type=\"application\/ld+json\" class=\"yoast-schema-graph\">{\"@context\":\"https:\\\/\\\/schema.org\",\"@graph\":[{\"@type\":\"Article\",\"@id\":\"https:\\\/\\\/autate.fr\\\/site\\\/2121-2\\\/#article\",\"isPartOf\":{\"@id\":\"https:\\\/\\\/autate.fr\\\/site\\\/2121-2\\\/\"},\"author\":{\"name\":\"pascalbarbier\",\"@id\":\"https:\\\/\\\/autate.fr\\\/site\\\/#\\\/schema\\\/person\\\/ae1ab8bdaa7b41d2a9b52d2557ce8254\"},\"headline\":\"T\u00e9moignage et propositions d&rsquo;Andyprenariat pour Mobibus\",\"datePublished\":\"2017-11-19T08:14:35+00:00\",\"dateModified\":\"2017-11-21T16:02:56+00:00\",\"mainEntityOfPage\":{\"@id\":\"https:\\\/\\\/autate.fr\\\/site\\\/2121-2\\\/\"},\"wordCount\":1249,\"commentCount\":0,\"publisher\":{\"@id\":\"https:\\\/\\\/autate.fr\\\/site\\\/#organization\"},\"keywords\":[\"handicap\",\"mobibus\",\"mobilit\u00e9 r\u00e9duite\",\"PE\"],\"articleSection\":[\"Actualit\u00e9s-AUTATE\",\"T\u00e9moignages\"],\"inLanguage\":\"fr-FR\",\"potentialAction\":[{\"@type\":\"CommentAction\",\"name\":\"Comment\",\"target\":[\"https:\\\/\\\/autate.fr\\\/site\\\/2121-2\\\/#respond\"]}]},{\"@type\":\"WebPage\",\"@id\":\"https:\\\/\\\/autate.fr\\\/site\\\/2121-2\\\/\",\"url\":\"https:\\\/\\\/autate.fr\\\/site\\\/2121-2\\\/\",\"name\":\"T\u00e9moignage et propositions d'Andyprenariat pour Mobibus - AUTATE\",\"isPartOf\":{\"@id\":\"https:\\\/\\\/autate.fr\\\/site\\\/#website\"},\"datePublished\":\"2017-11-19T08:14:35+00:00\",\"dateModified\":\"2017-11-21T16:02:56+00:00\",\"breadcrumb\":{\"@id\":\"https:\\\/\\\/autate.fr\\\/site\\\/2121-2\\\/#breadcrumb\"},\"inLanguage\":\"fr-FR\",\"potentialAction\":[{\"@type\":\"ReadAction\",\"target\":[\"https:\\\/\\\/autate.fr\\\/site\\\/2121-2\\\/\"]}]},{\"@type\":\"BreadcrumbList\",\"@id\":\"https:\\\/\\\/autate.fr\\\/site\\\/2121-2\\\/#breadcrumb\",\"itemListElement\":[{\"@type\":\"ListItem\",\"position\":1,\"name\":\"Accueil\",\"item\":\"https:\\\/\\\/autate.fr\\\/site\\\/\"},{\"@type\":\"ListItem\",\"position\":2,\"name\":\"T\u00e9moignage et propositions d&rsquo;Andyprenariat pour Mobibus\"}]},{\"@type\":\"WebSite\",\"@id\":\"https:\\\/\\\/autate.fr\\\/site\\\/#website\",\"url\":\"https:\\\/\\\/autate.fr\\\/site\\\/\",\"name\":\"AUTATE\",\"description\":\"Association des usagers des transports de l&#039;agglom\u00e9ration Toulousaine et de ses environs\",\"publisher\":{\"@id\":\"https:\\\/\\\/autate.fr\\\/site\\\/#organization\"},\"potentialAction\":[{\"@type\":\"SearchAction\",\"target\":{\"@type\":\"EntryPoint\",\"urlTemplate\":\"https:\\\/\\\/autate.fr\\\/site\\\/?s={search_term_string}\"},\"query-input\":{\"@type\":\"PropertyValueSpecification\",\"valueRequired\":true,\"valueName\":\"search_term_string\"}}],\"inLanguage\":\"fr-FR\"},{\"@type\":\"Organization\",\"@id\":\"https:\\\/\\\/autate.fr\\\/site\\\/#organization\",\"name\":\"AUTATE\",\"url\":\"https:\\\/\\\/autate.fr\\\/site\\\/\",\"logo\":{\"@type\":\"ImageObject\",\"inLanguage\":\"fr-FR\",\"@id\":\"https:\\\/\\\/autate.fr\\\/site\\\/#\\\/schema\\\/logo\\\/image\\\/\",\"url\":\"http:\\\/\\\/autate.fr\\\/site\\\/wp-content\\\/uploads\\\/2019\\\/01\\\/logo.png\",\"contentUrl\":\"http:\\\/\\\/autate.fr\\\/site\\\/wp-content\\\/uploads\\\/2019\\\/01\\\/logo.png\",\"width\":506,\"height\":280,\"caption\":\"AUTATE\"},\"image\":{\"@id\":\"https:\\\/\\\/autate.fr\\\/site\\\/#\\\/schema\\\/logo\\\/image\\\/\"},\"sameAs\":[\"https:\\\/\\\/www.facebook.com\\\/AutateToulouse\",\"https:\\\/\\\/x.com\\\/AutateToulouse\"]},{\"@type\":\"Person\",\"@id\":\"https:\\\/\\\/autate.fr\\\/site\\\/#\\\/schema\\\/person\\\/ae1ab8bdaa7b41d2a9b52d2557ce8254\",\"name\":\"pascalbarbier\",\"image\":{\"@type\":\"ImageObject\",\"inLanguage\":\"fr-FR\",\"@id\":\"https:\\\/\\\/secure.gravatar.com\\\/avatar\\\/03f4e8ced09894b72c67e83142540730d4b3bbf619bf46341b0074e3bf5f08a0?s=96&d=mm&r=g\",\"url\":\"https:\\\/\\\/secure.gravatar.com\\\/avatar\\\/03f4e8ced09894b72c67e83142540730d4b3bbf619bf46341b0074e3bf5f08a0?s=96&d=mm&r=g\",\"contentUrl\":\"https:\\\/\\\/secure.gravatar.com\\\/avatar\\\/03f4e8ced09894b72c67e83142540730d4b3bbf619bf46341b0074e3bf5f08a0?s=96&d=mm&r=g\",\"caption\":\"pascalbarbier\"},\"url\":\"https:\\\/\\\/autate.fr\\\/site\\\/author\\\/pascalbarbier\\\/\"}]}<\/script>\n<!-- \/ Yoast SEO plugin. -->","yoast_head_json":{"title":"T\u00e9moignage et propositions d'Andyprenariat pour Mobibus - AUTATE","robots":{"index":"index","follow":"follow","max-snippet":"max-snippet:-1","max-image-preview":"max-image-preview:large","max-video-preview":"max-video-preview:-1"},"canonical":"https:\/\/autate.fr\/site\/2121-2\/","og_locale":"fr_FR","og_type":"article","og_title":"T\u00e9moignage et propositions d'Andyprenariat pour Mobibus - AUTATE","og_description":"En pr\u00e9ambule, je me permets de pr\u00e9ciser 3 points : \uf093 Que la volont\u00e9 P.H* est de circuler de la mani\u00e8re la plus autonome possible. \uf093 Que la municipalit\u00e9 de Toulouse s&rsquo;inscrit dans une d\u00e9marche d&rsquo;inclusion des P.H et nous personnes handicap\u00e9es en sont pleinement conscientes et nous le saluons. \uf093 Que Tiss\u00e9o, soci\u00e9t\u00e9 deVOIR PLUS","og_url":"https:\/\/autate.fr\/site\/2121-2\/","og_site_name":"AUTATE","article_publisher":"https:\/\/www.facebook.com\/AutateToulouse","article_published_time":"2017-11-19T08:14:35+00:00","article_modified_time":"2017-11-21T16:02:56+00:00","author":"pascalbarbier","twitter_card":"summary_large_image","twitter_creator":"@AutateToulouse","twitter_site":"@AutateToulouse","twitter_misc":{"\u00c9crit par":"pascalbarbier","Dur\u00e9e de lecture estim\u00e9e":"6 minutes"},"schema":{"@context":"https:\/\/schema.org","@graph":[{"@type":"Article","@id":"https:\/\/autate.fr\/site\/2121-2\/#article","isPartOf":{"@id":"https:\/\/autate.fr\/site\/2121-2\/"},"author":{"name":"pascalbarbier","@id":"https:\/\/autate.fr\/site\/#\/schema\/person\/ae1ab8bdaa7b41d2a9b52d2557ce8254"},"headline":"T\u00e9moignage et propositions d&rsquo;Andyprenariat pour Mobibus","datePublished":"2017-11-19T08:14:35+00:00","dateModified":"2017-11-21T16:02:56+00:00","mainEntityOfPage":{"@id":"https:\/\/autate.fr\/site\/2121-2\/"},"wordCount":1249,"commentCount":0,"publisher":{"@id":"https:\/\/autate.fr\/site\/#organization"},"keywords":["handicap","mobibus","mobilit\u00e9 r\u00e9duite","PE"],"articleSection":["Actualit\u00e9s-AUTATE","T\u00e9moignages"],"inLanguage":"fr-FR","potentialAction":[{"@type":"CommentAction","name":"Comment","target":["https:\/\/autate.fr\/site\/2121-2\/#respond"]}]},{"@type":"WebPage","@id":"https:\/\/autate.fr\/site\/2121-2\/","url":"https:\/\/autate.fr\/site\/2121-2\/","name":"T\u00e9moignage et propositions d'Andyprenariat pour Mobibus - AUTATE","isPartOf":{"@id":"https:\/\/autate.fr\/site\/#website"},"datePublished":"2017-11-19T08:14:35+00:00","dateModified":"2017-11-21T16:02:56+00:00","breadcrumb":{"@id":"https:\/\/autate.fr\/site\/2121-2\/#breadcrumb"},"inLanguage":"fr-FR","potentialAction":[{"@type":"ReadAction","target":["https:\/\/autate.fr\/site\/2121-2\/"]}]},{"@type":"BreadcrumbList","@id":"https:\/\/autate.fr\/site\/2121-2\/#breadcrumb","itemListElement":[{"@type":"ListItem","position":1,"name":"Accueil","item":"https:\/\/autate.fr\/site\/"},{"@type":"ListItem","position":2,"name":"T\u00e9moignage et propositions d&rsquo;Andyprenariat pour Mobibus"}]},{"@type":"WebSite","@id":"https:\/\/autate.fr\/site\/#website","url":"https:\/\/autate.fr\/site\/","name":"AUTATE","description":"Association des usagers des transports de l&#039;agglom\u00e9ration Toulousaine et de ses environs","publisher":{"@id":"https:\/\/autate.fr\/site\/#organization"},"potentialAction":[{"@type":"SearchAction","target":{"@type":"EntryPoint","urlTemplate":"https:\/\/autate.fr\/site\/?s={search_term_string}"},"query-input":{"@type":"PropertyValueSpecification","valueRequired":true,"valueName":"search_term_string"}}],"inLanguage":"fr-FR"},{"@type":"Organization","@id":"https:\/\/autate.fr\/site\/#organization","name":"AUTATE","url":"https:\/\/autate.fr\/site\/","logo":{"@type":"ImageObject","inLanguage":"fr-FR","@id":"https:\/\/autate.fr\/site\/#\/schema\/logo\/image\/","url":"http:\/\/autate.fr\/site\/wp-content\/uploads\/2019\/01\/logo.png","contentUrl":"http:\/\/autate.fr\/site\/wp-content\/uploads\/2019\/01\/logo.png","width":506,"height":280,"caption":"AUTATE"},"image":{"@id":"https:\/\/autate.fr\/site\/#\/schema\/logo\/image\/"},"sameAs":["https:\/\/www.facebook.com\/AutateToulouse","https:\/\/x.com\/AutateToulouse"]},{"@type":"Person","@id":"https:\/\/autate.fr\/site\/#\/schema\/person\/ae1ab8bdaa7b41d2a9b52d2557ce8254","name":"pascalbarbier","image":{"@type":"ImageObject","inLanguage":"fr-FR","@id":"https:\/\/secure.gravatar.com\/avatar\/03f4e8ced09894b72c67e83142540730d4b3bbf619bf46341b0074e3bf5f08a0?s=96&d=mm&r=g","url":"https:\/\/secure.gravatar.com\/avatar\/03f4e8ced09894b72c67e83142540730d4b3bbf619bf46341b0074e3bf5f08a0?s=96&d=mm&r=g","contentUrl":"https:\/\/secure.gravatar.com\/avatar\/03f4e8ced09894b72c67e83142540730d4b3bbf619bf46341b0074e3bf5f08a0?s=96&d=mm&r=g","caption":"pascalbarbier"},"url":"https:\/\/autate.fr\/site\/author\/pascalbarbier\/"}]}},"_links":{"self":[{"href":"https:\/\/autate.fr\/site\/wp-json\/wp\/v2\/posts\/2121","targetHints":{"allow":["GET"]}}],"collection":[{"href":"https:\/\/autate.fr\/site\/wp-json\/wp\/v2\/posts"}],"about":[{"href":"https:\/\/autate.fr\/site\/wp-json\/wp\/v2\/types\/post"}],"author":[{"embeddable":true,"href":"https:\/\/autate.fr\/site\/wp-json\/wp\/v2\/users\/1"}],"replies":[{"embeddable":true,"href":"https:\/\/autate.fr\/site\/wp-json\/wp\/v2\/comments?post=2121"}],"version-history":[{"count":5,"href":"https:\/\/autate.fr\/site\/wp-json\/wp\/v2\/posts\/2121\/revisions"}],"predecessor-version":[{"id":2127,"href":"https:\/\/autate.fr\/site\/wp-json\/wp\/v2\/posts\/2121\/revisions\/2127"}],"wp:attachment":[{"href":"https:\/\/autate.fr\/site\/wp-json\/wp\/v2\/media?parent=2121"}],"wp:term":[{"taxonomy":"category","embeddable":true,"href":"https:\/\/autate.fr\/site\/wp-json\/wp\/v2\/categories?post=2121"},{"taxonomy":"post_tag","embeddable":true,"href":"https:\/\/autate.fr\/site\/wp-json\/wp\/v2\/tags?post=2121"}],"curies":[{"name":"wp","href":"https:\/\/api.w.org\/{rel}","templated":true}]}}