{"id":2115,"date":"2017-11-17T19:46:10","date_gmt":"2017-11-17T18:46:10","guid":{"rendered":"http:\/\/autate.fr\/site\/?p=2115"},"modified":"2017-12-29T21:01:38","modified_gmt":"2017-12-29T20:01:38","slug":"2115-2","status":"publish","type":"post","link":"https:\/\/autate.fr\/site\/2115-2\/","title":{"rendered":"Bilan usager Carbonne-St Agne"},"content":{"rendered":"<p><strong>Je suis un usager au quotidien du TER entre Carbonne et Toulouse\/Saint-Agne depuis 2009<\/strong>. Je n&rsquo;ai not\u00e9 AUCUNE am\u00e9lioration de la fr\u00e9quence et de la ponctualit\u00e9 des TER sur cette p\u00e9riode. J&rsquo;aurais tendance \u00e0 observer une <strong>d\u00e9gradation<\/strong> au quotidien.<br \/>\nJuste\u00a0un\u00a0petit\u00a0exemple\u00a0sur\u00a0les\u00a03\u00a0derni\u00e8res\u00a0semaines :<br \/>\n-24\/10 matin Train <strong>supprim\u00e9<\/strong> (prob d&rsquo;aiguillage \u00e0 Caz\u00e8res), soir 15 min de retard<br \/>\n&#8211; 25, 26, 27, 30 et 31 octobre train du matin 15 min de <strong>retard<\/strong> et train du soir soir 15 min de retard<br \/>\n&#8211; 2\/11 train du matin soir 15 min de <strong>retard<\/strong> ( l&rsquo;aiguillage a \u00e9t\u00e9 r\u00e9par\u00e9!!!)<br \/>\n-7\/11 train\u00a0du\u00a0matin\u00a010\u00a0min\u00a0de\u00a0<strong>retard<\/strong><br \/>\n&#8211; 8\/11 train du matin 1h30 de<strong> retard<\/strong> (probl\u00e8me de passage \u00e0 niveau entre Muret et Portet et pas d&rsquo;astreinte d&rsquo;invention disponible rapidement!!!)<br \/>\n-13\/11, <strong>AUCUN<\/strong> train n&rsquo;a circul\u00e9 le matin sans service de remplacement. Le soir 1 train <strong>supprim\u00e9<\/strong> et le suivant avec 20 min et <strong>une seule rame<\/strong><br \/>\n-14\/11 10 min et <strong>une seule rame<\/strong> pour le train du main =&gt; ensemble du trajet debout dans l&rsquo;all\u00e9e et des gens sur le quai \u00e0 Muret. Train du soir <strong>une seule rame<\/strong><br \/>\n-15\/11\u00a0 <strong>une\u00a0seule\u00a0rame<\/strong>\u00a0le\u00a0matin\u00a0et\u00a0le\u00a0soir\u00a010\u00a0min\u00a0et\u00a0<strong>une\u00a0seule\u00a0rame<\/strong>.<br \/>\n-16\/11:\u00a0mouvement\u00a0de\u00a0gr\u00e8ve\u00a0service\u00a0min<\/p>\n<p><strong>Bilan<\/strong> sur moins de 3 semaines plus de 5 h de retard cumul\u00e9, \u00e0 chaque fois un manque de communication avec les usagers et une rame UNIQUE donc des trajets debout et des gens sur quai \u00e0 Muret.<\/p>\n<p>Bonne\u00a0soir\u00e9e<\/p>\n<p>Christophe\u00a0D<\/p>\n","protected":false},"excerpt":{"rendered":"<p>Je suis un usager au quotidien du TER entre Carbonne et Toulouse\/Saint-Agne depuis 2009. Je n&rsquo;ai not\u00e9 AUCUNE am\u00e9lioration de la fr\u00e9quence et de la ponctualit\u00e9 des TER sur cette p\u00e9riode. J&rsquo;aurais tendance \u00e0 observer une d\u00e9gradation au quotidien. Juste\u00a0un\u00a0petit\u00a0exemple\u00a0sur\u00a0les\u00a03\u00a0derni\u00e8res\u00a0semaines : -24\/10 matin Train supprim\u00e9 (prob d&rsquo;aiguillage \u00e0 Caz\u00e8res), soir 15 min de retard &#8211;<\/p>\n<p class=\"more-link\"><a href=\"https:\/\/autate.fr\/site\/2115-2\/\" class=\"themebutton2\">VOIR PLUS<\/a><\/p>\n","protected":false},"author":1,"featured_media":0,"comment_status":"open","ping_status":"open","sticky":false,"template":"","format":"standard","meta":{"footnotes":""},"categories":[336,418],"tags":[],"class_list":["post-2115","post","type-post","status-publish","format-standard","hentry","category-temoignages","category-trains-urbains"],"yoast_head":"<!-- This site is optimized with the Yoast SEO plugin v27.4 - https:\/\/yoast.com\/product\/yoast-seo-wordpress\/ -->\n<title>Bilan usager Carbonne-St Agne - AUTATE<\/title>\n<meta name=\"robots\" content=\"index, follow, max-snippet:-1, max-image-preview:large, max-video-preview:-1\" \/>\n<link rel=\"canonical\" href=\"https:\/\/autate.fr\/site\/2115-2\/\" \/>\n<meta property=\"og:locale\" content=\"fr_FR\" \/>\n<meta property=\"og:type\" content=\"article\" \/>\n<meta property=\"og:title\" content=\"Bilan usager Carbonne-St Agne - AUTATE\" \/>\n<meta property=\"og:description\" content=\"Je suis un usager au quotidien du TER entre Carbonne et Toulouse\/Saint-Agne depuis 2009. Je n&rsquo;ai not\u00e9 AUCUNE am\u00e9lioration de la fr\u00e9quence et de la ponctualit\u00e9 des TER sur cette p\u00e9riode. J&rsquo;aurais tendance \u00e0 observer une d\u00e9gradation au quotidien. Juste\u00a0un\u00a0petit\u00a0exemple\u00a0sur\u00a0les\u00a03\u00a0derni\u00e8res\u00a0semaines : -24\/10 matin Train supprim\u00e9 (prob d&rsquo;aiguillage \u00e0 Caz\u00e8res), soir 15 min de retard &#8211;VOIR PLUS\" \/>\n<meta property=\"og:url\" content=\"https:\/\/autate.fr\/site\/2115-2\/\" \/>\n<meta property=\"og:site_name\" content=\"AUTATE\" \/>\n<meta property=\"article:publisher\" content=\"https:\/\/www.facebook.com\/AutateToulouse\" \/>\n<meta property=\"article:published_time\" content=\"2017-11-17T18:46:10+00:00\" \/>\n<meta property=\"article:modified_time\" content=\"2017-12-29T20:01:38+00:00\" \/>\n<meta name=\"author\" content=\"pascalbarbier\" \/>\n<meta name=\"twitter:card\" content=\"summary_large_image\" \/>\n<meta name=\"twitter:creator\" content=\"@AutateToulouse\" \/>\n<meta name=\"twitter:site\" content=\"@AutateToulouse\" \/>\n<meta name=\"twitter:label1\" content=\"\u00c9crit par\" \/>\n\t<meta name=\"twitter:data1\" content=\"pascalbarbier\" \/>\n\t<meta name=\"twitter:label2\" content=\"Dur\u00e9e de lecture estim\u00e9e\" \/>\n\t<meta name=\"twitter:data2\" content=\"1 minute\" \/>\n<script type=\"application\/ld+json\" class=\"yoast-schema-graph\">{\"@context\":\"https:\\\/\\\/schema.org\",\"@graph\":[{\"@type\":\"Article\",\"@id\":\"https:\\\/\\\/autate.fr\\\/site\\\/2115-2\\\/#article\",\"isPartOf\":{\"@id\":\"https:\\\/\\\/autate.fr\\\/site\\\/2115-2\\\/\"},\"author\":{\"name\":\"pascalbarbier\",\"@id\":\"https:\\\/\\\/autate.fr\\\/site\\\/#\\\/schema\\\/person\\\/ae1ab8bdaa7b41d2a9b52d2557ce8254\"},\"headline\":\"Bilan usager Carbonne-St Agne\",\"datePublished\":\"2017-11-17T18:46:10+00:00\",\"dateModified\":\"2017-12-29T20:01:38+00:00\",\"mainEntityOfPage\":{\"@id\":\"https:\\\/\\\/autate.fr\\\/site\\\/2115-2\\\/\"},\"wordCount\":242,\"commentCount\":0,\"publisher\":{\"@id\":\"https:\\\/\\\/autate.fr\\\/site\\\/#organization\"},\"articleSection\":[\"T\u00e9moignages\",\"Trains urbains\"],\"inLanguage\":\"fr-FR\",\"potentialAction\":[{\"@type\":\"CommentAction\",\"name\":\"Comment\",\"target\":[\"https:\\\/\\\/autate.fr\\\/site\\\/2115-2\\\/#respond\"]}]},{\"@type\":\"WebPage\",\"@id\":\"https:\\\/\\\/autate.fr\\\/site\\\/2115-2\\\/\",\"url\":\"https:\\\/\\\/autate.fr\\\/site\\\/2115-2\\\/\",\"name\":\"Bilan usager Carbonne-St Agne - AUTATE\",\"isPartOf\":{\"@id\":\"https:\\\/\\\/autate.fr\\\/site\\\/#website\"},\"datePublished\":\"2017-11-17T18:46:10+00:00\",\"dateModified\":\"2017-12-29T20:01:38+00:00\",\"breadcrumb\":{\"@id\":\"https:\\\/\\\/autate.fr\\\/site\\\/2115-2\\\/#breadcrumb\"},\"inLanguage\":\"fr-FR\",\"potentialAction\":[{\"@type\":\"ReadAction\",\"target\":[\"https:\\\/\\\/autate.fr\\\/site\\\/2115-2\\\/\"]}]},{\"@type\":\"BreadcrumbList\",\"@id\":\"https:\\\/\\\/autate.fr\\\/site\\\/2115-2\\\/#breadcrumb\",\"itemListElement\":[{\"@type\":\"ListItem\",\"position\":1,\"name\":\"Accueil\",\"item\":\"https:\\\/\\\/autate.fr\\\/site\\\/\"},{\"@type\":\"ListItem\",\"position\":2,\"name\":\"Bilan usager Carbonne-St Agne\"}]},{\"@type\":\"WebSite\",\"@id\":\"https:\\\/\\\/autate.fr\\\/site\\\/#website\",\"url\":\"https:\\\/\\\/autate.fr\\\/site\\\/\",\"name\":\"AUTATE\",\"description\":\"Association des usagers des transports de l&#039;agglom\u00e9ration Toulousaine et de ses environs\",\"publisher\":{\"@id\":\"https:\\\/\\\/autate.fr\\\/site\\\/#organization\"},\"potentialAction\":[{\"@type\":\"SearchAction\",\"target\":{\"@type\":\"EntryPoint\",\"urlTemplate\":\"https:\\\/\\\/autate.fr\\\/site\\\/?s={search_term_string}\"},\"query-input\":{\"@type\":\"PropertyValueSpecification\",\"valueRequired\":true,\"valueName\":\"search_term_string\"}}],\"inLanguage\":\"fr-FR\"},{\"@type\":\"Organization\",\"@id\":\"https:\\\/\\\/autate.fr\\\/site\\\/#organization\",\"name\":\"AUTATE\",\"url\":\"https:\\\/\\\/autate.fr\\\/site\\\/\",\"logo\":{\"@type\":\"ImageObject\",\"inLanguage\":\"fr-FR\",\"@id\":\"https:\\\/\\\/autate.fr\\\/site\\\/#\\\/schema\\\/logo\\\/image\\\/\",\"url\":\"http:\\\/\\\/autate.fr\\\/site\\\/wp-content\\\/uploads\\\/2019\\\/01\\\/logo.png\",\"contentUrl\":\"http:\\\/\\\/autate.fr\\\/site\\\/wp-content\\\/uploads\\\/2019\\\/01\\\/logo.png\",\"width\":506,\"height\":280,\"caption\":\"AUTATE\"},\"image\":{\"@id\":\"https:\\\/\\\/autate.fr\\\/site\\\/#\\\/schema\\\/logo\\\/image\\\/\"},\"sameAs\":[\"https:\\\/\\\/www.facebook.com\\\/AutateToulouse\",\"https:\\\/\\\/x.com\\\/AutateToulouse\"]},{\"@type\":\"Person\",\"@id\":\"https:\\\/\\\/autate.fr\\\/site\\\/#\\\/schema\\\/person\\\/ae1ab8bdaa7b41d2a9b52d2557ce8254\",\"name\":\"pascalbarbier\",\"image\":{\"@type\":\"ImageObject\",\"inLanguage\":\"fr-FR\",\"@id\":\"https:\\\/\\\/secure.gravatar.com\\\/avatar\\\/03f4e8ced09894b72c67e83142540730d4b3bbf619bf46341b0074e3bf5f08a0?s=96&d=mm&r=g\",\"url\":\"https:\\\/\\\/secure.gravatar.com\\\/avatar\\\/03f4e8ced09894b72c67e83142540730d4b3bbf619bf46341b0074e3bf5f08a0?s=96&d=mm&r=g\",\"contentUrl\":\"https:\\\/\\\/secure.gravatar.com\\\/avatar\\\/03f4e8ced09894b72c67e83142540730d4b3bbf619bf46341b0074e3bf5f08a0?s=96&d=mm&r=g\",\"caption\":\"pascalbarbier\"},\"url\":\"https:\\\/\\\/autate.fr\\\/site\\\/author\\\/pascalbarbier\\\/\"}]}<\/script>\n<!-- \/ Yoast SEO plugin. -->","yoast_head_json":{"title":"Bilan usager Carbonne-St Agne - AUTATE","robots":{"index":"index","follow":"follow","max-snippet":"max-snippet:-1","max-image-preview":"max-image-preview:large","max-video-preview":"max-video-preview:-1"},"canonical":"https:\/\/autate.fr\/site\/2115-2\/","og_locale":"fr_FR","og_type":"article","og_title":"Bilan usager Carbonne-St Agne - AUTATE","og_description":"Je suis un usager au quotidien du TER entre Carbonne et Toulouse\/Saint-Agne depuis 2009. Je n&rsquo;ai not\u00e9 AUCUNE am\u00e9lioration de la fr\u00e9quence et de la ponctualit\u00e9 des TER sur cette p\u00e9riode. J&rsquo;aurais tendance \u00e0 observer une d\u00e9gradation au quotidien. Juste\u00a0un\u00a0petit\u00a0exemple\u00a0sur\u00a0les\u00a03\u00a0derni\u00e8res\u00a0semaines : -24\/10 matin Train supprim\u00e9 (prob d&rsquo;aiguillage \u00e0 Caz\u00e8res), soir 15 min de retard &#8211;VOIR PLUS","og_url":"https:\/\/autate.fr\/site\/2115-2\/","og_site_name":"AUTATE","article_publisher":"https:\/\/www.facebook.com\/AutateToulouse","article_published_time":"2017-11-17T18:46:10+00:00","article_modified_time":"2017-12-29T20:01:38+00:00","author":"pascalbarbier","twitter_card":"summary_large_image","twitter_creator":"@AutateToulouse","twitter_site":"@AutateToulouse","twitter_misc":{"\u00c9crit par":"pascalbarbier","Dur\u00e9e de lecture estim\u00e9e":"1 minute"},"schema":{"@context":"https:\/\/schema.org","@graph":[{"@type":"Article","@id":"https:\/\/autate.fr\/site\/2115-2\/#article","isPartOf":{"@id":"https:\/\/autate.fr\/site\/2115-2\/"},"author":{"name":"pascalbarbier","@id":"https:\/\/autate.fr\/site\/#\/schema\/person\/ae1ab8bdaa7b41d2a9b52d2557ce8254"},"headline":"Bilan usager Carbonne-St Agne","datePublished":"2017-11-17T18:46:10+00:00","dateModified":"2017-12-29T20:01:38+00:00","mainEntityOfPage":{"@id":"https:\/\/autate.fr\/site\/2115-2\/"},"wordCount":242,"commentCount":0,"publisher":{"@id":"https:\/\/autate.fr\/site\/#organization"},"articleSection":["T\u00e9moignages","Trains urbains"],"inLanguage":"fr-FR","potentialAction":[{"@type":"CommentAction","name":"Comment","target":["https:\/\/autate.fr\/site\/2115-2\/#respond"]}]},{"@type":"WebPage","@id":"https:\/\/autate.fr\/site\/2115-2\/","url":"https:\/\/autate.fr\/site\/2115-2\/","name":"Bilan usager Carbonne-St Agne - AUTATE","isPartOf":{"@id":"https:\/\/autate.fr\/site\/#website"},"datePublished":"2017-11-17T18:46:10+00:00","dateModified":"2017-12-29T20:01:38+00:00","breadcrumb":{"@id":"https:\/\/autate.fr\/site\/2115-2\/#breadcrumb"},"inLanguage":"fr-FR","potentialAction":[{"@type":"ReadAction","target":["https:\/\/autate.fr\/site\/2115-2\/"]}]},{"@type":"BreadcrumbList","@id":"https:\/\/autate.fr\/site\/2115-2\/#breadcrumb","itemListElement":[{"@type":"ListItem","position":1,"name":"Accueil","item":"https:\/\/autate.fr\/site\/"},{"@type":"ListItem","position":2,"name":"Bilan usager Carbonne-St Agne"}]},{"@type":"WebSite","@id":"https:\/\/autate.fr\/site\/#website","url":"https:\/\/autate.fr\/site\/","name":"AUTATE","description":"Association des usagers des transports de l&#039;agglom\u00e9ration Toulousaine et de ses environs","publisher":{"@id":"https:\/\/autate.fr\/site\/#organization"},"potentialAction":[{"@type":"SearchAction","target":{"@type":"EntryPoint","urlTemplate":"https:\/\/autate.fr\/site\/?s={search_term_string}"},"query-input":{"@type":"PropertyValueSpecification","valueRequired":true,"valueName":"search_term_string"}}],"inLanguage":"fr-FR"},{"@type":"Organization","@id":"https:\/\/autate.fr\/site\/#organization","name":"AUTATE","url":"https:\/\/autate.fr\/site\/","logo":{"@type":"ImageObject","inLanguage":"fr-FR","@id":"https:\/\/autate.fr\/site\/#\/schema\/logo\/image\/","url":"http:\/\/autate.fr\/site\/wp-content\/uploads\/2019\/01\/logo.png","contentUrl":"http:\/\/autate.fr\/site\/wp-content\/uploads\/2019\/01\/logo.png","width":506,"height":280,"caption":"AUTATE"},"image":{"@id":"https:\/\/autate.fr\/site\/#\/schema\/logo\/image\/"},"sameAs":["https:\/\/www.facebook.com\/AutateToulouse","https:\/\/x.com\/AutateToulouse"]},{"@type":"Person","@id":"https:\/\/autate.fr\/site\/#\/schema\/person\/ae1ab8bdaa7b41d2a9b52d2557ce8254","name":"pascalbarbier","image":{"@type":"ImageObject","inLanguage":"fr-FR","@id":"https:\/\/secure.gravatar.com\/avatar\/03f4e8ced09894b72c67e83142540730d4b3bbf619bf46341b0074e3bf5f08a0?s=96&d=mm&r=g","url":"https:\/\/secure.gravatar.com\/avatar\/03f4e8ced09894b72c67e83142540730d4b3bbf619bf46341b0074e3bf5f08a0?s=96&d=mm&r=g","contentUrl":"https:\/\/secure.gravatar.com\/avatar\/03f4e8ced09894b72c67e83142540730d4b3bbf619bf46341b0074e3bf5f08a0?s=96&d=mm&r=g","caption":"pascalbarbier"},"url":"https:\/\/autate.fr\/site\/author\/pascalbarbier\/"}]}},"_links":{"self":[{"href":"https:\/\/autate.fr\/site\/wp-json\/wp\/v2\/posts\/2115","targetHints":{"allow":["GET"]}}],"collection":[{"href":"https:\/\/autate.fr\/site\/wp-json\/wp\/v2\/posts"}],"about":[{"href":"https:\/\/autate.fr\/site\/wp-json\/wp\/v2\/types\/post"}],"author":[{"embeddable":true,"href":"https:\/\/autate.fr\/site\/wp-json\/wp\/v2\/users\/1"}],"replies":[{"embeddable":true,"href":"https:\/\/autate.fr\/site\/wp-json\/wp\/v2\/comments?post=2115"}],"version-history":[{"count":4,"href":"https:\/\/autate.fr\/site\/wp-json\/wp\/v2\/posts\/2115\/revisions"}],"predecessor-version":[{"id":2120,"href":"https:\/\/autate.fr\/site\/wp-json\/wp\/v2\/posts\/2115\/revisions\/2120"}],"wp:attachment":[{"href":"https:\/\/autate.fr\/site\/wp-json\/wp\/v2\/media?parent=2115"}],"wp:term":[{"taxonomy":"category","embeddable":true,"href":"https:\/\/autate.fr\/site\/wp-json\/wp\/v2\/categories?post=2115"},{"taxonomy":"post_tag","embeddable":true,"href":"https:\/\/autate.fr\/site\/wp-json\/wp\/v2\/tags?post=2115"}],"curies":[{"name":"wp","href":"https:\/\/api.w.org\/{rel}","templated":true}]}}