{"id":210,"date":"2016-02-05T22:00:16","date_gmt":"2016-02-05T21:00:16","guid":{"rendered":"http:\/\/autate.fr\/site\/?p=210"},"modified":"2017-04-13T16:42:21","modified_gmt":"2017-04-13T14:42:21","slug":"la-depeche-quel-reseau-autour-des-bus-lineo","status":"publish","type":"post","link":"https:\/\/autate.fr\/site\/la-depeche-quel-reseau-autour-des-bus-lineo\/","title":{"rendered":"[La D\u00e9p\u00eache] Quel r\u00e9seau autour des bus Lin\u00e9o"},"content":{"rendered":"<div class=\"p402_premium\">\n<p>C&rsquo;est un nouveau r\u00e9seau de bus qui va prendre place d&rsquo;ici 2019 avec dix lignes Lin\u00e9o renforc\u00e9es, aux passages plus fr\u00e9quents (moins d&rsquo;attente aux arr\u00eats), plus r\u00e9guliers et rapides, avec une amplitude horaire plus large (5 h 30-0 h 30).<\/p>\n<p>Le Lin\u00e9o 1 (ex-ligne 16) reliera Sept-Deniers \u00e0 Balma<\/p>\n<p>et le L2 (ex 64) Colomiers \u00e0 Ar\u00e8nes en septembre 2016.<\/p>\n<p>Les Lin\u00e9o 6 (ex 62), 7 (ex 10) et 8 (ex 22) relieront respectivement Castanet\/Ramonville-M\u00e9tro, Saint-Orens\/Cours Dillon et Montaudran-Marengo en 2017.<\/p>\n<p>Le Lin\u00e9o 9 (ex 38) reliera L&rsquo;Union \u00e0 Empalot<\/p>\n<p>et le 3 (ex 10 et 65), Plaisance-Tournefeuille \u00e0 Ar\u00e8nes en 2018. C&rsquo;est la ligne issue du fameux projet, abandonn\u00e9 puis modifi\u00e9, de BHNS Ouest.<\/p>\n<p>Les Lin\u00e9o 4 (ex 12) et 5 (ex 52) rattacheront respectivement Basso Cambo et Portet au centre-ville en 2019.<\/p>\n<p>Le Lin\u00e9o 10 desservira le nord toulousain avec deux variantes possibles l&rsquo;une par l&rsquo;ex RN 20 ou l&rsquo;autre par le BUN (boulevard urbain nord, en construction) \u00e0 l&rsquo;horizon 2019.<\/p>\n<p>Les bus Lin\u00e9o arboreront une livr\u00e9e sp\u00e9cifique, gris argent\u00e9.<\/p>\n<p>En majorit\u00e9 articul\u00e9s, hybrides (diesel et \u00e9lectrique, avec une nouvelle technologie, para\u00eet-il) ou \u00e0 gaz, on devrait les voir circuler d\u00e8s le printemps.<\/p>\n<p>Les 25 premiers v\u00e9hicules achet\u00e9s vont \u00eatre livr\u00e9s prochainement. Cette restructuration s&rsquo;accompagnera, selon Tiss\u00e9o, d&rsquo;une desserte compl\u00e9mentaire, pour le reste du r\u00e9seau bus, avec une volont\u00e9 de renforcer le maillage autour du r\u00e9seau structurant que constitueront les lignes bus Lin\u00e9o, le m\u00e9tro et le tramway.<\/p>\n<p>Une desserte compl\u00e9mentaire qui devrait \u00eatre en partie sous-trait\u00e9e \u00e0 des autocaristes priv\u00e9s comme c&rsquo;est d\u00e9j\u00e0 le cas dans le cahier des charges de l&rsquo;exploitant Tiss\u00e9o pour 2016.<\/p>\n<p>D&rsquo;autant qu&rsquo;avec l&rsquo;accroissement des services (amplitude horaire \u00e9largie, fr\u00e9quence augment\u00e9e), il faudra deux fois plus de conducteurs pour exploiter un Lin\u00e9o qu&rsquo;un bus de ligne traditionnelle (on donne l&rsquo;exemple de 30 chauffeurs pour une ligne exploit\u00e9e aujourd&rsquo;hui par 15 conducteurs).<\/p>\n<p>Tiss\u00e9o voit d\u00e9j\u00e0 plus loin et \u00e9voque de possibles extensions de lignes Lin\u00e9o existantes, apr\u00e8s 2020.<\/p>\n<\/div>\n<div class=\"article_author\"><a href=\"http:\/\/www.ladepeche.fr\/article\/2016\/02\/05\/2271031-quel-reseau-autour-des-bus-lineo.html\">Un article de Ph. E.<\/a><\/div>\n","protected":false},"excerpt":{"rendered":"<p>C&rsquo;est un nouveau r\u00e9seau de bus qui va prendre place d&rsquo;ici 2019 avec dix lignes Lin\u00e9o renforc\u00e9es, aux passages plus fr\u00e9quents (moins d&rsquo;attente aux arr\u00eats), plus r\u00e9guliers et rapides, avec une amplitude horaire plus large (5 h 30-0 h 30). Le Lin\u00e9o 1 (ex-ligne 16) reliera Sept-Deniers \u00e0 Balma et le L2 (ex 64) Colomiers<\/p>\n<p class=\"more-link\"><a href=\"https:\/\/autate.fr\/site\/la-depeche-quel-reseau-autour-des-bus-lineo\/\" class=\"themebutton2\">VOIR PLUS<\/a><\/p>\n","protected":false},"author":1,"featured_media":211,"comment_status":"open","ping_status":"open","sticky":false,"template":"","format":"standard","meta":{"footnotes":""},"categories":[298,7],"tags":[36],"class_list":["post-210","post","type-post","status-publish","format-standard","has-post-thumbnail","hentry","category-lineo","category-revue-de-presse","tag-lineo"],"yoast_head":"<!-- This site is optimized with the Yoast SEO plugin v27.4 - https:\/\/yoast.com\/product\/yoast-seo-wordpress\/ -->\n<title>[La D\u00e9p\u00eache] Quel r\u00e9seau autour des bus Lin\u00e9o - AUTATE<\/title>\n<meta name=\"robots\" content=\"index, follow, max-snippet:-1, max-image-preview:large, max-video-preview:-1\" \/>\n<link rel=\"canonical\" href=\"https:\/\/autate.fr\/site\/la-depeche-quel-reseau-autour-des-bus-lineo\/\" \/>\n<meta property=\"og:locale\" content=\"fr_FR\" \/>\n<meta property=\"og:type\" content=\"article\" \/>\n<meta property=\"og:title\" content=\"[La D\u00e9p\u00eache] Quel r\u00e9seau autour des bus Lin\u00e9o - AUTATE\" \/>\n<meta property=\"og:description\" content=\"C&rsquo;est un nouveau r\u00e9seau de bus qui va prendre place d&rsquo;ici 2019 avec dix lignes Lin\u00e9o renforc\u00e9es, aux passages plus fr\u00e9quents (moins d&rsquo;attente aux arr\u00eats), plus r\u00e9guliers et rapides, avec une amplitude horaire plus large (5 h 30-0 h 30). Le Lin\u00e9o 1 (ex-ligne 16) reliera Sept-Deniers \u00e0 Balma et le L2 (ex 64) ColomiersVOIR PLUS\" \/>\n<meta property=\"og:url\" content=\"https:\/\/autate.fr\/site\/la-depeche-quel-reseau-autour-des-bus-lineo\/\" \/>\n<meta property=\"og:site_name\" content=\"AUTATE\" \/>\n<meta property=\"article:publisher\" content=\"https:\/\/www.facebook.com\/AutateToulouse\" \/>\n<meta property=\"article:published_time\" content=\"2016-02-05T21:00:16+00:00\" \/>\n<meta property=\"article:modified_time\" content=\"2017-04-13T14:42:21+00:00\" \/>\n<meta property=\"og:image\" content=\"https:\/\/autate.fr\/site\/wp-content\/uploads\/2016\/02\/r\u00e9seauautourlineo.jpg\" \/>\n\t<meta property=\"og:image:width\" content=\"650\" \/>\n\t<meta property=\"og:image:height\" content=\"350\" \/>\n\t<meta property=\"og:image:type\" content=\"image\/jpeg\" \/>\n<meta name=\"author\" content=\"pascalbarbier\" \/>\n<meta name=\"twitter:card\" content=\"summary_large_image\" \/>\n<meta name=\"twitter:creator\" content=\"@AutateToulouse\" \/>\n<meta name=\"twitter:site\" content=\"@AutateToulouse\" \/>\n<meta name=\"twitter:label1\" content=\"\u00c9crit par\" \/>\n\t<meta name=\"twitter:data1\" content=\"pascalbarbier\" \/>\n\t<meta name=\"twitter:label2\" content=\"Dur\u00e9e de lecture estim\u00e9e\" \/>\n\t<meta name=\"twitter:data2\" content=\"2 minutes\" \/>\n<script type=\"application\/ld+json\" class=\"yoast-schema-graph\">{\"@context\":\"https:\\\/\\\/schema.org\",\"@graph\":[{\"@type\":\"Article\",\"@id\":\"https:\\\/\\\/autate.fr\\\/site\\\/la-depeche-quel-reseau-autour-des-bus-lineo\\\/#article\",\"isPartOf\":{\"@id\":\"https:\\\/\\\/autate.fr\\\/site\\\/la-depeche-quel-reseau-autour-des-bus-lineo\\\/\"},\"author\":{\"name\":\"pascalbarbier\",\"@id\":\"https:\\\/\\\/autate.fr\\\/site\\\/#\\\/schema\\\/person\\\/ae1ab8bdaa7b41d2a9b52d2557ce8254\"},\"headline\":\"[La D\u00e9p\u00eache] Quel r\u00e9seau autour des bus Lin\u00e9o\",\"datePublished\":\"2016-02-05T21:00:16+00:00\",\"dateModified\":\"2017-04-13T14:42:21+00:00\",\"mainEntityOfPage\":{\"@id\":\"https:\\\/\\\/autate.fr\\\/site\\\/la-depeche-quel-reseau-autour-des-bus-lineo\\\/\"},\"wordCount\":345,\"commentCount\":0,\"publisher\":{\"@id\":\"https:\\\/\\\/autate.fr\\\/site\\\/#organization\"},\"image\":{\"@id\":\"https:\\\/\\\/autate.fr\\\/site\\\/la-depeche-quel-reseau-autour-des-bus-lineo\\\/#primaryimage\"},\"thumbnailUrl\":\"https:\\\/\\\/autate.fr\\\/site\\\/wp-content\\\/uploads\\\/2016\\\/02\\\/r\u00e9seauautourlineo.jpg\",\"keywords\":[\"Lin\u00e9o\"],\"articleSection\":[\"Lin\u00e9o\",\"Revue de presse\"],\"inLanguage\":\"fr-FR\",\"potentialAction\":[{\"@type\":\"CommentAction\",\"name\":\"Comment\",\"target\":[\"https:\\\/\\\/autate.fr\\\/site\\\/la-depeche-quel-reseau-autour-des-bus-lineo\\\/#respond\"]}]},{\"@type\":\"WebPage\",\"@id\":\"https:\\\/\\\/autate.fr\\\/site\\\/la-depeche-quel-reseau-autour-des-bus-lineo\\\/\",\"url\":\"https:\\\/\\\/autate.fr\\\/site\\\/la-depeche-quel-reseau-autour-des-bus-lineo\\\/\",\"name\":\"[La D\u00e9p\u00eache] Quel r\u00e9seau autour des bus Lin\u00e9o - AUTATE\",\"isPartOf\":{\"@id\":\"https:\\\/\\\/autate.fr\\\/site\\\/#website\"},\"primaryImageOfPage\":{\"@id\":\"https:\\\/\\\/autate.fr\\\/site\\\/la-depeche-quel-reseau-autour-des-bus-lineo\\\/#primaryimage\"},\"image\":{\"@id\":\"https:\\\/\\\/autate.fr\\\/site\\\/la-depeche-quel-reseau-autour-des-bus-lineo\\\/#primaryimage\"},\"thumbnailUrl\":\"https:\\\/\\\/autate.fr\\\/site\\\/wp-content\\\/uploads\\\/2016\\\/02\\\/r\u00e9seauautourlineo.jpg\",\"datePublished\":\"2016-02-05T21:00:16+00:00\",\"dateModified\":\"2017-04-13T14:42:21+00:00\",\"breadcrumb\":{\"@id\":\"https:\\\/\\\/autate.fr\\\/site\\\/la-depeche-quel-reseau-autour-des-bus-lineo\\\/#breadcrumb\"},\"inLanguage\":\"fr-FR\",\"potentialAction\":[{\"@type\":\"ReadAction\",\"target\":[\"https:\\\/\\\/autate.fr\\\/site\\\/la-depeche-quel-reseau-autour-des-bus-lineo\\\/\"]}]},{\"@type\":\"ImageObject\",\"inLanguage\":\"fr-FR\",\"@id\":\"https:\\\/\\\/autate.fr\\\/site\\\/la-depeche-quel-reseau-autour-des-bus-lineo\\\/#primaryimage\",\"url\":\"https:\\\/\\\/autate.fr\\\/site\\\/wp-content\\\/uploads\\\/2016\\\/02\\\/r\u00e9seauautourlineo.jpg\",\"contentUrl\":\"https:\\\/\\\/autate.fr\\\/site\\\/wp-content\\\/uploads\\\/2016\\\/02\\\/r\u00e9seauautourlineo.jpg\",\"width\":650,\"height\":350},{\"@type\":\"BreadcrumbList\",\"@id\":\"https:\\\/\\\/autate.fr\\\/site\\\/la-depeche-quel-reseau-autour-des-bus-lineo\\\/#breadcrumb\",\"itemListElement\":[{\"@type\":\"ListItem\",\"position\":1,\"name\":\"Accueil\",\"item\":\"https:\\\/\\\/autate.fr\\\/site\\\/\"},{\"@type\":\"ListItem\",\"position\":2,\"name\":\"[La D\u00e9p\u00eache] Quel r\u00e9seau autour des bus Lin\u00e9o\"}]},{\"@type\":\"WebSite\",\"@id\":\"https:\\\/\\\/autate.fr\\\/site\\\/#website\",\"url\":\"https:\\\/\\\/autate.fr\\\/site\\\/\",\"name\":\"AUTATE\",\"description\":\"Association des usagers des transports de l&#039;agglom\u00e9ration Toulousaine et de ses environs\",\"publisher\":{\"@id\":\"https:\\\/\\\/autate.fr\\\/site\\\/#organization\"},\"potentialAction\":[{\"@type\":\"SearchAction\",\"target\":{\"@type\":\"EntryPoint\",\"urlTemplate\":\"https:\\\/\\\/autate.fr\\\/site\\\/?s={search_term_string}\"},\"query-input\":{\"@type\":\"PropertyValueSpecification\",\"valueRequired\":true,\"valueName\":\"search_term_string\"}}],\"inLanguage\":\"fr-FR\"},{\"@type\":\"Organization\",\"@id\":\"https:\\\/\\\/autate.fr\\\/site\\\/#organization\",\"name\":\"AUTATE\",\"url\":\"https:\\\/\\\/autate.fr\\\/site\\\/\",\"logo\":{\"@type\":\"ImageObject\",\"inLanguage\":\"fr-FR\",\"@id\":\"https:\\\/\\\/autate.fr\\\/site\\\/#\\\/schema\\\/logo\\\/image\\\/\",\"url\":\"http:\\\/\\\/autate.fr\\\/site\\\/wp-content\\\/uploads\\\/2019\\\/01\\\/logo.png\",\"contentUrl\":\"http:\\\/\\\/autate.fr\\\/site\\\/wp-content\\\/uploads\\\/2019\\\/01\\\/logo.png\",\"width\":506,\"height\":280,\"caption\":\"AUTATE\"},\"image\":{\"@id\":\"https:\\\/\\\/autate.fr\\\/site\\\/#\\\/schema\\\/logo\\\/image\\\/\"},\"sameAs\":[\"https:\\\/\\\/www.facebook.com\\\/AutateToulouse\",\"https:\\\/\\\/x.com\\\/AutateToulouse\"]},{\"@type\":\"Person\",\"@id\":\"https:\\\/\\\/autate.fr\\\/site\\\/#\\\/schema\\\/person\\\/ae1ab8bdaa7b41d2a9b52d2557ce8254\",\"name\":\"pascalbarbier\",\"image\":{\"@type\":\"ImageObject\",\"inLanguage\":\"fr-FR\",\"@id\":\"https:\\\/\\\/secure.gravatar.com\\\/avatar\\\/03f4e8ced09894b72c67e83142540730d4b3bbf619bf46341b0074e3bf5f08a0?s=96&d=mm&r=g\",\"url\":\"https:\\\/\\\/secure.gravatar.com\\\/avatar\\\/03f4e8ced09894b72c67e83142540730d4b3bbf619bf46341b0074e3bf5f08a0?s=96&d=mm&r=g\",\"contentUrl\":\"https:\\\/\\\/secure.gravatar.com\\\/avatar\\\/03f4e8ced09894b72c67e83142540730d4b3bbf619bf46341b0074e3bf5f08a0?s=96&d=mm&r=g\",\"caption\":\"pascalbarbier\"},\"url\":\"https:\\\/\\\/autate.fr\\\/site\\\/author\\\/pascalbarbier\\\/\"}]}<\/script>\n<!-- \/ Yoast SEO plugin. -->","yoast_head_json":{"title":"[La D\u00e9p\u00eache] Quel r\u00e9seau autour des bus Lin\u00e9o - AUTATE","robots":{"index":"index","follow":"follow","max-snippet":"max-snippet:-1","max-image-preview":"max-image-preview:large","max-video-preview":"max-video-preview:-1"},"canonical":"https:\/\/autate.fr\/site\/la-depeche-quel-reseau-autour-des-bus-lineo\/","og_locale":"fr_FR","og_type":"article","og_title":"[La D\u00e9p\u00eache] Quel r\u00e9seau autour des bus Lin\u00e9o - AUTATE","og_description":"C&rsquo;est un nouveau r\u00e9seau de bus qui va prendre place d&rsquo;ici 2019 avec dix lignes Lin\u00e9o renforc\u00e9es, aux passages plus fr\u00e9quents (moins d&rsquo;attente aux arr\u00eats), plus r\u00e9guliers et rapides, avec une amplitude horaire plus large (5 h 30-0 h 30). Le Lin\u00e9o 1 (ex-ligne 16) reliera Sept-Deniers \u00e0 Balma et le L2 (ex 64) ColomiersVOIR PLUS","og_url":"https:\/\/autate.fr\/site\/la-depeche-quel-reseau-autour-des-bus-lineo\/","og_site_name":"AUTATE","article_publisher":"https:\/\/www.facebook.com\/AutateToulouse","article_published_time":"2016-02-05T21:00:16+00:00","article_modified_time":"2017-04-13T14:42:21+00:00","og_image":[{"width":650,"height":350,"url":"https:\/\/autate.fr\/site\/wp-content\/uploads\/2016\/02\/r\u00e9seauautourlineo.jpg","type":"image\/jpeg"}],"author":"pascalbarbier","twitter_card":"summary_large_image","twitter_creator":"@AutateToulouse","twitter_site":"@AutateToulouse","twitter_misc":{"\u00c9crit par":"pascalbarbier","Dur\u00e9e de lecture estim\u00e9e":"2 minutes"},"schema":{"@context":"https:\/\/schema.org","@graph":[{"@type":"Article","@id":"https:\/\/autate.fr\/site\/la-depeche-quel-reseau-autour-des-bus-lineo\/#article","isPartOf":{"@id":"https:\/\/autate.fr\/site\/la-depeche-quel-reseau-autour-des-bus-lineo\/"},"author":{"name":"pascalbarbier","@id":"https:\/\/autate.fr\/site\/#\/schema\/person\/ae1ab8bdaa7b41d2a9b52d2557ce8254"},"headline":"[La D\u00e9p\u00eache] Quel r\u00e9seau autour des bus Lin\u00e9o","datePublished":"2016-02-05T21:00:16+00:00","dateModified":"2017-04-13T14:42:21+00:00","mainEntityOfPage":{"@id":"https:\/\/autate.fr\/site\/la-depeche-quel-reseau-autour-des-bus-lineo\/"},"wordCount":345,"commentCount":0,"publisher":{"@id":"https:\/\/autate.fr\/site\/#organization"},"image":{"@id":"https:\/\/autate.fr\/site\/la-depeche-quel-reseau-autour-des-bus-lineo\/#primaryimage"},"thumbnailUrl":"https:\/\/autate.fr\/site\/wp-content\/uploads\/2016\/02\/r\u00e9seauautourlineo.jpg","keywords":["Lin\u00e9o"],"articleSection":["Lin\u00e9o","Revue de presse"],"inLanguage":"fr-FR","potentialAction":[{"@type":"CommentAction","name":"Comment","target":["https:\/\/autate.fr\/site\/la-depeche-quel-reseau-autour-des-bus-lineo\/#respond"]}]},{"@type":"WebPage","@id":"https:\/\/autate.fr\/site\/la-depeche-quel-reseau-autour-des-bus-lineo\/","url":"https:\/\/autate.fr\/site\/la-depeche-quel-reseau-autour-des-bus-lineo\/","name":"[La D\u00e9p\u00eache] Quel r\u00e9seau autour des bus Lin\u00e9o - AUTATE","isPartOf":{"@id":"https:\/\/autate.fr\/site\/#website"},"primaryImageOfPage":{"@id":"https:\/\/autate.fr\/site\/la-depeche-quel-reseau-autour-des-bus-lineo\/#primaryimage"},"image":{"@id":"https:\/\/autate.fr\/site\/la-depeche-quel-reseau-autour-des-bus-lineo\/#primaryimage"},"thumbnailUrl":"https:\/\/autate.fr\/site\/wp-content\/uploads\/2016\/02\/r\u00e9seauautourlineo.jpg","datePublished":"2016-02-05T21:00:16+00:00","dateModified":"2017-04-13T14:42:21+00:00","breadcrumb":{"@id":"https:\/\/autate.fr\/site\/la-depeche-quel-reseau-autour-des-bus-lineo\/#breadcrumb"},"inLanguage":"fr-FR","potentialAction":[{"@type":"ReadAction","target":["https:\/\/autate.fr\/site\/la-depeche-quel-reseau-autour-des-bus-lineo\/"]}]},{"@type":"ImageObject","inLanguage":"fr-FR","@id":"https:\/\/autate.fr\/site\/la-depeche-quel-reseau-autour-des-bus-lineo\/#primaryimage","url":"https:\/\/autate.fr\/site\/wp-content\/uploads\/2016\/02\/r\u00e9seauautourlineo.jpg","contentUrl":"https:\/\/autate.fr\/site\/wp-content\/uploads\/2016\/02\/r\u00e9seauautourlineo.jpg","width":650,"height":350},{"@type":"BreadcrumbList","@id":"https:\/\/autate.fr\/site\/la-depeche-quel-reseau-autour-des-bus-lineo\/#breadcrumb","itemListElement":[{"@type":"ListItem","position":1,"name":"Accueil","item":"https:\/\/autate.fr\/site\/"},{"@type":"ListItem","position":2,"name":"[La D\u00e9p\u00eache] Quel r\u00e9seau autour des bus Lin\u00e9o"}]},{"@type":"WebSite","@id":"https:\/\/autate.fr\/site\/#website","url":"https:\/\/autate.fr\/site\/","name":"AUTATE","description":"Association des usagers des transports de l&#039;agglom\u00e9ration Toulousaine et de ses environs","publisher":{"@id":"https:\/\/autate.fr\/site\/#organization"},"potentialAction":[{"@type":"SearchAction","target":{"@type":"EntryPoint","urlTemplate":"https:\/\/autate.fr\/site\/?s={search_term_string}"},"query-input":{"@type":"PropertyValueSpecification","valueRequired":true,"valueName":"search_term_string"}}],"inLanguage":"fr-FR"},{"@type":"Organization","@id":"https:\/\/autate.fr\/site\/#organization","name":"AUTATE","url":"https:\/\/autate.fr\/site\/","logo":{"@type":"ImageObject","inLanguage":"fr-FR","@id":"https:\/\/autate.fr\/site\/#\/schema\/logo\/image\/","url":"http:\/\/autate.fr\/site\/wp-content\/uploads\/2019\/01\/logo.png","contentUrl":"http:\/\/autate.fr\/site\/wp-content\/uploads\/2019\/01\/logo.png","width":506,"height":280,"caption":"AUTATE"},"image":{"@id":"https:\/\/autate.fr\/site\/#\/schema\/logo\/image\/"},"sameAs":["https:\/\/www.facebook.com\/AutateToulouse","https:\/\/x.com\/AutateToulouse"]},{"@type":"Person","@id":"https:\/\/autate.fr\/site\/#\/schema\/person\/ae1ab8bdaa7b41d2a9b52d2557ce8254","name":"pascalbarbier","image":{"@type":"ImageObject","inLanguage":"fr-FR","@id":"https:\/\/secure.gravatar.com\/avatar\/03f4e8ced09894b72c67e83142540730d4b3bbf619bf46341b0074e3bf5f08a0?s=96&d=mm&r=g","url":"https:\/\/secure.gravatar.com\/avatar\/03f4e8ced09894b72c67e83142540730d4b3bbf619bf46341b0074e3bf5f08a0?s=96&d=mm&r=g","contentUrl":"https:\/\/secure.gravatar.com\/avatar\/03f4e8ced09894b72c67e83142540730d4b3bbf619bf46341b0074e3bf5f08a0?s=96&d=mm&r=g","caption":"pascalbarbier"},"url":"https:\/\/autate.fr\/site\/author\/pascalbarbier\/"}]}},"_links":{"self":[{"href":"https:\/\/autate.fr\/site\/wp-json\/wp\/v2\/posts\/210","targetHints":{"allow":["GET"]}}],"collection":[{"href":"https:\/\/autate.fr\/site\/wp-json\/wp\/v2\/posts"}],"about":[{"href":"https:\/\/autate.fr\/site\/wp-json\/wp\/v2\/types\/post"}],"author":[{"embeddable":true,"href":"https:\/\/autate.fr\/site\/wp-json\/wp\/v2\/users\/1"}],"replies":[{"embeddable":true,"href":"https:\/\/autate.fr\/site\/wp-json\/wp\/v2\/comments?post=210"}],"version-history":[{"count":1,"href":"https:\/\/autate.fr\/site\/wp-json\/wp\/v2\/posts\/210\/revisions"}],"predecessor-version":[{"id":212,"href":"https:\/\/autate.fr\/site\/wp-json\/wp\/v2\/posts\/210\/revisions\/212"}],"wp:featuredmedia":[{"embeddable":true,"href":"https:\/\/autate.fr\/site\/wp-json\/wp\/v2\/media\/211"}],"wp:attachment":[{"href":"https:\/\/autate.fr\/site\/wp-json\/wp\/v2\/media?parent=210"}],"wp:term":[{"taxonomy":"category","embeddable":true,"href":"https:\/\/autate.fr\/site\/wp-json\/wp\/v2\/categories?post=210"},{"taxonomy":"post_tag","embeddable":true,"href":"https:\/\/autate.fr\/site\/wp-json\/wp\/v2\/tags?post=210"}],"curies":[{"name":"wp","href":"https:\/\/api.w.org\/{rel}","templated":true}]}}