{"id":2081,"date":"2017-11-13T06:44:54","date_gmt":"2017-11-13T05:44:54","guid":{"rendered":"http:\/\/autate.fr\/site\/?p=2081"},"modified":"2017-11-13T11:19:10","modified_gmt":"2017-11-13T10:19:10","slug":"lineo-9-avis-dadherents","status":"publish","type":"post","link":"https:\/\/autate.fr\/site\/lineo-9-avis-dadherents\/","title":{"rendered":"Lin\u00e9o 9 : avis des adh\u00e9rents du secteur"},"content":{"rendered":"<p><strong>Cette ligne Lin\u00e9o ne sera pas en site propre sauf pour \u00ab\u00a0monter\u00a0\u00bb \u00e0 l&rsquo;Union<\/strong> o\u00f9 un couloir de bus et une piste cyclable seraient construits de l&rsquo;autre c\u00f4t\u00e9 des arbres par rapport \u00e0 la route.<br \/>\nEn \u00ab\u00a0descendant\u00a0\u00bb de l&rsquo;Union, ce serait un couloir de bus.<br \/>\nRte d&rsquo;Albi, Faubourg Bonnefoy, Rue Matabiau, il n&rsquo;y aura pas de couloir de bus, la configuration des voies ne le permet pas, m\u00eame si beaucoup pensent que sur Bonnefoy, l\u00e0 o\u00f9 il y des bouchons entre l&rsquo;av de Lavaur et l&rsquo;av de Lyon, un couloir de bus aurait \u00e9t\u00e9 n\u00e9cessaire.<br \/>\nUn couloir de bus sur le Faubourg serait au d\u00e9triment de la vie du <strong>c\u0153ur de quartier<\/strong>. Quelques places de stationnements supprim\u00e9es, des trottoirs, soit de la m\u00eame largeur, soit plus \u00e9troits, sans \u00ab\u00a0barri\u00e8re psychologique\u00a0\u00bb entre la circulation et les pi\u00e9tons.<br \/>\nIl faut savoir que le Faubourg, dans cette partie, est tr\u00e8s fr\u00e9quent\u00e9 par les pi\u00e9tons, en particulier des scolaires de la maternelle au coll\u00e8ge. Il y a donc n\u00e9cessit\u00e9 d&rsquo;avoir des trottoirs plus larges ou une \u00ab\u00a0barri\u00e8re psychologique\u00a0\u00bb (qui peut \u00eatre soit des stationnements, soit des am\u00e9nagements paysagers).<br \/>\nIl existe d&rsquo;autres moyens, qu&rsquo;un couloir de bus, pour <strong>inciter les habitants \u00e0 changer leur mobilit\u00e9<\/strong>.\u00a0 Ces moyens doivent \u00eatre mis en place pour assurer le succ\u00e8s de la Lin\u00e9o 9. P+R important, emplacements pour le covoiturage et l&rsquo;autopartage, des parcs s\u00e9curis\u00e9s et des arceaux pour les v\u00e9los, une application num\u00e9rique performante prenant en charge tous les modes de d\u00e9placements, tenant, en temps r\u00e9el, le compte des places de stationnements (covoiturage, autopartage et v\u00e9los) libres, permettant aux usagers de g\u00e9rer le plus finement possible leurs d\u00e9placements.<\/p>\n<p>Les couloirs de bus seraient donc entre l&rsquo;Union et la rocade, Av de Lyon et \u00e0 partir de Jeanne d&rsquo;Arc pour le sens Somport-&gt; Empalot.<\/p>\n<p>La Lin\u00e9o 9 sera \u00e0 peine plus rapide que maintenant, mais cette ligne est un atout pour les usagers venant de l&rsquo;ext\u00e9rieur car la plage horaire, sur la partie actuelle du 39, va \u00eatre consid\u00e9rablement agrandie, et une fr\u00e9quence plus que doubl\u00e9e.<br \/>\nDe plus, \u00e0 terme, elle serait en liaison avec la 3\u00e8me ligne de m\u00e9tro \u00e0 la hauteur de la place Bories, situ\u00e9e sur le Faubourg.<\/p>\n<p>Si les lignes de bus actuelles sur l&rsquo;Union, St Jean et autour sont redessin\u00e9es et plus performantes (nous ne connaissons pas le devenir de la ligne 42), nous pourrons peut-\u00eatre voir diminuer le nombre de voitures utilisant cet axe et donc voir diminuer la circulation sur le Faubourg, l\u00e0 o\u00f9 elle est importante.<br \/>\nDonc d&rsquo;avoir la confirmation de la non-n\u00e9cessit\u00e9 d&rsquo;un couloir de bus sur le Faubourg&#8230;<br \/>\nNous esp\u00e9rons beaucoup de cette ligne, surtout pour sa partie remplacement du 39, qui devrait profiter d&rsquo;un nombre important d&rsquo;usagers de la \u00ab\u00a0voiture solo\u00a0\u00bb basculant vers les TC.<\/p>\n<p><strong>Mais va-t-il y avoir assez de P+R pour pouvoir absorber les usagers venant de l&rsquo;ext\u00e9rieur ?<\/strong> nous ne le pensons pas. ..Pour l&rsquo;instant il annonc\u00e9 que 130 places \u00e0 Somport.<br \/>\nEst-ce que de \u00ab\u00a0grandes surfaces commerciales\u00a0\u00bb, situ\u00e9es \u00e0 l&rsquo;Union, vont finaliser l&rsquo;utilisation d&rsquo;une partie de leur parking pour les usagers de la Lin\u00e9o 9 ?<\/p>\n<p>Les seules interrogations qui restent actuellement par rapport \u00e0 la Lin\u00e9o 9, sont :<br \/>\n<strong>Quelle ligne va desservir Amouroux ?<\/strong> Puisque la ligne 38 ne desservira plus le quartier entre la route d&rsquo;Albi et Amouroux.<br \/>\nQuid des am\u00e9nagements pour rabattre les usagers vers la Lin\u00e9o 9? (P+R, Autopartage, Covoiturage, V\u00e9los,&#8230;)<br \/>\n<strong>Le stationnement r\u00e9sident<\/strong> dans les rues de chaque c\u00f4t\u00e9 de la ligne sera t-il mis en place?<\/p>\n<p><strong>Nous esp\u00e9rons fortement que cette ligne soit prolong\u00e9e jusqu&rsquo;\u00e0 St Jean et que Tiss\u00e9o puisse trouver des emplacements, aux terminus et le long de cette ligne, afin de cr\u00e9er des P+R, des stationnements pour le covoiturage, l&rsquo;autopartage, des parcs s\u00e9curis\u00e9s pour les v\u00e9los et des arceaux aux arr\u00eats de la Lin\u00e9o.<\/strong><\/p>\n","protected":false},"excerpt":{"rendered":"<p>Cette ligne Lin\u00e9o ne sera pas en site propre sauf pour \u00ab\u00a0monter\u00a0\u00bb \u00e0 l&rsquo;Union o\u00f9 un couloir de bus et une piste cyclable seraient construits de l&rsquo;autre c\u00f4t\u00e9 des arbres par rapport \u00e0 la route. En \u00ab\u00a0descendant\u00a0\u00bb de l&rsquo;Union, ce serait un couloir de bus. Rte d&rsquo;Albi, Faubourg Bonnefoy, Rue Matabiau, il n&rsquo;y aura pas<\/p>\n<p class=\"more-link\"><a href=\"https:\/\/autate.fr\/site\/lineo-9-avis-dadherents\/\" class=\"themebutton2\">VOIR PLUS<\/a><\/p>\n","protected":false},"author":1,"featured_media":0,"comment_status":"open","ping_status":"open","sticky":false,"template":"","format":"standard","meta":{"footnotes":""},"categories":[4,298],"tags":[],"class_list":["post-2081","post","type-post","status-publish","format-standard","hentry","category-actualite-association","category-lineo"],"yoast_head":"<!-- This site is optimized with the Yoast SEO plugin v27.4 - https:\/\/yoast.com\/product\/yoast-seo-wordpress\/ -->\n<title>Lin\u00e9o 9 : avis des adh\u00e9rents du secteur - AUTATE<\/title>\n<meta name=\"robots\" content=\"index, follow, max-snippet:-1, max-image-preview:large, max-video-preview:-1\" \/>\n<link rel=\"canonical\" href=\"https:\/\/autate.fr\/site\/lineo-9-avis-dadherents\/\" \/>\n<meta property=\"og:locale\" content=\"fr_FR\" \/>\n<meta property=\"og:type\" content=\"article\" \/>\n<meta property=\"og:title\" content=\"Lin\u00e9o 9 : avis des adh\u00e9rents du secteur - AUTATE\" \/>\n<meta property=\"og:description\" content=\"Cette ligne Lin\u00e9o ne sera pas en site propre sauf pour \u00ab\u00a0monter\u00a0\u00bb \u00e0 l&rsquo;Union o\u00f9 un couloir de bus et une piste cyclable seraient construits de l&rsquo;autre c\u00f4t\u00e9 des arbres par rapport \u00e0 la route. En \u00ab\u00a0descendant\u00a0\u00bb de l&rsquo;Union, ce serait un couloir de bus. Rte d&rsquo;Albi, Faubourg Bonnefoy, Rue Matabiau, il n&rsquo;y aura pasVOIR PLUS\" \/>\n<meta property=\"og:url\" content=\"https:\/\/autate.fr\/site\/lineo-9-avis-dadherents\/\" \/>\n<meta property=\"og:site_name\" content=\"AUTATE\" \/>\n<meta property=\"article:publisher\" content=\"https:\/\/www.facebook.com\/AutateToulouse\" \/>\n<meta property=\"article:published_time\" content=\"2017-11-13T05:44:54+00:00\" \/>\n<meta property=\"article:modified_time\" content=\"2017-11-13T10:19:10+00:00\" \/>\n<meta name=\"author\" content=\"pascalbarbier\" \/>\n<meta name=\"twitter:card\" content=\"summary_large_image\" \/>\n<meta name=\"twitter:creator\" content=\"@AutateToulouse\" \/>\n<meta name=\"twitter:site\" content=\"@AutateToulouse\" \/>\n<meta name=\"twitter:label1\" content=\"\u00c9crit par\" \/>\n\t<meta name=\"twitter:data1\" content=\"pascalbarbier\" \/>\n\t<meta name=\"twitter:label2\" content=\"Dur\u00e9e de lecture estim\u00e9e\" \/>\n\t<meta name=\"twitter:data2\" content=\"3 minutes\" \/>\n<script type=\"application\/ld+json\" class=\"yoast-schema-graph\">{\"@context\":\"https:\\\/\\\/schema.org\",\"@graph\":[{\"@type\":\"Article\",\"@id\":\"https:\\\/\\\/autate.fr\\\/site\\\/lineo-9-avis-dadherents\\\/#article\",\"isPartOf\":{\"@id\":\"https:\\\/\\\/autate.fr\\\/site\\\/lineo-9-avis-dadherents\\\/\"},\"author\":{\"name\":\"pascalbarbier\",\"@id\":\"https:\\\/\\\/autate.fr\\\/site\\\/#\\\/schema\\\/person\\\/ae1ab8bdaa7b41d2a9b52d2557ce8254\"},\"headline\":\"Lin\u00e9o 9 : avis des adh\u00e9rents du secteur\",\"datePublished\":\"2017-11-13T05:44:54+00:00\",\"dateModified\":\"2017-11-13T10:19:10+00:00\",\"mainEntityOfPage\":{\"@id\":\"https:\\\/\\\/autate.fr\\\/site\\\/lineo-9-avis-dadherents\\\/\"},\"wordCount\":676,\"commentCount\":2,\"publisher\":{\"@id\":\"https:\\\/\\\/autate.fr\\\/site\\\/#organization\"},\"articleSection\":[\"Actualit\u00e9s-AUTATE\",\"Lin\u00e9o\"],\"inLanguage\":\"fr-FR\",\"potentialAction\":[{\"@type\":\"CommentAction\",\"name\":\"Comment\",\"target\":[\"https:\\\/\\\/autate.fr\\\/site\\\/lineo-9-avis-dadherents\\\/#respond\"]}]},{\"@type\":\"WebPage\",\"@id\":\"https:\\\/\\\/autate.fr\\\/site\\\/lineo-9-avis-dadherents\\\/\",\"url\":\"https:\\\/\\\/autate.fr\\\/site\\\/lineo-9-avis-dadherents\\\/\",\"name\":\"Lin\u00e9o 9 : avis des adh\u00e9rents du secteur - AUTATE\",\"isPartOf\":{\"@id\":\"https:\\\/\\\/autate.fr\\\/site\\\/#website\"},\"datePublished\":\"2017-11-13T05:44:54+00:00\",\"dateModified\":\"2017-11-13T10:19:10+00:00\",\"breadcrumb\":{\"@id\":\"https:\\\/\\\/autate.fr\\\/site\\\/lineo-9-avis-dadherents\\\/#breadcrumb\"},\"inLanguage\":\"fr-FR\",\"potentialAction\":[{\"@type\":\"ReadAction\",\"target\":[\"https:\\\/\\\/autate.fr\\\/site\\\/lineo-9-avis-dadherents\\\/\"]}]},{\"@type\":\"BreadcrumbList\",\"@id\":\"https:\\\/\\\/autate.fr\\\/site\\\/lineo-9-avis-dadherents\\\/#breadcrumb\",\"itemListElement\":[{\"@type\":\"ListItem\",\"position\":1,\"name\":\"Accueil\",\"item\":\"https:\\\/\\\/autate.fr\\\/site\\\/\"},{\"@type\":\"ListItem\",\"position\":2,\"name\":\"Lin\u00e9o 9 : avis des adh\u00e9rents du secteur\"}]},{\"@type\":\"WebSite\",\"@id\":\"https:\\\/\\\/autate.fr\\\/site\\\/#website\",\"url\":\"https:\\\/\\\/autate.fr\\\/site\\\/\",\"name\":\"AUTATE\",\"description\":\"Association des usagers des transports de l&#039;agglom\u00e9ration Toulousaine et de ses environs\",\"publisher\":{\"@id\":\"https:\\\/\\\/autate.fr\\\/site\\\/#organization\"},\"potentialAction\":[{\"@type\":\"SearchAction\",\"target\":{\"@type\":\"EntryPoint\",\"urlTemplate\":\"https:\\\/\\\/autate.fr\\\/site\\\/?s={search_term_string}\"},\"query-input\":{\"@type\":\"PropertyValueSpecification\",\"valueRequired\":true,\"valueName\":\"search_term_string\"}}],\"inLanguage\":\"fr-FR\"},{\"@type\":\"Organization\",\"@id\":\"https:\\\/\\\/autate.fr\\\/site\\\/#organization\",\"name\":\"AUTATE\",\"url\":\"https:\\\/\\\/autate.fr\\\/site\\\/\",\"logo\":{\"@type\":\"ImageObject\",\"inLanguage\":\"fr-FR\",\"@id\":\"https:\\\/\\\/autate.fr\\\/site\\\/#\\\/schema\\\/logo\\\/image\\\/\",\"url\":\"http:\\\/\\\/autate.fr\\\/site\\\/wp-content\\\/uploads\\\/2019\\\/01\\\/logo.png\",\"contentUrl\":\"http:\\\/\\\/autate.fr\\\/site\\\/wp-content\\\/uploads\\\/2019\\\/01\\\/logo.png\",\"width\":506,\"height\":280,\"caption\":\"AUTATE\"},\"image\":{\"@id\":\"https:\\\/\\\/autate.fr\\\/site\\\/#\\\/schema\\\/logo\\\/image\\\/\"},\"sameAs\":[\"https:\\\/\\\/www.facebook.com\\\/AutateToulouse\",\"https:\\\/\\\/x.com\\\/AutateToulouse\"]},{\"@type\":\"Person\",\"@id\":\"https:\\\/\\\/autate.fr\\\/site\\\/#\\\/schema\\\/person\\\/ae1ab8bdaa7b41d2a9b52d2557ce8254\",\"name\":\"pascalbarbier\",\"image\":{\"@type\":\"ImageObject\",\"inLanguage\":\"fr-FR\",\"@id\":\"https:\\\/\\\/secure.gravatar.com\\\/avatar\\\/03f4e8ced09894b72c67e83142540730d4b3bbf619bf46341b0074e3bf5f08a0?s=96&d=mm&r=g\",\"url\":\"https:\\\/\\\/secure.gravatar.com\\\/avatar\\\/03f4e8ced09894b72c67e83142540730d4b3bbf619bf46341b0074e3bf5f08a0?s=96&d=mm&r=g\",\"contentUrl\":\"https:\\\/\\\/secure.gravatar.com\\\/avatar\\\/03f4e8ced09894b72c67e83142540730d4b3bbf619bf46341b0074e3bf5f08a0?s=96&d=mm&r=g\",\"caption\":\"pascalbarbier\"},\"url\":\"https:\\\/\\\/autate.fr\\\/site\\\/author\\\/pascalbarbier\\\/\"}]}<\/script>\n<!-- \/ Yoast SEO plugin. -->","yoast_head_json":{"title":"Lin\u00e9o 9 : avis des adh\u00e9rents du secteur - AUTATE","robots":{"index":"index","follow":"follow","max-snippet":"max-snippet:-1","max-image-preview":"max-image-preview:large","max-video-preview":"max-video-preview:-1"},"canonical":"https:\/\/autate.fr\/site\/lineo-9-avis-dadherents\/","og_locale":"fr_FR","og_type":"article","og_title":"Lin\u00e9o 9 : avis des adh\u00e9rents du secteur - AUTATE","og_description":"Cette ligne Lin\u00e9o ne sera pas en site propre sauf pour \u00ab\u00a0monter\u00a0\u00bb \u00e0 l&rsquo;Union o\u00f9 un couloir de bus et une piste cyclable seraient construits de l&rsquo;autre c\u00f4t\u00e9 des arbres par rapport \u00e0 la route. En \u00ab\u00a0descendant\u00a0\u00bb de l&rsquo;Union, ce serait un couloir de bus. Rte d&rsquo;Albi, Faubourg Bonnefoy, Rue Matabiau, il n&rsquo;y aura pasVOIR PLUS","og_url":"https:\/\/autate.fr\/site\/lineo-9-avis-dadherents\/","og_site_name":"AUTATE","article_publisher":"https:\/\/www.facebook.com\/AutateToulouse","article_published_time":"2017-11-13T05:44:54+00:00","article_modified_time":"2017-11-13T10:19:10+00:00","author":"pascalbarbier","twitter_card":"summary_large_image","twitter_creator":"@AutateToulouse","twitter_site":"@AutateToulouse","twitter_misc":{"\u00c9crit par":"pascalbarbier","Dur\u00e9e de lecture estim\u00e9e":"3 minutes"},"schema":{"@context":"https:\/\/schema.org","@graph":[{"@type":"Article","@id":"https:\/\/autate.fr\/site\/lineo-9-avis-dadherents\/#article","isPartOf":{"@id":"https:\/\/autate.fr\/site\/lineo-9-avis-dadherents\/"},"author":{"name":"pascalbarbier","@id":"https:\/\/autate.fr\/site\/#\/schema\/person\/ae1ab8bdaa7b41d2a9b52d2557ce8254"},"headline":"Lin\u00e9o 9 : avis des adh\u00e9rents du secteur","datePublished":"2017-11-13T05:44:54+00:00","dateModified":"2017-11-13T10:19:10+00:00","mainEntityOfPage":{"@id":"https:\/\/autate.fr\/site\/lineo-9-avis-dadherents\/"},"wordCount":676,"commentCount":2,"publisher":{"@id":"https:\/\/autate.fr\/site\/#organization"},"articleSection":["Actualit\u00e9s-AUTATE","Lin\u00e9o"],"inLanguage":"fr-FR","potentialAction":[{"@type":"CommentAction","name":"Comment","target":["https:\/\/autate.fr\/site\/lineo-9-avis-dadherents\/#respond"]}]},{"@type":"WebPage","@id":"https:\/\/autate.fr\/site\/lineo-9-avis-dadherents\/","url":"https:\/\/autate.fr\/site\/lineo-9-avis-dadherents\/","name":"Lin\u00e9o 9 : avis des adh\u00e9rents du secteur - AUTATE","isPartOf":{"@id":"https:\/\/autate.fr\/site\/#website"},"datePublished":"2017-11-13T05:44:54+00:00","dateModified":"2017-11-13T10:19:10+00:00","breadcrumb":{"@id":"https:\/\/autate.fr\/site\/lineo-9-avis-dadherents\/#breadcrumb"},"inLanguage":"fr-FR","potentialAction":[{"@type":"ReadAction","target":["https:\/\/autate.fr\/site\/lineo-9-avis-dadherents\/"]}]},{"@type":"BreadcrumbList","@id":"https:\/\/autate.fr\/site\/lineo-9-avis-dadherents\/#breadcrumb","itemListElement":[{"@type":"ListItem","position":1,"name":"Accueil","item":"https:\/\/autate.fr\/site\/"},{"@type":"ListItem","position":2,"name":"Lin\u00e9o 9 : avis des adh\u00e9rents du secteur"}]},{"@type":"WebSite","@id":"https:\/\/autate.fr\/site\/#website","url":"https:\/\/autate.fr\/site\/","name":"AUTATE","description":"Association des usagers des transports de l&#039;agglom\u00e9ration Toulousaine et de ses environs","publisher":{"@id":"https:\/\/autate.fr\/site\/#organization"},"potentialAction":[{"@type":"SearchAction","target":{"@type":"EntryPoint","urlTemplate":"https:\/\/autate.fr\/site\/?s={search_term_string}"},"query-input":{"@type":"PropertyValueSpecification","valueRequired":true,"valueName":"search_term_string"}}],"inLanguage":"fr-FR"},{"@type":"Organization","@id":"https:\/\/autate.fr\/site\/#organization","name":"AUTATE","url":"https:\/\/autate.fr\/site\/","logo":{"@type":"ImageObject","inLanguage":"fr-FR","@id":"https:\/\/autate.fr\/site\/#\/schema\/logo\/image\/","url":"http:\/\/autate.fr\/site\/wp-content\/uploads\/2019\/01\/logo.png","contentUrl":"http:\/\/autate.fr\/site\/wp-content\/uploads\/2019\/01\/logo.png","width":506,"height":280,"caption":"AUTATE"},"image":{"@id":"https:\/\/autate.fr\/site\/#\/schema\/logo\/image\/"},"sameAs":["https:\/\/www.facebook.com\/AutateToulouse","https:\/\/x.com\/AutateToulouse"]},{"@type":"Person","@id":"https:\/\/autate.fr\/site\/#\/schema\/person\/ae1ab8bdaa7b41d2a9b52d2557ce8254","name":"pascalbarbier","image":{"@type":"ImageObject","inLanguage":"fr-FR","@id":"https:\/\/secure.gravatar.com\/avatar\/03f4e8ced09894b72c67e83142540730d4b3bbf619bf46341b0074e3bf5f08a0?s=96&d=mm&r=g","url":"https:\/\/secure.gravatar.com\/avatar\/03f4e8ced09894b72c67e83142540730d4b3bbf619bf46341b0074e3bf5f08a0?s=96&d=mm&r=g","contentUrl":"https:\/\/secure.gravatar.com\/avatar\/03f4e8ced09894b72c67e83142540730d4b3bbf619bf46341b0074e3bf5f08a0?s=96&d=mm&r=g","caption":"pascalbarbier"},"url":"https:\/\/autate.fr\/site\/author\/pascalbarbier\/"}]}},"_links":{"self":[{"href":"https:\/\/autate.fr\/site\/wp-json\/wp\/v2\/posts\/2081","targetHints":{"allow":["GET"]}}],"collection":[{"href":"https:\/\/autate.fr\/site\/wp-json\/wp\/v2\/posts"}],"about":[{"href":"https:\/\/autate.fr\/site\/wp-json\/wp\/v2\/types\/post"}],"author":[{"embeddable":true,"href":"https:\/\/autate.fr\/site\/wp-json\/wp\/v2\/users\/1"}],"replies":[{"embeddable":true,"href":"https:\/\/autate.fr\/site\/wp-json\/wp\/v2\/comments?post=2081"}],"version-history":[{"count":3,"href":"https:\/\/autate.fr\/site\/wp-json\/wp\/v2\/posts\/2081\/revisions"}],"predecessor-version":[{"id":2091,"href":"https:\/\/autate.fr\/site\/wp-json\/wp\/v2\/posts\/2081\/revisions\/2091"}],"wp:attachment":[{"href":"https:\/\/autate.fr\/site\/wp-json\/wp\/v2\/media?parent=2081"}],"wp:term":[{"taxonomy":"category","embeddable":true,"href":"https:\/\/autate.fr\/site\/wp-json\/wp\/v2\/categories?post=2081"},{"taxonomy":"post_tag","embeddable":true,"href":"https:\/\/autate.fr\/site\/wp-json\/wp\/v2\/tags?post=2081"}],"curies":[{"name":"wp","href":"https:\/\/api.w.org\/{rel}","templated":true}]}}