{"id":205,"date":"2016-02-05T21:54:43","date_gmt":"2016-02-05T20:54:43","guid":{"rendered":"http:\/\/autate.fr\/site\/?p=205"},"modified":"2016-02-07T21:57:21","modified_gmt":"2016-02-07T20:57:21","slug":"la-depeche-bus-metro-tram-ces-quartiers-oublies","status":"publish","type":"post","link":"https:\/\/autate.fr\/site\/la-depeche-bus-metro-tram-ces-quartiers-oublies\/","title":{"rendered":"[La D\u00e9p\u00eache] Bus, m\u00e9tro, tram : ces quartiers oubli\u00e9s"},"content":{"rendered":"<p>Des quartiers toulousains et des banlieues se plaignent d&rsquo;\u00eatre d\u00e9laiss\u00e9s par Tiss\u00e9o, faute de m\u00e9tro ou de tram, voire de bus, \u00e0 proximit\u00e9. Les futurs Lin\u00e9o doivent rendre les bus plus efficaces.<\/p>\n<p>\u00abJe voulais vous signaler la suppression de quatre arr\u00eats de bus sur la ligne 15 (Jeanne-D&rsquo;Arc\/avenue des Etats-Unis)\u00bb. Voici un exemple des divers appels d&rsquo;usagers s&rsquo;estimant d\u00e9laiss\u00e9s par Tiss\u00e9o, r\u00e9cemment re\u00e7u par notre r\u00e9daction locale. Tiss\u00e9o ne confirme pas l&rsquo;information, \u00e9voquant une \u00e9ventuelle d\u00e9viation de ligne pour travaux.<\/p>\n<p>D&rsquo;autres habitants se plaignent \u00e9galement de Tiss\u00e9o aux Amidonniers, quartier pourtant desservi par la ligne 16, la plus fr\u00e9quent\u00e9e de tout le r\u00e9seau de bus avec 22 000 voyageurs\/jour, dont le service vient en outre d&rsquo;\u00eatre am\u00e9lior\u00e9 en vue de devenir, en septembre, la premi\u00e8re ligne Lin\u00e9o sous le nom de Lin\u00e9o 1.<\/p>\n<p>Une dizaine de lignes Lin\u00e9o vont \u00eatre cr\u00e9\u00e9es d&rsquo;ici 2019, \u00e0 partir des dix lignes de bus actuelles les plus fr\u00e9quent\u00e9es, avec des bus articul\u00e9s plus modernes et spacieux, une fr\u00e9quence de passage augment\u00e9e et des horaires plus larges (5 h 30-0 h 30), calqu\u00e9s sur ceux du m\u00e9tro et du tram. Un nouveau r\u00e9seau destin\u00e9 \u00e0 rendre plus visibles ces bus Tiss\u00e9o que bien des habitants ne connaissent pas, ou n&#8217;empruntent pas, en raison de leur r\u00e9putation (pas forc\u00e9ment usurp\u00e9e actuellement) de lenteur, d&rsquo;irr\u00e9gularit\u00e9 et d&rsquo;horaires inadapt\u00e9s.<\/p>\n<p>\u00abIl faut 1h15 pour relier Blagnac \u00e0 Rangueil en transport collectif, je mets 40 minutes \u00e0 v\u00e9lo\u00bb, t\u00e9moigne Marie-Pierre B\u00e8s, pr\u00e9sidente de l&rsquo;association des usagers des transports en commun de <a href=\"http:\/\/www.ladepeche.fr\/communes\/toulouse,31555.html\">Toulouse<\/a> et environs (Autate).<\/p>\n<p><a href=\"http:\/\/www.ladepeche.fr\/article\/2016\/02\/05\/2271015-bus-metro-tram-ces-quartiers-oublies.html\">lire la suite<\/a><\/p>\n<p>photo DDM<\/p>\n","protected":false},"excerpt":{"rendered":"<p>Des quartiers toulousains et des banlieues se plaignent d&rsquo;\u00eatre d\u00e9laiss\u00e9s par Tiss\u00e9o, faute de m\u00e9tro ou de tram, voire de bus, \u00e0 proximit\u00e9. Les futurs Lin\u00e9o doivent rendre les bus plus efficaces. \u00abJe voulais vous signaler la suppression de quatre arr\u00eats de bus sur la ligne 15 (Jeanne-D&rsquo;Arc\/avenue des Etats-Unis)\u00bb. Voici un exemple des divers<\/p>\n<p class=\"more-link\"><a href=\"https:\/\/autate.fr\/site\/la-depeche-bus-metro-tram-ces-quartiers-oublies\/\" class=\"themebutton2\">VOIR PLUS<\/a><\/p>\n","protected":false},"author":1,"featured_media":206,"comment_status":"open","ping_status":"open","sticky":false,"template":"","format":"standard","meta":{"footnotes":""},"categories":[7],"tags":[61,64,12,63,62],"class_list":["post-205","post","type-post","status-publish","format-standard","has-post-thumbnail","hentry","category-revue-de-presse","tag-bus","tag-maillage","tag-metro","tag-quartiers","tag-tram"],"yoast_head":"<!-- This site is optimized with the Yoast SEO plugin v27.4 - https:\/\/yoast.com\/product\/yoast-seo-wordpress\/ -->\n<title>[La D\u00e9p\u00eache] Bus, m\u00e9tro, tram : ces quartiers oubli\u00e9s - AUTATE<\/title>\n<meta name=\"robots\" content=\"index, follow, max-snippet:-1, max-image-preview:large, max-video-preview:-1\" \/>\n<link rel=\"canonical\" href=\"https:\/\/autate.fr\/site\/la-depeche-bus-metro-tram-ces-quartiers-oublies\/\" \/>\n<meta property=\"og:locale\" content=\"fr_FR\" \/>\n<meta property=\"og:type\" content=\"article\" \/>\n<meta property=\"og:title\" content=\"[La D\u00e9p\u00eache] Bus, m\u00e9tro, tram : ces quartiers oubli\u00e9s - AUTATE\" \/>\n<meta property=\"og:description\" content=\"Des quartiers toulousains et des banlieues se plaignent d&rsquo;\u00eatre d\u00e9laiss\u00e9s par Tiss\u00e9o, faute de m\u00e9tro ou de tram, voire de bus, \u00e0 proximit\u00e9. Les futurs Lin\u00e9o doivent rendre les bus plus efficaces. \u00abJe voulais vous signaler la suppression de quatre arr\u00eats de bus sur la ligne 15 (Jeanne-D&rsquo;Arc\/avenue des Etats-Unis)\u00bb. Voici un exemple des diversVOIR PLUS\" \/>\n<meta property=\"og:url\" content=\"https:\/\/autate.fr\/site\/la-depeche-bus-metro-tram-ces-quartiers-oublies\/\" \/>\n<meta property=\"og:site_name\" content=\"AUTATE\" \/>\n<meta property=\"article:publisher\" content=\"https:\/\/www.facebook.com\/AutateToulouse\" \/>\n<meta property=\"article:published_time\" content=\"2016-02-05T20:54:43+00:00\" \/>\n<meta property=\"article:modified_time\" content=\"2016-02-07T20:57:21+00:00\" \/>\n<meta property=\"og:image\" content=\"https:\/\/autate.fr\/site\/wp-content\/uploads\/2016\/02\/lineo.jpg\" \/>\n\t<meta property=\"og:image:width\" content=\"396\" \/>\n\t<meta property=\"og:image:height\" content=\"466\" \/>\n\t<meta property=\"og:image:type\" content=\"image\/jpeg\" \/>\n<meta name=\"author\" content=\"pascalbarbier\" \/>\n<meta name=\"twitter:card\" content=\"summary_large_image\" \/>\n<meta name=\"twitter:creator\" content=\"@AutateToulouse\" \/>\n<meta name=\"twitter:site\" content=\"@AutateToulouse\" \/>\n<meta name=\"twitter:label1\" content=\"\u00c9crit par\" \/>\n\t<meta name=\"twitter:data1\" content=\"pascalbarbier\" \/>\n\t<meta name=\"twitter:label2\" content=\"Dur\u00e9e de lecture estim\u00e9e\" \/>\n\t<meta name=\"twitter:data2\" content=\"1 minute\" \/>\n<script type=\"application\/ld+json\" class=\"yoast-schema-graph\">{\"@context\":\"https:\\\/\\\/schema.org\",\"@graph\":[{\"@type\":\"Article\",\"@id\":\"https:\\\/\\\/autate.fr\\\/site\\\/la-depeche-bus-metro-tram-ces-quartiers-oublies\\\/#article\",\"isPartOf\":{\"@id\":\"https:\\\/\\\/autate.fr\\\/site\\\/la-depeche-bus-metro-tram-ces-quartiers-oublies\\\/\"},\"author\":{\"name\":\"pascalbarbier\",\"@id\":\"https:\\\/\\\/autate.fr\\\/site\\\/#\\\/schema\\\/person\\\/ae1ab8bdaa7b41d2a9b52d2557ce8254\"},\"headline\":\"[La D\u00e9p\u00eache] Bus, m\u00e9tro, tram : ces quartiers oubli\u00e9s\",\"datePublished\":\"2016-02-05T20:54:43+00:00\",\"dateModified\":\"2016-02-07T20:57:21+00:00\",\"mainEntityOfPage\":{\"@id\":\"https:\\\/\\\/autate.fr\\\/site\\\/la-depeche-bus-metro-tram-ces-quartiers-oublies\\\/\"},\"wordCount\":304,\"commentCount\":0,\"publisher\":{\"@id\":\"https:\\\/\\\/autate.fr\\\/site\\\/#organization\"},\"image\":{\"@id\":\"https:\\\/\\\/autate.fr\\\/site\\\/la-depeche-bus-metro-tram-ces-quartiers-oublies\\\/#primaryimage\"},\"thumbnailUrl\":\"https:\\\/\\\/autate.fr\\\/site\\\/wp-content\\\/uploads\\\/2016\\\/02\\\/lineo.jpg\",\"keywords\":[\"bus\",\"maillage\",\"m\u00e9tro\",\"quartiers\",\"tram\"],\"articleSection\":[\"Revue de presse\"],\"inLanguage\":\"fr-FR\",\"potentialAction\":[{\"@type\":\"CommentAction\",\"name\":\"Comment\",\"target\":[\"https:\\\/\\\/autate.fr\\\/site\\\/la-depeche-bus-metro-tram-ces-quartiers-oublies\\\/#respond\"]}]},{\"@type\":\"WebPage\",\"@id\":\"https:\\\/\\\/autate.fr\\\/site\\\/la-depeche-bus-metro-tram-ces-quartiers-oublies\\\/\",\"url\":\"https:\\\/\\\/autate.fr\\\/site\\\/la-depeche-bus-metro-tram-ces-quartiers-oublies\\\/\",\"name\":\"[La D\u00e9p\u00eache] Bus, m\u00e9tro, tram : ces quartiers oubli\u00e9s - AUTATE\",\"isPartOf\":{\"@id\":\"https:\\\/\\\/autate.fr\\\/site\\\/#website\"},\"primaryImageOfPage\":{\"@id\":\"https:\\\/\\\/autate.fr\\\/site\\\/la-depeche-bus-metro-tram-ces-quartiers-oublies\\\/#primaryimage\"},\"image\":{\"@id\":\"https:\\\/\\\/autate.fr\\\/site\\\/la-depeche-bus-metro-tram-ces-quartiers-oublies\\\/#primaryimage\"},\"thumbnailUrl\":\"https:\\\/\\\/autate.fr\\\/site\\\/wp-content\\\/uploads\\\/2016\\\/02\\\/lineo.jpg\",\"datePublished\":\"2016-02-05T20:54:43+00:00\",\"dateModified\":\"2016-02-07T20:57:21+00:00\",\"breadcrumb\":{\"@id\":\"https:\\\/\\\/autate.fr\\\/site\\\/la-depeche-bus-metro-tram-ces-quartiers-oublies\\\/#breadcrumb\"},\"inLanguage\":\"fr-FR\",\"potentialAction\":[{\"@type\":\"ReadAction\",\"target\":[\"https:\\\/\\\/autate.fr\\\/site\\\/la-depeche-bus-metro-tram-ces-quartiers-oublies\\\/\"]}]},{\"@type\":\"ImageObject\",\"inLanguage\":\"fr-FR\",\"@id\":\"https:\\\/\\\/autate.fr\\\/site\\\/la-depeche-bus-metro-tram-ces-quartiers-oublies\\\/#primaryimage\",\"url\":\"https:\\\/\\\/autate.fr\\\/site\\\/wp-content\\\/uploads\\\/2016\\\/02\\\/lineo.jpg\",\"contentUrl\":\"https:\\\/\\\/autate.fr\\\/site\\\/wp-content\\\/uploads\\\/2016\\\/02\\\/lineo.jpg\",\"width\":396,\"height\":466},{\"@type\":\"BreadcrumbList\",\"@id\":\"https:\\\/\\\/autate.fr\\\/site\\\/la-depeche-bus-metro-tram-ces-quartiers-oublies\\\/#breadcrumb\",\"itemListElement\":[{\"@type\":\"ListItem\",\"position\":1,\"name\":\"Accueil\",\"item\":\"https:\\\/\\\/autate.fr\\\/site\\\/\"},{\"@type\":\"ListItem\",\"position\":2,\"name\":\"[La D\u00e9p\u00eache] Bus, m\u00e9tro, tram : ces quartiers oubli\u00e9s\"}]},{\"@type\":\"WebSite\",\"@id\":\"https:\\\/\\\/autate.fr\\\/site\\\/#website\",\"url\":\"https:\\\/\\\/autate.fr\\\/site\\\/\",\"name\":\"AUTATE\",\"description\":\"Association des usagers des transports de l&#039;agglom\u00e9ration Toulousaine et de ses environs\",\"publisher\":{\"@id\":\"https:\\\/\\\/autate.fr\\\/site\\\/#organization\"},\"potentialAction\":[{\"@type\":\"SearchAction\",\"target\":{\"@type\":\"EntryPoint\",\"urlTemplate\":\"https:\\\/\\\/autate.fr\\\/site\\\/?s={search_term_string}\"},\"query-input\":{\"@type\":\"PropertyValueSpecification\",\"valueRequired\":true,\"valueName\":\"search_term_string\"}}],\"inLanguage\":\"fr-FR\"},{\"@type\":\"Organization\",\"@id\":\"https:\\\/\\\/autate.fr\\\/site\\\/#organization\",\"name\":\"AUTATE\",\"url\":\"https:\\\/\\\/autate.fr\\\/site\\\/\",\"logo\":{\"@type\":\"ImageObject\",\"inLanguage\":\"fr-FR\",\"@id\":\"https:\\\/\\\/autate.fr\\\/site\\\/#\\\/schema\\\/logo\\\/image\\\/\",\"url\":\"http:\\\/\\\/autate.fr\\\/site\\\/wp-content\\\/uploads\\\/2019\\\/01\\\/logo.png\",\"contentUrl\":\"http:\\\/\\\/autate.fr\\\/site\\\/wp-content\\\/uploads\\\/2019\\\/01\\\/logo.png\",\"width\":506,\"height\":280,\"caption\":\"AUTATE\"},\"image\":{\"@id\":\"https:\\\/\\\/autate.fr\\\/site\\\/#\\\/schema\\\/logo\\\/image\\\/\"},\"sameAs\":[\"https:\\\/\\\/www.facebook.com\\\/AutateToulouse\",\"https:\\\/\\\/x.com\\\/AutateToulouse\"]},{\"@type\":\"Person\",\"@id\":\"https:\\\/\\\/autate.fr\\\/site\\\/#\\\/schema\\\/person\\\/ae1ab8bdaa7b41d2a9b52d2557ce8254\",\"name\":\"pascalbarbier\",\"image\":{\"@type\":\"ImageObject\",\"inLanguage\":\"fr-FR\",\"@id\":\"https:\\\/\\\/secure.gravatar.com\\\/avatar\\\/03f4e8ced09894b72c67e83142540730d4b3bbf619bf46341b0074e3bf5f08a0?s=96&d=mm&r=g\",\"url\":\"https:\\\/\\\/secure.gravatar.com\\\/avatar\\\/03f4e8ced09894b72c67e83142540730d4b3bbf619bf46341b0074e3bf5f08a0?s=96&d=mm&r=g\",\"contentUrl\":\"https:\\\/\\\/secure.gravatar.com\\\/avatar\\\/03f4e8ced09894b72c67e83142540730d4b3bbf619bf46341b0074e3bf5f08a0?s=96&d=mm&r=g\",\"caption\":\"pascalbarbier\"},\"url\":\"https:\\\/\\\/autate.fr\\\/site\\\/author\\\/pascalbarbier\\\/\"}]}<\/script>\n<!-- \/ Yoast SEO plugin. -->","yoast_head_json":{"title":"[La D\u00e9p\u00eache] Bus, m\u00e9tro, tram : ces quartiers oubli\u00e9s - AUTATE","robots":{"index":"index","follow":"follow","max-snippet":"max-snippet:-1","max-image-preview":"max-image-preview:large","max-video-preview":"max-video-preview:-1"},"canonical":"https:\/\/autate.fr\/site\/la-depeche-bus-metro-tram-ces-quartiers-oublies\/","og_locale":"fr_FR","og_type":"article","og_title":"[La D\u00e9p\u00eache] Bus, m\u00e9tro, tram : ces quartiers oubli\u00e9s - AUTATE","og_description":"Des quartiers toulousains et des banlieues se plaignent d&rsquo;\u00eatre d\u00e9laiss\u00e9s par Tiss\u00e9o, faute de m\u00e9tro ou de tram, voire de bus, \u00e0 proximit\u00e9. Les futurs Lin\u00e9o doivent rendre les bus plus efficaces. \u00abJe voulais vous signaler la suppression de quatre arr\u00eats de bus sur la ligne 15 (Jeanne-D&rsquo;Arc\/avenue des Etats-Unis)\u00bb. Voici un exemple des diversVOIR PLUS","og_url":"https:\/\/autate.fr\/site\/la-depeche-bus-metro-tram-ces-quartiers-oublies\/","og_site_name":"AUTATE","article_publisher":"https:\/\/www.facebook.com\/AutateToulouse","article_published_time":"2016-02-05T20:54:43+00:00","article_modified_time":"2016-02-07T20:57:21+00:00","og_image":[{"width":396,"height":466,"url":"https:\/\/autate.fr\/site\/wp-content\/uploads\/2016\/02\/lineo.jpg","type":"image\/jpeg"}],"author":"pascalbarbier","twitter_card":"summary_large_image","twitter_creator":"@AutateToulouse","twitter_site":"@AutateToulouse","twitter_misc":{"\u00c9crit par":"pascalbarbier","Dur\u00e9e de lecture estim\u00e9e":"1 minute"},"schema":{"@context":"https:\/\/schema.org","@graph":[{"@type":"Article","@id":"https:\/\/autate.fr\/site\/la-depeche-bus-metro-tram-ces-quartiers-oublies\/#article","isPartOf":{"@id":"https:\/\/autate.fr\/site\/la-depeche-bus-metro-tram-ces-quartiers-oublies\/"},"author":{"name":"pascalbarbier","@id":"https:\/\/autate.fr\/site\/#\/schema\/person\/ae1ab8bdaa7b41d2a9b52d2557ce8254"},"headline":"[La D\u00e9p\u00eache] Bus, m\u00e9tro, tram : ces quartiers oubli\u00e9s","datePublished":"2016-02-05T20:54:43+00:00","dateModified":"2016-02-07T20:57:21+00:00","mainEntityOfPage":{"@id":"https:\/\/autate.fr\/site\/la-depeche-bus-metro-tram-ces-quartiers-oublies\/"},"wordCount":304,"commentCount":0,"publisher":{"@id":"https:\/\/autate.fr\/site\/#organization"},"image":{"@id":"https:\/\/autate.fr\/site\/la-depeche-bus-metro-tram-ces-quartiers-oublies\/#primaryimage"},"thumbnailUrl":"https:\/\/autate.fr\/site\/wp-content\/uploads\/2016\/02\/lineo.jpg","keywords":["bus","maillage","m\u00e9tro","quartiers","tram"],"articleSection":["Revue de presse"],"inLanguage":"fr-FR","potentialAction":[{"@type":"CommentAction","name":"Comment","target":["https:\/\/autate.fr\/site\/la-depeche-bus-metro-tram-ces-quartiers-oublies\/#respond"]}]},{"@type":"WebPage","@id":"https:\/\/autate.fr\/site\/la-depeche-bus-metro-tram-ces-quartiers-oublies\/","url":"https:\/\/autate.fr\/site\/la-depeche-bus-metro-tram-ces-quartiers-oublies\/","name":"[La D\u00e9p\u00eache] Bus, m\u00e9tro, tram : ces quartiers oubli\u00e9s - AUTATE","isPartOf":{"@id":"https:\/\/autate.fr\/site\/#website"},"primaryImageOfPage":{"@id":"https:\/\/autate.fr\/site\/la-depeche-bus-metro-tram-ces-quartiers-oublies\/#primaryimage"},"image":{"@id":"https:\/\/autate.fr\/site\/la-depeche-bus-metro-tram-ces-quartiers-oublies\/#primaryimage"},"thumbnailUrl":"https:\/\/autate.fr\/site\/wp-content\/uploads\/2016\/02\/lineo.jpg","datePublished":"2016-02-05T20:54:43+00:00","dateModified":"2016-02-07T20:57:21+00:00","breadcrumb":{"@id":"https:\/\/autate.fr\/site\/la-depeche-bus-metro-tram-ces-quartiers-oublies\/#breadcrumb"},"inLanguage":"fr-FR","potentialAction":[{"@type":"ReadAction","target":["https:\/\/autate.fr\/site\/la-depeche-bus-metro-tram-ces-quartiers-oublies\/"]}]},{"@type":"ImageObject","inLanguage":"fr-FR","@id":"https:\/\/autate.fr\/site\/la-depeche-bus-metro-tram-ces-quartiers-oublies\/#primaryimage","url":"https:\/\/autate.fr\/site\/wp-content\/uploads\/2016\/02\/lineo.jpg","contentUrl":"https:\/\/autate.fr\/site\/wp-content\/uploads\/2016\/02\/lineo.jpg","width":396,"height":466},{"@type":"BreadcrumbList","@id":"https:\/\/autate.fr\/site\/la-depeche-bus-metro-tram-ces-quartiers-oublies\/#breadcrumb","itemListElement":[{"@type":"ListItem","position":1,"name":"Accueil","item":"https:\/\/autate.fr\/site\/"},{"@type":"ListItem","position":2,"name":"[La D\u00e9p\u00eache] Bus, m\u00e9tro, tram : ces quartiers oubli\u00e9s"}]},{"@type":"WebSite","@id":"https:\/\/autate.fr\/site\/#website","url":"https:\/\/autate.fr\/site\/","name":"AUTATE","description":"Association des usagers des transports de l&#039;agglom\u00e9ration Toulousaine et de ses environs","publisher":{"@id":"https:\/\/autate.fr\/site\/#organization"},"potentialAction":[{"@type":"SearchAction","target":{"@type":"EntryPoint","urlTemplate":"https:\/\/autate.fr\/site\/?s={search_term_string}"},"query-input":{"@type":"PropertyValueSpecification","valueRequired":true,"valueName":"search_term_string"}}],"inLanguage":"fr-FR"},{"@type":"Organization","@id":"https:\/\/autate.fr\/site\/#organization","name":"AUTATE","url":"https:\/\/autate.fr\/site\/","logo":{"@type":"ImageObject","inLanguage":"fr-FR","@id":"https:\/\/autate.fr\/site\/#\/schema\/logo\/image\/","url":"http:\/\/autate.fr\/site\/wp-content\/uploads\/2019\/01\/logo.png","contentUrl":"http:\/\/autate.fr\/site\/wp-content\/uploads\/2019\/01\/logo.png","width":506,"height":280,"caption":"AUTATE"},"image":{"@id":"https:\/\/autate.fr\/site\/#\/schema\/logo\/image\/"},"sameAs":["https:\/\/www.facebook.com\/AutateToulouse","https:\/\/x.com\/AutateToulouse"]},{"@type":"Person","@id":"https:\/\/autate.fr\/site\/#\/schema\/person\/ae1ab8bdaa7b41d2a9b52d2557ce8254","name":"pascalbarbier","image":{"@type":"ImageObject","inLanguage":"fr-FR","@id":"https:\/\/secure.gravatar.com\/avatar\/03f4e8ced09894b72c67e83142540730d4b3bbf619bf46341b0074e3bf5f08a0?s=96&d=mm&r=g","url":"https:\/\/secure.gravatar.com\/avatar\/03f4e8ced09894b72c67e83142540730d4b3bbf619bf46341b0074e3bf5f08a0?s=96&d=mm&r=g","contentUrl":"https:\/\/secure.gravatar.com\/avatar\/03f4e8ced09894b72c67e83142540730d4b3bbf619bf46341b0074e3bf5f08a0?s=96&d=mm&r=g","caption":"pascalbarbier"},"url":"https:\/\/autate.fr\/site\/author\/pascalbarbier\/"}]}},"_links":{"self":[{"href":"https:\/\/autate.fr\/site\/wp-json\/wp\/v2\/posts\/205","targetHints":{"allow":["GET"]}}],"collection":[{"href":"https:\/\/autate.fr\/site\/wp-json\/wp\/v2\/posts"}],"about":[{"href":"https:\/\/autate.fr\/site\/wp-json\/wp\/v2\/types\/post"}],"author":[{"embeddable":true,"href":"https:\/\/autate.fr\/site\/wp-json\/wp\/v2\/users\/1"}],"replies":[{"embeddable":true,"href":"https:\/\/autate.fr\/site\/wp-json\/wp\/v2\/comments?post=205"}],"version-history":[{"count":1,"href":"https:\/\/autate.fr\/site\/wp-json\/wp\/v2\/posts\/205\/revisions"}],"predecessor-version":[{"id":207,"href":"https:\/\/autate.fr\/site\/wp-json\/wp\/v2\/posts\/205\/revisions\/207"}],"wp:featuredmedia":[{"embeddable":true,"href":"https:\/\/autate.fr\/site\/wp-json\/wp\/v2\/media\/206"}],"wp:attachment":[{"href":"https:\/\/autate.fr\/site\/wp-json\/wp\/v2\/media?parent=205"}],"wp:term":[{"taxonomy":"category","embeddable":true,"href":"https:\/\/autate.fr\/site\/wp-json\/wp\/v2\/categories?post=205"},{"taxonomy":"post_tag","embeddable":true,"href":"https:\/\/autate.fr\/site\/wp-json\/wp\/v2\/tags?post=205"}],"curies":[{"name":"wp","href":"https:\/\/api.w.org\/{rel}","templated":true}]}}