{"id":2043,"date":"2017-10-29T01:18:18","date_gmt":"2017-10-28T23:18:18","guid":{"rendered":"http:\/\/autate.fr\/site\/?p=2043"},"modified":"2025-11-21T22:13:29","modified_gmt":"2025-11-21T21:13:29","slug":"2043-2","status":"publish","type":"post","link":"https:\/\/autate.fr\/site\/2043-2\/","title":{"rendered":"t\u00e9moignage d&rsquo;un usager Portet-St Agne"},"content":{"rendered":"<p>Suite \u00e0 la remise du tract ce 26 octobre \u00e0 la gare Saint-Agne j&rsquo;apporte mon t\u00e9moignage.<\/p>\n<p>J&#8217;emprunte le RER du lundi au vendredi et ceci toute l&rsquo;ann\u00e9e entre la gare de<strong> Portet &#8211; Saint-Simon et la gare de Saint-Agne<\/strong>. Il ne se passe pas une semaine (pour ne pas dire un jour) sans qu&rsquo;un train soit retard\u00e9, supprim\u00e9, en panne&#8230; ou qu&rsquo;il y ait une gr\u00e8ve, un incident&#8230; qui perturbe les trajets. Tout ceci bien \u00e9videmment avec une information diffus\u00e9e envers l&rsquo;usager au dernier moment (quand il y en a une), souvent tr\u00e8s minimaliste et parfois peu cr\u00e9dible. On ne peut pas avoir une confiance totale sur ce mode de transport, alors que malgr\u00e9 tout nous sommes li\u00e9s par un contrat qui devrait \u00eatre soumis \u00e0 r\u00e9sultat! Il n&rsquo;est pas normal d&#8217;embaucher r\u00e9guli\u00e8rement en retard sur son lieu de travail alors que l&rsquo;on devrait pouvoir \u00eatre assur\u00e9 d&rsquo;une r\u00e9gularit\u00e9 constante par rapport aux horaires pr\u00e9vus concernant la circulation des TER<\/p>\n<p>L&rsquo;autre point noir est le <strong>stationnement \u00e0 la gare de Portet<\/strong>. Apr\u00e8s 08h15, les places sont tr\u00e8s tr\u00e8s rares. Cependant, comme il faut se r\u00e9soudre \u00e0 prendre le train pour aller travailler, la solution consiste \u00e0 se garer sur les gros galets le long de l&rsquo;avenue de la gare et en dernier recours sur les trottoirs. Sinon c&rsquo;est le trajet en voiture avec tous les inconv\u00e9nients que cela comporte pour soi et pour autrui. Le stationnement sur les trottoirs est sanctionn\u00e9 par une amende de 135 euros d\u00e9livr\u00e9e par la Police Municipale de Portet. J&rsquo;en ai pay\u00e9 une et plusieurs usagers m&rsquo;ont rapport\u00e9 la m\u00eame d\u00e9convenue! J&rsquo;ai interpell\u00e9 le maire de Portet \u00e0 ce sujet, en sugg\u00e9rant d&rsquo;augmenter les places de stationnement ce qui serait faisable avec quelques travaux et un peu de bon sens (il y a beaucoup de place perdue autour de cette gare), la r\u00e9ponse est un non cat\u00e9gorique. La r\u00e9ponse officieuse qui m&rsquo;a \u00e9t\u00e9 rapport\u00e9e par d&rsquo;autres usagers est \u00ab\u00a0Dans ce cas l\u00e0, allez vous garer sur le parking de Castorama\u00a0\u00bb qui est distant d&rsquo;un kilom\u00e8tre environ.<\/p>\n<p>Afin de corroborer ce t\u00e9moignage, voici quelques photos de la gare de Portet &#8211; Saint-Simon un matin ordinaire en semaine. Ces photos ont \u00e9t\u00e9 prises le mardi 14\/11. On constate que de nombreux v\u00e9hicules sont stationn\u00e9s sur les galets qui d\u00e9limitent le contour cot\u00e9 route du parking de la gare en empi\u00e9tant l\u00e9g\u00e8rement sur la voie de circulation. On constate \u00e9galement un v\u00e9hicul\u00e9 stationn\u00e9 sur le trottoir (135 \u20ac de contravention!).<\/p>\n<p>Pour information, un autre parking est situ\u00e9 en amont de la gare. Il affiche exactement la m\u00eame probl\u00e9matique (saturation du parking et stationnement le long de la route sur les galets).<\/p>\n<p>D&rsquo;ann\u00e9e en ann\u00e9e, le probl\u00e8me semble s&rsquo;accroitre (suivi de l&rsquo;inflation d\u00e9mographique sur la p\u00e9riph\u00e9rie toulousaine), et Monsieur le Maire de Portet-sur-Garonne, 1er vice-Pr\u00e9sident de la Communaut\u00e9 d&rsquo;Agglom\u00e9ration du Mur\u00e9tain (CAM), nous r\u00e9pond tout simplement qu&rsquo;il est hors de question d&rsquo;engager des travaux pour augmenter la capacit\u00e9 de stationnement !!!<\/p>\n<p>De fait, lorsqu&rsquo;ils sont confront\u00e9s \u00e0 une telle situation, <strong>plusieurs usagers qui empruntent le TER quotidiennement, impuissants devant ce probl\u00e8me, sont contraints d&#8217;emprunter leur v\u00e9hicule pour se rendre \u00e0 Toulouse.<\/strong><\/p>\n<p><a href=\"https:\/\/autate.fr\/site\/wp-content\/uploads\/2017\/10\/Portet1.jpg\"><img loading=\"lazy\" decoding=\"async\" class=\"alignnone size-medium wp-image-2110\" src=\"https:\/\/autate.fr\/site\/wp-content\/uploads\/2017\/10\/Portet1-225x300.jpg\" alt=\"\" width=\"225\" height=\"300\" srcset=\"https:\/\/autate.fr\/site\/wp-content\/uploads\/2017\/10\/Portet1-225x300.jpg 225w, https:\/\/autate.fr\/site\/wp-content\/uploads\/2017\/10\/Portet1-768x1024.jpg 768w\" sizes=\"auto, (max-width: 225px) 100vw, 225px\" \/><\/a><a href=\"https:\/\/autate.fr\/site\/wp-content\/uploads\/2017\/10\/Portet2.jpg\"><img loading=\"lazy\" decoding=\"async\" class=\"alignnone size-medium wp-image-2111\" src=\"https:\/\/autate.fr\/site\/wp-content\/uploads\/2017\/10\/Portet2-225x300.jpg\" alt=\"\" width=\"225\" height=\"300\" srcset=\"https:\/\/autate.fr\/site\/wp-content\/uploads\/2017\/10\/Portet2-225x300.jpg 225w, https:\/\/autate.fr\/site\/wp-content\/uploads\/2017\/10\/Portet2-768x1024.jpg 768w\" sizes=\"auto, (max-width: 225px) 100vw, 225px\" \/><\/a><a href=\"https:\/\/autate.fr\/site\/wp-content\/uploads\/2017\/10\/Portet3.jpg\"><img loading=\"lazy\" decoding=\"async\" class=\"alignnone size-medium wp-image-2112\" src=\"https:\/\/autate.fr\/site\/wp-content\/uploads\/2017\/10\/Portet3-225x300.jpg\" alt=\"\" width=\"225\" height=\"300\" srcset=\"https:\/\/autate.fr\/site\/wp-content\/uploads\/2017\/10\/Portet3-225x300.jpg 225w, https:\/\/autate.fr\/site\/wp-content\/uploads\/2017\/10\/Portet3-768x1024.jpg 768w\" sizes=\"auto, (max-width: 225px) 100vw, 225px\" \/><\/a><a href=\"https:\/\/autate.fr\/site\/wp-content\/uploads\/2017\/10\/Portet4.jpg\"><img loading=\"lazy\" decoding=\"async\" class=\"alignnone size-medium wp-image-2113\" src=\"https:\/\/autate.fr\/site\/wp-content\/uploads\/2017\/10\/Portet4-225x300.jpg\" alt=\"\" width=\"225\" height=\"300\" srcset=\"https:\/\/autate.fr\/site\/wp-content\/uploads\/2017\/10\/Portet4-225x300.jpg 225w, https:\/\/autate.fr\/site\/wp-content\/uploads\/2017\/10\/Portet4-768x1024.jpg 768w\" sizes=\"auto, (max-width: 225px) 100vw, 225px\" \/><\/a><\/p>\n","protected":false},"excerpt":{"rendered":"<p>Suite \u00e0 la remise du tract ce 26 octobre \u00e0 la gare Saint-Agne j&rsquo;apporte mon t\u00e9moignage. J&#8217;emprunte le RER du lundi au vendredi et ceci toute l&rsquo;ann\u00e9e entre la gare de Portet &#8211; Saint-Simon et la gare de Saint-Agne. Il ne se passe pas une semaine (pour ne pas dire un jour) sans qu&rsquo;un train<\/p>\n<p class=\"more-link\"><a href=\"https:\/\/autate.fr\/site\/2043-2\/\" class=\"themebutton2\">VOIR PLUS<\/a><\/p>\n","protected":false},"author":1,"featured_media":0,"comment_status":"open","ping_status":"open","sticky":false,"template":"","format":"standard","meta":{"footnotes":""},"categories":[500,336],"tags":[394,159,9,325,122,445],"class_list":["post-2043","post","type-post","status-publish","format-standard","hentry","category-bus-tisseo","category-temoignages","tag-portet","tag-rer","tag-retards","tag-service","tag-st-agne","tag-stationnement"],"yoast_head":"<!-- This site is optimized with the Yoast SEO plugin v27.4 - https:\/\/yoast.com\/product\/yoast-seo-wordpress\/ -->\n<title>t\u00e9moignage d&#039;un usager Portet-St Agne - AUTATE<\/title>\n<meta name=\"robots\" content=\"index, follow, max-snippet:-1, max-image-preview:large, max-video-preview:-1\" \/>\n<link rel=\"canonical\" href=\"https:\/\/autate.fr\/site\/2043-2\/\" \/>\n<meta property=\"og:locale\" content=\"fr_FR\" \/>\n<meta property=\"og:type\" content=\"article\" \/>\n<meta property=\"og:title\" content=\"t\u00e9moignage d&#039;un usager Portet-St Agne - AUTATE\" \/>\n<meta property=\"og:description\" content=\"Suite \u00e0 la remise du tract ce 26 octobre \u00e0 la gare Saint-Agne j&rsquo;apporte mon t\u00e9moignage. J&#8217;emprunte le RER du lundi au vendredi et ceci toute l&rsquo;ann\u00e9e entre la gare de Portet &#8211; Saint-Simon et la gare de Saint-Agne. Il ne se passe pas une semaine (pour ne pas dire un jour) sans qu&rsquo;un trainVOIR PLUS\" \/>\n<meta property=\"og:url\" content=\"https:\/\/autate.fr\/site\/2043-2\/\" \/>\n<meta property=\"og:site_name\" content=\"AUTATE\" \/>\n<meta property=\"article:publisher\" content=\"https:\/\/www.facebook.com\/AutateToulouse\" \/>\n<meta property=\"article:published_time\" content=\"2017-10-28T23:18:18+00:00\" \/>\n<meta property=\"article:modified_time\" content=\"2025-11-21T21:13:29+00:00\" \/>\n<meta property=\"og:image\" content=\"http:\/\/autate.fr\/site\/wp-content\/uploads\/2017\/10\/Portet1-225x300.jpg\" \/>\n<meta name=\"author\" content=\"pascalbarbier\" \/>\n<meta name=\"twitter:card\" content=\"summary_large_image\" \/>\n<meta name=\"twitter:creator\" content=\"@AutateToulouse\" \/>\n<meta name=\"twitter:site\" content=\"@AutateToulouse\" \/>\n<meta name=\"twitter:label1\" content=\"\u00c9crit par\" \/>\n\t<meta name=\"twitter:data1\" content=\"pascalbarbier\" \/>\n\t<meta name=\"twitter:label2\" content=\"Dur\u00e9e de lecture estim\u00e9e\" \/>\n\t<meta name=\"twitter:data2\" content=\"3 minutes\" \/>\n<script type=\"application\/ld+json\" class=\"yoast-schema-graph\">{\"@context\":\"https:\\\/\\\/schema.org\",\"@graph\":[{\"@type\":\"Article\",\"@id\":\"https:\\\/\\\/autate.fr\\\/site\\\/2043-2\\\/#article\",\"isPartOf\":{\"@id\":\"https:\\\/\\\/autate.fr\\\/site\\\/2043-2\\\/\"},\"author\":{\"name\":\"pascalbarbier\",\"@id\":\"https:\\\/\\\/autate.fr\\\/site\\\/#\\\/schema\\\/person\\\/ae1ab8bdaa7b41d2a9b52d2557ce8254\"},\"headline\":\"t\u00e9moignage d&rsquo;un usager Portet-St Agne\",\"datePublished\":\"2017-10-28T23:18:18+00:00\",\"dateModified\":\"2025-11-21T21:13:29+00:00\",\"mainEntityOfPage\":{\"@id\":\"https:\\\/\\\/autate.fr\\\/site\\\/2043-2\\\/\"},\"wordCount\":563,\"commentCount\":2,\"publisher\":{\"@id\":\"https:\\\/\\\/autate.fr\\\/site\\\/#organization\"},\"image\":{\"@id\":\"https:\\\/\\\/autate.fr\\\/site\\\/2043-2\\\/#primaryimage\"},\"thumbnailUrl\":\"http:\\\/\\\/autate.fr\\\/site\\\/wp-content\\\/uploads\\\/2017\\\/10\\\/Portet1-225x300.jpg\",\"keywords\":[\"Portet\",\"RER\",\"retards\",\"service\",\"St Agne\",\"stationnement\"],\"articleSection\":[\"Bus Tisseo\",\"T\u00e9moignages\"],\"inLanguage\":\"fr-FR\",\"potentialAction\":[{\"@type\":\"CommentAction\",\"name\":\"Comment\",\"target\":[\"https:\\\/\\\/autate.fr\\\/site\\\/2043-2\\\/#respond\"]}]},{\"@type\":\"WebPage\",\"@id\":\"https:\\\/\\\/autate.fr\\\/site\\\/2043-2\\\/\",\"url\":\"https:\\\/\\\/autate.fr\\\/site\\\/2043-2\\\/\",\"name\":\"t\u00e9moignage d'un usager Portet-St Agne - AUTATE\",\"isPartOf\":{\"@id\":\"https:\\\/\\\/autate.fr\\\/site\\\/#website\"},\"primaryImageOfPage\":{\"@id\":\"https:\\\/\\\/autate.fr\\\/site\\\/2043-2\\\/#primaryimage\"},\"image\":{\"@id\":\"https:\\\/\\\/autate.fr\\\/site\\\/2043-2\\\/#primaryimage\"},\"thumbnailUrl\":\"http:\\\/\\\/autate.fr\\\/site\\\/wp-content\\\/uploads\\\/2017\\\/10\\\/Portet1-225x300.jpg\",\"datePublished\":\"2017-10-28T23:18:18+00:00\",\"dateModified\":\"2025-11-21T21:13:29+00:00\",\"breadcrumb\":{\"@id\":\"https:\\\/\\\/autate.fr\\\/site\\\/2043-2\\\/#breadcrumb\"},\"inLanguage\":\"fr-FR\",\"potentialAction\":[{\"@type\":\"ReadAction\",\"target\":[\"https:\\\/\\\/autate.fr\\\/site\\\/2043-2\\\/\"]}]},{\"@type\":\"ImageObject\",\"inLanguage\":\"fr-FR\",\"@id\":\"https:\\\/\\\/autate.fr\\\/site\\\/2043-2\\\/#primaryimage\",\"url\":\"http:\\\/\\\/autate.fr\\\/site\\\/wp-content\\\/uploads\\\/2017\\\/10\\\/Portet1-225x300.jpg\",\"contentUrl\":\"http:\\\/\\\/autate.fr\\\/site\\\/wp-content\\\/uploads\\\/2017\\\/10\\\/Portet1-225x300.jpg\"},{\"@type\":\"BreadcrumbList\",\"@id\":\"https:\\\/\\\/autate.fr\\\/site\\\/2043-2\\\/#breadcrumb\",\"itemListElement\":[{\"@type\":\"ListItem\",\"position\":1,\"name\":\"Accueil\",\"item\":\"https:\\\/\\\/autate.fr\\\/site\\\/\"},{\"@type\":\"ListItem\",\"position\":2,\"name\":\"t\u00e9moignage d&rsquo;un usager Portet-St Agne\"}]},{\"@type\":\"WebSite\",\"@id\":\"https:\\\/\\\/autate.fr\\\/site\\\/#website\",\"url\":\"https:\\\/\\\/autate.fr\\\/site\\\/\",\"name\":\"AUTATE\",\"description\":\"Association des usagers des transports de l&#039;agglom\u00e9ration Toulousaine et de ses environs\",\"publisher\":{\"@id\":\"https:\\\/\\\/autate.fr\\\/site\\\/#organization\"},\"potentialAction\":[{\"@type\":\"SearchAction\",\"target\":{\"@type\":\"EntryPoint\",\"urlTemplate\":\"https:\\\/\\\/autate.fr\\\/site\\\/?s={search_term_string}\"},\"query-input\":{\"@type\":\"PropertyValueSpecification\",\"valueRequired\":true,\"valueName\":\"search_term_string\"}}],\"inLanguage\":\"fr-FR\"},{\"@type\":\"Organization\",\"@id\":\"https:\\\/\\\/autate.fr\\\/site\\\/#organization\",\"name\":\"AUTATE\",\"url\":\"https:\\\/\\\/autate.fr\\\/site\\\/\",\"logo\":{\"@type\":\"ImageObject\",\"inLanguage\":\"fr-FR\",\"@id\":\"https:\\\/\\\/autate.fr\\\/site\\\/#\\\/schema\\\/logo\\\/image\\\/\",\"url\":\"http:\\\/\\\/autate.fr\\\/site\\\/wp-content\\\/uploads\\\/2019\\\/01\\\/logo.png\",\"contentUrl\":\"http:\\\/\\\/autate.fr\\\/site\\\/wp-content\\\/uploads\\\/2019\\\/01\\\/logo.png\",\"width\":506,\"height\":280,\"caption\":\"AUTATE\"},\"image\":{\"@id\":\"https:\\\/\\\/autate.fr\\\/site\\\/#\\\/schema\\\/logo\\\/image\\\/\"},\"sameAs\":[\"https:\\\/\\\/www.facebook.com\\\/AutateToulouse\",\"https:\\\/\\\/x.com\\\/AutateToulouse\"]},{\"@type\":\"Person\",\"@id\":\"https:\\\/\\\/autate.fr\\\/site\\\/#\\\/schema\\\/person\\\/ae1ab8bdaa7b41d2a9b52d2557ce8254\",\"name\":\"pascalbarbier\",\"image\":{\"@type\":\"ImageObject\",\"inLanguage\":\"fr-FR\",\"@id\":\"https:\\\/\\\/secure.gravatar.com\\\/avatar\\\/03f4e8ced09894b72c67e83142540730d4b3bbf619bf46341b0074e3bf5f08a0?s=96&d=mm&r=g\",\"url\":\"https:\\\/\\\/secure.gravatar.com\\\/avatar\\\/03f4e8ced09894b72c67e83142540730d4b3bbf619bf46341b0074e3bf5f08a0?s=96&d=mm&r=g\",\"contentUrl\":\"https:\\\/\\\/secure.gravatar.com\\\/avatar\\\/03f4e8ced09894b72c67e83142540730d4b3bbf619bf46341b0074e3bf5f08a0?s=96&d=mm&r=g\",\"caption\":\"pascalbarbier\"},\"url\":\"https:\\\/\\\/autate.fr\\\/site\\\/author\\\/pascalbarbier\\\/\"}]}<\/script>\n<!-- \/ Yoast SEO plugin. -->","yoast_head_json":{"title":"t\u00e9moignage d'un usager Portet-St Agne - AUTATE","robots":{"index":"index","follow":"follow","max-snippet":"max-snippet:-1","max-image-preview":"max-image-preview:large","max-video-preview":"max-video-preview:-1"},"canonical":"https:\/\/autate.fr\/site\/2043-2\/","og_locale":"fr_FR","og_type":"article","og_title":"t\u00e9moignage d'un usager Portet-St Agne - AUTATE","og_description":"Suite \u00e0 la remise du tract ce 26 octobre \u00e0 la gare Saint-Agne j&rsquo;apporte mon t\u00e9moignage. J&#8217;emprunte le RER du lundi au vendredi et ceci toute l&rsquo;ann\u00e9e entre la gare de Portet &#8211; Saint-Simon et la gare de Saint-Agne. Il ne se passe pas une semaine (pour ne pas dire un jour) sans qu&rsquo;un trainVOIR PLUS","og_url":"https:\/\/autate.fr\/site\/2043-2\/","og_site_name":"AUTATE","article_publisher":"https:\/\/www.facebook.com\/AutateToulouse","article_published_time":"2017-10-28T23:18:18+00:00","article_modified_time":"2025-11-21T21:13:29+00:00","og_image":[{"url":"http:\/\/autate.fr\/site\/wp-content\/uploads\/2017\/10\/Portet1-225x300.jpg","type":"","width":"","height":""}],"author":"pascalbarbier","twitter_card":"summary_large_image","twitter_creator":"@AutateToulouse","twitter_site":"@AutateToulouse","twitter_misc":{"\u00c9crit par":"pascalbarbier","Dur\u00e9e de lecture estim\u00e9e":"3 minutes"},"schema":{"@context":"https:\/\/schema.org","@graph":[{"@type":"Article","@id":"https:\/\/autate.fr\/site\/2043-2\/#article","isPartOf":{"@id":"https:\/\/autate.fr\/site\/2043-2\/"},"author":{"name":"pascalbarbier","@id":"https:\/\/autate.fr\/site\/#\/schema\/person\/ae1ab8bdaa7b41d2a9b52d2557ce8254"},"headline":"t\u00e9moignage d&rsquo;un usager Portet-St Agne","datePublished":"2017-10-28T23:18:18+00:00","dateModified":"2025-11-21T21:13:29+00:00","mainEntityOfPage":{"@id":"https:\/\/autate.fr\/site\/2043-2\/"},"wordCount":563,"commentCount":2,"publisher":{"@id":"https:\/\/autate.fr\/site\/#organization"},"image":{"@id":"https:\/\/autate.fr\/site\/2043-2\/#primaryimage"},"thumbnailUrl":"http:\/\/autate.fr\/site\/wp-content\/uploads\/2017\/10\/Portet1-225x300.jpg","keywords":["Portet","RER","retards","service","St Agne","stationnement"],"articleSection":["Bus Tisseo","T\u00e9moignages"],"inLanguage":"fr-FR","potentialAction":[{"@type":"CommentAction","name":"Comment","target":["https:\/\/autate.fr\/site\/2043-2\/#respond"]}]},{"@type":"WebPage","@id":"https:\/\/autate.fr\/site\/2043-2\/","url":"https:\/\/autate.fr\/site\/2043-2\/","name":"t\u00e9moignage d'un usager Portet-St Agne - AUTATE","isPartOf":{"@id":"https:\/\/autate.fr\/site\/#website"},"primaryImageOfPage":{"@id":"https:\/\/autate.fr\/site\/2043-2\/#primaryimage"},"image":{"@id":"https:\/\/autate.fr\/site\/2043-2\/#primaryimage"},"thumbnailUrl":"http:\/\/autate.fr\/site\/wp-content\/uploads\/2017\/10\/Portet1-225x300.jpg","datePublished":"2017-10-28T23:18:18+00:00","dateModified":"2025-11-21T21:13:29+00:00","breadcrumb":{"@id":"https:\/\/autate.fr\/site\/2043-2\/#breadcrumb"},"inLanguage":"fr-FR","potentialAction":[{"@type":"ReadAction","target":["https:\/\/autate.fr\/site\/2043-2\/"]}]},{"@type":"ImageObject","inLanguage":"fr-FR","@id":"https:\/\/autate.fr\/site\/2043-2\/#primaryimage","url":"http:\/\/autate.fr\/site\/wp-content\/uploads\/2017\/10\/Portet1-225x300.jpg","contentUrl":"http:\/\/autate.fr\/site\/wp-content\/uploads\/2017\/10\/Portet1-225x300.jpg"},{"@type":"BreadcrumbList","@id":"https:\/\/autate.fr\/site\/2043-2\/#breadcrumb","itemListElement":[{"@type":"ListItem","position":1,"name":"Accueil","item":"https:\/\/autate.fr\/site\/"},{"@type":"ListItem","position":2,"name":"t\u00e9moignage d&rsquo;un usager Portet-St Agne"}]},{"@type":"WebSite","@id":"https:\/\/autate.fr\/site\/#website","url":"https:\/\/autate.fr\/site\/","name":"AUTATE","description":"Association des usagers des transports de l&#039;agglom\u00e9ration Toulousaine et de ses environs","publisher":{"@id":"https:\/\/autate.fr\/site\/#organization"},"potentialAction":[{"@type":"SearchAction","target":{"@type":"EntryPoint","urlTemplate":"https:\/\/autate.fr\/site\/?s={search_term_string}"},"query-input":{"@type":"PropertyValueSpecification","valueRequired":true,"valueName":"search_term_string"}}],"inLanguage":"fr-FR"},{"@type":"Organization","@id":"https:\/\/autate.fr\/site\/#organization","name":"AUTATE","url":"https:\/\/autate.fr\/site\/","logo":{"@type":"ImageObject","inLanguage":"fr-FR","@id":"https:\/\/autate.fr\/site\/#\/schema\/logo\/image\/","url":"http:\/\/autate.fr\/site\/wp-content\/uploads\/2019\/01\/logo.png","contentUrl":"http:\/\/autate.fr\/site\/wp-content\/uploads\/2019\/01\/logo.png","width":506,"height":280,"caption":"AUTATE"},"image":{"@id":"https:\/\/autate.fr\/site\/#\/schema\/logo\/image\/"},"sameAs":["https:\/\/www.facebook.com\/AutateToulouse","https:\/\/x.com\/AutateToulouse"]},{"@type":"Person","@id":"https:\/\/autate.fr\/site\/#\/schema\/person\/ae1ab8bdaa7b41d2a9b52d2557ce8254","name":"pascalbarbier","image":{"@type":"ImageObject","inLanguage":"fr-FR","@id":"https:\/\/secure.gravatar.com\/avatar\/03f4e8ced09894b72c67e83142540730d4b3bbf619bf46341b0074e3bf5f08a0?s=96&d=mm&r=g","url":"https:\/\/secure.gravatar.com\/avatar\/03f4e8ced09894b72c67e83142540730d4b3bbf619bf46341b0074e3bf5f08a0?s=96&d=mm&r=g","contentUrl":"https:\/\/secure.gravatar.com\/avatar\/03f4e8ced09894b72c67e83142540730d4b3bbf619bf46341b0074e3bf5f08a0?s=96&d=mm&r=g","caption":"pascalbarbier"},"url":"https:\/\/autate.fr\/site\/author\/pascalbarbier\/"}]}},"_links":{"self":[{"href":"https:\/\/autate.fr\/site\/wp-json\/wp\/v2\/posts\/2043","targetHints":{"allow":["GET"]}}],"collection":[{"href":"https:\/\/autate.fr\/site\/wp-json\/wp\/v2\/posts"}],"about":[{"href":"https:\/\/autate.fr\/site\/wp-json\/wp\/v2\/types\/post"}],"author":[{"embeddable":true,"href":"https:\/\/autate.fr\/site\/wp-json\/wp\/v2\/users\/1"}],"replies":[{"embeddable":true,"href":"https:\/\/autate.fr\/site\/wp-json\/wp\/v2\/comments?post=2043"}],"version-history":[{"count":6,"href":"https:\/\/autate.fr\/site\/wp-json\/wp\/v2\/posts\/2043\/revisions"}],"predecessor-version":[{"id":2114,"href":"https:\/\/autate.fr\/site\/wp-json\/wp\/v2\/posts\/2043\/revisions\/2114"}],"wp:attachment":[{"href":"https:\/\/autate.fr\/site\/wp-json\/wp\/v2\/media?parent=2043"}],"wp:term":[{"taxonomy":"category","embeddable":true,"href":"https:\/\/autate.fr\/site\/wp-json\/wp\/v2\/categories?post=2043"},{"taxonomy":"post_tag","embeddable":true,"href":"https:\/\/autate.fr\/site\/wp-json\/wp\/v2\/tags?post=2043"}],"curies":[{"name":"wp","href":"https:\/\/api.w.org\/{rel}","templated":true}]}}