{"id":2023,"date":"2017-10-25T15:54:20","date_gmt":"2017-10-25T13:54:20","guid":{"rendered":"http:\/\/autate.fr\/site\/?p=2023"},"modified":"2017-11-25T11:15:22","modified_gmt":"2017-11-25T10:15:22","slug":"la-depeche-polemique-autour-du-cout-du-rer-a-la-toulousaine","status":"publish","type":"post","link":"https:\/\/autate.fr\/site\/la-depeche-polemique-autour-du-cout-du-rer-a-la-toulousaine\/","title":{"rendered":"[La D\u00e9p\u00eache] Pol\u00e9mique autour du co\u00fbt du \u00abRER \u00e0 la toulousaine\u00bb"},"content":{"rendered":"<p>Patrick Vandevoorde a \u00e9cart\u00e9, r\u00e9cemment devant la presse, l&rsquo;alternative d&rsquo;un RER \u00e0 la toulousaine au projet de troisi\u00e8me ligne de m\u00e9tro. Au motif que l&rsquo;\u00e9toile ferroviaire (l&rsquo;utilisation des voies SNCF existantes autour de Toulouse mais cadenc\u00e9es au quart d&rsquo;heure) co\u00fbterait beaucoup plus cher que le projet Toulouse Aerospace Express (La D\u00e9p\u00eache du 17 octobre).<\/p>\n<p>Le pr\u00e9sident du conseil scientifique charg\u00e9 d&rsquo;\u00e9tudier les \u00e9ventuelles alternatives au projet de m\u00e9tro reliant Colomiers, Toulouse-Matabiau et Lab\u00e8ge a lanc\u00e9 le chiffre de 3,5 milliards d&rsquo;euros pour l&rsquo;\u00e9toile ferroviaire, soir bien plus que les 2,3 milliards estim\u00e9s pour la troisi\u00e8me ligne de m\u00e9tro.<\/p>\n<p>Mais diverses personnalit\u00e9s membres du groupe miroir institu\u00e9 par le SMTC Tiss\u00e9o pour suivre le projet de d\u00e9placements urbains, groupe qui a \u00e9t\u00e9 inform\u00e9 directement par le pr\u00e9sident du Conseil scientifique de ses travaux , contestent ce chiffre, car il engloberait des investissements d\u00e9j\u00e0 pr\u00e9vus ailleurs et qui ne seraient donc pas financ\u00e9s dans le cadre du plan Mobilit\u00e9s.<\/p>\n<p>\u00abDans cette estimation (\u00e0 3,5 milliards) appara\u00eet une ligne concernant l&rsquo;am\u00e9nagement ferroviaire au nord de Toulouse (AFNT) d&rsquo;un montant de 625 millions. Or l&rsquo;AFNT fait partie du projet GPSO , qui est une participation Etat\/R\u00e9gion; donc qui ne sera pas \u00ab\u00e0 payer\u00bb par Tiss\u00e9o. Si l&rsquo;on retire toutes ces lignes d&rsquo;estimations d\u00e9j\u00e0 programm\u00e9es, nous arriverions \u00e0 un co\u00fbt de 1.9 milliards\u00bb, indique-t-on.<\/p>\n<div class=\"copy-paste-block\">\n<p>La r\u00e9gion Occitanie, repr\u00e9sent\u00e9e aussi au groupe miroir a confirm\u00e9 cette information, sans toutefois donner de pr\u00e9cision sur le v\u00e9ritable co\u00fbt de l&rsquo;option \u00abRER \u00e0 la toulousaine\u00bb.<\/p>\n<p>Un autre \u00e9l\u00e9ment n&rsquo;aurait pas \u00e9t\u00e9 pris en compte par le Conseil scientifique, ajoutent les d\u00e9fenseurs de l&rsquo;\u00e9toile ferroviaire, le fait d&rsquo;aller chercher les habitants plus loin que ne le font le m\u00e9tro, les tramways, les bus. Pour autant, ce projet ne para\u00eet gu\u00e8re r\u00e9alisable en l&rsquo;\u00e9tat actuel de la SNCF et des projets de la R\u00e9gion, qui privil\u00e9gient les TER entre les villes principales de la r\u00e9gion et Toulouse mais pas les liaisons de la proche p\u00e9riph\u00e9rie. Pour Patrick Vandevoorde, il demanderait en outre \u00abau moins vingt ans pour \u00eatre r\u00e9alis\u00e9, pour une fr\u00e9quentation esp\u00e9r\u00e9e quatre fois moindre que la troisi\u00e8me ligne : 50 000 passagers\/jour contre 200 000 pour le m\u00e9tro\u00bb, selon lui.<\/p>\n<p>Mais si ces chiffres sont \u00e0 l&rsquo;aune de ceux donn\u00e9s concernant le co\u00fbt de l&rsquo;\u00e9toile ferroviaire&#8230;<\/p>\n<p>lire <a href=\"http:\/\/www.ladepeche.fr\/article\/2017\/10\/24\/2671558-polemique-autour-du-cout-du-rer-a-la-toulousaine.html\" target=\"_blank\" rel=\"noopener\">sur le site<\/a> cet article de Philippe Emery paru dans la D\u00e9p\u00eache du midi le 24 octobre 2017<\/p>\n<\/div>\n<p>&nbsp;<\/p>\n","protected":false},"excerpt":{"rendered":"<p>Patrick Vandevoorde a \u00e9cart\u00e9, r\u00e9cemment devant la presse, l&rsquo;alternative d&rsquo;un RER \u00e0 la toulousaine au projet de troisi\u00e8me ligne de m\u00e9tro. Au motif que l&rsquo;\u00e9toile ferroviaire (l&rsquo;utilisation des voies SNCF existantes autour de Toulouse mais cadenc\u00e9es au quart d&rsquo;heure) co\u00fbterait beaucoup plus cher que le projet Toulouse Aerospace Express (La D\u00e9p\u00eache du 17 octobre). Le<\/p>\n<p class=\"more-link\"><a href=\"https:\/\/autate.fr\/site\/la-depeche-polemique-autour-du-cout-du-rer-a-la-toulousaine\/\" class=\"themebutton2\">VOIR PLUS<\/a><\/p>\n","protected":false},"author":1,"featured_media":0,"comment_status":"open","ping_status":"open","sticky":false,"template":"","format":"standard","meta":{"footnotes":""},"categories":[4,418],"tags":[],"class_list":["post-2023","post","type-post","status-publish","format-standard","hentry","category-actualite-association","category-trains-urbains"],"yoast_head":"<!-- This site is optimized with the Yoast SEO plugin v27.4 - https:\/\/yoast.com\/product\/yoast-seo-wordpress\/ -->\n<title>[La D\u00e9p\u00eache] Pol\u00e9mique autour du co\u00fbt du \u00abRER \u00e0 la toulousaine\u00bb - AUTATE<\/title>\n<meta name=\"robots\" content=\"index, follow, max-snippet:-1, max-image-preview:large, max-video-preview:-1\" \/>\n<link rel=\"canonical\" href=\"https:\/\/autate.fr\/site\/la-depeche-polemique-autour-du-cout-du-rer-a-la-toulousaine\/\" \/>\n<meta property=\"og:locale\" content=\"fr_FR\" \/>\n<meta property=\"og:type\" content=\"article\" \/>\n<meta property=\"og:title\" content=\"[La D\u00e9p\u00eache] Pol\u00e9mique autour du co\u00fbt du \u00abRER \u00e0 la toulousaine\u00bb - AUTATE\" \/>\n<meta property=\"og:description\" content=\"Patrick Vandevoorde a \u00e9cart\u00e9, r\u00e9cemment devant la presse, l&rsquo;alternative d&rsquo;un RER \u00e0 la toulousaine au projet de troisi\u00e8me ligne de m\u00e9tro. Au motif que l&rsquo;\u00e9toile ferroviaire (l&rsquo;utilisation des voies SNCF existantes autour de Toulouse mais cadenc\u00e9es au quart d&rsquo;heure) co\u00fbterait beaucoup plus cher que le projet Toulouse Aerospace Express (La D\u00e9p\u00eache du 17 octobre). LeVOIR PLUS\" \/>\n<meta property=\"og:url\" content=\"https:\/\/autate.fr\/site\/la-depeche-polemique-autour-du-cout-du-rer-a-la-toulousaine\/\" \/>\n<meta property=\"og:site_name\" content=\"AUTATE\" \/>\n<meta property=\"article:publisher\" content=\"https:\/\/www.facebook.com\/AutateToulouse\" \/>\n<meta property=\"article:published_time\" content=\"2017-10-25T13:54:20+00:00\" \/>\n<meta property=\"article:modified_time\" content=\"2017-11-25T10:15:22+00:00\" \/>\n<meta name=\"author\" content=\"pascalbarbier\" \/>\n<meta name=\"twitter:card\" content=\"summary_large_image\" \/>\n<meta name=\"twitter:creator\" content=\"@AutateToulouse\" \/>\n<meta name=\"twitter:site\" content=\"@AutateToulouse\" \/>\n<meta name=\"twitter:label1\" content=\"\u00c9crit par\" \/>\n\t<meta name=\"twitter:data1\" content=\"pascalbarbier\" \/>\n\t<meta name=\"twitter:label2\" content=\"Dur\u00e9e de lecture estim\u00e9e\" \/>\n\t<meta name=\"twitter:data2\" content=\"2 minutes\" \/>\n<script type=\"application\/ld+json\" class=\"yoast-schema-graph\">{\"@context\":\"https:\\\/\\\/schema.org\",\"@graph\":[{\"@type\":\"Article\",\"@id\":\"https:\\\/\\\/autate.fr\\\/site\\\/la-depeche-polemique-autour-du-cout-du-rer-a-la-toulousaine\\\/#article\",\"isPartOf\":{\"@id\":\"https:\\\/\\\/autate.fr\\\/site\\\/la-depeche-polemique-autour-du-cout-du-rer-a-la-toulousaine\\\/\"},\"author\":{\"name\":\"pascalbarbier\",\"@id\":\"https:\\\/\\\/autate.fr\\\/site\\\/#\\\/schema\\\/person\\\/ae1ab8bdaa7b41d2a9b52d2557ce8254\"},\"headline\":\"[La D\u00e9p\u00eache] Pol\u00e9mique autour du co\u00fbt du \u00abRER \u00e0 la toulousaine\u00bb\",\"datePublished\":\"2017-10-25T13:54:20+00:00\",\"dateModified\":\"2017-11-25T10:15:22+00:00\",\"mainEntityOfPage\":{\"@id\":\"https:\\\/\\\/autate.fr\\\/site\\\/la-depeche-polemique-autour-du-cout-du-rer-a-la-toulousaine\\\/\"},\"wordCount\":453,\"commentCount\":0,\"publisher\":{\"@id\":\"https:\\\/\\\/autate.fr\\\/site\\\/#organization\"},\"articleSection\":[\"Actualit\u00e9s-AUTATE\",\"Trains urbains\"],\"inLanguage\":\"fr-FR\",\"potentialAction\":[{\"@type\":\"CommentAction\",\"name\":\"Comment\",\"target\":[\"https:\\\/\\\/autate.fr\\\/site\\\/la-depeche-polemique-autour-du-cout-du-rer-a-la-toulousaine\\\/#respond\"]}]},{\"@type\":\"WebPage\",\"@id\":\"https:\\\/\\\/autate.fr\\\/site\\\/la-depeche-polemique-autour-du-cout-du-rer-a-la-toulousaine\\\/\",\"url\":\"https:\\\/\\\/autate.fr\\\/site\\\/la-depeche-polemique-autour-du-cout-du-rer-a-la-toulousaine\\\/\",\"name\":\"[La D\u00e9p\u00eache] Pol\u00e9mique autour du co\u00fbt du \u00abRER \u00e0 la toulousaine\u00bb - AUTATE\",\"isPartOf\":{\"@id\":\"https:\\\/\\\/autate.fr\\\/site\\\/#website\"},\"datePublished\":\"2017-10-25T13:54:20+00:00\",\"dateModified\":\"2017-11-25T10:15:22+00:00\",\"breadcrumb\":{\"@id\":\"https:\\\/\\\/autate.fr\\\/site\\\/la-depeche-polemique-autour-du-cout-du-rer-a-la-toulousaine\\\/#breadcrumb\"},\"inLanguage\":\"fr-FR\",\"potentialAction\":[{\"@type\":\"ReadAction\",\"target\":[\"https:\\\/\\\/autate.fr\\\/site\\\/la-depeche-polemique-autour-du-cout-du-rer-a-la-toulousaine\\\/\"]}]},{\"@type\":\"BreadcrumbList\",\"@id\":\"https:\\\/\\\/autate.fr\\\/site\\\/la-depeche-polemique-autour-du-cout-du-rer-a-la-toulousaine\\\/#breadcrumb\",\"itemListElement\":[{\"@type\":\"ListItem\",\"position\":1,\"name\":\"Accueil\",\"item\":\"https:\\\/\\\/autate.fr\\\/site\\\/\"},{\"@type\":\"ListItem\",\"position\":2,\"name\":\"[La D\u00e9p\u00eache] Pol\u00e9mique autour du co\u00fbt du \u00abRER \u00e0 la toulousaine\u00bb\"}]},{\"@type\":\"WebSite\",\"@id\":\"https:\\\/\\\/autate.fr\\\/site\\\/#website\",\"url\":\"https:\\\/\\\/autate.fr\\\/site\\\/\",\"name\":\"AUTATE\",\"description\":\"Association des usagers des transports de l&#039;agglom\u00e9ration Toulousaine et de ses environs\",\"publisher\":{\"@id\":\"https:\\\/\\\/autate.fr\\\/site\\\/#organization\"},\"potentialAction\":[{\"@type\":\"SearchAction\",\"target\":{\"@type\":\"EntryPoint\",\"urlTemplate\":\"https:\\\/\\\/autate.fr\\\/site\\\/?s={search_term_string}\"},\"query-input\":{\"@type\":\"PropertyValueSpecification\",\"valueRequired\":true,\"valueName\":\"search_term_string\"}}],\"inLanguage\":\"fr-FR\"},{\"@type\":\"Organization\",\"@id\":\"https:\\\/\\\/autate.fr\\\/site\\\/#organization\",\"name\":\"AUTATE\",\"url\":\"https:\\\/\\\/autate.fr\\\/site\\\/\",\"logo\":{\"@type\":\"ImageObject\",\"inLanguage\":\"fr-FR\",\"@id\":\"https:\\\/\\\/autate.fr\\\/site\\\/#\\\/schema\\\/logo\\\/image\\\/\",\"url\":\"http:\\\/\\\/autate.fr\\\/site\\\/wp-content\\\/uploads\\\/2019\\\/01\\\/logo.png\",\"contentUrl\":\"http:\\\/\\\/autate.fr\\\/site\\\/wp-content\\\/uploads\\\/2019\\\/01\\\/logo.png\",\"width\":506,\"height\":280,\"caption\":\"AUTATE\"},\"image\":{\"@id\":\"https:\\\/\\\/autate.fr\\\/site\\\/#\\\/schema\\\/logo\\\/image\\\/\"},\"sameAs\":[\"https:\\\/\\\/www.facebook.com\\\/AutateToulouse\",\"https:\\\/\\\/x.com\\\/AutateToulouse\"]},{\"@type\":\"Person\",\"@id\":\"https:\\\/\\\/autate.fr\\\/site\\\/#\\\/schema\\\/person\\\/ae1ab8bdaa7b41d2a9b52d2557ce8254\",\"name\":\"pascalbarbier\",\"image\":{\"@type\":\"ImageObject\",\"inLanguage\":\"fr-FR\",\"@id\":\"https:\\\/\\\/secure.gravatar.com\\\/avatar\\\/03f4e8ced09894b72c67e83142540730d4b3bbf619bf46341b0074e3bf5f08a0?s=96&d=mm&r=g\",\"url\":\"https:\\\/\\\/secure.gravatar.com\\\/avatar\\\/03f4e8ced09894b72c67e83142540730d4b3bbf619bf46341b0074e3bf5f08a0?s=96&d=mm&r=g\",\"contentUrl\":\"https:\\\/\\\/secure.gravatar.com\\\/avatar\\\/03f4e8ced09894b72c67e83142540730d4b3bbf619bf46341b0074e3bf5f08a0?s=96&d=mm&r=g\",\"caption\":\"pascalbarbier\"},\"url\":\"https:\\\/\\\/autate.fr\\\/site\\\/author\\\/pascalbarbier\\\/\"}]}<\/script>\n<!-- \/ Yoast SEO plugin. -->","yoast_head_json":{"title":"[La D\u00e9p\u00eache] Pol\u00e9mique autour du co\u00fbt du \u00abRER \u00e0 la toulousaine\u00bb - AUTATE","robots":{"index":"index","follow":"follow","max-snippet":"max-snippet:-1","max-image-preview":"max-image-preview:large","max-video-preview":"max-video-preview:-1"},"canonical":"https:\/\/autate.fr\/site\/la-depeche-polemique-autour-du-cout-du-rer-a-la-toulousaine\/","og_locale":"fr_FR","og_type":"article","og_title":"[La D\u00e9p\u00eache] Pol\u00e9mique autour du co\u00fbt du \u00abRER \u00e0 la toulousaine\u00bb - AUTATE","og_description":"Patrick Vandevoorde a \u00e9cart\u00e9, r\u00e9cemment devant la presse, l&rsquo;alternative d&rsquo;un RER \u00e0 la toulousaine au projet de troisi\u00e8me ligne de m\u00e9tro. Au motif que l&rsquo;\u00e9toile ferroviaire (l&rsquo;utilisation des voies SNCF existantes autour de Toulouse mais cadenc\u00e9es au quart d&rsquo;heure) co\u00fbterait beaucoup plus cher que le projet Toulouse Aerospace Express (La D\u00e9p\u00eache du 17 octobre). LeVOIR PLUS","og_url":"https:\/\/autate.fr\/site\/la-depeche-polemique-autour-du-cout-du-rer-a-la-toulousaine\/","og_site_name":"AUTATE","article_publisher":"https:\/\/www.facebook.com\/AutateToulouse","article_published_time":"2017-10-25T13:54:20+00:00","article_modified_time":"2017-11-25T10:15:22+00:00","author":"pascalbarbier","twitter_card":"summary_large_image","twitter_creator":"@AutateToulouse","twitter_site":"@AutateToulouse","twitter_misc":{"\u00c9crit par":"pascalbarbier","Dur\u00e9e de lecture estim\u00e9e":"2 minutes"},"schema":{"@context":"https:\/\/schema.org","@graph":[{"@type":"Article","@id":"https:\/\/autate.fr\/site\/la-depeche-polemique-autour-du-cout-du-rer-a-la-toulousaine\/#article","isPartOf":{"@id":"https:\/\/autate.fr\/site\/la-depeche-polemique-autour-du-cout-du-rer-a-la-toulousaine\/"},"author":{"name":"pascalbarbier","@id":"https:\/\/autate.fr\/site\/#\/schema\/person\/ae1ab8bdaa7b41d2a9b52d2557ce8254"},"headline":"[La D\u00e9p\u00eache] Pol\u00e9mique autour du co\u00fbt du \u00abRER \u00e0 la toulousaine\u00bb","datePublished":"2017-10-25T13:54:20+00:00","dateModified":"2017-11-25T10:15:22+00:00","mainEntityOfPage":{"@id":"https:\/\/autate.fr\/site\/la-depeche-polemique-autour-du-cout-du-rer-a-la-toulousaine\/"},"wordCount":453,"commentCount":0,"publisher":{"@id":"https:\/\/autate.fr\/site\/#organization"},"articleSection":["Actualit\u00e9s-AUTATE","Trains urbains"],"inLanguage":"fr-FR","potentialAction":[{"@type":"CommentAction","name":"Comment","target":["https:\/\/autate.fr\/site\/la-depeche-polemique-autour-du-cout-du-rer-a-la-toulousaine\/#respond"]}]},{"@type":"WebPage","@id":"https:\/\/autate.fr\/site\/la-depeche-polemique-autour-du-cout-du-rer-a-la-toulousaine\/","url":"https:\/\/autate.fr\/site\/la-depeche-polemique-autour-du-cout-du-rer-a-la-toulousaine\/","name":"[La D\u00e9p\u00eache] Pol\u00e9mique autour du co\u00fbt du \u00abRER \u00e0 la toulousaine\u00bb - AUTATE","isPartOf":{"@id":"https:\/\/autate.fr\/site\/#website"},"datePublished":"2017-10-25T13:54:20+00:00","dateModified":"2017-11-25T10:15:22+00:00","breadcrumb":{"@id":"https:\/\/autate.fr\/site\/la-depeche-polemique-autour-du-cout-du-rer-a-la-toulousaine\/#breadcrumb"},"inLanguage":"fr-FR","potentialAction":[{"@type":"ReadAction","target":["https:\/\/autate.fr\/site\/la-depeche-polemique-autour-du-cout-du-rer-a-la-toulousaine\/"]}]},{"@type":"BreadcrumbList","@id":"https:\/\/autate.fr\/site\/la-depeche-polemique-autour-du-cout-du-rer-a-la-toulousaine\/#breadcrumb","itemListElement":[{"@type":"ListItem","position":1,"name":"Accueil","item":"https:\/\/autate.fr\/site\/"},{"@type":"ListItem","position":2,"name":"[La D\u00e9p\u00eache] Pol\u00e9mique autour du co\u00fbt du \u00abRER \u00e0 la toulousaine\u00bb"}]},{"@type":"WebSite","@id":"https:\/\/autate.fr\/site\/#website","url":"https:\/\/autate.fr\/site\/","name":"AUTATE","description":"Association des usagers des transports de l&#039;agglom\u00e9ration Toulousaine et de ses environs","publisher":{"@id":"https:\/\/autate.fr\/site\/#organization"},"potentialAction":[{"@type":"SearchAction","target":{"@type":"EntryPoint","urlTemplate":"https:\/\/autate.fr\/site\/?s={search_term_string}"},"query-input":{"@type":"PropertyValueSpecification","valueRequired":true,"valueName":"search_term_string"}}],"inLanguage":"fr-FR"},{"@type":"Organization","@id":"https:\/\/autate.fr\/site\/#organization","name":"AUTATE","url":"https:\/\/autate.fr\/site\/","logo":{"@type":"ImageObject","inLanguage":"fr-FR","@id":"https:\/\/autate.fr\/site\/#\/schema\/logo\/image\/","url":"http:\/\/autate.fr\/site\/wp-content\/uploads\/2019\/01\/logo.png","contentUrl":"http:\/\/autate.fr\/site\/wp-content\/uploads\/2019\/01\/logo.png","width":506,"height":280,"caption":"AUTATE"},"image":{"@id":"https:\/\/autate.fr\/site\/#\/schema\/logo\/image\/"},"sameAs":["https:\/\/www.facebook.com\/AutateToulouse","https:\/\/x.com\/AutateToulouse"]},{"@type":"Person","@id":"https:\/\/autate.fr\/site\/#\/schema\/person\/ae1ab8bdaa7b41d2a9b52d2557ce8254","name":"pascalbarbier","image":{"@type":"ImageObject","inLanguage":"fr-FR","@id":"https:\/\/secure.gravatar.com\/avatar\/03f4e8ced09894b72c67e83142540730d4b3bbf619bf46341b0074e3bf5f08a0?s=96&d=mm&r=g","url":"https:\/\/secure.gravatar.com\/avatar\/03f4e8ced09894b72c67e83142540730d4b3bbf619bf46341b0074e3bf5f08a0?s=96&d=mm&r=g","contentUrl":"https:\/\/secure.gravatar.com\/avatar\/03f4e8ced09894b72c67e83142540730d4b3bbf619bf46341b0074e3bf5f08a0?s=96&d=mm&r=g","caption":"pascalbarbier"},"url":"https:\/\/autate.fr\/site\/author\/pascalbarbier\/"}]}},"_links":{"self":[{"href":"https:\/\/autate.fr\/site\/wp-json\/wp\/v2\/posts\/2023","targetHints":{"allow":["GET"]}}],"collection":[{"href":"https:\/\/autate.fr\/site\/wp-json\/wp\/v2\/posts"}],"about":[{"href":"https:\/\/autate.fr\/site\/wp-json\/wp\/v2\/types\/post"}],"author":[{"embeddable":true,"href":"https:\/\/autate.fr\/site\/wp-json\/wp\/v2\/users\/1"}],"replies":[{"embeddable":true,"href":"https:\/\/autate.fr\/site\/wp-json\/wp\/v2\/comments?post=2023"}],"version-history":[{"count":1,"href":"https:\/\/autate.fr\/site\/wp-json\/wp\/v2\/posts\/2023\/revisions"}],"predecessor-version":[{"id":2024,"href":"https:\/\/autate.fr\/site\/wp-json\/wp\/v2\/posts\/2023\/revisions\/2024"}],"wp:attachment":[{"href":"https:\/\/autate.fr\/site\/wp-json\/wp\/v2\/media?parent=2023"}],"wp:term":[{"taxonomy":"category","embeddable":true,"href":"https:\/\/autate.fr\/site\/wp-json\/wp\/v2\/categories?post=2023"},{"taxonomy":"post_tag","embeddable":true,"href":"https:\/\/autate.fr\/site\/wp-json\/wp\/v2\/tags?post=2023"}],"curies":[{"name":"wp","href":"https:\/\/api.w.org\/{rel}","templated":true}]}}