{"id":2002,"date":"2017-09-24T20:35:19","date_gmt":"2017-09-24T18:35:19","guid":{"rendered":"http:\/\/autate.fr\/site\/?p=2002"},"modified":"2025-11-21T22:06:25","modified_gmt":"2025-11-21T21:06:25","slug":"la-depeche-plan-mobilites-les-usagers-de-lautate-pas-daccord-avec-jean-michel-lattes","status":"publish","type":"post","link":"https:\/\/autate.fr\/site\/la-depeche-plan-mobilites-les-usagers-de-lautate-pas-daccord-avec-jean-michel-lattes\/","title":{"rendered":"[La D\u00e9p\u00eache] Plan Mobilit\u00e9s : les usagers de l&rsquo;Autate pas d&rsquo;accord avec Jean-Michel Lattes"},"content":{"rendered":"<p>L&rsquo; Autate, association des usagers des transports de l&rsquo;agglom\u00e9ration toulousaine r\u00e9agit aux propos de Jean-Michel Lattes sur le plan Mobilit\u00e9s (La D\u00e9p\u00eache du 18 septembre).<\/p>\n<p>Sur le co\u00fbt de l&rsquo;\u00e9toile ferroviaire mis en avant par le pr\u00e9sident du SMTC Tiss\u00e9o, s&rsquo;appuyant sur les travaux du Conseil scientifique, l&rsquo;Autate pr\u00e9cise : \u00abLe vrai projet n&rsquo;a pas \u00e9t\u00e9 chiffr\u00e9. Sur la base des travaux en cours dans les agglom\u00e9rations europ\u00e9ennes, l&rsquo;Autate proposait une modernisation des postes de commandement qui permettrait de supporter 4 trains m\u00e9tropolitains par heure sur chacune des branches de l&rsquo;\u00e9toile ferroviaire. Or, le Conseil scientifique a fait une estimation d&rsquo;une r\u00e9novation totale de l&rsquo;\u00e9toile ferroviaire sur un p\u00e9rim\u00e8tre bien sup\u00e9rieur \u00e0 l&rsquo;aire urbaine. Il n&rsquo;est donc pas \u00e9tonnant que le conseil scientifique aboutisse \u00e0 un co\u00fbt (3,5 milliards d&rsquo;euros) sup\u00e9rieur \u00e0 celui de la 3e ligne (\u2026) \u00e0 moyen terme, un tel projet pourrait faire l&rsquo;objet d&rsquo;un contrat \u00c9tat\/R\u00e9gions (Aquitaine et Occitanie)\/<a href=\"https:\/\/www.ladepeche.fr\/communes\/toulouse,31555.html\">Toulouse<\/a> M\u00e9tropole. D&rsquo;autre part, les propositions de l&rsquo;Autate en termes de r\u00e9seau de bus prioritaires et tramways en lieu de la 3e ligne de m\u00e9tro n&rsquo;ont toujours pas fait l&rsquo;objet d&rsquo;\u00e9tudes\u00bb.<\/p>\n<p>Concernant les Lin\u00e9o, au sujet desquels JM Lattes comparait ligne C de train et Lin\u00e9o 2, l&rsquo;Autate estime : \u00abOn ne peut comparer Lin\u00e9o 2 et Ligne C en termes de fr\u00e9quences et d&rsquo;amplitudes horaires, qui sont bien sup\u00e9rieures sur Lineo que sur la ligne C (c&rsquo;\u00e9tait l&rsquo;objet de notre p\u00e9tition sur la ligne C\u2026). Les 7 000 passagers\/jour de la ligne C pourraient \u00eatre largement plus nombreux. Les rames sont hyper charg\u00e9es actuellement \u2013 certains ne peuvent pas entrer dans le train\u00bb. L&rsquo;association ajoute que faute \u00abde voie propre aux endroits embouteill\u00e9s, et de priorit\u00e9s aux feux (et rond-point), tr\u00e8s rares, les Lineo sont dans les bouchons comme les bus qu&rsquo;ils remplacent \u00e0 grands frais pour un seul vrai gain, l&rsquo;amplitude\u00bb.<\/p>\n<p>Enfin, sur la possibilit\u00e9 d&rsquo;un contournement Ouest routier \u00e9tudi\u00e9 par la M\u00e9tropole, l&rsquo;Autate demande : \u00abL&rsquo;objectif principal d&rsquo;un PDU n&rsquo;est-il pas de r\u00e9duire l&rsquo;utilisation de la voiture ?\u00bb, contestant par ailleurs l&rsquo;efficacit\u00e9 du conseil des ex\u00e9cutifs r\u00e9unissant R\u00e9gion, D\u00e9partement, Etat, intercommunaut\u00e9s et SNCF\u00bb initi\u00e9 par le pr\u00e9sident de l&rsquo;autorit\u00e9 organisatrice des transports.<\/p>\n<p>Ph.E.<\/p>\n","protected":false},"excerpt":{"rendered":"<p>L&rsquo; Autate, association des usagers des transports de l&rsquo;agglom\u00e9ration toulousaine r\u00e9agit aux propos de Jean-Michel Lattes sur le plan Mobilit\u00e9s (La D\u00e9p\u00eache du 18 septembre). Sur le co\u00fbt de l&rsquo;\u00e9toile ferroviaire mis en avant par le pr\u00e9sident du SMTC Tiss\u00e9o, s&rsquo;appuyant sur les travaux du Conseil scientifique, l&rsquo;Autate pr\u00e9cise : \u00abLe vrai projet n&rsquo;a pas<\/p>\n<p class=\"more-link\"><a href=\"https:\/\/autate.fr\/site\/la-depeche-plan-mobilites-les-usagers-de-lautate-pas-daccord-avec-jean-michel-lattes\/\" class=\"themebutton2\">VOIR PLUS<\/a><\/p>\n","protected":false},"author":1,"featured_media":0,"comment_status":"open","ping_status":"open","sticky":false,"template":"","format":"standard","meta":{"footnotes":""},"categories":[525,7,418],"tags":[],"class_list":["post-2002","post","type-post","status-publish","format-standard","hentry","category-pdm","category-revue-de-presse","category-trains-urbains"],"yoast_head":"<!-- This site is optimized with the Yoast SEO plugin v27.4 - https:\/\/yoast.com\/product\/yoast-seo-wordpress\/ -->\n<title>[La D\u00e9p\u00eache] Plan Mobilit\u00e9s : les usagers de l&#039;Autate pas d&#039;accord avec Jean-Michel Lattes - AUTATE<\/title>\n<meta name=\"robots\" content=\"index, follow, max-snippet:-1, max-image-preview:large, max-video-preview:-1\" \/>\n<link rel=\"canonical\" href=\"https:\/\/autate.fr\/site\/la-depeche-plan-mobilites-les-usagers-de-lautate-pas-daccord-avec-jean-michel-lattes\/\" \/>\n<meta property=\"og:locale\" content=\"fr_FR\" \/>\n<meta property=\"og:type\" content=\"article\" \/>\n<meta property=\"og:title\" content=\"[La D\u00e9p\u00eache] Plan Mobilit\u00e9s : les usagers de l&#039;Autate pas d&#039;accord avec Jean-Michel Lattes - AUTATE\" \/>\n<meta property=\"og:description\" content=\"L&rsquo; Autate, association des usagers des transports de l&rsquo;agglom\u00e9ration toulousaine r\u00e9agit aux propos de Jean-Michel Lattes sur le plan Mobilit\u00e9s (La D\u00e9p\u00eache du 18 septembre). Sur le co\u00fbt de l&rsquo;\u00e9toile ferroviaire mis en avant par le pr\u00e9sident du SMTC Tiss\u00e9o, s&rsquo;appuyant sur les travaux du Conseil scientifique, l&rsquo;Autate pr\u00e9cise : \u00abLe vrai projet n&rsquo;a pasVOIR PLUS\" \/>\n<meta property=\"og:url\" content=\"https:\/\/autate.fr\/site\/la-depeche-plan-mobilites-les-usagers-de-lautate-pas-daccord-avec-jean-michel-lattes\/\" \/>\n<meta property=\"og:site_name\" content=\"AUTATE\" \/>\n<meta property=\"article:publisher\" content=\"https:\/\/www.facebook.com\/AutateToulouse\" \/>\n<meta property=\"article:published_time\" content=\"2017-09-24T18:35:19+00:00\" \/>\n<meta property=\"article:modified_time\" content=\"2025-11-21T21:06:25+00:00\" \/>\n<meta name=\"author\" content=\"pascalbarbier\" \/>\n<meta name=\"twitter:card\" content=\"summary_large_image\" \/>\n<meta name=\"twitter:creator\" content=\"@AutateToulouse\" \/>\n<meta name=\"twitter:site\" content=\"@AutateToulouse\" \/>\n<meta name=\"twitter:label1\" content=\"\u00c9crit par\" \/>\n\t<meta name=\"twitter:data1\" content=\"pascalbarbier\" \/>\n\t<meta name=\"twitter:label2\" content=\"Dur\u00e9e de lecture estim\u00e9e\" \/>\n\t<meta name=\"twitter:data2\" content=\"2 minutes\" \/>\n<script type=\"application\/ld+json\" class=\"yoast-schema-graph\">{\"@context\":\"https:\\\/\\\/schema.org\",\"@graph\":[{\"@type\":\"Article\",\"@id\":\"https:\\\/\\\/autate.fr\\\/site\\\/la-depeche-plan-mobilites-les-usagers-de-lautate-pas-daccord-avec-jean-michel-lattes\\\/#article\",\"isPartOf\":{\"@id\":\"https:\\\/\\\/autate.fr\\\/site\\\/la-depeche-plan-mobilites-les-usagers-de-lautate-pas-daccord-avec-jean-michel-lattes\\\/\"},\"author\":{\"name\":\"pascalbarbier\",\"@id\":\"https:\\\/\\\/autate.fr\\\/site\\\/#\\\/schema\\\/person\\\/ae1ab8bdaa7b41d2a9b52d2557ce8254\"},\"headline\":\"[La D\u00e9p\u00eache] Plan Mobilit\u00e9s : les usagers de l&rsquo;Autate pas d&rsquo;accord avec Jean-Michel Lattes\",\"datePublished\":\"2017-09-24T18:35:19+00:00\",\"dateModified\":\"2025-11-21T21:06:25+00:00\",\"mainEntityOfPage\":{\"@id\":\"https:\\\/\\\/autate.fr\\\/site\\\/la-depeche-plan-mobilites-les-usagers-de-lautate-pas-daccord-avec-jean-michel-lattes\\\/\"},\"wordCount\":405,\"commentCount\":0,\"publisher\":{\"@id\":\"https:\\\/\\\/autate.fr\\\/site\\\/#organization\"},\"articleSection\":[\"PlanDeMobilit\u00e9\",\"Revue de presse\",\"Trains urbains\"],\"inLanguage\":\"fr-FR\",\"potentialAction\":[{\"@type\":\"CommentAction\",\"name\":\"Comment\",\"target\":[\"https:\\\/\\\/autate.fr\\\/site\\\/la-depeche-plan-mobilites-les-usagers-de-lautate-pas-daccord-avec-jean-michel-lattes\\\/#respond\"]}]},{\"@type\":\"WebPage\",\"@id\":\"https:\\\/\\\/autate.fr\\\/site\\\/la-depeche-plan-mobilites-les-usagers-de-lautate-pas-daccord-avec-jean-michel-lattes\\\/\",\"url\":\"https:\\\/\\\/autate.fr\\\/site\\\/la-depeche-plan-mobilites-les-usagers-de-lautate-pas-daccord-avec-jean-michel-lattes\\\/\",\"name\":\"[La D\u00e9p\u00eache] Plan Mobilit\u00e9s : les usagers de l'Autate pas d'accord avec Jean-Michel Lattes - AUTATE\",\"isPartOf\":{\"@id\":\"https:\\\/\\\/autate.fr\\\/site\\\/#website\"},\"datePublished\":\"2017-09-24T18:35:19+00:00\",\"dateModified\":\"2025-11-21T21:06:25+00:00\",\"breadcrumb\":{\"@id\":\"https:\\\/\\\/autate.fr\\\/site\\\/la-depeche-plan-mobilites-les-usagers-de-lautate-pas-daccord-avec-jean-michel-lattes\\\/#breadcrumb\"},\"inLanguage\":\"fr-FR\",\"potentialAction\":[{\"@type\":\"ReadAction\",\"target\":[\"https:\\\/\\\/autate.fr\\\/site\\\/la-depeche-plan-mobilites-les-usagers-de-lautate-pas-daccord-avec-jean-michel-lattes\\\/\"]}]},{\"@type\":\"BreadcrumbList\",\"@id\":\"https:\\\/\\\/autate.fr\\\/site\\\/la-depeche-plan-mobilites-les-usagers-de-lautate-pas-daccord-avec-jean-michel-lattes\\\/#breadcrumb\",\"itemListElement\":[{\"@type\":\"ListItem\",\"position\":1,\"name\":\"Accueil\",\"item\":\"https:\\\/\\\/autate.fr\\\/site\\\/\"},{\"@type\":\"ListItem\",\"position\":2,\"name\":\"[La D\u00e9p\u00eache] Plan Mobilit\u00e9s : les usagers de l&rsquo;Autate pas d&rsquo;accord avec Jean-Michel Lattes\"}]},{\"@type\":\"WebSite\",\"@id\":\"https:\\\/\\\/autate.fr\\\/site\\\/#website\",\"url\":\"https:\\\/\\\/autate.fr\\\/site\\\/\",\"name\":\"AUTATE\",\"description\":\"Association des usagers des transports de l&#039;agglom\u00e9ration Toulousaine et de ses environs\",\"publisher\":{\"@id\":\"https:\\\/\\\/autate.fr\\\/site\\\/#organization\"},\"potentialAction\":[{\"@type\":\"SearchAction\",\"target\":{\"@type\":\"EntryPoint\",\"urlTemplate\":\"https:\\\/\\\/autate.fr\\\/site\\\/?s={search_term_string}\"},\"query-input\":{\"@type\":\"PropertyValueSpecification\",\"valueRequired\":true,\"valueName\":\"search_term_string\"}}],\"inLanguage\":\"fr-FR\"},{\"@type\":\"Organization\",\"@id\":\"https:\\\/\\\/autate.fr\\\/site\\\/#organization\",\"name\":\"AUTATE\",\"url\":\"https:\\\/\\\/autate.fr\\\/site\\\/\",\"logo\":{\"@type\":\"ImageObject\",\"inLanguage\":\"fr-FR\",\"@id\":\"https:\\\/\\\/autate.fr\\\/site\\\/#\\\/schema\\\/logo\\\/image\\\/\",\"url\":\"http:\\\/\\\/autate.fr\\\/site\\\/wp-content\\\/uploads\\\/2019\\\/01\\\/logo.png\",\"contentUrl\":\"http:\\\/\\\/autate.fr\\\/site\\\/wp-content\\\/uploads\\\/2019\\\/01\\\/logo.png\",\"width\":506,\"height\":280,\"caption\":\"AUTATE\"},\"image\":{\"@id\":\"https:\\\/\\\/autate.fr\\\/site\\\/#\\\/schema\\\/logo\\\/image\\\/\"},\"sameAs\":[\"https:\\\/\\\/www.facebook.com\\\/AutateToulouse\",\"https:\\\/\\\/x.com\\\/AutateToulouse\"]},{\"@type\":\"Person\",\"@id\":\"https:\\\/\\\/autate.fr\\\/site\\\/#\\\/schema\\\/person\\\/ae1ab8bdaa7b41d2a9b52d2557ce8254\",\"name\":\"pascalbarbier\",\"image\":{\"@type\":\"ImageObject\",\"inLanguage\":\"fr-FR\",\"@id\":\"https:\\\/\\\/secure.gravatar.com\\\/avatar\\\/03f4e8ced09894b72c67e83142540730d4b3bbf619bf46341b0074e3bf5f08a0?s=96&d=mm&r=g\",\"url\":\"https:\\\/\\\/secure.gravatar.com\\\/avatar\\\/03f4e8ced09894b72c67e83142540730d4b3bbf619bf46341b0074e3bf5f08a0?s=96&d=mm&r=g\",\"contentUrl\":\"https:\\\/\\\/secure.gravatar.com\\\/avatar\\\/03f4e8ced09894b72c67e83142540730d4b3bbf619bf46341b0074e3bf5f08a0?s=96&d=mm&r=g\",\"caption\":\"pascalbarbier\"},\"url\":\"https:\\\/\\\/autate.fr\\\/site\\\/author\\\/pascalbarbier\\\/\"}]}<\/script>\n<!-- \/ Yoast SEO plugin. -->","yoast_head_json":{"title":"[La D\u00e9p\u00eache] Plan Mobilit\u00e9s : les usagers de l'Autate pas d'accord avec Jean-Michel Lattes - AUTATE","robots":{"index":"index","follow":"follow","max-snippet":"max-snippet:-1","max-image-preview":"max-image-preview:large","max-video-preview":"max-video-preview:-1"},"canonical":"https:\/\/autate.fr\/site\/la-depeche-plan-mobilites-les-usagers-de-lautate-pas-daccord-avec-jean-michel-lattes\/","og_locale":"fr_FR","og_type":"article","og_title":"[La D\u00e9p\u00eache] Plan Mobilit\u00e9s : les usagers de l'Autate pas d'accord avec Jean-Michel Lattes - AUTATE","og_description":"L&rsquo; Autate, association des usagers des transports de l&rsquo;agglom\u00e9ration toulousaine r\u00e9agit aux propos de Jean-Michel Lattes sur le plan Mobilit\u00e9s (La D\u00e9p\u00eache du 18 septembre). Sur le co\u00fbt de l&rsquo;\u00e9toile ferroviaire mis en avant par le pr\u00e9sident du SMTC Tiss\u00e9o, s&rsquo;appuyant sur les travaux du Conseil scientifique, l&rsquo;Autate pr\u00e9cise : \u00abLe vrai projet n&rsquo;a pasVOIR PLUS","og_url":"https:\/\/autate.fr\/site\/la-depeche-plan-mobilites-les-usagers-de-lautate-pas-daccord-avec-jean-michel-lattes\/","og_site_name":"AUTATE","article_publisher":"https:\/\/www.facebook.com\/AutateToulouse","article_published_time":"2017-09-24T18:35:19+00:00","article_modified_time":"2025-11-21T21:06:25+00:00","author":"pascalbarbier","twitter_card":"summary_large_image","twitter_creator":"@AutateToulouse","twitter_site":"@AutateToulouse","twitter_misc":{"\u00c9crit par":"pascalbarbier","Dur\u00e9e de lecture estim\u00e9e":"2 minutes"},"schema":{"@context":"https:\/\/schema.org","@graph":[{"@type":"Article","@id":"https:\/\/autate.fr\/site\/la-depeche-plan-mobilites-les-usagers-de-lautate-pas-daccord-avec-jean-michel-lattes\/#article","isPartOf":{"@id":"https:\/\/autate.fr\/site\/la-depeche-plan-mobilites-les-usagers-de-lautate-pas-daccord-avec-jean-michel-lattes\/"},"author":{"name":"pascalbarbier","@id":"https:\/\/autate.fr\/site\/#\/schema\/person\/ae1ab8bdaa7b41d2a9b52d2557ce8254"},"headline":"[La D\u00e9p\u00eache] Plan Mobilit\u00e9s : les usagers de l&rsquo;Autate pas d&rsquo;accord avec Jean-Michel Lattes","datePublished":"2017-09-24T18:35:19+00:00","dateModified":"2025-11-21T21:06:25+00:00","mainEntityOfPage":{"@id":"https:\/\/autate.fr\/site\/la-depeche-plan-mobilites-les-usagers-de-lautate-pas-daccord-avec-jean-michel-lattes\/"},"wordCount":405,"commentCount":0,"publisher":{"@id":"https:\/\/autate.fr\/site\/#organization"},"articleSection":["PlanDeMobilit\u00e9","Revue de presse","Trains urbains"],"inLanguage":"fr-FR","potentialAction":[{"@type":"CommentAction","name":"Comment","target":["https:\/\/autate.fr\/site\/la-depeche-plan-mobilites-les-usagers-de-lautate-pas-daccord-avec-jean-michel-lattes\/#respond"]}]},{"@type":"WebPage","@id":"https:\/\/autate.fr\/site\/la-depeche-plan-mobilites-les-usagers-de-lautate-pas-daccord-avec-jean-michel-lattes\/","url":"https:\/\/autate.fr\/site\/la-depeche-plan-mobilites-les-usagers-de-lautate-pas-daccord-avec-jean-michel-lattes\/","name":"[La D\u00e9p\u00eache] Plan Mobilit\u00e9s : les usagers de l'Autate pas d'accord avec Jean-Michel Lattes - AUTATE","isPartOf":{"@id":"https:\/\/autate.fr\/site\/#website"},"datePublished":"2017-09-24T18:35:19+00:00","dateModified":"2025-11-21T21:06:25+00:00","breadcrumb":{"@id":"https:\/\/autate.fr\/site\/la-depeche-plan-mobilites-les-usagers-de-lautate-pas-daccord-avec-jean-michel-lattes\/#breadcrumb"},"inLanguage":"fr-FR","potentialAction":[{"@type":"ReadAction","target":["https:\/\/autate.fr\/site\/la-depeche-plan-mobilites-les-usagers-de-lautate-pas-daccord-avec-jean-michel-lattes\/"]}]},{"@type":"BreadcrumbList","@id":"https:\/\/autate.fr\/site\/la-depeche-plan-mobilites-les-usagers-de-lautate-pas-daccord-avec-jean-michel-lattes\/#breadcrumb","itemListElement":[{"@type":"ListItem","position":1,"name":"Accueil","item":"https:\/\/autate.fr\/site\/"},{"@type":"ListItem","position":2,"name":"[La D\u00e9p\u00eache] Plan Mobilit\u00e9s : les usagers de l&rsquo;Autate pas d&rsquo;accord avec Jean-Michel Lattes"}]},{"@type":"WebSite","@id":"https:\/\/autate.fr\/site\/#website","url":"https:\/\/autate.fr\/site\/","name":"AUTATE","description":"Association des usagers des transports de l&#039;agglom\u00e9ration Toulousaine et de ses environs","publisher":{"@id":"https:\/\/autate.fr\/site\/#organization"},"potentialAction":[{"@type":"SearchAction","target":{"@type":"EntryPoint","urlTemplate":"https:\/\/autate.fr\/site\/?s={search_term_string}"},"query-input":{"@type":"PropertyValueSpecification","valueRequired":true,"valueName":"search_term_string"}}],"inLanguage":"fr-FR"},{"@type":"Organization","@id":"https:\/\/autate.fr\/site\/#organization","name":"AUTATE","url":"https:\/\/autate.fr\/site\/","logo":{"@type":"ImageObject","inLanguage":"fr-FR","@id":"https:\/\/autate.fr\/site\/#\/schema\/logo\/image\/","url":"http:\/\/autate.fr\/site\/wp-content\/uploads\/2019\/01\/logo.png","contentUrl":"http:\/\/autate.fr\/site\/wp-content\/uploads\/2019\/01\/logo.png","width":506,"height":280,"caption":"AUTATE"},"image":{"@id":"https:\/\/autate.fr\/site\/#\/schema\/logo\/image\/"},"sameAs":["https:\/\/www.facebook.com\/AutateToulouse","https:\/\/x.com\/AutateToulouse"]},{"@type":"Person","@id":"https:\/\/autate.fr\/site\/#\/schema\/person\/ae1ab8bdaa7b41d2a9b52d2557ce8254","name":"pascalbarbier","image":{"@type":"ImageObject","inLanguage":"fr-FR","@id":"https:\/\/secure.gravatar.com\/avatar\/03f4e8ced09894b72c67e83142540730d4b3bbf619bf46341b0074e3bf5f08a0?s=96&d=mm&r=g","url":"https:\/\/secure.gravatar.com\/avatar\/03f4e8ced09894b72c67e83142540730d4b3bbf619bf46341b0074e3bf5f08a0?s=96&d=mm&r=g","contentUrl":"https:\/\/secure.gravatar.com\/avatar\/03f4e8ced09894b72c67e83142540730d4b3bbf619bf46341b0074e3bf5f08a0?s=96&d=mm&r=g","caption":"pascalbarbier"},"url":"https:\/\/autate.fr\/site\/author\/pascalbarbier\/"}]}},"_links":{"self":[{"href":"https:\/\/autate.fr\/site\/wp-json\/wp\/v2\/posts\/2002","targetHints":{"allow":["GET"]}}],"collection":[{"href":"https:\/\/autate.fr\/site\/wp-json\/wp\/v2\/posts"}],"about":[{"href":"https:\/\/autate.fr\/site\/wp-json\/wp\/v2\/types\/post"}],"author":[{"embeddable":true,"href":"https:\/\/autate.fr\/site\/wp-json\/wp\/v2\/users\/1"}],"replies":[{"embeddable":true,"href":"https:\/\/autate.fr\/site\/wp-json\/wp\/v2\/comments?post=2002"}],"version-history":[{"count":1,"href":"https:\/\/autate.fr\/site\/wp-json\/wp\/v2\/posts\/2002\/revisions"}],"predecessor-version":[{"id":2003,"href":"https:\/\/autate.fr\/site\/wp-json\/wp\/v2\/posts\/2002\/revisions\/2003"}],"wp:attachment":[{"href":"https:\/\/autate.fr\/site\/wp-json\/wp\/v2\/media?parent=2002"}],"wp:term":[{"taxonomy":"category","embeddable":true,"href":"https:\/\/autate.fr\/site\/wp-json\/wp\/v2\/categories?post=2002"},{"taxonomy":"post_tag","embeddable":true,"href":"https:\/\/autate.fr\/site\/wp-json\/wp\/v2\/tags?post=2002"}],"curies":[{"name":"wp","href":"https:\/\/api.w.org\/{rel}","templated":true}]}}