{"id":200,"date":"2016-01-27T21:48:53","date_gmt":"2016-01-27T20:48:53","guid":{"rendered":"http:\/\/autate.fr\/site\/?p=200"},"modified":"2017-10-21T21:41:14","modified_gmt":"2017-10-21T19:41:14","slug":"la-depeche-tgv-barcelone-ne-fait-pas-recette","status":"publish","type":"post","link":"https:\/\/autate.fr\/site\/la-depeche-tgv-barcelone-ne-fait-pas-recette\/","title":{"rendered":"[La D\u00e9p\u00eache] TGV : Barcelone ne fait pas recette"},"content":{"rendered":"<div class=\"p402_premium\">\n<p>Apr\u00e8s un an et neuf mois d&rsquo;exp\u00e9rimentation, le TGV direct Toulouse-Barcelone, a \u00e9t\u00e9 suspendu discr\u00e8tement \u00e0 l&rsquo;arriv\u00e9e de l&rsquo;automne dernier. Lanc\u00e9e fin 2013 et assur\u00e9e par un train \u00e0 grande vitesse de la Renfe, \u00e0 la livr\u00e9e blanche et au long nez aplati, la liaison avait pourtant s\u00e9duit pas mal de Toulousains attir\u00e9s par un aller-retour rapide et possible dans la m\u00eame journ\u00e9e entre la m\u00e9tropole toulousaine et la cit\u00e9 de Gaudi, en un plus de trois heures. Depuis le d\u00e9but 2014, apr\u00e8s un changement d&rsquo;horaires, le train partait \u00e0 8 h 11 pour arriver en gare de Barcelone \u00e0 11 h 31. On pouvait repartir \u00e0 18 h 35, retour \u00e0 Matabiau \u00e0 21 h 42. Le gain de temps par rapport aux trains existant jusque-l\u00e0, avec changement \u00e0 Narbonne, \u00e9tait de l&rsquo;ordre d&rsquo;une demi-heure, mais il s&rsquo;accompagnait surtout d&rsquo;un gain de visibilit\u00e9 et de confort en l&rsquo;absence de toute rupture de charge. Las, la liaison directe avait certes trouv\u00e9 son public pendant les beaux jours mais la fr\u00e9quentation (concurrenc\u00e9e aussi par les bus dont le Ouibus de la SNCF) tombait en automne et hiver, hormis les week-ends, explique-t-on \u00e0 la SNCF. Celle-ci a donc pr\u00e9f\u00e9r\u00e9 donner rendez-vous aux habitu\u00e9s du train catalan le 3 avril prochain et ce jusqu&rsquo;en septembre. Les horaires ne sont pas encore cal\u00e9s d\u00e9finitivement. Cette nouvelle liaison sera celle du sport, puisqu&rsquo;elle devrait faciliter les \u00e9changes de part et d&rsquo;autre des Pyr\u00e9n\u00e9es durant l&rsquo;Euro de foot (avec un Espagne -R\u00e9publique Tch\u00e8que le 13 juin) et la finale du Top 14 de rugby au Camp Nou (le 24 juin). Sans oublier le Grand Prix de Formule 1 de Barcelone \u00e0 Montmelo, le 15 mai.<\/p>\n<\/div>\n<div class=\"article_author\">Philippe Emery<\/div>\n<div class=\"article_author\"><a href=\"http:\/\/www.ladepeche.fr\/article\/2016\/01\/27\/2264397-tgv-barcelone-ne-fait-pas-recette.html\">lire l&rsquo;article<\/a> sur le site de la D\u00e9p\u00eache<\/div>\n","protected":false},"excerpt":{"rendered":"<p>Apr\u00e8s un an et neuf mois d&rsquo;exp\u00e9rimentation, le TGV direct Toulouse-Barcelone, a \u00e9t\u00e9 suspendu discr\u00e8tement \u00e0 l&rsquo;arriv\u00e9e de l&rsquo;automne dernier. Lanc\u00e9e fin 2013 et assur\u00e9e par un train \u00e0 grande vitesse de la Renfe, \u00e0 la livr\u00e9e blanche et au long nez aplati, la liaison avait pourtant s\u00e9duit pas mal de Toulousains attir\u00e9s par un<\/p>\n<p class=\"more-link\"><a href=\"https:\/\/autate.fr\/site\/la-depeche-tgv-barcelone-ne-fait-pas-recette\/\" class=\"themebutton2\">VOIR PLUS<\/a><\/p>\n","protected":false},"author":1,"featured_media":0,"comment_status":"open","ping_status":"open","sticky":false,"template":"","format":"standard","meta":{"footnotes":""},"categories":[7],"tags":[60,59],"class_list":["post-200","post","type-post","status-publish","format-standard","hentry","category-revue-de-presse","tag-barcelone","tag-tgv"],"yoast_head":"<!-- This site is optimized with the Yoast SEO plugin v27.4 - https:\/\/yoast.com\/product\/yoast-seo-wordpress\/ -->\n<title>[La D\u00e9p\u00eache] TGV : Barcelone ne fait pas recette - AUTATE<\/title>\n<meta name=\"robots\" content=\"index, follow, max-snippet:-1, max-image-preview:large, max-video-preview:-1\" \/>\n<link rel=\"canonical\" href=\"https:\/\/autate.fr\/site\/la-depeche-tgv-barcelone-ne-fait-pas-recette\/\" \/>\n<meta property=\"og:locale\" content=\"fr_FR\" \/>\n<meta property=\"og:type\" content=\"article\" \/>\n<meta property=\"og:title\" content=\"[La D\u00e9p\u00eache] TGV : Barcelone ne fait pas recette - AUTATE\" \/>\n<meta property=\"og:description\" content=\"Apr\u00e8s un an et neuf mois d&rsquo;exp\u00e9rimentation, le TGV direct Toulouse-Barcelone, a \u00e9t\u00e9 suspendu discr\u00e8tement \u00e0 l&rsquo;arriv\u00e9e de l&rsquo;automne dernier. Lanc\u00e9e fin 2013 et assur\u00e9e par un train \u00e0 grande vitesse de la Renfe, \u00e0 la livr\u00e9e blanche et au long nez aplati, la liaison avait pourtant s\u00e9duit pas mal de Toulousains attir\u00e9s par unVOIR PLUS\" \/>\n<meta property=\"og:url\" content=\"https:\/\/autate.fr\/site\/la-depeche-tgv-barcelone-ne-fait-pas-recette\/\" \/>\n<meta property=\"og:site_name\" content=\"AUTATE\" \/>\n<meta property=\"article:publisher\" content=\"https:\/\/www.facebook.com\/AutateToulouse\" \/>\n<meta property=\"article:published_time\" content=\"2016-01-27T20:48:53+00:00\" \/>\n<meta property=\"article:modified_time\" content=\"2017-10-21T19:41:14+00:00\" \/>\n<meta name=\"author\" content=\"pascalbarbier\" \/>\n<meta name=\"twitter:card\" content=\"summary_large_image\" \/>\n<meta name=\"twitter:creator\" content=\"@AutateToulouse\" \/>\n<meta name=\"twitter:site\" content=\"@AutateToulouse\" \/>\n<meta name=\"twitter:label1\" content=\"\u00c9crit par\" \/>\n\t<meta name=\"twitter:data1\" content=\"pascalbarbier\" \/>\n\t<meta name=\"twitter:label2\" content=\"Dur\u00e9e de lecture estim\u00e9e\" \/>\n\t<meta name=\"twitter:data2\" content=\"1 minute\" \/>\n<script type=\"application\/ld+json\" class=\"yoast-schema-graph\">{\"@context\":\"https:\\\/\\\/schema.org\",\"@graph\":[{\"@type\":\"Article\",\"@id\":\"https:\\\/\\\/autate.fr\\\/site\\\/la-depeche-tgv-barcelone-ne-fait-pas-recette\\\/#article\",\"isPartOf\":{\"@id\":\"https:\\\/\\\/autate.fr\\\/site\\\/la-depeche-tgv-barcelone-ne-fait-pas-recette\\\/\"},\"author\":{\"name\":\"pascalbarbier\",\"@id\":\"https:\\\/\\\/autate.fr\\\/site\\\/#\\\/schema\\\/person\\\/ae1ab8bdaa7b41d2a9b52d2557ce8254\"},\"headline\":\"[La D\u00e9p\u00eache] TGV : Barcelone ne fait pas recette\",\"datePublished\":\"2016-01-27T20:48:53+00:00\",\"dateModified\":\"2017-10-21T19:41:14+00:00\",\"mainEntityOfPage\":{\"@id\":\"https:\\\/\\\/autate.fr\\\/site\\\/la-depeche-tgv-barcelone-ne-fait-pas-recette\\\/\"},\"wordCount\":299,\"commentCount\":0,\"publisher\":{\"@id\":\"https:\\\/\\\/autate.fr\\\/site\\\/#organization\"},\"keywords\":[\"Barcelone\",\"TGV\"],\"articleSection\":[\"Revue de presse\"],\"inLanguage\":\"fr-FR\",\"potentialAction\":[{\"@type\":\"CommentAction\",\"name\":\"Comment\",\"target\":[\"https:\\\/\\\/autate.fr\\\/site\\\/la-depeche-tgv-barcelone-ne-fait-pas-recette\\\/#respond\"]}]},{\"@type\":\"WebPage\",\"@id\":\"https:\\\/\\\/autate.fr\\\/site\\\/la-depeche-tgv-barcelone-ne-fait-pas-recette\\\/\",\"url\":\"https:\\\/\\\/autate.fr\\\/site\\\/la-depeche-tgv-barcelone-ne-fait-pas-recette\\\/\",\"name\":\"[La D\u00e9p\u00eache] TGV : Barcelone ne fait pas recette - AUTATE\",\"isPartOf\":{\"@id\":\"https:\\\/\\\/autate.fr\\\/site\\\/#website\"},\"datePublished\":\"2016-01-27T20:48:53+00:00\",\"dateModified\":\"2017-10-21T19:41:14+00:00\",\"breadcrumb\":{\"@id\":\"https:\\\/\\\/autate.fr\\\/site\\\/la-depeche-tgv-barcelone-ne-fait-pas-recette\\\/#breadcrumb\"},\"inLanguage\":\"fr-FR\",\"potentialAction\":[{\"@type\":\"ReadAction\",\"target\":[\"https:\\\/\\\/autate.fr\\\/site\\\/la-depeche-tgv-barcelone-ne-fait-pas-recette\\\/\"]}]},{\"@type\":\"BreadcrumbList\",\"@id\":\"https:\\\/\\\/autate.fr\\\/site\\\/la-depeche-tgv-barcelone-ne-fait-pas-recette\\\/#breadcrumb\",\"itemListElement\":[{\"@type\":\"ListItem\",\"position\":1,\"name\":\"Accueil\",\"item\":\"https:\\\/\\\/autate.fr\\\/site\\\/\"},{\"@type\":\"ListItem\",\"position\":2,\"name\":\"[La D\u00e9p\u00eache] TGV : Barcelone ne fait pas recette\"}]},{\"@type\":\"WebSite\",\"@id\":\"https:\\\/\\\/autate.fr\\\/site\\\/#website\",\"url\":\"https:\\\/\\\/autate.fr\\\/site\\\/\",\"name\":\"AUTATE\",\"description\":\"Association des usagers des transports de l&#039;agglom\u00e9ration Toulousaine et de ses environs\",\"publisher\":{\"@id\":\"https:\\\/\\\/autate.fr\\\/site\\\/#organization\"},\"potentialAction\":[{\"@type\":\"SearchAction\",\"target\":{\"@type\":\"EntryPoint\",\"urlTemplate\":\"https:\\\/\\\/autate.fr\\\/site\\\/?s={search_term_string}\"},\"query-input\":{\"@type\":\"PropertyValueSpecification\",\"valueRequired\":true,\"valueName\":\"search_term_string\"}}],\"inLanguage\":\"fr-FR\"},{\"@type\":\"Organization\",\"@id\":\"https:\\\/\\\/autate.fr\\\/site\\\/#organization\",\"name\":\"AUTATE\",\"url\":\"https:\\\/\\\/autate.fr\\\/site\\\/\",\"logo\":{\"@type\":\"ImageObject\",\"inLanguage\":\"fr-FR\",\"@id\":\"https:\\\/\\\/autate.fr\\\/site\\\/#\\\/schema\\\/logo\\\/image\\\/\",\"url\":\"http:\\\/\\\/autate.fr\\\/site\\\/wp-content\\\/uploads\\\/2019\\\/01\\\/logo.png\",\"contentUrl\":\"http:\\\/\\\/autate.fr\\\/site\\\/wp-content\\\/uploads\\\/2019\\\/01\\\/logo.png\",\"width\":506,\"height\":280,\"caption\":\"AUTATE\"},\"image\":{\"@id\":\"https:\\\/\\\/autate.fr\\\/site\\\/#\\\/schema\\\/logo\\\/image\\\/\"},\"sameAs\":[\"https:\\\/\\\/www.facebook.com\\\/AutateToulouse\",\"https:\\\/\\\/x.com\\\/AutateToulouse\"]},{\"@type\":\"Person\",\"@id\":\"https:\\\/\\\/autate.fr\\\/site\\\/#\\\/schema\\\/person\\\/ae1ab8bdaa7b41d2a9b52d2557ce8254\",\"name\":\"pascalbarbier\",\"image\":{\"@type\":\"ImageObject\",\"inLanguage\":\"fr-FR\",\"@id\":\"https:\\\/\\\/secure.gravatar.com\\\/avatar\\\/03f4e8ced09894b72c67e83142540730d4b3bbf619bf46341b0074e3bf5f08a0?s=96&d=mm&r=g\",\"url\":\"https:\\\/\\\/secure.gravatar.com\\\/avatar\\\/03f4e8ced09894b72c67e83142540730d4b3bbf619bf46341b0074e3bf5f08a0?s=96&d=mm&r=g\",\"contentUrl\":\"https:\\\/\\\/secure.gravatar.com\\\/avatar\\\/03f4e8ced09894b72c67e83142540730d4b3bbf619bf46341b0074e3bf5f08a0?s=96&d=mm&r=g\",\"caption\":\"pascalbarbier\"},\"url\":\"https:\\\/\\\/autate.fr\\\/site\\\/author\\\/pascalbarbier\\\/\"}]}<\/script>\n<!-- \/ Yoast SEO plugin. -->","yoast_head_json":{"title":"[La D\u00e9p\u00eache] TGV : Barcelone ne fait pas recette - AUTATE","robots":{"index":"index","follow":"follow","max-snippet":"max-snippet:-1","max-image-preview":"max-image-preview:large","max-video-preview":"max-video-preview:-1"},"canonical":"https:\/\/autate.fr\/site\/la-depeche-tgv-barcelone-ne-fait-pas-recette\/","og_locale":"fr_FR","og_type":"article","og_title":"[La D\u00e9p\u00eache] TGV : Barcelone ne fait pas recette - AUTATE","og_description":"Apr\u00e8s un an et neuf mois d&rsquo;exp\u00e9rimentation, le TGV direct Toulouse-Barcelone, a \u00e9t\u00e9 suspendu discr\u00e8tement \u00e0 l&rsquo;arriv\u00e9e de l&rsquo;automne dernier. Lanc\u00e9e fin 2013 et assur\u00e9e par un train \u00e0 grande vitesse de la Renfe, \u00e0 la livr\u00e9e blanche et au long nez aplati, la liaison avait pourtant s\u00e9duit pas mal de Toulousains attir\u00e9s par unVOIR PLUS","og_url":"https:\/\/autate.fr\/site\/la-depeche-tgv-barcelone-ne-fait-pas-recette\/","og_site_name":"AUTATE","article_publisher":"https:\/\/www.facebook.com\/AutateToulouse","article_published_time":"2016-01-27T20:48:53+00:00","article_modified_time":"2017-10-21T19:41:14+00:00","author":"pascalbarbier","twitter_card":"summary_large_image","twitter_creator":"@AutateToulouse","twitter_site":"@AutateToulouse","twitter_misc":{"\u00c9crit par":"pascalbarbier","Dur\u00e9e de lecture estim\u00e9e":"1 minute"},"schema":{"@context":"https:\/\/schema.org","@graph":[{"@type":"Article","@id":"https:\/\/autate.fr\/site\/la-depeche-tgv-barcelone-ne-fait-pas-recette\/#article","isPartOf":{"@id":"https:\/\/autate.fr\/site\/la-depeche-tgv-barcelone-ne-fait-pas-recette\/"},"author":{"name":"pascalbarbier","@id":"https:\/\/autate.fr\/site\/#\/schema\/person\/ae1ab8bdaa7b41d2a9b52d2557ce8254"},"headline":"[La D\u00e9p\u00eache] TGV : Barcelone ne fait pas recette","datePublished":"2016-01-27T20:48:53+00:00","dateModified":"2017-10-21T19:41:14+00:00","mainEntityOfPage":{"@id":"https:\/\/autate.fr\/site\/la-depeche-tgv-barcelone-ne-fait-pas-recette\/"},"wordCount":299,"commentCount":0,"publisher":{"@id":"https:\/\/autate.fr\/site\/#organization"},"keywords":["Barcelone","TGV"],"articleSection":["Revue de presse"],"inLanguage":"fr-FR","potentialAction":[{"@type":"CommentAction","name":"Comment","target":["https:\/\/autate.fr\/site\/la-depeche-tgv-barcelone-ne-fait-pas-recette\/#respond"]}]},{"@type":"WebPage","@id":"https:\/\/autate.fr\/site\/la-depeche-tgv-barcelone-ne-fait-pas-recette\/","url":"https:\/\/autate.fr\/site\/la-depeche-tgv-barcelone-ne-fait-pas-recette\/","name":"[La D\u00e9p\u00eache] TGV : Barcelone ne fait pas recette - AUTATE","isPartOf":{"@id":"https:\/\/autate.fr\/site\/#website"},"datePublished":"2016-01-27T20:48:53+00:00","dateModified":"2017-10-21T19:41:14+00:00","breadcrumb":{"@id":"https:\/\/autate.fr\/site\/la-depeche-tgv-barcelone-ne-fait-pas-recette\/#breadcrumb"},"inLanguage":"fr-FR","potentialAction":[{"@type":"ReadAction","target":["https:\/\/autate.fr\/site\/la-depeche-tgv-barcelone-ne-fait-pas-recette\/"]}]},{"@type":"BreadcrumbList","@id":"https:\/\/autate.fr\/site\/la-depeche-tgv-barcelone-ne-fait-pas-recette\/#breadcrumb","itemListElement":[{"@type":"ListItem","position":1,"name":"Accueil","item":"https:\/\/autate.fr\/site\/"},{"@type":"ListItem","position":2,"name":"[La D\u00e9p\u00eache] TGV : Barcelone ne fait pas recette"}]},{"@type":"WebSite","@id":"https:\/\/autate.fr\/site\/#website","url":"https:\/\/autate.fr\/site\/","name":"AUTATE","description":"Association des usagers des transports de l&#039;agglom\u00e9ration Toulousaine et de ses environs","publisher":{"@id":"https:\/\/autate.fr\/site\/#organization"},"potentialAction":[{"@type":"SearchAction","target":{"@type":"EntryPoint","urlTemplate":"https:\/\/autate.fr\/site\/?s={search_term_string}"},"query-input":{"@type":"PropertyValueSpecification","valueRequired":true,"valueName":"search_term_string"}}],"inLanguage":"fr-FR"},{"@type":"Organization","@id":"https:\/\/autate.fr\/site\/#organization","name":"AUTATE","url":"https:\/\/autate.fr\/site\/","logo":{"@type":"ImageObject","inLanguage":"fr-FR","@id":"https:\/\/autate.fr\/site\/#\/schema\/logo\/image\/","url":"http:\/\/autate.fr\/site\/wp-content\/uploads\/2019\/01\/logo.png","contentUrl":"http:\/\/autate.fr\/site\/wp-content\/uploads\/2019\/01\/logo.png","width":506,"height":280,"caption":"AUTATE"},"image":{"@id":"https:\/\/autate.fr\/site\/#\/schema\/logo\/image\/"},"sameAs":["https:\/\/www.facebook.com\/AutateToulouse","https:\/\/x.com\/AutateToulouse"]},{"@type":"Person","@id":"https:\/\/autate.fr\/site\/#\/schema\/person\/ae1ab8bdaa7b41d2a9b52d2557ce8254","name":"pascalbarbier","image":{"@type":"ImageObject","inLanguage":"fr-FR","@id":"https:\/\/secure.gravatar.com\/avatar\/03f4e8ced09894b72c67e83142540730d4b3bbf619bf46341b0074e3bf5f08a0?s=96&d=mm&r=g","url":"https:\/\/secure.gravatar.com\/avatar\/03f4e8ced09894b72c67e83142540730d4b3bbf619bf46341b0074e3bf5f08a0?s=96&d=mm&r=g","contentUrl":"https:\/\/secure.gravatar.com\/avatar\/03f4e8ced09894b72c67e83142540730d4b3bbf619bf46341b0074e3bf5f08a0?s=96&d=mm&r=g","caption":"pascalbarbier"},"url":"https:\/\/autate.fr\/site\/author\/pascalbarbier\/"}]}},"_links":{"self":[{"href":"https:\/\/autate.fr\/site\/wp-json\/wp\/v2\/posts\/200","targetHints":{"allow":["GET"]}}],"collection":[{"href":"https:\/\/autate.fr\/site\/wp-json\/wp\/v2\/posts"}],"about":[{"href":"https:\/\/autate.fr\/site\/wp-json\/wp\/v2\/types\/post"}],"author":[{"embeddable":true,"href":"https:\/\/autate.fr\/site\/wp-json\/wp\/v2\/users\/1"}],"replies":[{"embeddable":true,"href":"https:\/\/autate.fr\/site\/wp-json\/wp\/v2\/comments?post=200"}],"version-history":[{"count":1,"href":"https:\/\/autate.fr\/site\/wp-json\/wp\/v2\/posts\/200\/revisions"}],"predecessor-version":[{"id":201,"href":"https:\/\/autate.fr\/site\/wp-json\/wp\/v2\/posts\/200\/revisions\/201"}],"wp:attachment":[{"href":"https:\/\/autate.fr\/site\/wp-json\/wp\/v2\/media?parent=200"}],"wp:term":[{"taxonomy":"category","embeddable":true,"href":"https:\/\/autate.fr\/site\/wp-json\/wp\/v2\/categories?post=200"},{"taxonomy":"post_tag","embeddable":true,"href":"https:\/\/autate.fr\/site\/wp-json\/wp\/v2\/tags?post=200"}],"curies":[{"name":"wp","href":"https:\/\/api.w.org\/{rel}","templated":true}]}}