{"id":195,"date":"2016-01-26T21:42:00","date_gmt":"2016-01-26T20:42:00","guid":{"rendered":"http:\/\/autate.fr\/site\/?p=195"},"modified":"2017-10-21T21:37:30","modified_gmt":"2017-10-21T19:37:30","slug":"la-depeche-trains-regionaux-lgv-les-priorites-pour-2016","status":"publish","type":"post","link":"https:\/\/autate.fr\/site\/la-depeche-trains-regionaux-lgv-les-priorites-pour-2016\/","title":{"rendered":"[La D\u00e9p\u00eache] Trains r\u00e9gionaux, LGV\u2026 Les priorit\u00e9s pour 2016"},"content":{"rendered":"<p>Cette ann\u00e9e, SNCF R\u00e9seau va mobiliser 180 M\u20ac pour moderniser les TER et s\u00e9curiser le r\u00e9seau. En 2016, se d\u00e9rouleront aussi les \u00c9tats g\u00e9n\u00e9raux du Rail pour fixer les priorit\u00e9s de la grande R\u00e9gion.<\/p>\n<p>La candidate Carole Delga l&rsquo;avait promis lors de la campagne : \u00e9lue \u00e0 la t\u00eate de la grande r\u00e9gion Midi-Pyr\u00e9n\u00e9es-Languedoc-Roussillon, elle remettrait \u00e0 plat l&rsquo;ensemble des dossiers ferroviaires. C&rsquo;est ainsi que cette ann\u00e9e 2016 verra la tenue des \u00c9tats g\u00e9n\u00e9raux du rail voulus par la nouvelle pr\u00e9sidente pour dessiner les priorit\u00e9s en mati\u00e8re de transport et d&rsquo;intermodalit\u00e9.<\/p>\n<p>En attendant cette \u00e9ch\u00e9ance, SNCF R\u00e9seau (ex-RFF) et SNCF-Mobilit\u00e9s observent une certaine r\u00e9serve quant aux projets qui pourraient d\u00e9couler de ces assises ferroviaires.<\/p>\n<p>Les deux r\u00e9gions d\u00e9sormais confondues, c&rsquo;est 800 trains par jour, dont 550 TER, et 37 millions de voyageurs par an. \u00abAlors que les deux conventions qui lient la SNCF et le conseil r\u00e9gional arriveront \u00e0 \u00e9ch\u00e9ance au 31 d\u00e9cembre 2016, il va s&rsquo;agir de construire ensemble une nouvelle offre de services et de dessertes, avec des solutions Toulouse-Tarbesinnovantes et des tarifications adapt\u00e9es. La dynamisation de la liaison Toulouse-Montpellier sera un des premiers chantiers\u00bb, expliquaient hier, \u00e0 l&rsquo;occasion d&rsquo;un point presse Jacques Rascol, directeur r\u00e9gional SNCF Mobilit\u00e9s, et Pierre Boutier, son homologue pour SNCF R\u00e9seau.<\/p>\n<p>Sans doute faudra-t-il attendre encore un an pour que le nouvel ex\u00e9cutif se prononce sur les principaux axes de travail. La mise en service du TER \u00e0 1 euro, comme c&rsquo;est d\u00e9j\u00e0 le cas en Languedoc-Roussillon, constitue l&rsquo;exemple le plus embl\u00e9matique\u2026 Hier, ont \u00e9t\u00e9 d\u00e9velopp\u00e9s les diff\u00e9rents objectifs que s&rsquo;est fix\u00e9s la SNCF pour cette ann\u00e9e.<\/p>\n<p><a href=\"http:\/\/www.ladepeche.fr\/article\/2016\/01\/26\/2263837-trains-regionaux-lgv-les-priorites-pour-2016-2016.html\">lire la suite<\/a><\/p>\n<p>Un article de Jean-Marie Decorse paru le 26\/01\/2016<\/p>\n<p>Photo DR<\/p>\n","protected":false},"excerpt":{"rendered":"<p>Cette ann\u00e9e, SNCF R\u00e9seau va mobiliser 180 M\u20ac pour moderniser les TER et s\u00e9curiser le r\u00e9seau. En 2016, se d\u00e9rouleront aussi les \u00c9tats g\u00e9n\u00e9raux du Rail pour fixer les priorit\u00e9s de la grande R\u00e9gion. La candidate Carole Delga l&rsquo;avait promis lors de la campagne : \u00e9lue \u00e0 la t\u00eate de la grande r\u00e9gion Midi-Pyr\u00e9n\u00e9es-Languedoc-Roussillon, elle<\/p>\n<p class=\"more-link\"><a href=\"https:\/\/autate.fr\/site\/la-depeche-trains-regionaux-lgv-les-priorites-pour-2016\/\" class=\"themebutton2\">VOIR PLUS<\/a><\/p>\n","protected":false},"author":1,"featured_media":197,"comment_status":"open","ping_status":"open","sticky":false,"template":"","format":"standard","meta":{"footnotes":""},"categories":[7],"tags":[56,55,57,11,8,58],"class_list":["post-195","post","type-post","status-publish","format-standard","has-post-thumbnail","hentry","category-revue-de-presse","tag-corail","tag-euroduplex-atlantique","tag-polt","tag-sncf","tag-ter","tag-toulouse-tarbes"],"yoast_head":"<!-- This site is optimized with the Yoast SEO plugin v27.4 - https:\/\/yoast.com\/product\/yoast-seo-wordpress\/ -->\n<title>[La D\u00e9p\u00eache] Trains r\u00e9gionaux, LGV\u2026 Les priorit\u00e9s pour 2016 - AUTATE<\/title>\n<meta name=\"robots\" content=\"index, follow, max-snippet:-1, max-image-preview:large, max-video-preview:-1\" \/>\n<link rel=\"canonical\" href=\"https:\/\/autate.fr\/site\/la-depeche-trains-regionaux-lgv-les-priorites-pour-2016\/\" \/>\n<meta property=\"og:locale\" content=\"fr_FR\" \/>\n<meta property=\"og:type\" content=\"article\" \/>\n<meta property=\"og:title\" content=\"[La D\u00e9p\u00eache] Trains r\u00e9gionaux, LGV\u2026 Les priorit\u00e9s pour 2016 - AUTATE\" \/>\n<meta property=\"og:description\" content=\"Cette ann\u00e9e, SNCF R\u00e9seau va mobiliser 180 M\u20ac pour moderniser les TER et s\u00e9curiser le r\u00e9seau. En 2016, se d\u00e9rouleront aussi les \u00c9tats g\u00e9n\u00e9raux du Rail pour fixer les priorit\u00e9s de la grande R\u00e9gion. La candidate Carole Delga l&rsquo;avait promis lors de la campagne : \u00e9lue \u00e0 la t\u00eate de la grande r\u00e9gion Midi-Pyr\u00e9n\u00e9es-Languedoc-Roussillon, elleVOIR PLUS\" \/>\n<meta property=\"og:url\" content=\"https:\/\/autate.fr\/site\/la-depeche-trains-regionaux-lgv-les-priorites-pour-2016\/\" \/>\n<meta property=\"og:site_name\" content=\"AUTATE\" \/>\n<meta property=\"article:publisher\" content=\"https:\/\/www.facebook.com\/AutateToulouse\" \/>\n<meta property=\"article:published_time\" content=\"2016-01-26T20:42:00+00:00\" \/>\n<meta property=\"article:modified_time\" content=\"2017-10-21T19:37:30+00:00\" \/>\n<meta property=\"og:image\" content=\"https:\/\/autate.fr\/site\/wp-content\/uploads\/2016\/01\/gare.jpg\" \/>\n\t<meta property=\"og:image:width\" content=\"650\" \/>\n\t<meta property=\"og:image:height\" content=\"350\" \/>\n\t<meta property=\"og:image:type\" content=\"image\/jpeg\" \/>\n<meta name=\"author\" content=\"pascalbarbier\" \/>\n<meta name=\"twitter:card\" content=\"summary_large_image\" \/>\n<meta name=\"twitter:creator\" content=\"@AutateToulouse\" \/>\n<meta name=\"twitter:site\" content=\"@AutateToulouse\" \/>\n<meta name=\"twitter:label1\" content=\"\u00c9crit par\" \/>\n\t<meta name=\"twitter:data1\" content=\"pascalbarbier\" \/>\n\t<meta name=\"twitter:label2\" content=\"Dur\u00e9e de lecture estim\u00e9e\" \/>\n\t<meta name=\"twitter:data2\" content=\"2 minutes\" \/>\n<script type=\"application\/ld+json\" class=\"yoast-schema-graph\">{\"@context\":\"https:\\\/\\\/schema.org\",\"@graph\":[{\"@type\":\"Article\",\"@id\":\"https:\\\/\\\/autate.fr\\\/site\\\/la-depeche-trains-regionaux-lgv-les-priorites-pour-2016\\\/#article\",\"isPartOf\":{\"@id\":\"https:\\\/\\\/autate.fr\\\/site\\\/la-depeche-trains-regionaux-lgv-les-priorites-pour-2016\\\/\"},\"author\":{\"name\":\"pascalbarbier\",\"@id\":\"https:\\\/\\\/autate.fr\\\/site\\\/#\\\/schema\\\/person\\\/ae1ab8bdaa7b41d2a9b52d2557ce8254\"},\"headline\":\"[La D\u00e9p\u00eache] Trains r\u00e9gionaux, LGV\u2026 Les priorit\u00e9s pour 2016\",\"datePublished\":\"2016-01-26T20:42:00+00:00\",\"dateModified\":\"2017-10-21T19:37:30+00:00\",\"mainEntityOfPage\":{\"@id\":\"https:\\\/\\\/autate.fr\\\/site\\\/la-depeche-trains-regionaux-lgv-les-priorites-pour-2016\\\/\"},\"wordCount\":314,\"commentCount\":0,\"publisher\":{\"@id\":\"https:\\\/\\\/autate.fr\\\/site\\\/#organization\"},\"image\":{\"@id\":\"https:\\\/\\\/autate.fr\\\/site\\\/la-depeche-trains-regionaux-lgv-les-priorites-pour-2016\\\/#primaryimage\"},\"thumbnailUrl\":\"https:\\\/\\\/autate.fr\\\/site\\\/wp-content\\\/uploads\\\/2016\\\/01\\\/gare.jpg\",\"keywords\":[\"corail\",\"Euroduplex atlantique\",\"POLT\",\"SNCF\",\"TER\",\"Toulouse-Tarbes\"],\"articleSection\":[\"Revue de presse\"],\"inLanguage\":\"fr-FR\",\"potentialAction\":[{\"@type\":\"CommentAction\",\"name\":\"Comment\",\"target\":[\"https:\\\/\\\/autate.fr\\\/site\\\/la-depeche-trains-regionaux-lgv-les-priorites-pour-2016\\\/#respond\"]}]},{\"@type\":\"WebPage\",\"@id\":\"https:\\\/\\\/autate.fr\\\/site\\\/la-depeche-trains-regionaux-lgv-les-priorites-pour-2016\\\/\",\"url\":\"https:\\\/\\\/autate.fr\\\/site\\\/la-depeche-trains-regionaux-lgv-les-priorites-pour-2016\\\/\",\"name\":\"[La D\u00e9p\u00eache] Trains r\u00e9gionaux, LGV\u2026 Les priorit\u00e9s pour 2016 - AUTATE\",\"isPartOf\":{\"@id\":\"https:\\\/\\\/autate.fr\\\/site\\\/#website\"},\"primaryImageOfPage\":{\"@id\":\"https:\\\/\\\/autate.fr\\\/site\\\/la-depeche-trains-regionaux-lgv-les-priorites-pour-2016\\\/#primaryimage\"},\"image\":{\"@id\":\"https:\\\/\\\/autate.fr\\\/site\\\/la-depeche-trains-regionaux-lgv-les-priorites-pour-2016\\\/#primaryimage\"},\"thumbnailUrl\":\"https:\\\/\\\/autate.fr\\\/site\\\/wp-content\\\/uploads\\\/2016\\\/01\\\/gare.jpg\",\"datePublished\":\"2016-01-26T20:42:00+00:00\",\"dateModified\":\"2017-10-21T19:37:30+00:00\",\"breadcrumb\":{\"@id\":\"https:\\\/\\\/autate.fr\\\/site\\\/la-depeche-trains-regionaux-lgv-les-priorites-pour-2016\\\/#breadcrumb\"},\"inLanguage\":\"fr-FR\",\"potentialAction\":[{\"@type\":\"ReadAction\",\"target\":[\"https:\\\/\\\/autate.fr\\\/site\\\/la-depeche-trains-regionaux-lgv-les-priorites-pour-2016\\\/\"]}]},{\"@type\":\"ImageObject\",\"inLanguage\":\"fr-FR\",\"@id\":\"https:\\\/\\\/autate.fr\\\/site\\\/la-depeche-trains-regionaux-lgv-les-priorites-pour-2016\\\/#primaryimage\",\"url\":\"https:\\\/\\\/autate.fr\\\/site\\\/wp-content\\\/uploads\\\/2016\\\/01\\\/gare.jpg\",\"contentUrl\":\"https:\\\/\\\/autate.fr\\\/site\\\/wp-content\\\/uploads\\\/2016\\\/01\\\/gare.jpg\",\"width\":650,\"height\":350},{\"@type\":\"BreadcrumbList\",\"@id\":\"https:\\\/\\\/autate.fr\\\/site\\\/la-depeche-trains-regionaux-lgv-les-priorites-pour-2016\\\/#breadcrumb\",\"itemListElement\":[{\"@type\":\"ListItem\",\"position\":1,\"name\":\"Accueil\",\"item\":\"https:\\\/\\\/autate.fr\\\/site\\\/\"},{\"@type\":\"ListItem\",\"position\":2,\"name\":\"[La D\u00e9p\u00eache] Trains r\u00e9gionaux, LGV\u2026 Les priorit\u00e9s pour 2016\"}]},{\"@type\":\"WebSite\",\"@id\":\"https:\\\/\\\/autate.fr\\\/site\\\/#website\",\"url\":\"https:\\\/\\\/autate.fr\\\/site\\\/\",\"name\":\"AUTATE\",\"description\":\"Association des usagers des transports de l&#039;agglom\u00e9ration Toulousaine et de ses environs\",\"publisher\":{\"@id\":\"https:\\\/\\\/autate.fr\\\/site\\\/#organization\"},\"potentialAction\":[{\"@type\":\"SearchAction\",\"target\":{\"@type\":\"EntryPoint\",\"urlTemplate\":\"https:\\\/\\\/autate.fr\\\/site\\\/?s={search_term_string}\"},\"query-input\":{\"@type\":\"PropertyValueSpecification\",\"valueRequired\":true,\"valueName\":\"search_term_string\"}}],\"inLanguage\":\"fr-FR\"},{\"@type\":\"Organization\",\"@id\":\"https:\\\/\\\/autate.fr\\\/site\\\/#organization\",\"name\":\"AUTATE\",\"url\":\"https:\\\/\\\/autate.fr\\\/site\\\/\",\"logo\":{\"@type\":\"ImageObject\",\"inLanguage\":\"fr-FR\",\"@id\":\"https:\\\/\\\/autate.fr\\\/site\\\/#\\\/schema\\\/logo\\\/image\\\/\",\"url\":\"http:\\\/\\\/autate.fr\\\/site\\\/wp-content\\\/uploads\\\/2019\\\/01\\\/logo.png\",\"contentUrl\":\"http:\\\/\\\/autate.fr\\\/site\\\/wp-content\\\/uploads\\\/2019\\\/01\\\/logo.png\",\"width\":506,\"height\":280,\"caption\":\"AUTATE\"},\"image\":{\"@id\":\"https:\\\/\\\/autate.fr\\\/site\\\/#\\\/schema\\\/logo\\\/image\\\/\"},\"sameAs\":[\"https:\\\/\\\/www.facebook.com\\\/AutateToulouse\",\"https:\\\/\\\/x.com\\\/AutateToulouse\"]},{\"@type\":\"Person\",\"@id\":\"https:\\\/\\\/autate.fr\\\/site\\\/#\\\/schema\\\/person\\\/ae1ab8bdaa7b41d2a9b52d2557ce8254\",\"name\":\"pascalbarbier\",\"image\":{\"@type\":\"ImageObject\",\"inLanguage\":\"fr-FR\",\"@id\":\"https:\\\/\\\/secure.gravatar.com\\\/avatar\\\/03f4e8ced09894b72c67e83142540730d4b3bbf619bf46341b0074e3bf5f08a0?s=96&d=mm&r=g\",\"url\":\"https:\\\/\\\/secure.gravatar.com\\\/avatar\\\/03f4e8ced09894b72c67e83142540730d4b3bbf619bf46341b0074e3bf5f08a0?s=96&d=mm&r=g\",\"contentUrl\":\"https:\\\/\\\/secure.gravatar.com\\\/avatar\\\/03f4e8ced09894b72c67e83142540730d4b3bbf619bf46341b0074e3bf5f08a0?s=96&d=mm&r=g\",\"caption\":\"pascalbarbier\"},\"url\":\"https:\\\/\\\/autate.fr\\\/site\\\/author\\\/pascalbarbier\\\/\"}]}<\/script>\n<!-- \/ Yoast SEO plugin. -->","yoast_head_json":{"title":"[La D\u00e9p\u00eache] Trains r\u00e9gionaux, LGV\u2026 Les priorit\u00e9s pour 2016 - AUTATE","robots":{"index":"index","follow":"follow","max-snippet":"max-snippet:-1","max-image-preview":"max-image-preview:large","max-video-preview":"max-video-preview:-1"},"canonical":"https:\/\/autate.fr\/site\/la-depeche-trains-regionaux-lgv-les-priorites-pour-2016\/","og_locale":"fr_FR","og_type":"article","og_title":"[La D\u00e9p\u00eache] Trains r\u00e9gionaux, LGV\u2026 Les priorit\u00e9s pour 2016 - AUTATE","og_description":"Cette ann\u00e9e, SNCF R\u00e9seau va mobiliser 180 M\u20ac pour moderniser les TER et s\u00e9curiser le r\u00e9seau. En 2016, se d\u00e9rouleront aussi les \u00c9tats g\u00e9n\u00e9raux du Rail pour fixer les priorit\u00e9s de la grande R\u00e9gion. La candidate Carole Delga l&rsquo;avait promis lors de la campagne : \u00e9lue \u00e0 la t\u00eate de la grande r\u00e9gion Midi-Pyr\u00e9n\u00e9es-Languedoc-Roussillon, elleVOIR PLUS","og_url":"https:\/\/autate.fr\/site\/la-depeche-trains-regionaux-lgv-les-priorites-pour-2016\/","og_site_name":"AUTATE","article_publisher":"https:\/\/www.facebook.com\/AutateToulouse","article_published_time":"2016-01-26T20:42:00+00:00","article_modified_time":"2017-10-21T19:37:30+00:00","og_image":[{"width":650,"height":350,"url":"https:\/\/autate.fr\/site\/wp-content\/uploads\/2016\/01\/gare.jpg","type":"image\/jpeg"}],"author":"pascalbarbier","twitter_card":"summary_large_image","twitter_creator":"@AutateToulouse","twitter_site":"@AutateToulouse","twitter_misc":{"\u00c9crit par":"pascalbarbier","Dur\u00e9e de lecture estim\u00e9e":"2 minutes"},"schema":{"@context":"https:\/\/schema.org","@graph":[{"@type":"Article","@id":"https:\/\/autate.fr\/site\/la-depeche-trains-regionaux-lgv-les-priorites-pour-2016\/#article","isPartOf":{"@id":"https:\/\/autate.fr\/site\/la-depeche-trains-regionaux-lgv-les-priorites-pour-2016\/"},"author":{"name":"pascalbarbier","@id":"https:\/\/autate.fr\/site\/#\/schema\/person\/ae1ab8bdaa7b41d2a9b52d2557ce8254"},"headline":"[La D\u00e9p\u00eache] Trains r\u00e9gionaux, LGV\u2026 Les priorit\u00e9s pour 2016","datePublished":"2016-01-26T20:42:00+00:00","dateModified":"2017-10-21T19:37:30+00:00","mainEntityOfPage":{"@id":"https:\/\/autate.fr\/site\/la-depeche-trains-regionaux-lgv-les-priorites-pour-2016\/"},"wordCount":314,"commentCount":0,"publisher":{"@id":"https:\/\/autate.fr\/site\/#organization"},"image":{"@id":"https:\/\/autate.fr\/site\/la-depeche-trains-regionaux-lgv-les-priorites-pour-2016\/#primaryimage"},"thumbnailUrl":"https:\/\/autate.fr\/site\/wp-content\/uploads\/2016\/01\/gare.jpg","keywords":["corail","Euroduplex atlantique","POLT","SNCF","TER","Toulouse-Tarbes"],"articleSection":["Revue de presse"],"inLanguage":"fr-FR","potentialAction":[{"@type":"CommentAction","name":"Comment","target":["https:\/\/autate.fr\/site\/la-depeche-trains-regionaux-lgv-les-priorites-pour-2016\/#respond"]}]},{"@type":"WebPage","@id":"https:\/\/autate.fr\/site\/la-depeche-trains-regionaux-lgv-les-priorites-pour-2016\/","url":"https:\/\/autate.fr\/site\/la-depeche-trains-regionaux-lgv-les-priorites-pour-2016\/","name":"[La D\u00e9p\u00eache] Trains r\u00e9gionaux, LGV\u2026 Les priorit\u00e9s pour 2016 - AUTATE","isPartOf":{"@id":"https:\/\/autate.fr\/site\/#website"},"primaryImageOfPage":{"@id":"https:\/\/autate.fr\/site\/la-depeche-trains-regionaux-lgv-les-priorites-pour-2016\/#primaryimage"},"image":{"@id":"https:\/\/autate.fr\/site\/la-depeche-trains-regionaux-lgv-les-priorites-pour-2016\/#primaryimage"},"thumbnailUrl":"https:\/\/autate.fr\/site\/wp-content\/uploads\/2016\/01\/gare.jpg","datePublished":"2016-01-26T20:42:00+00:00","dateModified":"2017-10-21T19:37:30+00:00","breadcrumb":{"@id":"https:\/\/autate.fr\/site\/la-depeche-trains-regionaux-lgv-les-priorites-pour-2016\/#breadcrumb"},"inLanguage":"fr-FR","potentialAction":[{"@type":"ReadAction","target":["https:\/\/autate.fr\/site\/la-depeche-trains-regionaux-lgv-les-priorites-pour-2016\/"]}]},{"@type":"ImageObject","inLanguage":"fr-FR","@id":"https:\/\/autate.fr\/site\/la-depeche-trains-regionaux-lgv-les-priorites-pour-2016\/#primaryimage","url":"https:\/\/autate.fr\/site\/wp-content\/uploads\/2016\/01\/gare.jpg","contentUrl":"https:\/\/autate.fr\/site\/wp-content\/uploads\/2016\/01\/gare.jpg","width":650,"height":350},{"@type":"BreadcrumbList","@id":"https:\/\/autate.fr\/site\/la-depeche-trains-regionaux-lgv-les-priorites-pour-2016\/#breadcrumb","itemListElement":[{"@type":"ListItem","position":1,"name":"Accueil","item":"https:\/\/autate.fr\/site\/"},{"@type":"ListItem","position":2,"name":"[La D\u00e9p\u00eache] Trains r\u00e9gionaux, LGV\u2026 Les priorit\u00e9s pour 2016"}]},{"@type":"WebSite","@id":"https:\/\/autate.fr\/site\/#website","url":"https:\/\/autate.fr\/site\/","name":"AUTATE","description":"Association des usagers des transports de l&#039;agglom\u00e9ration Toulousaine et de ses environs","publisher":{"@id":"https:\/\/autate.fr\/site\/#organization"},"potentialAction":[{"@type":"SearchAction","target":{"@type":"EntryPoint","urlTemplate":"https:\/\/autate.fr\/site\/?s={search_term_string}"},"query-input":{"@type":"PropertyValueSpecification","valueRequired":true,"valueName":"search_term_string"}}],"inLanguage":"fr-FR"},{"@type":"Organization","@id":"https:\/\/autate.fr\/site\/#organization","name":"AUTATE","url":"https:\/\/autate.fr\/site\/","logo":{"@type":"ImageObject","inLanguage":"fr-FR","@id":"https:\/\/autate.fr\/site\/#\/schema\/logo\/image\/","url":"http:\/\/autate.fr\/site\/wp-content\/uploads\/2019\/01\/logo.png","contentUrl":"http:\/\/autate.fr\/site\/wp-content\/uploads\/2019\/01\/logo.png","width":506,"height":280,"caption":"AUTATE"},"image":{"@id":"https:\/\/autate.fr\/site\/#\/schema\/logo\/image\/"},"sameAs":["https:\/\/www.facebook.com\/AutateToulouse","https:\/\/x.com\/AutateToulouse"]},{"@type":"Person","@id":"https:\/\/autate.fr\/site\/#\/schema\/person\/ae1ab8bdaa7b41d2a9b52d2557ce8254","name":"pascalbarbier","image":{"@type":"ImageObject","inLanguage":"fr-FR","@id":"https:\/\/secure.gravatar.com\/avatar\/03f4e8ced09894b72c67e83142540730d4b3bbf619bf46341b0074e3bf5f08a0?s=96&d=mm&r=g","url":"https:\/\/secure.gravatar.com\/avatar\/03f4e8ced09894b72c67e83142540730d4b3bbf619bf46341b0074e3bf5f08a0?s=96&d=mm&r=g","contentUrl":"https:\/\/secure.gravatar.com\/avatar\/03f4e8ced09894b72c67e83142540730d4b3bbf619bf46341b0074e3bf5f08a0?s=96&d=mm&r=g","caption":"pascalbarbier"},"url":"https:\/\/autate.fr\/site\/author\/pascalbarbier\/"}]}},"_links":{"self":[{"href":"https:\/\/autate.fr\/site\/wp-json\/wp\/v2\/posts\/195","targetHints":{"allow":["GET"]}}],"collection":[{"href":"https:\/\/autate.fr\/site\/wp-json\/wp\/v2\/posts"}],"about":[{"href":"https:\/\/autate.fr\/site\/wp-json\/wp\/v2\/types\/post"}],"author":[{"embeddable":true,"href":"https:\/\/autate.fr\/site\/wp-json\/wp\/v2\/users\/1"}],"replies":[{"embeddable":true,"href":"https:\/\/autate.fr\/site\/wp-json\/wp\/v2\/comments?post=195"}],"version-history":[{"count":3,"href":"https:\/\/autate.fr\/site\/wp-json\/wp\/v2\/posts\/195\/revisions"}],"predecessor-version":[{"id":199,"href":"https:\/\/autate.fr\/site\/wp-json\/wp\/v2\/posts\/195\/revisions\/199"}],"wp:featuredmedia":[{"embeddable":true,"href":"https:\/\/autate.fr\/site\/wp-json\/wp\/v2\/media\/197"}],"wp:attachment":[{"href":"https:\/\/autate.fr\/site\/wp-json\/wp\/v2\/media?parent=195"}],"wp:term":[{"taxonomy":"category","embeddable":true,"href":"https:\/\/autate.fr\/site\/wp-json\/wp\/v2\/categories?post=195"},{"taxonomy":"post_tag","embeddable":true,"href":"https:\/\/autate.fr\/site\/wp-json\/wp\/v2\/tags?post=195"}],"curies":[{"name":"wp","href":"https:\/\/api.w.org\/{rel}","templated":true}]}}