{"id":1930,"date":"2017-10-10T08:43:51","date_gmt":"2017-10-10T06:43:51","guid":{"rendered":"http:\/\/autate.fr\/site\/?p=1930"},"modified":"2025-11-21T22:04:48","modified_gmt":"2025-11-21T21:04:48","slug":"notre-contribution-enquete-publique-projet-mobilites-2025-30","status":"publish","type":"post","link":"https:\/\/autate.fr\/site\/notre-contribution-enquete-publique-projet-mobilites-2025-30\/","title":{"rendered":"L&rsquo;avis de l&rsquo;AUTATE sur le Projet Mobilit\u00e9s 2025-30 dans le cadre de l&rsquo;enqu\u00eate publique"},"content":{"rendered":"<p><a href=\"https:\/\/autate.fr\/site\/wp-content\/uploads\/2017\/10\/V8ElementsenquetePubliqueAutate-.pdf\">Enqu\u00eate Publique : contribution Autate (cliquer)<\/a><\/p>\n<p>Avis d\u00e9favorable.<\/p>\n<p>L&rsquo; AUTATE constate que mis \u00e0 part les usager-e-s de la future la ligne de m\u00e9tro TAE, le Projet Mobilit\u00e9s 2025-2030 du SMTC ne devrait pas engager une mutation profonde des pratiques de mobilit\u00e9 sur le territoire du PDU, en particulier sur les p\u00e9riph\u00e9ries et ne permettra pas d&rsquo;augmenter fortement l\u2019usage des transports publics.<\/p>\n<p>Le Projet Mobilit\u00e9s 2025- 2030 du SMTC n&rsquo;anticipe pas la croissance d\u00e9mographique en ne permettant pas une baisse sensible du nombre journalier de d\u00e9placements en voiture.<\/p>\n<p>Les d\u00e9placements automobiles quotidiens se situent plut\u00f4t au Nord (Aucamville vers Blagnac), \u00e0 l&rsquo;Ouest (Blagnac-Colomiers-<wbr \/>Tournefeuille) et au Sud (Cugnaux, Frouzins, Portet) que sur le trajet de la future la ligne de m\u00e9tro TAE.<\/p>\n<p>La partie du projet dit de \u00ab ceinture Sud \u00bb n\u2019est pas trait\u00e9e s\u00e9rieusement\u00a0 \u00e0 l\u2019aide d\u2019\u00e9l\u00e9ments tangibles.<\/p>\n<p>En deuxi\u00e8me couronne, est mentionn\u00e9 un syst\u00e8me de bus Optimo dont les principes de fonctionnement ne sont pas d\u00e9crits. L&rsquo;AUTATE en conclue que la Ligne TAE est un Grand Projet inutile de plus&#8230;D&rsquo;autant plus que pour une enveloppe financi\u00e8re \u00e9quivalente, il est possible de r\u00e9aliser un r\u00e9seau efficace de tramways et de bus prioritaires, ainsi qu&rsquo;un r\u00e9seau cadenc\u00e9 de trains de banlieue qui permettent une r\u00e9duction ambitieuse des embouteillages et de la pollution.<b><\/b><\/p>\n<p>&nbsp;<\/p>\n","protected":false},"excerpt":{"rendered":"<p>Enqu\u00eate Publique : contribution Autate (cliquer) Avis d\u00e9favorable. L&rsquo; AUTATE constate que mis \u00e0 part les usager-e-s de la future la ligne de m\u00e9tro TAE, le Projet Mobilit\u00e9s 2025-2030 du SMTC ne devrait pas engager une mutation profonde des pratiques de mobilit\u00e9 sur le territoire du PDU, en particulier sur les p\u00e9riph\u00e9ries et ne permettra<\/p>\n<p class=\"more-link\"><a href=\"https:\/\/autate.fr\/site\/notre-contribution-enquete-publique-projet-mobilites-2025-30\/\" class=\"themebutton2\">VOIR PLUS<\/a><\/p>\n","protected":false},"author":1,"featured_media":0,"comment_status":"open","ping_status":"open","sticky":false,"template":"","format":"standard","meta":{"footnotes":""},"categories":[4,525],"tags":[532],"class_list":["post-1930","post","type-post","status-publish","format-standard","hentry","category-actualite-association","category-pdm","tag-concertation-enquete"],"yoast_head":"<!-- This site is optimized with the Yoast SEO plugin v27.4 - https:\/\/yoast.com\/product\/yoast-seo-wordpress\/ -->\n<title>L&#039;avis de l&#039;AUTATE sur le Projet Mobilit\u00e9s 2025-30 dans le cadre de l&#039;enqu\u00eate publique - AUTATE<\/title>\n<meta name=\"robots\" content=\"index, follow, max-snippet:-1, max-image-preview:large, max-video-preview:-1\" \/>\n<link rel=\"canonical\" href=\"https:\/\/autate.fr\/site\/notre-contribution-enquete-publique-projet-mobilites-2025-30\/\" \/>\n<meta property=\"og:locale\" content=\"fr_FR\" \/>\n<meta property=\"og:type\" content=\"article\" \/>\n<meta property=\"og:title\" content=\"L&#039;avis de l&#039;AUTATE sur le Projet Mobilit\u00e9s 2025-30 dans le cadre de l&#039;enqu\u00eate publique - AUTATE\" \/>\n<meta property=\"og:description\" content=\"Enqu\u00eate Publique : contribution Autate (cliquer) Avis d\u00e9favorable. L&rsquo; AUTATE constate que mis \u00e0 part les usager-e-s de la future la ligne de m\u00e9tro TAE, le Projet Mobilit\u00e9s 2025-2030 du SMTC ne devrait pas engager une mutation profonde des pratiques de mobilit\u00e9 sur le territoire du PDU, en particulier sur les p\u00e9riph\u00e9ries et ne permettraVOIR PLUS\" \/>\n<meta property=\"og:url\" content=\"https:\/\/autate.fr\/site\/notre-contribution-enquete-publique-projet-mobilites-2025-30\/\" \/>\n<meta property=\"og:site_name\" content=\"AUTATE\" \/>\n<meta property=\"article:publisher\" content=\"https:\/\/www.facebook.com\/AutateToulouse\" \/>\n<meta property=\"article:published_time\" content=\"2017-10-10T06:43:51+00:00\" \/>\n<meta property=\"article:modified_time\" content=\"2025-11-21T21:04:48+00:00\" \/>\n<meta name=\"author\" content=\"pascalbarbier\" \/>\n<meta name=\"twitter:card\" content=\"summary_large_image\" \/>\n<meta name=\"twitter:creator\" content=\"@AutateToulouse\" \/>\n<meta name=\"twitter:site\" content=\"@AutateToulouse\" \/>\n<meta name=\"twitter:label1\" content=\"\u00c9crit par\" \/>\n\t<meta name=\"twitter:data1\" content=\"pascalbarbier\" \/>\n\t<meta name=\"twitter:label2\" content=\"Dur\u00e9e de lecture estim\u00e9e\" \/>\n\t<meta name=\"twitter:data2\" content=\"1 minute\" \/>\n<script type=\"application\/ld+json\" class=\"yoast-schema-graph\">{\"@context\":\"https:\\\/\\\/schema.org\",\"@graph\":[{\"@type\":\"Article\",\"@id\":\"https:\\\/\\\/autate.fr\\\/site\\\/notre-contribution-enquete-publique-projet-mobilites-2025-30\\\/#article\",\"isPartOf\":{\"@id\":\"https:\\\/\\\/autate.fr\\\/site\\\/notre-contribution-enquete-publique-projet-mobilites-2025-30\\\/\"},\"author\":{\"name\":\"pascalbarbier\",\"@id\":\"https:\\\/\\\/autate.fr\\\/site\\\/#\\\/schema\\\/person\\\/ae1ab8bdaa7b41d2a9b52d2557ce8254\"},\"headline\":\"L&rsquo;avis de l&rsquo;AUTATE sur le Projet Mobilit\u00e9s 2025-30 dans le cadre de l&rsquo;enqu\u00eate publique\",\"datePublished\":\"2017-10-10T06:43:51+00:00\",\"dateModified\":\"2025-11-21T21:04:48+00:00\",\"mainEntityOfPage\":{\"@id\":\"https:\\\/\\\/autate.fr\\\/site\\\/notre-contribution-enquete-publique-projet-mobilites-2025-30\\\/\"},\"wordCount\":250,\"commentCount\":0,\"publisher\":{\"@id\":\"https:\\\/\\\/autate.fr\\\/site\\\/#organization\"},\"keywords\":[\"concertation-enqu\u00eate\"],\"articleSection\":[\"Actualit\u00e9s-AUTATE\",\"PlanDeMobilit\u00e9\"],\"inLanguage\":\"fr-FR\",\"potentialAction\":[{\"@type\":\"CommentAction\",\"name\":\"Comment\",\"target\":[\"https:\\\/\\\/autate.fr\\\/site\\\/notre-contribution-enquete-publique-projet-mobilites-2025-30\\\/#respond\"]}]},{\"@type\":\"WebPage\",\"@id\":\"https:\\\/\\\/autate.fr\\\/site\\\/notre-contribution-enquete-publique-projet-mobilites-2025-30\\\/\",\"url\":\"https:\\\/\\\/autate.fr\\\/site\\\/notre-contribution-enquete-publique-projet-mobilites-2025-30\\\/\",\"name\":\"L'avis de l'AUTATE sur le Projet Mobilit\u00e9s 2025-30 dans le cadre de l'enqu\u00eate publique - AUTATE\",\"isPartOf\":{\"@id\":\"https:\\\/\\\/autate.fr\\\/site\\\/#website\"},\"datePublished\":\"2017-10-10T06:43:51+00:00\",\"dateModified\":\"2025-11-21T21:04:48+00:00\",\"breadcrumb\":{\"@id\":\"https:\\\/\\\/autate.fr\\\/site\\\/notre-contribution-enquete-publique-projet-mobilites-2025-30\\\/#breadcrumb\"},\"inLanguage\":\"fr-FR\",\"potentialAction\":[{\"@type\":\"ReadAction\",\"target\":[\"https:\\\/\\\/autate.fr\\\/site\\\/notre-contribution-enquete-publique-projet-mobilites-2025-30\\\/\"]}]},{\"@type\":\"BreadcrumbList\",\"@id\":\"https:\\\/\\\/autate.fr\\\/site\\\/notre-contribution-enquete-publique-projet-mobilites-2025-30\\\/#breadcrumb\",\"itemListElement\":[{\"@type\":\"ListItem\",\"position\":1,\"name\":\"Accueil\",\"item\":\"https:\\\/\\\/autate.fr\\\/site\\\/\"},{\"@type\":\"ListItem\",\"position\":2,\"name\":\"L&rsquo;avis de l&rsquo;AUTATE sur le Projet Mobilit\u00e9s 2025-30 dans le cadre de l&rsquo;enqu\u00eate publique\"}]},{\"@type\":\"WebSite\",\"@id\":\"https:\\\/\\\/autate.fr\\\/site\\\/#website\",\"url\":\"https:\\\/\\\/autate.fr\\\/site\\\/\",\"name\":\"AUTATE\",\"description\":\"Association des usagers des transports de l&#039;agglom\u00e9ration Toulousaine et de ses environs\",\"publisher\":{\"@id\":\"https:\\\/\\\/autate.fr\\\/site\\\/#organization\"},\"potentialAction\":[{\"@type\":\"SearchAction\",\"target\":{\"@type\":\"EntryPoint\",\"urlTemplate\":\"https:\\\/\\\/autate.fr\\\/site\\\/?s={search_term_string}\"},\"query-input\":{\"@type\":\"PropertyValueSpecification\",\"valueRequired\":true,\"valueName\":\"search_term_string\"}}],\"inLanguage\":\"fr-FR\"},{\"@type\":\"Organization\",\"@id\":\"https:\\\/\\\/autate.fr\\\/site\\\/#organization\",\"name\":\"AUTATE\",\"url\":\"https:\\\/\\\/autate.fr\\\/site\\\/\",\"logo\":{\"@type\":\"ImageObject\",\"inLanguage\":\"fr-FR\",\"@id\":\"https:\\\/\\\/autate.fr\\\/site\\\/#\\\/schema\\\/logo\\\/image\\\/\",\"url\":\"http:\\\/\\\/autate.fr\\\/site\\\/wp-content\\\/uploads\\\/2019\\\/01\\\/logo.png\",\"contentUrl\":\"http:\\\/\\\/autate.fr\\\/site\\\/wp-content\\\/uploads\\\/2019\\\/01\\\/logo.png\",\"width\":506,\"height\":280,\"caption\":\"AUTATE\"},\"image\":{\"@id\":\"https:\\\/\\\/autate.fr\\\/site\\\/#\\\/schema\\\/logo\\\/image\\\/\"},\"sameAs\":[\"https:\\\/\\\/www.facebook.com\\\/AutateToulouse\",\"https:\\\/\\\/x.com\\\/AutateToulouse\"]},{\"@type\":\"Person\",\"@id\":\"https:\\\/\\\/autate.fr\\\/site\\\/#\\\/schema\\\/person\\\/ae1ab8bdaa7b41d2a9b52d2557ce8254\",\"name\":\"pascalbarbier\",\"image\":{\"@type\":\"ImageObject\",\"inLanguage\":\"fr-FR\",\"@id\":\"https:\\\/\\\/secure.gravatar.com\\\/avatar\\\/03f4e8ced09894b72c67e83142540730d4b3bbf619bf46341b0074e3bf5f08a0?s=96&d=mm&r=g\",\"url\":\"https:\\\/\\\/secure.gravatar.com\\\/avatar\\\/03f4e8ced09894b72c67e83142540730d4b3bbf619bf46341b0074e3bf5f08a0?s=96&d=mm&r=g\",\"contentUrl\":\"https:\\\/\\\/secure.gravatar.com\\\/avatar\\\/03f4e8ced09894b72c67e83142540730d4b3bbf619bf46341b0074e3bf5f08a0?s=96&d=mm&r=g\",\"caption\":\"pascalbarbier\"},\"url\":\"https:\\\/\\\/autate.fr\\\/site\\\/author\\\/pascalbarbier\\\/\"}]}<\/script>\n<!-- \/ Yoast SEO plugin. -->","yoast_head_json":{"title":"L'avis de l'AUTATE sur le Projet Mobilit\u00e9s 2025-30 dans le cadre de l'enqu\u00eate publique - AUTATE","robots":{"index":"index","follow":"follow","max-snippet":"max-snippet:-1","max-image-preview":"max-image-preview:large","max-video-preview":"max-video-preview:-1"},"canonical":"https:\/\/autate.fr\/site\/notre-contribution-enquete-publique-projet-mobilites-2025-30\/","og_locale":"fr_FR","og_type":"article","og_title":"L'avis de l'AUTATE sur le Projet Mobilit\u00e9s 2025-30 dans le cadre de l'enqu\u00eate publique - AUTATE","og_description":"Enqu\u00eate Publique : contribution Autate (cliquer) Avis d\u00e9favorable. L&rsquo; AUTATE constate que mis \u00e0 part les usager-e-s de la future la ligne de m\u00e9tro TAE, le Projet Mobilit\u00e9s 2025-2030 du SMTC ne devrait pas engager une mutation profonde des pratiques de mobilit\u00e9 sur le territoire du PDU, en particulier sur les p\u00e9riph\u00e9ries et ne permettraVOIR PLUS","og_url":"https:\/\/autate.fr\/site\/notre-contribution-enquete-publique-projet-mobilites-2025-30\/","og_site_name":"AUTATE","article_publisher":"https:\/\/www.facebook.com\/AutateToulouse","article_published_time":"2017-10-10T06:43:51+00:00","article_modified_time":"2025-11-21T21:04:48+00:00","author":"pascalbarbier","twitter_card":"summary_large_image","twitter_creator":"@AutateToulouse","twitter_site":"@AutateToulouse","twitter_misc":{"\u00c9crit par":"pascalbarbier","Dur\u00e9e de lecture estim\u00e9e":"1 minute"},"schema":{"@context":"https:\/\/schema.org","@graph":[{"@type":"Article","@id":"https:\/\/autate.fr\/site\/notre-contribution-enquete-publique-projet-mobilites-2025-30\/#article","isPartOf":{"@id":"https:\/\/autate.fr\/site\/notre-contribution-enquete-publique-projet-mobilites-2025-30\/"},"author":{"name":"pascalbarbier","@id":"https:\/\/autate.fr\/site\/#\/schema\/person\/ae1ab8bdaa7b41d2a9b52d2557ce8254"},"headline":"L&rsquo;avis de l&rsquo;AUTATE sur le Projet Mobilit\u00e9s 2025-30 dans le cadre de l&rsquo;enqu\u00eate publique","datePublished":"2017-10-10T06:43:51+00:00","dateModified":"2025-11-21T21:04:48+00:00","mainEntityOfPage":{"@id":"https:\/\/autate.fr\/site\/notre-contribution-enquete-publique-projet-mobilites-2025-30\/"},"wordCount":250,"commentCount":0,"publisher":{"@id":"https:\/\/autate.fr\/site\/#organization"},"keywords":["concertation-enqu\u00eate"],"articleSection":["Actualit\u00e9s-AUTATE","PlanDeMobilit\u00e9"],"inLanguage":"fr-FR","potentialAction":[{"@type":"CommentAction","name":"Comment","target":["https:\/\/autate.fr\/site\/notre-contribution-enquete-publique-projet-mobilites-2025-30\/#respond"]}]},{"@type":"WebPage","@id":"https:\/\/autate.fr\/site\/notre-contribution-enquete-publique-projet-mobilites-2025-30\/","url":"https:\/\/autate.fr\/site\/notre-contribution-enquete-publique-projet-mobilites-2025-30\/","name":"L'avis de l'AUTATE sur le Projet Mobilit\u00e9s 2025-30 dans le cadre de l'enqu\u00eate publique - AUTATE","isPartOf":{"@id":"https:\/\/autate.fr\/site\/#website"},"datePublished":"2017-10-10T06:43:51+00:00","dateModified":"2025-11-21T21:04:48+00:00","breadcrumb":{"@id":"https:\/\/autate.fr\/site\/notre-contribution-enquete-publique-projet-mobilites-2025-30\/#breadcrumb"},"inLanguage":"fr-FR","potentialAction":[{"@type":"ReadAction","target":["https:\/\/autate.fr\/site\/notre-contribution-enquete-publique-projet-mobilites-2025-30\/"]}]},{"@type":"BreadcrumbList","@id":"https:\/\/autate.fr\/site\/notre-contribution-enquete-publique-projet-mobilites-2025-30\/#breadcrumb","itemListElement":[{"@type":"ListItem","position":1,"name":"Accueil","item":"https:\/\/autate.fr\/site\/"},{"@type":"ListItem","position":2,"name":"L&rsquo;avis de l&rsquo;AUTATE sur le Projet Mobilit\u00e9s 2025-30 dans le cadre de l&rsquo;enqu\u00eate publique"}]},{"@type":"WebSite","@id":"https:\/\/autate.fr\/site\/#website","url":"https:\/\/autate.fr\/site\/","name":"AUTATE","description":"Association des usagers des transports de l&#039;agglom\u00e9ration Toulousaine et de ses environs","publisher":{"@id":"https:\/\/autate.fr\/site\/#organization"},"potentialAction":[{"@type":"SearchAction","target":{"@type":"EntryPoint","urlTemplate":"https:\/\/autate.fr\/site\/?s={search_term_string}"},"query-input":{"@type":"PropertyValueSpecification","valueRequired":true,"valueName":"search_term_string"}}],"inLanguage":"fr-FR"},{"@type":"Organization","@id":"https:\/\/autate.fr\/site\/#organization","name":"AUTATE","url":"https:\/\/autate.fr\/site\/","logo":{"@type":"ImageObject","inLanguage":"fr-FR","@id":"https:\/\/autate.fr\/site\/#\/schema\/logo\/image\/","url":"http:\/\/autate.fr\/site\/wp-content\/uploads\/2019\/01\/logo.png","contentUrl":"http:\/\/autate.fr\/site\/wp-content\/uploads\/2019\/01\/logo.png","width":506,"height":280,"caption":"AUTATE"},"image":{"@id":"https:\/\/autate.fr\/site\/#\/schema\/logo\/image\/"},"sameAs":["https:\/\/www.facebook.com\/AutateToulouse","https:\/\/x.com\/AutateToulouse"]},{"@type":"Person","@id":"https:\/\/autate.fr\/site\/#\/schema\/person\/ae1ab8bdaa7b41d2a9b52d2557ce8254","name":"pascalbarbier","image":{"@type":"ImageObject","inLanguage":"fr-FR","@id":"https:\/\/secure.gravatar.com\/avatar\/03f4e8ced09894b72c67e83142540730d4b3bbf619bf46341b0074e3bf5f08a0?s=96&d=mm&r=g","url":"https:\/\/secure.gravatar.com\/avatar\/03f4e8ced09894b72c67e83142540730d4b3bbf619bf46341b0074e3bf5f08a0?s=96&d=mm&r=g","contentUrl":"https:\/\/secure.gravatar.com\/avatar\/03f4e8ced09894b72c67e83142540730d4b3bbf619bf46341b0074e3bf5f08a0?s=96&d=mm&r=g","caption":"pascalbarbier"},"url":"https:\/\/autate.fr\/site\/author\/pascalbarbier\/"}]}},"_links":{"self":[{"href":"https:\/\/autate.fr\/site\/wp-json\/wp\/v2\/posts\/1930","targetHints":{"allow":["GET"]}}],"collection":[{"href":"https:\/\/autate.fr\/site\/wp-json\/wp\/v2\/posts"}],"about":[{"href":"https:\/\/autate.fr\/site\/wp-json\/wp\/v2\/types\/post"}],"author":[{"embeddable":true,"href":"https:\/\/autate.fr\/site\/wp-json\/wp\/v2\/users\/1"}],"replies":[{"embeddable":true,"href":"https:\/\/autate.fr\/site\/wp-json\/wp\/v2\/comments?post=1930"}],"version-history":[{"count":5,"href":"https:\/\/autate.fr\/site\/wp-json\/wp\/v2\/posts\/1930\/revisions"}],"predecessor-version":[{"id":1937,"href":"https:\/\/autate.fr\/site\/wp-json\/wp\/v2\/posts\/1930\/revisions\/1937"}],"wp:attachment":[{"href":"https:\/\/autate.fr\/site\/wp-json\/wp\/v2\/media?parent=1930"}],"wp:term":[{"taxonomy":"category","embeddable":true,"href":"https:\/\/autate.fr\/site\/wp-json\/wp\/v2\/categories?post=1930"},{"taxonomy":"post_tag","embeddable":true,"href":"https:\/\/autate.fr\/site\/wp-json\/wp\/v2\/tags?post=1930"}],"curies":[{"name":"wp","href":"https:\/\/api.w.org\/{rel}","templated":true}]}}