{"id":1894,"date":"2017-10-01T22:17:50","date_gmt":"2017-10-01T20:17:50","guid":{"rendered":"http:\/\/autate.fr\/site\/?p=1894"},"modified":"2025-11-21T22:06:01","modified_gmt":"2025-11-21T21:06:01","slug":"cceinture-sud-lautate-demande-a-avoir-acces-au-projet-precis","status":"publish","type":"post","link":"https:\/\/autate.fr\/site\/cceinture-sud-lautate-demande-a-avoir-acces-au-projet-precis\/","title":{"rendered":"Ceinture sud : l&rsquo;AUTATE demande \u00e0 avoir acc\u00e8s au projet pr\u00e9cis"},"content":{"rendered":"<p><span style=\"font-family: Arial,sans-serif;\"><span style=\"font-size: medium;\">A la r\u00e9union publique de rentr\u00e9e organis\u00e9e par le maire de Tournefeuille le mardi 26 septembre, une diapositive contenant une carte et des \u00e9l\u00e9ments sur la \u00ab\u00a0ceinture sud\u00a0\u00bb ont \u00e9t\u00e9 pr\u00e9sent\u00e9s au public.<\/span><\/span><\/p>\n<p><a href=\"https:\/\/autate.fr\/site\/wp-content\/uploads\/2017\/10\/ceinturesud.png\"><img loading=\"lazy\" decoding=\"async\" class=\"alignnone size-medium wp-image-1897\" src=\"https:\/\/autate.fr\/site\/wp-content\/uploads\/2017\/10\/ceinturesud-300x212.png\" alt=\"\" width=\"300\" height=\"212\" srcset=\"https:\/\/autate.fr\/site\/wp-content\/uploads\/2017\/10\/ceinturesud-300x212.png 300w, https:\/\/autate.fr\/site\/wp-content\/uploads\/2017\/10\/ceinturesud-768x544.png 768w, https:\/\/autate.fr\/site\/wp-content\/uploads\/2017\/10\/ceinturesud.png 1001w\" sizes=\"auto, (max-width: 300px) 100vw, 300px\" \/><\/a><\/p>\n<p><span style=\"font-family: Arial,sans-serif;\"><span style=\"font-size: medium;\">L&rsquo;AUTATE ne sait pas si cette carte correspond au v\u0153ux du maire de Tournefeuille ou s&rsquo;il s&rsquo;agit d&rsquo;un nouveau projet concret du SMTC Tiss\u00e9o. Si c&rsquo;est le cas, nous nous \u00e9tonnons qu&rsquo;il ne soit pas int\u00e9gr\u00e9 au Projet Mobilit\u00e9s 2020-25-30 en place de l&rsquo;actuel (voir plus loin).<\/span><\/span><\/p>\n<p><span style=\"font-family: Arial,sans-serif;\"><span style=\"font-size: medium;\">Le projet pr\u00e9sent\u00e9 oralement, en l&rsquo;\u00e9tat, ne nous para\u00eet pas r\u00e9pondre aux besoins des habitants de l&rsquo;ouest de l&rsquo;agglom\u00e9ration toulousaine\u00a0:<\/span><\/span><\/p>\n<p><span style=\"font-family: Arial,sans-serif;\"><span style=\"font-size: medium;\">-il s&rsquo;agit d&rsquo;un parcours <b>\u00e0 85% dans Toulouse<\/b><\/span><\/span><\/p>\n<p><span style=\"font-family: Arial,sans-serif;\"><span style=\"font-size: medium;\">-il passe au travers des <b>zones les moins peupl\u00e9es de l\u2019Ouest<\/b>. <b>Il fr\u00f4le l&rsquo;est de la commune de Tournefeuille<\/b> et n&rsquo;aidera pas \u00e0 diminuer le flot traversant de voitures, quelle que soit la bonne volont\u00e9 des habitants \u00e0 utiliser cette nouvelle ligne. <\/span><\/span><\/p>\n<p><span style=\"font-family: Arial,sans-serif;\"><span style=\"font-size: medium;\">D&rsquo;autant qu&rsquo;aucun parking n&rsquo;est pr\u00e9vu sur Tournefeuille; seuls sont pr\u00e9vus des parkings \u00e0 Monesti\u00e9 (terminus du Lineo 3) avec + 50 places et Basso Cambo +450. Pour ce dernier, le risque est d&rsquo;aspirer des voitures qui traverseront la p\u00e9riph\u00e9rie ouest pour l&rsquo;atteindre\u00a0: <b>On referait une station \u00ab\u00a0Ar\u00e8nes\u00a0\u00bb bis\u00a0<\/b>! La logique serait de r\u00e9partir les 450 places suppl\u00e9mentaires sur les terminus des Lin\u00e9os 1, L3, L5.<\/span><\/span><\/p>\n<p><span style=\"font-family: Arial,sans-serif;\"><span style=\"font-size: medium;\">-l<b>es horaires <\/b>dits \u00ab\u00a0classiques\u00a0\u00bb 6h-21h du lundi au vendredi ne r\u00e9pondent pas aux besoins des usagers en soir\u00e9e et le week-end.<\/span><\/span><\/p>\n<p><span style=\"font-family: Arial,sans-serif;\"><span style=\"font-size: medium;\">Revenons maintenant au projet (diff\u00e9rent) pr\u00e9sent\u00e9 dans le PDU<\/span><\/span><span style=\"font-family: Arial,sans-serif;\"><span style=\"font-size: medium;\"> (Planche 104) :<\/span><\/span><\/p>\n<p>\u00ab\u00a0Le <strong>maillon Ouest <\/strong><em>(de la ceinture Sud)<\/em> reliera le site de l\u2019Oncopole \u00e0 la commune de Colomiers en empruntant l\u2019Avenue Eisenhower, la rocade Arc-en-Ciel. Il offrira des correspondances avec les Lin\u00e9o 2, 3, 4 et 5, le r\u00e9seau ferroviaire (axe Toulouse\/Muret) et la 3\u00e8me ligne de m\u00e9tro en 2025.\u00a0\u00bb<\/p>\n<p><a href=\"https:\/\/autate.fr\/site\/wp-content\/uploads\/2017\/10\/PDUsud.jpg\"><img loading=\"lazy\" decoding=\"async\" class=\"alignnone size-medium wp-image-1902\" src=\"https:\/\/autate.fr\/site\/wp-content\/uploads\/2017\/10\/PDUsud-300x101.jpg\" alt=\"\" width=\"300\" height=\"101\" srcset=\"https:\/\/autate.fr\/site\/wp-content\/uploads\/2017\/10\/PDUsud-300x101.jpg 300w, https:\/\/autate.fr\/site\/wp-content\/uploads\/2017\/10\/PDUsud.jpg 411w\" sizes=\"auto, (max-width: 300px) 100vw, 300px\" \/><\/a><\/p>\n<p>Le calendrier pr\u00e9sent\u00e9 :<\/p>\n<p>&#8211; Concertation publique en 2015<\/p>\n<p>&#8211; S\u00e9lection des entreprises en 2016<\/p>\n<p>&#8211; Enqu\u00eate publique en 2017<\/p>\n<p>\u2026\u2026\u2026\u2026\u2026<\/p>\n<p><span style=\"font-family: Arial,sans-serif;\"><span style=\"font-size: medium;\">\u00a0<\/span><\/span><\/p>\n<p><span style=\"font-family: Arial,sans-serif;\"><span style=\"font-size: medium;\">\u00a0<\/span><\/span><\/p>\n<p>&nbsp;<\/p>\n","protected":false},"excerpt":{"rendered":"<p>A la r\u00e9union publique de rentr\u00e9e organis\u00e9e par le maire de Tournefeuille le mardi 26 septembre, une diapositive contenant une carte et des \u00e9l\u00e9ments sur la \u00ab\u00a0ceinture sud\u00a0\u00bb ont \u00e9t\u00e9 pr\u00e9sent\u00e9s au public. L&rsquo;AUTATE ne sait pas si cette carte correspond au v\u0153ux du maire de Tournefeuille ou s&rsquo;il s&rsquo;agit d&rsquo;un nouveau projet concret du<\/p>\n<p class=\"more-link\"><a href=\"https:\/\/autate.fr\/site\/cceinture-sud-lautate-demande-a-avoir-acces-au-projet-precis\/\" class=\"themebutton2\">VOIR PLUS<\/a><\/p>\n","protected":false},"author":1,"featured_media":0,"comment_status":"open","ping_status":"open","sticky":false,"template":"","format":"standard","meta":{"footnotes":""},"categories":[4,525],"tags":[404,36,405,227],"class_list":["post-1894","post","type-post","status-publish","format-standard","hentry","category-actualite-association","category-pdm","tag-ceinture-sud","tag-lineo","tag-parking","tag-tournefeuille"],"yoast_head":"<!-- This site is optimized with the Yoast SEO plugin v27.4 - https:\/\/yoast.com\/product\/yoast-seo-wordpress\/ -->\n<title>Ceinture sud : l&#039;AUTATE demande \u00e0 avoir acc\u00e8s au projet pr\u00e9cis - AUTATE<\/title>\n<meta name=\"robots\" content=\"index, follow, max-snippet:-1, max-image-preview:large, max-video-preview:-1\" \/>\n<link rel=\"canonical\" href=\"https:\/\/autate.fr\/site\/cceinture-sud-lautate-demande-a-avoir-acces-au-projet-precis\/\" \/>\n<meta property=\"og:locale\" content=\"fr_FR\" \/>\n<meta property=\"og:type\" content=\"article\" \/>\n<meta property=\"og:title\" content=\"Ceinture sud : l&#039;AUTATE demande \u00e0 avoir acc\u00e8s au projet pr\u00e9cis - AUTATE\" \/>\n<meta property=\"og:description\" content=\"A la r\u00e9union publique de rentr\u00e9e organis\u00e9e par le maire de Tournefeuille le mardi 26 septembre, une diapositive contenant une carte et des \u00e9l\u00e9ments sur la \u00ab\u00a0ceinture sud\u00a0\u00bb ont \u00e9t\u00e9 pr\u00e9sent\u00e9s au public. L&rsquo;AUTATE ne sait pas si cette carte correspond au v\u0153ux du maire de Tournefeuille ou s&rsquo;il s&rsquo;agit d&rsquo;un nouveau projet concret duVOIR PLUS\" \/>\n<meta property=\"og:url\" content=\"https:\/\/autate.fr\/site\/cceinture-sud-lautate-demande-a-avoir-acces-au-projet-precis\/\" \/>\n<meta property=\"og:site_name\" content=\"AUTATE\" \/>\n<meta property=\"article:publisher\" content=\"https:\/\/www.facebook.com\/AutateToulouse\" \/>\n<meta property=\"article:published_time\" content=\"2017-10-01T20:17:50+00:00\" \/>\n<meta property=\"article:modified_time\" content=\"2025-11-21T21:06:01+00:00\" \/>\n<meta property=\"og:image\" content=\"http:\/\/autate.fr\/site\/wp-content\/uploads\/2017\/10\/ceinturesud-300x212.png\" \/>\n<meta name=\"author\" content=\"pascalbarbier\" \/>\n<meta name=\"twitter:card\" content=\"summary_large_image\" \/>\n<meta name=\"twitter:creator\" content=\"@AutateToulouse\" \/>\n<meta name=\"twitter:site\" content=\"@AutateToulouse\" \/>\n<meta name=\"twitter:label1\" content=\"\u00c9crit par\" \/>\n\t<meta name=\"twitter:data1\" content=\"pascalbarbier\" \/>\n\t<meta name=\"twitter:label2\" content=\"Dur\u00e9e de lecture estim\u00e9e\" \/>\n\t<meta name=\"twitter:data2\" content=\"2 minutes\" \/>\n<script type=\"application\/ld+json\" class=\"yoast-schema-graph\">{\"@context\":\"https:\\\/\\\/schema.org\",\"@graph\":[{\"@type\":\"Article\",\"@id\":\"https:\\\/\\\/autate.fr\\\/site\\\/cceinture-sud-lautate-demande-a-avoir-acces-au-projet-precis\\\/#article\",\"isPartOf\":{\"@id\":\"https:\\\/\\\/autate.fr\\\/site\\\/cceinture-sud-lautate-demande-a-avoir-acces-au-projet-precis\\\/\"},\"author\":{\"name\":\"pascalbarbier\",\"@id\":\"https:\\\/\\\/autate.fr\\\/site\\\/#\\\/schema\\\/person\\\/ae1ab8bdaa7b41d2a9b52d2557ce8254\"},\"headline\":\"Ceinture sud : l&rsquo;AUTATE demande \u00e0 avoir acc\u00e8s au projet pr\u00e9cis\",\"datePublished\":\"2017-10-01T20:17:50+00:00\",\"dateModified\":\"2025-11-21T21:06:01+00:00\",\"mainEntityOfPage\":{\"@id\":\"https:\\\/\\\/autate.fr\\\/site\\\/cceinture-sud-lautate-demande-a-avoir-acces-au-projet-precis\\\/\"},\"wordCount\":346,\"commentCount\":0,\"publisher\":{\"@id\":\"https:\\\/\\\/autate.fr\\\/site\\\/#organization\"},\"image\":{\"@id\":\"https:\\\/\\\/autate.fr\\\/site\\\/cceinture-sud-lautate-demande-a-avoir-acces-au-projet-precis\\\/#primaryimage\"},\"thumbnailUrl\":\"http:\\\/\\\/autate.fr\\\/site\\\/wp-content\\\/uploads\\\/2017\\\/10\\\/ceinturesud-300x212.png\",\"keywords\":[\"ceinture sud\",\"Lin\u00e9o\",\"parking\",\"tournefeuille\"],\"articleSection\":[\"Actualit\u00e9s-AUTATE\",\"PlanDeMobilit\u00e9\"],\"inLanguage\":\"fr-FR\",\"potentialAction\":[{\"@type\":\"CommentAction\",\"name\":\"Comment\",\"target\":[\"https:\\\/\\\/autate.fr\\\/site\\\/cceinture-sud-lautate-demande-a-avoir-acces-au-projet-precis\\\/#respond\"]}]},{\"@type\":\"WebPage\",\"@id\":\"https:\\\/\\\/autate.fr\\\/site\\\/cceinture-sud-lautate-demande-a-avoir-acces-au-projet-precis\\\/\",\"url\":\"https:\\\/\\\/autate.fr\\\/site\\\/cceinture-sud-lautate-demande-a-avoir-acces-au-projet-precis\\\/\",\"name\":\"Ceinture sud : l'AUTATE demande \u00e0 avoir acc\u00e8s au projet pr\u00e9cis - AUTATE\",\"isPartOf\":{\"@id\":\"https:\\\/\\\/autate.fr\\\/site\\\/#website\"},\"primaryImageOfPage\":{\"@id\":\"https:\\\/\\\/autate.fr\\\/site\\\/cceinture-sud-lautate-demande-a-avoir-acces-au-projet-precis\\\/#primaryimage\"},\"image\":{\"@id\":\"https:\\\/\\\/autate.fr\\\/site\\\/cceinture-sud-lautate-demande-a-avoir-acces-au-projet-precis\\\/#primaryimage\"},\"thumbnailUrl\":\"http:\\\/\\\/autate.fr\\\/site\\\/wp-content\\\/uploads\\\/2017\\\/10\\\/ceinturesud-300x212.png\",\"datePublished\":\"2017-10-01T20:17:50+00:00\",\"dateModified\":\"2025-11-21T21:06:01+00:00\",\"breadcrumb\":{\"@id\":\"https:\\\/\\\/autate.fr\\\/site\\\/cceinture-sud-lautate-demande-a-avoir-acces-au-projet-precis\\\/#breadcrumb\"},\"inLanguage\":\"fr-FR\",\"potentialAction\":[{\"@type\":\"ReadAction\",\"target\":[\"https:\\\/\\\/autate.fr\\\/site\\\/cceinture-sud-lautate-demande-a-avoir-acces-au-projet-precis\\\/\"]}]},{\"@type\":\"ImageObject\",\"inLanguage\":\"fr-FR\",\"@id\":\"https:\\\/\\\/autate.fr\\\/site\\\/cceinture-sud-lautate-demande-a-avoir-acces-au-projet-precis\\\/#primaryimage\",\"url\":\"http:\\\/\\\/autate.fr\\\/site\\\/wp-content\\\/uploads\\\/2017\\\/10\\\/ceinturesud-300x212.png\",\"contentUrl\":\"http:\\\/\\\/autate.fr\\\/site\\\/wp-content\\\/uploads\\\/2017\\\/10\\\/ceinturesud-300x212.png\"},{\"@type\":\"BreadcrumbList\",\"@id\":\"https:\\\/\\\/autate.fr\\\/site\\\/cceinture-sud-lautate-demande-a-avoir-acces-au-projet-precis\\\/#breadcrumb\",\"itemListElement\":[{\"@type\":\"ListItem\",\"position\":1,\"name\":\"Accueil\",\"item\":\"https:\\\/\\\/autate.fr\\\/site\\\/\"},{\"@type\":\"ListItem\",\"position\":2,\"name\":\"Ceinture sud : l&rsquo;AUTATE demande \u00e0 avoir acc\u00e8s au projet pr\u00e9cis\"}]},{\"@type\":\"WebSite\",\"@id\":\"https:\\\/\\\/autate.fr\\\/site\\\/#website\",\"url\":\"https:\\\/\\\/autate.fr\\\/site\\\/\",\"name\":\"AUTATE\",\"description\":\"Association des usagers des transports de l&#039;agglom\u00e9ration Toulousaine et de ses environs\",\"publisher\":{\"@id\":\"https:\\\/\\\/autate.fr\\\/site\\\/#organization\"},\"potentialAction\":[{\"@type\":\"SearchAction\",\"target\":{\"@type\":\"EntryPoint\",\"urlTemplate\":\"https:\\\/\\\/autate.fr\\\/site\\\/?s={search_term_string}\"},\"query-input\":{\"@type\":\"PropertyValueSpecification\",\"valueRequired\":true,\"valueName\":\"search_term_string\"}}],\"inLanguage\":\"fr-FR\"},{\"@type\":\"Organization\",\"@id\":\"https:\\\/\\\/autate.fr\\\/site\\\/#organization\",\"name\":\"AUTATE\",\"url\":\"https:\\\/\\\/autate.fr\\\/site\\\/\",\"logo\":{\"@type\":\"ImageObject\",\"inLanguage\":\"fr-FR\",\"@id\":\"https:\\\/\\\/autate.fr\\\/site\\\/#\\\/schema\\\/logo\\\/image\\\/\",\"url\":\"http:\\\/\\\/autate.fr\\\/site\\\/wp-content\\\/uploads\\\/2019\\\/01\\\/logo.png\",\"contentUrl\":\"http:\\\/\\\/autate.fr\\\/site\\\/wp-content\\\/uploads\\\/2019\\\/01\\\/logo.png\",\"width\":506,\"height\":280,\"caption\":\"AUTATE\"},\"image\":{\"@id\":\"https:\\\/\\\/autate.fr\\\/site\\\/#\\\/schema\\\/logo\\\/image\\\/\"},\"sameAs\":[\"https:\\\/\\\/www.facebook.com\\\/AutateToulouse\",\"https:\\\/\\\/x.com\\\/AutateToulouse\"]},{\"@type\":\"Person\",\"@id\":\"https:\\\/\\\/autate.fr\\\/site\\\/#\\\/schema\\\/person\\\/ae1ab8bdaa7b41d2a9b52d2557ce8254\",\"name\":\"pascalbarbier\",\"image\":{\"@type\":\"ImageObject\",\"inLanguage\":\"fr-FR\",\"@id\":\"https:\\\/\\\/secure.gravatar.com\\\/avatar\\\/03f4e8ced09894b72c67e83142540730d4b3bbf619bf46341b0074e3bf5f08a0?s=96&d=mm&r=g\",\"url\":\"https:\\\/\\\/secure.gravatar.com\\\/avatar\\\/03f4e8ced09894b72c67e83142540730d4b3bbf619bf46341b0074e3bf5f08a0?s=96&d=mm&r=g\",\"contentUrl\":\"https:\\\/\\\/secure.gravatar.com\\\/avatar\\\/03f4e8ced09894b72c67e83142540730d4b3bbf619bf46341b0074e3bf5f08a0?s=96&d=mm&r=g\",\"caption\":\"pascalbarbier\"},\"url\":\"https:\\\/\\\/autate.fr\\\/site\\\/author\\\/pascalbarbier\\\/\"}]}<\/script>\n<!-- \/ Yoast SEO plugin. -->","yoast_head_json":{"title":"Ceinture sud : l'AUTATE demande \u00e0 avoir acc\u00e8s au projet pr\u00e9cis - AUTATE","robots":{"index":"index","follow":"follow","max-snippet":"max-snippet:-1","max-image-preview":"max-image-preview:large","max-video-preview":"max-video-preview:-1"},"canonical":"https:\/\/autate.fr\/site\/cceinture-sud-lautate-demande-a-avoir-acces-au-projet-precis\/","og_locale":"fr_FR","og_type":"article","og_title":"Ceinture sud : l'AUTATE demande \u00e0 avoir acc\u00e8s au projet pr\u00e9cis - AUTATE","og_description":"A la r\u00e9union publique de rentr\u00e9e organis\u00e9e par le maire de Tournefeuille le mardi 26 septembre, une diapositive contenant une carte et des \u00e9l\u00e9ments sur la \u00ab\u00a0ceinture sud\u00a0\u00bb ont \u00e9t\u00e9 pr\u00e9sent\u00e9s au public. L&rsquo;AUTATE ne sait pas si cette carte correspond au v\u0153ux du maire de Tournefeuille ou s&rsquo;il s&rsquo;agit d&rsquo;un nouveau projet concret duVOIR PLUS","og_url":"https:\/\/autate.fr\/site\/cceinture-sud-lautate-demande-a-avoir-acces-au-projet-precis\/","og_site_name":"AUTATE","article_publisher":"https:\/\/www.facebook.com\/AutateToulouse","article_published_time":"2017-10-01T20:17:50+00:00","article_modified_time":"2025-11-21T21:06:01+00:00","og_image":[{"url":"http:\/\/autate.fr\/site\/wp-content\/uploads\/2017\/10\/ceinturesud-300x212.png","type":"","width":"","height":""}],"author":"pascalbarbier","twitter_card":"summary_large_image","twitter_creator":"@AutateToulouse","twitter_site":"@AutateToulouse","twitter_misc":{"\u00c9crit par":"pascalbarbier","Dur\u00e9e de lecture estim\u00e9e":"2 minutes"},"schema":{"@context":"https:\/\/schema.org","@graph":[{"@type":"Article","@id":"https:\/\/autate.fr\/site\/cceinture-sud-lautate-demande-a-avoir-acces-au-projet-precis\/#article","isPartOf":{"@id":"https:\/\/autate.fr\/site\/cceinture-sud-lautate-demande-a-avoir-acces-au-projet-precis\/"},"author":{"name":"pascalbarbier","@id":"https:\/\/autate.fr\/site\/#\/schema\/person\/ae1ab8bdaa7b41d2a9b52d2557ce8254"},"headline":"Ceinture sud : l&rsquo;AUTATE demande \u00e0 avoir acc\u00e8s au projet pr\u00e9cis","datePublished":"2017-10-01T20:17:50+00:00","dateModified":"2025-11-21T21:06:01+00:00","mainEntityOfPage":{"@id":"https:\/\/autate.fr\/site\/cceinture-sud-lautate-demande-a-avoir-acces-au-projet-precis\/"},"wordCount":346,"commentCount":0,"publisher":{"@id":"https:\/\/autate.fr\/site\/#organization"},"image":{"@id":"https:\/\/autate.fr\/site\/cceinture-sud-lautate-demande-a-avoir-acces-au-projet-precis\/#primaryimage"},"thumbnailUrl":"http:\/\/autate.fr\/site\/wp-content\/uploads\/2017\/10\/ceinturesud-300x212.png","keywords":["ceinture sud","Lin\u00e9o","parking","tournefeuille"],"articleSection":["Actualit\u00e9s-AUTATE","PlanDeMobilit\u00e9"],"inLanguage":"fr-FR","potentialAction":[{"@type":"CommentAction","name":"Comment","target":["https:\/\/autate.fr\/site\/cceinture-sud-lautate-demande-a-avoir-acces-au-projet-precis\/#respond"]}]},{"@type":"WebPage","@id":"https:\/\/autate.fr\/site\/cceinture-sud-lautate-demande-a-avoir-acces-au-projet-precis\/","url":"https:\/\/autate.fr\/site\/cceinture-sud-lautate-demande-a-avoir-acces-au-projet-precis\/","name":"Ceinture sud : l'AUTATE demande \u00e0 avoir acc\u00e8s au projet pr\u00e9cis - AUTATE","isPartOf":{"@id":"https:\/\/autate.fr\/site\/#website"},"primaryImageOfPage":{"@id":"https:\/\/autate.fr\/site\/cceinture-sud-lautate-demande-a-avoir-acces-au-projet-precis\/#primaryimage"},"image":{"@id":"https:\/\/autate.fr\/site\/cceinture-sud-lautate-demande-a-avoir-acces-au-projet-precis\/#primaryimage"},"thumbnailUrl":"http:\/\/autate.fr\/site\/wp-content\/uploads\/2017\/10\/ceinturesud-300x212.png","datePublished":"2017-10-01T20:17:50+00:00","dateModified":"2025-11-21T21:06:01+00:00","breadcrumb":{"@id":"https:\/\/autate.fr\/site\/cceinture-sud-lautate-demande-a-avoir-acces-au-projet-precis\/#breadcrumb"},"inLanguage":"fr-FR","potentialAction":[{"@type":"ReadAction","target":["https:\/\/autate.fr\/site\/cceinture-sud-lautate-demande-a-avoir-acces-au-projet-precis\/"]}]},{"@type":"ImageObject","inLanguage":"fr-FR","@id":"https:\/\/autate.fr\/site\/cceinture-sud-lautate-demande-a-avoir-acces-au-projet-precis\/#primaryimage","url":"http:\/\/autate.fr\/site\/wp-content\/uploads\/2017\/10\/ceinturesud-300x212.png","contentUrl":"http:\/\/autate.fr\/site\/wp-content\/uploads\/2017\/10\/ceinturesud-300x212.png"},{"@type":"BreadcrumbList","@id":"https:\/\/autate.fr\/site\/cceinture-sud-lautate-demande-a-avoir-acces-au-projet-precis\/#breadcrumb","itemListElement":[{"@type":"ListItem","position":1,"name":"Accueil","item":"https:\/\/autate.fr\/site\/"},{"@type":"ListItem","position":2,"name":"Ceinture sud : l&rsquo;AUTATE demande \u00e0 avoir acc\u00e8s au projet pr\u00e9cis"}]},{"@type":"WebSite","@id":"https:\/\/autate.fr\/site\/#website","url":"https:\/\/autate.fr\/site\/","name":"AUTATE","description":"Association des usagers des transports de l&#039;agglom\u00e9ration Toulousaine et de ses environs","publisher":{"@id":"https:\/\/autate.fr\/site\/#organization"},"potentialAction":[{"@type":"SearchAction","target":{"@type":"EntryPoint","urlTemplate":"https:\/\/autate.fr\/site\/?s={search_term_string}"},"query-input":{"@type":"PropertyValueSpecification","valueRequired":true,"valueName":"search_term_string"}}],"inLanguage":"fr-FR"},{"@type":"Organization","@id":"https:\/\/autate.fr\/site\/#organization","name":"AUTATE","url":"https:\/\/autate.fr\/site\/","logo":{"@type":"ImageObject","inLanguage":"fr-FR","@id":"https:\/\/autate.fr\/site\/#\/schema\/logo\/image\/","url":"http:\/\/autate.fr\/site\/wp-content\/uploads\/2019\/01\/logo.png","contentUrl":"http:\/\/autate.fr\/site\/wp-content\/uploads\/2019\/01\/logo.png","width":506,"height":280,"caption":"AUTATE"},"image":{"@id":"https:\/\/autate.fr\/site\/#\/schema\/logo\/image\/"},"sameAs":["https:\/\/www.facebook.com\/AutateToulouse","https:\/\/x.com\/AutateToulouse"]},{"@type":"Person","@id":"https:\/\/autate.fr\/site\/#\/schema\/person\/ae1ab8bdaa7b41d2a9b52d2557ce8254","name":"pascalbarbier","image":{"@type":"ImageObject","inLanguage":"fr-FR","@id":"https:\/\/secure.gravatar.com\/avatar\/03f4e8ced09894b72c67e83142540730d4b3bbf619bf46341b0074e3bf5f08a0?s=96&d=mm&r=g","url":"https:\/\/secure.gravatar.com\/avatar\/03f4e8ced09894b72c67e83142540730d4b3bbf619bf46341b0074e3bf5f08a0?s=96&d=mm&r=g","contentUrl":"https:\/\/secure.gravatar.com\/avatar\/03f4e8ced09894b72c67e83142540730d4b3bbf619bf46341b0074e3bf5f08a0?s=96&d=mm&r=g","caption":"pascalbarbier"},"url":"https:\/\/autate.fr\/site\/author\/pascalbarbier\/"}]}},"_links":{"self":[{"href":"https:\/\/autate.fr\/site\/wp-json\/wp\/v2\/posts\/1894","targetHints":{"allow":["GET"]}}],"collection":[{"href":"https:\/\/autate.fr\/site\/wp-json\/wp\/v2\/posts"}],"about":[{"href":"https:\/\/autate.fr\/site\/wp-json\/wp\/v2\/types\/post"}],"author":[{"embeddable":true,"href":"https:\/\/autate.fr\/site\/wp-json\/wp\/v2\/users\/1"}],"replies":[{"embeddable":true,"href":"https:\/\/autate.fr\/site\/wp-json\/wp\/v2\/comments?post=1894"}],"version-history":[{"count":10,"href":"https:\/\/autate.fr\/site\/wp-json\/wp\/v2\/posts\/1894\/revisions"}],"predecessor-version":[{"id":1906,"href":"https:\/\/autate.fr\/site\/wp-json\/wp\/v2\/posts\/1894\/revisions\/1906"}],"wp:attachment":[{"href":"https:\/\/autate.fr\/site\/wp-json\/wp\/v2\/media?parent=1894"}],"wp:term":[{"taxonomy":"category","embeddable":true,"href":"https:\/\/autate.fr\/site\/wp-json\/wp\/v2\/categories?post=1894"},{"taxonomy":"post_tag","embeddable":true,"href":"https:\/\/autate.fr\/site\/wp-json\/wp\/v2\/tags?post=1894"}],"curies":[{"name":"wp","href":"https:\/\/api.w.org\/{rel}","templated":true}]}}