{"id":1886,"date":"2017-01-02T11:16:51","date_gmt":"2017-01-02T10:16:51","guid":{"rendered":"http:\/\/autate.fr\/site\/?p=1886"},"modified":"2017-09-29T11:22:20","modified_gmt":"2017-09-29T09:22:20","slug":"1886-2","status":"publish","type":"post","link":"https:\/\/autate.fr\/site\/1886-2\/","title":{"rendered":"Ligne 30 : temps de trajet\/fr\u00e9quence\/synchronisation"},"content":{"rendered":"<p>Suite \u00e0 votre appel \u00e0 t\u00e9moignage relay\u00e9 par l&rsquo;AUTATE, je souhaite vous faire part de mon exp\u00e9rience concernant <a href=\"https:\/\/www.tisseo.fr\/sites\/default\/files\/ligne30.html\" target=\"_blank\" rel=\"noopener\"><strong>la ligne 30<\/strong><\/a>.<\/p>\n<p>Je r\u00e9side \u00e0 Castelginest, commune proche de Fenouillet, et je travaille \u00e0 c\u00f4t\u00e9 de l&rsquo;a\u00e9roport, avenue Didier Daurat. Lors de mon installation il y a 5 ans, j&rsquo;ai \u00e9tudi\u00e9 les possibilit\u00e9s pour aller travailler en transport en commun, notamment via la ligne 30. J&rsquo;ai essay\u00e9 de r\u00e9aliser un trajet en voiture jusqu&rsquo;\u00e0 Fenouillet avec la prise du bus 30, et un trajet avec un bus qui relie Castelginest \u00e0 Fenouillet (ligne 113) puis le trajet avec la ligne 30.<\/p>\n<p>Dans les deux cas,<strong> les temps de trajet sont trop longs<\/strong> \u00e0 cause de la ligne 30. En effet, il faut compter une heure du terminus de Fenouillet \u00e0 l&rsquo;a\u00e9roport, \u00e0 cause de l&rsquo;itin\u00e9raire actuel. Cette dur\u00e9e rend son utilisation trop longue vis \u00e0 vis de la voiture.<\/p>\n<p>Le trajet me semble donc trop \u00e9tal\u00e9, au moins pour les personnes situ\u00e9es en bout de ligne. Je ne sais pas s&rsquo;il faudrait supprimer des arr\u00eats, ou envisager 2 lignes avec 2 itin\u00e9raires (dont un raccourci pour les habitants de la zone de fenouillet) mais dans tous les cas, cela ne convient pas actuellement pour les personnes qui travaillent.<\/p>\n<p>De plus, les horaires ne sont qu&rsquo;en d\u00e9but et en fin de journ\u00e9e. Il n&rsquo;existe pas de rotation <strong>entre midi et deux heures,<\/strong> ce qui ne permet pas aux personnes effectuant une demi-journ\u00e9e de travail d&rsquo;utiliser la ligne 30. De m\u00eame, son extension au samedi pourrait \u00eatre judicieux, surtout que la ligne dessert l&rsquo;a\u00e9roport et le centre commercial de Fenouillet (r\u00e9cemment agrandi) qui sont deux \u00e9quipements qui fonctionnent ce jour-l\u00e0.<\/p>\n<p>Il faudrait aussi envisager de <strong>synchroniser<\/strong> les horaires avec les autres lignes, comme la 113 (qui a son terminus \u00e0 Fenouillet et dessert les communes depuis Fenouillet). A titre d&rsquo;exemple, le 113 arrive \u00e0 Fenouillet \u00e0 7h21, alors que le d\u00e9part pr\u00e9c\u00e9dent a lieu \u00e0 7h10 et le suivant \u00e0 7h50. De m\u00eame \u00e0 l&rsquo;arriv\u00e9e de 8h24, o\u00f9 le d\u00e9part pr\u00e9c\u00e9dent a lieu \u00e0 8h15 et le suivant \u00e0 8h40. Cette simple synchronisation pourrait permettre d&rsquo;utiliser en synergie la ligne 30 et la 113.<\/p>\n<p>En conclusion, la ligne 30 ne permet pas aux habitants du nord-est de l&rsquo;agglom\u00e9ration (zone de Fenouillet, Castelginest, Saint-Alban, Pechbonnieu, etc.) de se passer de la voiture pour venir travailler \u00e0 Blagnac. Ceci est dommage, car il y a une vraie demande, et celle-ci va d&rsquo;autant plus cro\u00eetre avec les projets d&rsquo;am\u00e9nagement li\u00e9s au boulevard urbain nord. Sans une solution efficace de liaison avec Blagnac, ce sont de nouvelles voitures qui viendront encombrer la ville, contribuant \u00e0 l&rsquo;asphyxie actuelle.<\/p>\n","protected":false},"excerpt":{"rendered":"<p>Suite \u00e0 votre appel \u00e0 t\u00e9moignage relay\u00e9 par l&rsquo;AUTATE, je souhaite vous faire part de mon exp\u00e9rience concernant la ligne 30. Je r\u00e9side \u00e0 Castelginest, commune proche de Fenouillet, et je travaille \u00e0 c\u00f4t\u00e9 de l&rsquo;a\u00e9roport, avenue Didier Daurat. Lors de mon installation il y a 5 ans, j&rsquo;ai \u00e9tudi\u00e9 les possibilit\u00e9s pour aller travailler<\/p>\n<p class=\"more-link\"><a href=\"https:\/\/autate.fr\/site\/1886-2\/\" class=\"themebutton2\">VOIR PLUS<\/a><\/p>\n","protected":false},"author":1,"featured_media":0,"comment_status":"open","ping_status":"open","sticky":false,"template":"","format":"standard","meta":{"footnotes":""},"categories":[336],"tags":[61,90,326,402,403,350],"class_list":["post-1886","post","type-post","status-publish","format-standard","hentry","category-temoignages","tag-bus","tag-frequence","tag-horaires","tag-ligne-30","tag-synchronisation","tag-temps-de-trajet"],"yoast_head":"<!-- This site is optimized with the Yoast SEO plugin v27.4 - https:\/\/yoast.com\/product\/yoast-seo-wordpress\/ -->\n<title>Ligne 30 : temps de trajet\/fr\u00e9quence\/synchronisation - AUTATE<\/title>\n<meta name=\"robots\" content=\"index, follow, max-snippet:-1, max-image-preview:large, max-video-preview:-1\" \/>\n<link rel=\"canonical\" href=\"https:\/\/autate.fr\/site\/1886-2\/\" \/>\n<meta property=\"og:locale\" content=\"fr_FR\" \/>\n<meta property=\"og:type\" content=\"article\" \/>\n<meta property=\"og:title\" content=\"Ligne 30 : temps de trajet\/fr\u00e9quence\/synchronisation - AUTATE\" \/>\n<meta property=\"og:description\" content=\"Suite \u00e0 votre appel \u00e0 t\u00e9moignage relay\u00e9 par l&rsquo;AUTATE, je souhaite vous faire part de mon exp\u00e9rience concernant la ligne 30. Je r\u00e9side \u00e0 Castelginest, commune proche de Fenouillet, et je travaille \u00e0 c\u00f4t\u00e9 de l&rsquo;a\u00e9roport, avenue Didier Daurat. Lors de mon installation il y a 5 ans, j&rsquo;ai \u00e9tudi\u00e9 les possibilit\u00e9s pour aller travaillerVOIR PLUS\" \/>\n<meta property=\"og:url\" content=\"https:\/\/autate.fr\/site\/1886-2\/\" \/>\n<meta property=\"og:site_name\" content=\"AUTATE\" \/>\n<meta property=\"article:publisher\" content=\"https:\/\/www.facebook.com\/AutateToulouse\" \/>\n<meta property=\"article:published_time\" content=\"2017-01-02T10:16:51+00:00\" \/>\n<meta property=\"article:modified_time\" content=\"2017-09-29T09:22:20+00:00\" \/>\n<meta name=\"author\" content=\"pascalbarbier\" \/>\n<meta name=\"twitter:card\" content=\"summary_large_image\" \/>\n<meta name=\"twitter:creator\" content=\"@AutateToulouse\" \/>\n<meta name=\"twitter:site\" content=\"@AutateToulouse\" \/>\n<meta name=\"twitter:label1\" content=\"\u00c9crit par\" \/>\n\t<meta name=\"twitter:data1\" content=\"pascalbarbier\" \/>\n\t<meta name=\"twitter:label2\" content=\"Dur\u00e9e de lecture estim\u00e9e\" \/>\n\t<meta name=\"twitter:data2\" content=\"2 minutes\" \/>\n<script type=\"application\/ld+json\" class=\"yoast-schema-graph\">{\"@context\":\"https:\\\/\\\/schema.org\",\"@graph\":[{\"@type\":\"Article\",\"@id\":\"https:\\\/\\\/autate.fr\\\/site\\\/1886-2\\\/#article\",\"isPartOf\":{\"@id\":\"https:\\\/\\\/autate.fr\\\/site\\\/1886-2\\\/\"},\"author\":{\"name\":\"pascalbarbier\",\"@id\":\"https:\\\/\\\/autate.fr\\\/site\\\/#\\\/schema\\\/person\\\/ae1ab8bdaa7b41d2a9b52d2557ce8254\"},\"headline\":\"Ligne 30 : temps de trajet\\\/fr\u00e9quence\\\/synchronisation\",\"datePublished\":\"2017-01-02T10:16:51+00:00\",\"dateModified\":\"2017-09-29T09:22:20+00:00\",\"mainEntityOfPage\":{\"@id\":\"https:\\\/\\\/autate.fr\\\/site\\\/1886-2\\\/\"},\"wordCount\":444,\"commentCount\":0,\"publisher\":{\"@id\":\"https:\\\/\\\/autate.fr\\\/site\\\/#organization\"},\"keywords\":[\"bus\",\"fr\u00e9quence\",\"horaires\",\"ligne 30\",\"synchronisation\",\"temps de trajet\"],\"articleSection\":[\"T\u00e9moignages\"],\"inLanguage\":\"fr-FR\",\"potentialAction\":[{\"@type\":\"CommentAction\",\"name\":\"Comment\",\"target\":[\"https:\\\/\\\/autate.fr\\\/site\\\/1886-2\\\/#respond\"]}]},{\"@type\":\"WebPage\",\"@id\":\"https:\\\/\\\/autate.fr\\\/site\\\/1886-2\\\/\",\"url\":\"https:\\\/\\\/autate.fr\\\/site\\\/1886-2\\\/\",\"name\":\"Ligne 30 : temps de trajet\\\/fr\u00e9quence\\\/synchronisation - AUTATE\",\"isPartOf\":{\"@id\":\"https:\\\/\\\/autate.fr\\\/site\\\/#website\"},\"datePublished\":\"2017-01-02T10:16:51+00:00\",\"dateModified\":\"2017-09-29T09:22:20+00:00\",\"breadcrumb\":{\"@id\":\"https:\\\/\\\/autate.fr\\\/site\\\/1886-2\\\/#breadcrumb\"},\"inLanguage\":\"fr-FR\",\"potentialAction\":[{\"@type\":\"ReadAction\",\"target\":[\"https:\\\/\\\/autate.fr\\\/site\\\/1886-2\\\/\"]}]},{\"@type\":\"BreadcrumbList\",\"@id\":\"https:\\\/\\\/autate.fr\\\/site\\\/1886-2\\\/#breadcrumb\",\"itemListElement\":[{\"@type\":\"ListItem\",\"position\":1,\"name\":\"Accueil\",\"item\":\"https:\\\/\\\/autate.fr\\\/site\\\/\"},{\"@type\":\"ListItem\",\"position\":2,\"name\":\"Ligne 30 : temps de trajet\\\/fr\u00e9quence\\\/synchronisation\"}]},{\"@type\":\"WebSite\",\"@id\":\"https:\\\/\\\/autate.fr\\\/site\\\/#website\",\"url\":\"https:\\\/\\\/autate.fr\\\/site\\\/\",\"name\":\"AUTATE\",\"description\":\"Association des usagers des transports de l&#039;agglom\u00e9ration Toulousaine et de ses environs\",\"publisher\":{\"@id\":\"https:\\\/\\\/autate.fr\\\/site\\\/#organization\"},\"potentialAction\":[{\"@type\":\"SearchAction\",\"target\":{\"@type\":\"EntryPoint\",\"urlTemplate\":\"https:\\\/\\\/autate.fr\\\/site\\\/?s={search_term_string}\"},\"query-input\":{\"@type\":\"PropertyValueSpecification\",\"valueRequired\":true,\"valueName\":\"search_term_string\"}}],\"inLanguage\":\"fr-FR\"},{\"@type\":\"Organization\",\"@id\":\"https:\\\/\\\/autate.fr\\\/site\\\/#organization\",\"name\":\"AUTATE\",\"url\":\"https:\\\/\\\/autate.fr\\\/site\\\/\",\"logo\":{\"@type\":\"ImageObject\",\"inLanguage\":\"fr-FR\",\"@id\":\"https:\\\/\\\/autate.fr\\\/site\\\/#\\\/schema\\\/logo\\\/image\\\/\",\"url\":\"http:\\\/\\\/autate.fr\\\/site\\\/wp-content\\\/uploads\\\/2019\\\/01\\\/logo.png\",\"contentUrl\":\"http:\\\/\\\/autate.fr\\\/site\\\/wp-content\\\/uploads\\\/2019\\\/01\\\/logo.png\",\"width\":506,\"height\":280,\"caption\":\"AUTATE\"},\"image\":{\"@id\":\"https:\\\/\\\/autate.fr\\\/site\\\/#\\\/schema\\\/logo\\\/image\\\/\"},\"sameAs\":[\"https:\\\/\\\/www.facebook.com\\\/AutateToulouse\",\"https:\\\/\\\/x.com\\\/AutateToulouse\"]},{\"@type\":\"Person\",\"@id\":\"https:\\\/\\\/autate.fr\\\/site\\\/#\\\/schema\\\/person\\\/ae1ab8bdaa7b41d2a9b52d2557ce8254\",\"name\":\"pascalbarbier\",\"image\":{\"@type\":\"ImageObject\",\"inLanguage\":\"fr-FR\",\"@id\":\"https:\\\/\\\/secure.gravatar.com\\\/avatar\\\/03f4e8ced09894b72c67e83142540730d4b3bbf619bf46341b0074e3bf5f08a0?s=96&d=mm&r=g\",\"url\":\"https:\\\/\\\/secure.gravatar.com\\\/avatar\\\/03f4e8ced09894b72c67e83142540730d4b3bbf619bf46341b0074e3bf5f08a0?s=96&d=mm&r=g\",\"contentUrl\":\"https:\\\/\\\/secure.gravatar.com\\\/avatar\\\/03f4e8ced09894b72c67e83142540730d4b3bbf619bf46341b0074e3bf5f08a0?s=96&d=mm&r=g\",\"caption\":\"pascalbarbier\"},\"url\":\"https:\\\/\\\/autate.fr\\\/site\\\/author\\\/pascalbarbier\\\/\"}]}<\/script>\n<!-- \/ Yoast SEO plugin. -->","yoast_head_json":{"title":"Ligne 30 : temps de trajet\/fr\u00e9quence\/synchronisation - AUTATE","robots":{"index":"index","follow":"follow","max-snippet":"max-snippet:-1","max-image-preview":"max-image-preview:large","max-video-preview":"max-video-preview:-1"},"canonical":"https:\/\/autate.fr\/site\/1886-2\/","og_locale":"fr_FR","og_type":"article","og_title":"Ligne 30 : temps de trajet\/fr\u00e9quence\/synchronisation - AUTATE","og_description":"Suite \u00e0 votre appel \u00e0 t\u00e9moignage relay\u00e9 par l&rsquo;AUTATE, je souhaite vous faire part de mon exp\u00e9rience concernant la ligne 30. Je r\u00e9side \u00e0 Castelginest, commune proche de Fenouillet, et je travaille \u00e0 c\u00f4t\u00e9 de l&rsquo;a\u00e9roport, avenue Didier Daurat. Lors de mon installation il y a 5 ans, j&rsquo;ai \u00e9tudi\u00e9 les possibilit\u00e9s pour aller travaillerVOIR PLUS","og_url":"https:\/\/autate.fr\/site\/1886-2\/","og_site_name":"AUTATE","article_publisher":"https:\/\/www.facebook.com\/AutateToulouse","article_published_time":"2017-01-02T10:16:51+00:00","article_modified_time":"2017-09-29T09:22:20+00:00","author":"pascalbarbier","twitter_card":"summary_large_image","twitter_creator":"@AutateToulouse","twitter_site":"@AutateToulouse","twitter_misc":{"\u00c9crit par":"pascalbarbier","Dur\u00e9e de lecture estim\u00e9e":"2 minutes"},"schema":{"@context":"https:\/\/schema.org","@graph":[{"@type":"Article","@id":"https:\/\/autate.fr\/site\/1886-2\/#article","isPartOf":{"@id":"https:\/\/autate.fr\/site\/1886-2\/"},"author":{"name":"pascalbarbier","@id":"https:\/\/autate.fr\/site\/#\/schema\/person\/ae1ab8bdaa7b41d2a9b52d2557ce8254"},"headline":"Ligne 30 : temps de trajet\/fr\u00e9quence\/synchronisation","datePublished":"2017-01-02T10:16:51+00:00","dateModified":"2017-09-29T09:22:20+00:00","mainEntityOfPage":{"@id":"https:\/\/autate.fr\/site\/1886-2\/"},"wordCount":444,"commentCount":0,"publisher":{"@id":"https:\/\/autate.fr\/site\/#organization"},"keywords":["bus","fr\u00e9quence","horaires","ligne 30","synchronisation","temps de trajet"],"articleSection":["T\u00e9moignages"],"inLanguage":"fr-FR","potentialAction":[{"@type":"CommentAction","name":"Comment","target":["https:\/\/autate.fr\/site\/1886-2\/#respond"]}]},{"@type":"WebPage","@id":"https:\/\/autate.fr\/site\/1886-2\/","url":"https:\/\/autate.fr\/site\/1886-2\/","name":"Ligne 30 : temps de trajet\/fr\u00e9quence\/synchronisation - AUTATE","isPartOf":{"@id":"https:\/\/autate.fr\/site\/#website"},"datePublished":"2017-01-02T10:16:51+00:00","dateModified":"2017-09-29T09:22:20+00:00","breadcrumb":{"@id":"https:\/\/autate.fr\/site\/1886-2\/#breadcrumb"},"inLanguage":"fr-FR","potentialAction":[{"@type":"ReadAction","target":["https:\/\/autate.fr\/site\/1886-2\/"]}]},{"@type":"BreadcrumbList","@id":"https:\/\/autate.fr\/site\/1886-2\/#breadcrumb","itemListElement":[{"@type":"ListItem","position":1,"name":"Accueil","item":"https:\/\/autate.fr\/site\/"},{"@type":"ListItem","position":2,"name":"Ligne 30 : temps de trajet\/fr\u00e9quence\/synchronisation"}]},{"@type":"WebSite","@id":"https:\/\/autate.fr\/site\/#website","url":"https:\/\/autate.fr\/site\/","name":"AUTATE","description":"Association des usagers des transports de l&#039;agglom\u00e9ration Toulousaine et de ses environs","publisher":{"@id":"https:\/\/autate.fr\/site\/#organization"},"potentialAction":[{"@type":"SearchAction","target":{"@type":"EntryPoint","urlTemplate":"https:\/\/autate.fr\/site\/?s={search_term_string}"},"query-input":{"@type":"PropertyValueSpecification","valueRequired":true,"valueName":"search_term_string"}}],"inLanguage":"fr-FR"},{"@type":"Organization","@id":"https:\/\/autate.fr\/site\/#organization","name":"AUTATE","url":"https:\/\/autate.fr\/site\/","logo":{"@type":"ImageObject","inLanguage":"fr-FR","@id":"https:\/\/autate.fr\/site\/#\/schema\/logo\/image\/","url":"http:\/\/autate.fr\/site\/wp-content\/uploads\/2019\/01\/logo.png","contentUrl":"http:\/\/autate.fr\/site\/wp-content\/uploads\/2019\/01\/logo.png","width":506,"height":280,"caption":"AUTATE"},"image":{"@id":"https:\/\/autate.fr\/site\/#\/schema\/logo\/image\/"},"sameAs":["https:\/\/www.facebook.com\/AutateToulouse","https:\/\/x.com\/AutateToulouse"]},{"@type":"Person","@id":"https:\/\/autate.fr\/site\/#\/schema\/person\/ae1ab8bdaa7b41d2a9b52d2557ce8254","name":"pascalbarbier","image":{"@type":"ImageObject","inLanguage":"fr-FR","@id":"https:\/\/secure.gravatar.com\/avatar\/03f4e8ced09894b72c67e83142540730d4b3bbf619bf46341b0074e3bf5f08a0?s=96&d=mm&r=g","url":"https:\/\/secure.gravatar.com\/avatar\/03f4e8ced09894b72c67e83142540730d4b3bbf619bf46341b0074e3bf5f08a0?s=96&d=mm&r=g","contentUrl":"https:\/\/secure.gravatar.com\/avatar\/03f4e8ced09894b72c67e83142540730d4b3bbf619bf46341b0074e3bf5f08a0?s=96&d=mm&r=g","caption":"pascalbarbier"},"url":"https:\/\/autate.fr\/site\/author\/pascalbarbier\/"}]}},"_links":{"self":[{"href":"https:\/\/autate.fr\/site\/wp-json\/wp\/v2\/posts\/1886","targetHints":{"allow":["GET"]}}],"collection":[{"href":"https:\/\/autate.fr\/site\/wp-json\/wp\/v2\/posts"}],"about":[{"href":"https:\/\/autate.fr\/site\/wp-json\/wp\/v2\/types\/post"}],"author":[{"embeddable":true,"href":"https:\/\/autate.fr\/site\/wp-json\/wp\/v2\/users\/1"}],"replies":[{"embeddable":true,"href":"https:\/\/autate.fr\/site\/wp-json\/wp\/v2\/comments?post=1886"}],"version-history":[{"count":4,"href":"https:\/\/autate.fr\/site\/wp-json\/wp\/v2\/posts\/1886\/revisions"}],"predecessor-version":[{"id":1890,"href":"https:\/\/autate.fr\/site\/wp-json\/wp\/v2\/posts\/1886\/revisions\/1890"}],"wp:attachment":[{"href":"https:\/\/autate.fr\/site\/wp-json\/wp\/v2\/media?parent=1886"}],"wp:term":[{"taxonomy":"category","embeddable":true,"href":"https:\/\/autate.fr\/site\/wp-json\/wp\/v2\/categories?post=1886"},{"taxonomy":"post_tag","embeddable":true,"href":"https:\/\/autate.fr\/site\/wp-json\/wp\/v2\/tags?post=1886"}],"curies":[{"name":"wp","href":"https:\/\/api.w.org\/{rel}","templated":true}]}}