{"id":1878,"date":"2017-09-10T11:08:33","date_gmt":"2017-09-10T09:08:33","guid":{"rendered":"http:\/\/autate.fr\/site\/?p=1878"},"modified":"2025-11-21T22:17:38","modified_gmt":"2025-11-21T21:17:38","slug":"mecontentement-dans-le-tad-au-depart-de-colomiers","status":"publish","type":"post","link":"https:\/\/autate.fr\/site\/mecontentement-dans-le-tad-au-depart-de-colomiers\/","title":{"rendered":"M\u00e9contentement dans le TAD au d\u00e9part de Colomiers"},"content":{"rendered":"<p><span class=\"_3oh- _58nk\">M\u00e9contentement dans le TAD 118 au d\u00e9part de la gare SNCF de Colomiers. (Transport A la Demande)<br \/>\n<\/span><\/p>\n<p><span class=\"_3oh- _58nk\">Retard, mini bus surcharg\u00e9, inconfort, manque de personnel<\/span><\/p>\n","protected":false},"excerpt":{"rendered":"<p>M\u00e9contentement dans le TAD 118 au d\u00e9part de la gare SNCF de Colomiers. (Transport A la Demande) Retard, mini bus surcharg\u00e9, inconfort, manque de personnel<\/p>\n","protected":false},"author":1,"featured_media":0,"comment_status":"open","ping_status":"open","sticky":false,"template":"","format":"standard","meta":{"footnotes":""},"categories":[500,514,336],"tags":[385,35,353,341,325,367,384],"class_list":["post-1878","post","type-post","status-publish","format-standard","hentry","category-bus-tisseo","category-tad","category-temoignages","tag-bonde","tag-colomiers","tag-confort","tag-ponctualite","tag-service","tag-surpeuple","tag-tad"],"yoast_head":"<!-- This site is optimized with the Yoast SEO plugin v27.4 - https:\/\/yoast.com\/product\/yoast-seo-wordpress\/ -->\n<title>M\u00e9contentement dans le TAD au d\u00e9part de Colomiers - AUTATE<\/title>\n<meta name=\"robots\" content=\"index, follow, max-snippet:-1, max-image-preview:large, max-video-preview:-1\" \/>\n<link rel=\"canonical\" href=\"https:\/\/autate.fr\/site\/mecontentement-dans-le-tad-au-depart-de-colomiers\/\" \/>\n<meta property=\"og:locale\" content=\"fr_FR\" \/>\n<meta property=\"og:type\" content=\"article\" \/>\n<meta property=\"og:title\" content=\"M\u00e9contentement dans le TAD au d\u00e9part de Colomiers - AUTATE\" \/>\n<meta property=\"og:description\" content=\"M\u00e9contentement dans le TAD 118 au d\u00e9part de la gare SNCF de Colomiers. (Transport A la Demande) Retard, mini bus surcharg\u00e9, inconfort, manque de personnel\" \/>\n<meta property=\"og:url\" content=\"https:\/\/autate.fr\/site\/mecontentement-dans-le-tad-au-depart-de-colomiers\/\" \/>\n<meta property=\"og:site_name\" content=\"AUTATE\" \/>\n<meta property=\"article:publisher\" content=\"https:\/\/www.facebook.com\/AutateToulouse\" \/>\n<meta property=\"article:published_time\" content=\"2017-09-10T09:08:33+00:00\" \/>\n<meta property=\"article:modified_time\" content=\"2025-11-21T21:17:38+00:00\" \/>\n<meta name=\"author\" content=\"pascalbarbier\" \/>\n<meta name=\"twitter:card\" content=\"summary_large_image\" \/>\n<meta name=\"twitter:creator\" content=\"@AutateToulouse\" \/>\n<meta name=\"twitter:site\" content=\"@AutateToulouse\" \/>\n<meta name=\"twitter:label1\" content=\"\u00c9crit par\" \/>\n\t<meta name=\"twitter:data1\" content=\"pascalbarbier\" \/>\n<script type=\"application\/ld+json\" class=\"yoast-schema-graph\">{\"@context\":\"https:\\\/\\\/schema.org\",\"@graph\":[{\"@type\":\"Article\",\"@id\":\"https:\\\/\\\/autate.fr\\\/site\\\/mecontentement-dans-le-tad-au-depart-de-colomiers\\\/#article\",\"isPartOf\":{\"@id\":\"https:\\\/\\\/autate.fr\\\/site\\\/mecontentement-dans-le-tad-au-depart-de-colomiers\\\/\"},\"author\":{\"name\":\"pascalbarbier\",\"@id\":\"https:\\\/\\\/autate.fr\\\/site\\\/#\\\/schema\\\/person\\\/ae1ab8bdaa7b41d2a9b52d2557ce8254\"},\"headline\":\"M\u00e9contentement dans le TAD au d\u00e9part de Colomiers\",\"datePublished\":\"2017-09-10T09:08:33+00:00\",\"dateModified\":\"2025-11-21T21:17:38+00:00\",\"mainEntityOfPage\":{\"@id\":\"https:\\\/\\\/autate.fr\\\/site\\\/mecontentement-dans-le-tad-au-depart-de-colomiers\\\/\"},\"wordCount\":36,\"commentCount\":0,\"publisher\":{\"@id\":\"https:\\\/\\\/autate.fr\\\/site\\\/#organization\"},\"keywords\":[\"bond\u00e9\",\"Colomiers\",\"confort\",\"ponctualit\u00e9\",\"service\",\"surpeupl\u00e9\",\"TAD\"],\"articleSection\":[\"Bus Tisseo\",\"TAD\",\"T\u00e9moignages\"],\"inLanguage\":\"fr-FR\",\"potentialAction\":[{\"@type\":\"CommentAction\",\"name\":\"Comment\",\"target\":[\"https:\\\/\\\/autate.fr\\\/site\\\/mecontentement-dans-le-tad-au-depart-de-colomiers\\\/#respond\"]}]},{\"@type\":\"WebPage\",\"@id\":\"https:\\\/\\\/autate.fr\\\/site\\\/mecontentement-dans-le-tad-au-depart-de-colomiers\\\/\",\"url\":\"https:\\\/\\\/autate.fr\\\/site\\\/mecontentement-dans-le-tad-au-depart-de-colomiers\\\/\",\"name\":\"M\u00e9contentement dans le TAD au d\u00e9part de Colomiers - AUTATE\",\"isPartOf\":{\"@id\":\"https:\\\/\\\/autate.fr\\\/site\\\/#website\"},\"datePublished\":\"2017-09-10T09:08:33+00:00\",\"dateModified\":\"2025-11-21T21:17:38+00:00\",\"breadcrumb\":{\"@id\":\"https:\\\/\\\/autate.fr\\\/site\\\/mecontentement-dans-le-tad-au-depart-de-colomiers\\\/#breadcrumb\"},\"inLanguage\":\"fr-FR\",\"potentialAction\":[{\"@type\":\"ReadAction\",\"target\":[\"https:\\\/\\\/autate.fr\\\/site\\\/mecontentement-dans-le-tad-au-depart-de-colomiers\\\/\"]}]},{\"@type\":\"BreadcrumbList\",\"@id\":\"https:\\\/\\\/autate.fr\\\/site\\\/mecontentement-dans-le-tad-au-depart-de-colomiers\\\/#breadcrumb\",\"itemListElement\":[{\"@type\":\"ListItem\",\"position\":1,\"name\":\"Accueil\",\"item\":\"https:\\\/\\\/autate.fr\\\/site\\\/\"},{\"@type\":\"ListItem\",\"position\":2,\"name\":\"M\u00e9contentement dans le TAD au d\u00e9part de Colomiers\"}]},{\"@type\":\"WebSite\",\"@id\":\"https:\\\/\\\/autate.fr\\\/site\\\/#website\",\"url\":\"https:\\\/\\\/autate.fr\\\/site\\\/\",\"name\":\"AUTATE\",\"description\":\"Association des usagers des transports de l&#039;agglom\u00e9ration Toulousaine et de ses environs\",\"publisher\":{\"@id\":\"https:\\\/\\\/autate.fr\\\/site\\\/#organization\"},\"potentialAction\":[{\"@type\":\"SearchAction\",\"target\":{\"@type\":\"EntryPoint\",\"urlTemplate\":\"https:\\\/\\\/autate.fr\\\/site\\\/?s={search_term_string}\"},\"query-input\":{\"@type\":\"PropertyValueSpecification\",\"valueRequired\":true,\"valueName\":\"search_term_string\"}}],\"inLanguage\":\"fr-FR\"},{\"@type\":\"Organization\",\"@id\":\"https:\\\/\\\/autate.fr\\\/site\\\/#organization\",\"name\":\"AUTATE\",\"url\":\"https:\\\/\\\/autate.fr\\\/site\\\/\",\"logo\":{\"@type\":\"ImageObject\",\"inLanguage\":\"fr-FR\",\"@id\":\"https:\\\/\\\/autate.fr\\\/site\\\/#\\\/schema\\\/logo\\\/image\\\/\",\"url\":\"http:\\\/\\\/autate.fr\\\/site\\\/wp-content\\\/uploads\\\/2019\\\/01\\\/logo.png\",\"contentUrl\":\"http:\\\/\\\/autate.fr\\\/site\\\/wp-content\\\/uploads\\\/2019\\\/01\\\/logo.png\",\"width\":506,\"height\":280,\"caption\":\"AUTATE\"},\"image\":{\"@id\":\"https:\\\/\\\/autate.fr\\\/site\\\/#\\\/schema\\\/logo\\\/image\\\/\"},\"sameAs\":[\"https:\\\/\\\/www.facebook.com\\\/AutateToulouse\",\"https:\\\/\\\/x.com\\\/AutateToulouse\"]},{\"@type\":\"Person\",\"@id\":\"https:\\\/\\\/autate.fr\\\/site\\\/#\\\/schema\\\/person\\\/ae1ab8bdaa7b41d2a9b52d2557ce8254\",\"name\":\"pascalbarbier\",\"image\":{\"@type\":\"ImageObject\",\"inLanguage\":\"fr-FR\",\"@id\":\"https:\\\/\\\/secure.gravatar.com\\\/avatar\\\/03f4e8ced09894b72c67e83142540730d4b3bbf619bf46341b0074e3bf5f08a0?s=96&d=mm&r=g\",\"url\":\"https:\\\/\\\/secure.gravatar.com\\\/avatar\\\/03f4e8ced09894b72c67e83142540730d4b3bbf619bf46341b0074e3bf5f08a0?s=96&d=mm&r=g\",\"contentUrl\":\"https:\\\/\\\/secure.gravatar.com\\\/avatar\\\/03f4e8ced09894b72c67e83142540730d4b3bbf619bf46341b0074e3bf5f08a0?s=96&d=mm&r=g\",\"caption\":\"pascalbarbier\"},\"url\":\"https:\\\/\\\/autate.fr\\\/site\\\/author\\\/pascalbarbier\\\/\"}]}<\/script>\n<!-- \/ Yoast SEO plugin. -->","yoast_head_json":{"title":"M\u00e9contentement dans le TAD au d\u00e9part de Colomiers - AUTATE","robots":{"index":"index","follow":"follow","max-snippet":"max-snippet:-1","max-image-preview":"max-image-preview:large","max-video-preview":"max-video-preview:-1"},"canonical":"https:\/\/autate.fr\/site\/mecontentement-dans-le-tad-au-depart-de-colomiers\/","og_locale":"fr_FR","og_type":"article","og_title":"M\u00e9contentement dans le TAD au d\u00e9part de Colomiers - AUTATE","og_description":"M\u00e9contentement dans le TAD 118 au d\u00e9part de la gare SNCF de Colomiers. (Transport A la Demande) Retard, mini bus surcharg\u00e9, inconfort, manque de personnel","og_url":"https:\/\/autate.fr\/site\/mecontentement-dans-le-tad-au-depart-de-colomiers\/","og_site_name":"AUTATE","article_publisher":"https:\/\/www.facebook.com\/AutateToulouse","article_published_time":"2017-09-10T09:08:33+00:00","article_modified_time":"2025-11-21T21:17:38+00:00","author":"pascalbarbier","twitter_card":"summary_large_image","twitter_creator":"@AutateToulouse","twitter_site":"@AutateToulouse","twitter_misc":{"\u00c9crit par":"pascalbarbier"},"schema":{"@context":"https:\/\/schema.org","@graph":[{"@type":"Article","@id":"https:\/\/autate.fr\/site\/mecontentement-dans-le-tad-au-depart-de-colomiers\/#article","isPartOf":{"@id":"https:\/\/autate.fr\/site\/mecontentement-dans-le-tad-au-depart-de-colomiers\/"},"author":{"name":"pascalbarbier","@id":"https:\/\/autate.fr\/site\/#\/schema\/person\/ae1ab8bdaa7b41d2a9b52d2557ce8254"},"headline":"M\u00e9contentement dans le TAD au d\u00e9part de Colomiers","datePublished":"2017-09-10T09:08:33+00:00","dateModified":"2025-11-21T21:17:38+00:00","mainEntityOfPage":{"@id":"https:\/\/autate.fr\/site\/mecontentement-dans-le-tad-au-depart-de-colomiers\/"},"wordCount":36,"commentCount":0,"publisher":{"@id":"https:\/\/autate.fr\/site\/#organization"},"keywords":["bond\u00e9","Colomiers","confort","ponctualit\u00e9","service","surpeupl\u00e9","TAD"],"articleSection":["Bus Tisseo","TAD","T\u00e9moignages"],"inLanguage":"fr-FR","potentialAction":[{"@type":"CommentAction","name":"Comment","target":["https:\/\/autate.fr\/site\/mecontentement-dans-le-tad-au-depart-de-colomiers\/#respond"]}]},{"@type":"WebPage","@id":"https:\/\/autate.fr\/site\/mecontentement-dans-le-tad-au-depart-de-colomiers\/","url":"https:\/\/autate.fr\/site\/mecontentement-dans-le-tad-au-depart-de-colomiers\/","name":"M\u00e9contentement dans le TAD au d\u00e9part de Colomiers - AUTATE","isPartOf":{"@id":"https:\/\/autate.fr\/site\/#website"},"datePublished":"2017-09-10T09:08:33+00:00","dateModified":"2025-11-21T21:17:38+00:00","breadcrumb":{"@id":"https:\/\/autate.fr\/site\/mecontentement-dans-le-tad-au-depart-de-colomiers\/#breadcrumb"},"inLanguage":"fr-FR","potentialAction":[{"@type":"ReadAction","target":["https:\/\/autate.fr\/site\/mecontentement-dans-le-tad-au-depart-de-colomiers\/"]}]},{"@type":"BreadcrumbList","@id":"https:\/\/autate.fr\/site\/mecontentement-dans-le-tad-au-depart-de-colomiers\/#breadcrumb","itemListElement":[{"@type":"ListItem","position":1,"name":"Accueil","item":"https:\/\/autate.fr\/site\/"},{"@type":"ListItem","position":2,"name":"M\u00e9contentement dans le TAD au d\u00e9part de Colomiers"}]},{"@type":"WebSite","@id":"https:\/\/autate.fr\/site\/#website","url":"https:\/\/autate.fr\/site\/","name":"AUTATE","description":"Association des usagers des transports de l&#039;agglom\u00e9ration Toulousaine et de ses environs","publisher":{"@id":"https:\/\/autate.fr\/site\/#organization"},"potentialAction":[{"@type":"SearchAction","target":{"@type":"EntryPoint","urlTemplate":"https:\/\/autate.fr\/site\/?s={search_term_string}"},"query-input":{"@type":"PropertyValueSpecification","valueRequired":true,"valueName":"search_term_string"}}],"inLanguage":"fr-FR"},{"@type":"Organization","@id":"https:\/\/autate.fr\/site\/#organization","name":"AUTATE","url":"https:\/\/autate.fr\/site\/","logo":{"@type":"ImageObject","inLanguage":"fr-FR","@id":"https:\/\/autate.fr\/site\/#\/schema\/logo\/image\/","url":"http:\/\/autate.fr\/site\/wp-content\/uploads\/2019\/01\/logo.png","contentUrl":"http:\/\/autate.fr\/site\/wp-content\/uploads\/2019\/01\/logo.png","width":506,"height":280,"caption":"AUTATE"},"image":{"@id":"https:\/\/autate.fr\/site\/#\/schema\/logo\/image\/"},"sameAs":["https:\/\/www.facebook.com\/AutateToulouse","https:\/\/x.com\/AutateToulouse"]},{"@type":"Person","@id":"https:\/\/autate.fr\/site\/#\/schema\/person\/ae1ab8bdaa7b41d2a9b52d2557ce8254","name":"pascalbarbier","image":{"@type":"ImageObject","inLanguage":"fr-FR","@id":"https:\/\/secure.gravatar.com\/avatar\/03f4e8ced09894b72c67e83142540730d4b3bbf619bf46341b0074e3bf5f08a0?s=96&d=mm&r=g","url":"https:\/\/secure.gravatar.com\/avatar\/03f4e8ced09894b72c67e83142540730d4b3bbf619bf46341b0074e3bf5f08a0?s=96&d=mm&r=g","contentUrl":"https:\/\/secure.gravatar.com\/avatar\/03f4e8ced09894b72c67e83142540730d4b3bbf619bf46341b0074e3bf5f08a0?s=96&d=mm&r=g","caption":"pascalbarbier"},"url":"https:\/\/autate.fr\/site\/author\/pascalbarbier\/"}]}},"_links":{"self":[{"href":"https:\/\/autate.fr\/site\/wp-json\/wp\/v2\/posts\/1878","targetHints":{"allow":["GET"]}}],"collection":[{"href":"https:\/\/autate.fr\/site\/wp-json\/wp\/v2\/posts"}],"about":[{"href":"https:\/\/autate.fr\/site\/wp-json\/wp\/v2\/types\/post"}],"author":[{"embeddable":true,"href":"https:\/\/autate.fr\/site\/wp-json\/wp\/v2\/users\/1"}],"replies":[{"embeddable":true,"href":"https:\/\/autate.fr\/site\/wp-json\/wp\/v2\/comments?post=1878"}],"version-history":[{"count":1,"href":"https:\/\/autate.fr\/site\/wp-json\/wp\/v2\/posts\/1878\/revisions"}],"predecessor-version":[{"id":1879,"href":"https:\/\/autate.fr\/site\/wp-json\/wp\/v2\/posts\/1878\/revisions\/1879"}],"wp:attachment":[{"href":"https:\/\/autate.fr\/site\/wp-json\/wp\/v2\/media?parent=1878"}],"wp:term":[{"taxonomy":"category","embeddable":true,"href":"https:\/\/autate.fr\/site\/wp-json\/wp\/v2\/categories?post=1878"},{"taxonomy":"post_tag","embeddable":true,"href":"https:\/\/autate.fr\/site\/wp-json\/wp\/v2\/tags?post=1878"}],"curies":[{"name":"wp","href":"https:\/\/api.w.org\/{rel}","templated":true}]}}