{"id":1874,"date":"2017-09-01T11:03:24","date_gmt":"2017-09-01T09:03:24","guid":{"rendered":"http:\/\/autate.fr\/site\/?p=1874"},"modified":"2017-09-29T11:06:17","modified_gmt":"2017-09-29T09:06:17","slug":"priorite-au-bus-accessibilite-dune-station","status":"publish","type":"post","link":"https:\/\/autate.fr\/site\/priorite-au-bus-accessibilite-dune-station\/","title":{"rendered":"Priorit\u00e9 au bus \/ accessibilit\u00e9 d&rsquo;une station"},"content":{"rendered":"<p>Le rond point du carrefour Av Marcel Doret \u2013 Rte d\u2019Agde dans le sens Gramont Marengo : les bus sont oblig\u00e9s d\u2019attendre le bon vouloir d\u2019un automobiliste, venant en sens inverse pour pouvoir \u00absortir \u00bb du rond-point.<br \/>\nIl faut absolument demander la modification, voire le d\u00e9mant\u00e8lement de ce rond-point. Il ne sert \u00e0 rien, si ce n\u2019est \u00abcasser\u00bb la vitesse. Voir pour le remplacer par une plateforme.<\/p>\n<p>A l\u2019arr\u00eat Jolimont (haut), sens Marengo Gramont, les <strong>barri\u00e8res anti stationnement<\/strong> n\u2019ont pas \u00e9t\u00e9 retir\u00e9es, donc les usagers avec poussette ne pouvaient pas descendre, les autres devaient se contorsionner.<br \/>\nIl faudrait que Tiss\u00e9o am\u00e9nage cet espace ou d\u00e9place l\u2019arr\u00eat.<\/p>\n","protected":false},"excerpt":{"rendered":"<p>Le rond point du carrefour Av Marcel Doret \u2013 Rte d\u2019Agde dans le sens Gramont Marengo : les bus sont oblig\u00e9s d\u2019attendre le bon vouloir d\u2019un automobiliste, venant en sens inverse pour pouvoir \u00absortir \u00bb du rond-point. Il faut absolument demander la modification, voire le d\u00e9mant\u00e8lement de ce rond-point. Il ne sert \u00e0 rien, si<\/p>\n<p class=\"more-link\"><a href=\"https:\/\/autate.fr\/site\/priorite-au-bus-accessibilite-dune-station\/\" class=\"themebutton2\">VOIR PLUS<\/a><\/p>\n","protected":false},"author":1,"featured_media":0,"comment_status":"open","ping_status":"open","sticky":false,"template":"","format":"standard","meta":{"footnotes":""},"categories":[336],"tags":[399,396,61,397,398,395],"class_list":["post-1874","post","type-post","status-publish","format-standard","hentry","category-temoignages","tag-accessibilite","tag-barriere","tag-bus","tag-priorite","tag-rond-point","tag-station"],"yoast_head":"<!-- This site is optimized with the Yoast SEO plugin v27.4 - https:\/\/yoast.com\/product\/yoast-seo-wordpress\/ -->\n<title>Priorit\u00e9 au bus \/ accessibilit\u00e9 d&#039;une station - AUTATE<\/title>\n<meta name=\"robots\" content=\"index, follow, max-snippet:-1, max-image-preview:large, max-video-preview:-1\" \/>\n<link rel=\"canonical\" href=\"https:\/\/autate.fr\/site\/priorite-au-bus-accessibilite-dune-station\/\" \/>\n<meta property=\"og:locale\" content=\"fr_FR\" \/>\n<meta property=\"og:type\" content=\"article\" \/>\n<meta property=\"og:title\" content=\"Priorit\u00e9 au bus \/ accessibilit\u00e9 d&#039;une station - AUTATE\" \/>\n<meta property=\"og:description\" content=\"Le rond point du carrefour Av Marcel Doret \u2013 Rte d\u2019Agde dans le sens Gramont Marengo : les bus sont oblig\u00e9s d\u2019attendre le bon vouloir d\u2019un automobiliste, venant en sens inverse pour pouvoir \u00absortir \u00bb du rond-point. Il faut absolument demander la modification, voire le d\u00e9mant\u00e8lement de ce rond-point. Il ne sert \u00e0 rien, siVOIR PLUS\" \/>\n<meta property=\"og:url\" content=\"https:\/\/autate.fr\/site\/priorite-au-bus-accessibilite-dune-station\/\" \/>\n<meta property=\"og:site_name\" content=\"AUTATE\" \/>\n<meta property=\"article:publisher\" content=\"https:\/\/www.facebook.com\/AutateToulouse\" \/>\n<meta property=\"article:published_time\" content=\"2017-09-01T09:03:24+00:00\" \/>\n<meta property=\"article:modified_time\" content=\"2017-09-29T09:06:17+00:00\" \/>\n<meta name=\"author\" content=\"pascalbarbier\" \/>\n<meta name=\"twitter:card\" content=\"summary_large_image\" \/>\n<meta name=\"twitter:creator\" content=\"@AutateToulouse\" \/>\n<meta name=\"twitter:site\" content=\"@AutateToulouse\" \/>\n<meta name=\"twitter:label1\" content=\"\u00c9crit par\" \/>\n\t<meta name=\"twitter:data1\" content=\"pascalbarbier\" \/>\n\t<meta name=\"twitter:label2\" content=\"Dur\u00e9e de lecture estim\u00e9e\" \/>\n\t<meta name=\"twitter:data2\" content=\"1 minute\" \/>\n<script type=\"application\/ld+json\" class=\"yoast-schema-graph\">{\"@context\":\"https:\\\/\\\/schema.org\",\"@graph\":[{\"@type\":\"Article\",\"@id\":\"https:\\\/\\\/autate.fr\\\/site\\\/priorite-au-bus-accessibilite-dune-station\\\/#article\",\"isPartOf\":{\"@id\":\"https:\\\/\\\/autate.fr\\\/site\\\/priorite-au-bus-accessibilite-dune-station\\\/\"},\"author\":{\"name\":\"pascalbarbier\",\"@id\":\"https:\\\/\\\/autate.fr\\\/site\\\/#\\\/schema\\\/person\\\/ae1ab8bdaa7b41d2a9b52d2557ce8254\"},\"headline\":\"Priorit\u00e9 au bus \\\/ accessibilit\u00e9 d&rsquo;une station\",\"datePublished\":\"2017-09-01T09:03:24+00:00\",\"dateModified\":\"2017-09-29T09:06:17+00:00\",\"mainEntityOfPage\":{\"@id\":\"https:\\\/\\\/autate.fr\\\/site\\\/priorite-au-bus-accessibilite-dune-station\\\/\"},\"wordCount\":125,\"commentCount\":0,\"publisher\":{\"@id\":\"https:\\\/\\\/autate.fr\\\/site\\\/#organization\"},\"keywords\":[\"accessibilit\u00e9\",\"barri\u00e8re\",\"bus\",\"priorit\u00e9\",\"rond-point\",\"station\"],\"articleSection\":[\"T\u00e9moignages\"],\"inLanguage\":\"fr-FR\",\"potentialAction\":[{\"@type\":\"CommentAction\",\"name\":\"Comment\",\"target\":[\"https:\\\/\\\/autate.fr\\\/site\\\/priorite-au-bus-accessibilite-dune-station\\\/#respond\"]}]},{\"@type\":\"WebPage\",\"@id\":\"https:\\\/\\\/autate.fr\\\/site\\\/priorite-au-bus-accessibilite-dune-station\\\/\",\"url\":\"https:\\\/\\\/autate.fr\\\/site\\\/priorite-au-bus-accessibilite-dune-station\\\/\",\"name\":\"Priorit\u00e9 au bus \\\/ accessibilit\u00e9 d'une station - AUTATE\",\"isPartOf\":{\"@id\":\"https:\\\/\\\/autate.fr\\\/site\\\/#website\"},\"datePublished\":\"2017-09-01T09:03:24+00:00\",\"dateModified\":\"2017-09-29T09:06:17+00:00\",\"breadcrumb\":{\"@id\":\"https:\\\/\\\/autate.fr\\\/site\\\/priorite-au-bus-accessibilite-dune-station\\\/#breadcrumb\"},\"inLanguage\":\"fr-FR\",\"potentialAction\":[{\"@type\":\"ReadAction\",\"target\":[\"https:\\\/\\\/autate.fr\\\/site\\\/priorite-au-bus-accessibilite-dune-station\\\/\"]}]},{\"@type\":\"BreadcrumbList\",\"@id\":\"https:\\\/\\\/autate.fr\\\/site\\\/priorite-au-bus-accessibilite-dune-station\\\/#breadcrumb\",\"itemListElement\":[{\"@type\":\"ListItem\",\"position\":1,\"name\":\"Accueil\",\"item\":\"https:\\\/\\\/autate.fr\\\/site\\\/\"},{\"@type\":\"ListItem\",\"position\":2,\"name\":\"Priorit\u00e9 au bus \\\/ accessibilit\u00e9 d&rsquo;une station\"}]},{\"@type\":\"WebSite\",\"@id\":\"https:\\\/\\\/autate.fr\\\/site\\\/#website\",\"url\":\"https:\\\/\\\/autate.fr\\\/site\\\/\",\"name\":\"AUTATE\",\"description\":\"Association des usagers des transports de l&#039;agglom\u00e9ration Toulousaine et de ses environs\",\"publisher\":{\"@id\":\"https:\\\/\\\/autate.fr\\\/site\\\/#organization\"},\"potentialAction\":[{\"@type\":\"SearchAction\",\"target\":{\"@type\":\"EntryPoint\",\"urlTemplate\":\"https:\\\/\\\/autate.fr\\\/site\\\/?s={search_term_string}\"},\"query-input\":{\"@type\":\"PropertyValueSpecification\",\"valueRequired\":true,\"valueName\":\"search_term_string\"}}],\"inLanguage\":\"fr-FR\"},{\"@type\":\"Organization\",\"@id\":\"https:\\\/\\\/autate.fr\\\/site\\\/#organization\",\"name\":\"AUTATE\",\"url\":\"https:\\\/\\\/autate.fr\\\/site\\\/\",\"logo\":{\"@type\":\"ImageObject\",\"inLanguage\":\"fr-FR\",\"@id\":\"https:\\\/\\\/autate.fr\\\/site\\\/#\\\/schema\\\/logo\\\/image\\\/\",\"url\":\"http:\\\/\\\/autate.fr\\\/site\\\/wp-content\\\/uploads\\\/2019\\\/01\\\/logo.png\",\"contentUrl\":\"http:\\\/\\\/autate.fr\\\/site\\\/wp-content\\\/uploads\\\/2019\\\/01\\\/logo.png\",\"width\":506,\"height\":280,\"caption\":\"AUTATE\"},\"image\":{\"@id\":\"https:\\\/\\\/autate.fr\\\/site\\\/#\\\/schema\\\/logo\\\/image\\\/\"},\"sameAs\":[\"https:\\\/\\\/www.facebook.com\\\/AutateToulouse\",\"https:\\\/\\\/x.com\\\/AutateToulouse\"]},{\"@type\":\"Person\",\"@id\":\"https:\\\/\\\/autate.fr\\\/site\\\/#\\\/schema\\\/person\\\/ae1ab8bdaa7b41d2a9b52d2557ce8254\",\"name\":\"pascalbarbier\",\"image\":{\"@type\":\"ImageObject\",\"inLanguage\":\"fr-FR\",\"@id\":\"https:\\\/\\\/secure.gravatar.com\\\/avatar\\\/03f4e8ced09894b72c67e83142540730d4b3bbf619bf46341b0074e3bf5f08a0?s=96&d=mm&r=g\",\"url\":\"https:\\\/\\\/secure.gravatar.com\\\/avatar\\\/03f4e8ced09894b72c67e83142540730d4b3bbf619bf46341b0074e3bf5f08a0?s=96&d=mm&r=g\",\"contentUrl\":\"https:\\\/\\\/secure.gravatar.com\\\/avatar\\\/03f4e8ced09894b72c67e83142540730d4b3bbf619bf46341b0074e3bf5f08a0?s=96&d=mm&r=g\",\"caption\":\"pascalbarbier\"},\"url\":\"https:\\\/\\\/autate.fr\\\/site\\\/author\\\/pascalbarbier\\\/\"}]}<\/script>\n<!-- \/ Yoast SEO plugin. -->","yoast_head_json":{"title":"Priorit\u00e9 au bus \/ accessibilit\u00e9 d'une station - AUTATE","robots":{"index":"index","follow":"follow","max-snippet":"max-snippet:-1","max-image-preview":"max-image-preview:large","max-video-preview":"max-video-preview:-1"},"canonical":"https:\/\/autate.fr\/site\/priorite-au-bus-accessibilite-dune-station\/","og_locale":"fr_FR","og_type":"article","og_title":"Priorit\u00e9 au bus \/ accessibilit\u00e9 d'une station - AUTATE","og_description":"Le rond point du carrefour Av Marcel Doret \u2013 Rte d\u2019Agde dans le sens Gramont Marengo : les bus sont oblig\u00e9s d\u2019attendre le bon vouloir d\u2019un automobiliste, venant en sens inverse pour pouvoir \u00absortir \u00bb du rond-point. Il faut absolument demander la modification, voire le d\u00e9mant\u00e8lement de ce rond-point. Il ne sert \u00e0 rien, siVOIR PLUS","og_url":"https:\/\/autate.fr\/site\/priorite-au-bus-accessibilite-dune-station\/","og_site_name":"AUTATE","article_publisher":"https:\/\/www.facebook.com\/AutateToulouse","article_published_time":"2017-09-01T09:03:24+00:00","article_modified_time":"2017-09-29T09:06:17+00:00","author":"pascalbarbier","twitter_card":"summary_large_image","twitter_creator":"@AutateToulouse","twitter_site":"@AutateToulouse","twitter_misc":{"\u00c9crit par":"pascalbarbier","Dur\u00e9e de lecture estim\u00e9e":"1 minute"},"schema":{"@context":"https:\/\/schema.org","@graph":[{"@type":"Article","@id":"https:\/\/autate.fr\/site\/priorite-au-bus-accessibilite-dune-station\/#article","isPartOf":{"@id":"https:\/\/autate.fr\/site\/priorite-au-bus-accessibilite-dune-station\/"},"author":{"name":"pascalbarbier","@id":"https:\/\/autate.fr\/site\/#\/schema\/person\/ae1ab8bdaa7b41d2a9b52d2557ce8254"},"headline":"Priorit\u00e9 au bus \/ accessibilit\u00e9 d&rsquo;une station","datePublished":"2017-09-01T09:03:24+00:00","dateModified":"2017-09-29T09:06:17+00:00","mainEntityOfPage":{"@id":"https:\/\/autate.fr\/site\/priorite-au-bus-accessibilite-dune-station\/"},"wordCount":125,"commentCount":0,"publisher":{"@id":"https:\/\/autate.fr\/site\/#organization"},"keywords":["accessibilit\u00e9","barri\u00e8re","bus","priorit\u00e9","rond-point","station"],"articleSection":["T\u00e9moignages"],"inLanguage":"fr-FR","potentialAction":[{"@type":"CommentAction","name":"Comment","target":["https:\/\/autate.fr\/site\/priorite-au-bus-accessibilite-dune-station\/#respond"]}]},{"@type":"WebPage","@id":"https:\/\/autate.fr\/site\/priorite-au-bus-accessibilite-dune-station\/","url":"https:\/\/autate.fr\/site\/priorite-au-bus-accessibilite-dune-station\/","name":"Priorit\u00e9 au bus \/ accessibilit\u00e9 d'une station - AUTATE","isPartOf":{"@id":"https:\/\/autate.fr\/site\/#website"},"datePublished":"2017-09-01T09:03:24+00:00","dateModified":"2017-09-29T09:06:17+00:00","breadcrumb":{"@id":"https:\/\/autate.fr\/site\/priorite-au-bus-accessibilite-dune-station\/#breadcrumb"},"inLanguage":"fr-FR","potentialAction":[{"@type":"ReadAction","target":["https:\/\/autate.fr\/site\/priorite-au-bus-accessibilite-dune-station\/"]}]},{"@type":"BreadcrumbList","@id":"https:\/\/autate.fr\/site\/priorite-au-bus-accessibilite-dune-station\/#breadcrumb","itemListElement":[{"@type":"ListItem","position":1,"name":"Accueil","item":"https:\/\/autate.fr\/site\/"},{"@type":"ListItem","position":2,"name":"Priorit\u00e9 au bus \/ accessibilit\u00e9 d&rsquo;une station"}]},{"@type":"WebSite","@id":"https:\/\/autate.fr\/site\/#website","url":"https:\/\/autate.fr\/site\/","name":"AUTATE","description":"Association des usagers des transports de l&#039;agglom\u00e9ration Toulousaine et de ses environs","publisher":{"@id":"https:\/\/autate.fr\/site\/#organization"},"potentialAction":[{"@type":"SearchAction","target":{"@type":"EntryPoint","urlTemplate":"https:\/\/autate.fr\/site\/?s={search_term_string}"},"query-input":{"@type":"PropertyValueSpecification","valueRequired":true,"valueName":"search_term_string"}}],"inLanguage":"fr-FR"},{"@type":"Organization","@id":"https:\/\/autate.fr\/site\/#organization","name":"AUTATE","url":"https:\/\/autate.fr\/site\/","logo":{"@type":"ImageObject","inLanguage":"fr-FR","@id":"https:\/\/autate.fr\/site\/#\/schema\/logo\/image\/","url":"http:\/\/autate.fr\/site\/wp-content\/uploads\/2019\/01\/logo.png","contentUrl":"http:\/\/autate.fr\/site\/wp-content\/uploads\/2019\/01\/logo.png","width":506,"height":280,"caption":"AUTATE"},"image":{"@id":"https:\/\/autate.fr\/site\/#\/schema\/logo\/image\/"},"sameAs":["https:\/\/www.facebook.com\/AutateToulouse","https:\/\/x.com\/AutateToulouse"]},{"@type":"Person","@id":"https:\/\/autate.fr\/site\/#\/schema\/person\/ae1ab8bdaa7b41d2a9b52d2557ce8254","name":"pascalbarbier","image":{"@type":"ImageObject","inLanguage":"fr-FR","@id":"https:\/\/secure.gravatar.com\/avatar\/03f4e8ced09894b72c67e83142540730d4b3bbf619bf46341b0074e3bf5f08a0?s=96&d=mm&r=g","url":"https:\/\/secure.gravatar.com\/avatar\/03f4e8ced09894b72c67e83142540730d4b3bbf619bf46341b0074e3bf5f08a0?s=96&d=mm&r=g","contentUrl":"https:\/\/secure.gravatar.com\/avatar\/03f4e8ced09894b72c67e83142540730d4b3bbf619bf46341b0074e3bf5f08a0?s=96&d=mm&r=g","caption":"pascalbarbier"},"url":"https:\/\/autate.fr\/site\/author\/pascalbarbier\/"}]}},"_links":{"self":[{"href":"https:\/\/autate.fr\/site\/wp-json\/wp\/v2\/posts\/1874","targetHints":{"allow":["GET"]}}],"collection":[{"href":"https:\/\/autate.fr\/site\/wp-json\/wp\/v2\/posts"}],"about":[{"href":"https:\/\/autate.fr\/site\/wp-json\/wp\/v2\/types\/post"}],"author":[{"embeddable":true,"href":"https:\/\/autate.fr\/site\/wp-json\/wp\/v2\/users\/1"}],"replies":[{"embeddable":true,"href":"https:\/\/autate.fr\/site\/wp-json\/wp\/v2\/comments?post=1874"}],"version-history":[{"count":1,"href":"https:\/\/autate.fr\/site\/wp-json\/wp\/v2\/posts\/1874\/revisions"}],"predecessor-version":[{"id":1875,"href":"https:\/\/autate.fr\/site\/wp-json\/wp\/v2\/posts\/1874\/revisions\/1875"}],"wp:attachment":[{"href":"https:\/\/autate.fr\/site\/wp-json\/wp\/v2\/media?parent=1874"}],"wp:term":[{"taxonomy":"category","embeddable":true,"href":"https:\/\/autate.fr\/site\/wp-json\/wp\/v2\/categories?post=1874"},{"taxonomy":"post_tag","embeddable":true,"href":"https:\/\/autate.fr\/site\/wp-json\/wp\/v2\/tags?post=1874"}],"curies":[{"name":"wp","href":"https:\/\/api.w.org\/{rel}","templated":true}]}}