{"id":1856,"date":"2017-06-29T10:45:44","date_gmt":"2017-06-29T08:45:44","guid":{"rendered":"http:\/\/autate.fr\/site\/?p=1856"},"modified":"2017-09-29T10:46:58","modified_gmt":"2017-09-29T08:46:58","slug":"des-abribus-a-blagnac-et-a-toulouse","status":"publish","type":"post","link":"https:\/\/autate.fr\/site\/des-abribus-a-blagnac-et-a-toulouse\/","title":{"rendered":"Des abribus \u00e0 Blagnac et \u00e0 Toulouse"},"content":{"rendered":"<p>Les usagers de <b>Blagnac<\/b> demandent <strong>2 abribus<\/strong> qui manquent dans des endroits tr\u00e8s fr\u00e9quent\u00e9s :<\/p>\n<p>-devant la mairie, 70 direction Lyc\u00e9e. Les travaux vont durer plusieurs mois, arr\u00eat d\u00e9plac\u00e9, il ne reste qu\u20191 poteau isol\u00e9 non abrit\u00e9<\/p>\n<p>-pr\u00e8s du centre commercial, bus 17 rare, arr\u00eat Joseph Strauss sans banc ni abri) et on est oblig\u00e9s d\u2019attendre par terre sur le trottoir.<\/p>\n<p>A Toulouse, les usagers demandent \u00e9galement des <strong>abribus<\/strong> :<\/p>\n<p>A Basso Cambo : les usagers sont assis sur le trottoir en attente du 117 . C\u2019est une ligne peu fr\u00e9quente donc il faut attendre son bus.\u00a0 Il n\u2019y a pas de banc, rien pour s\u2019assoir\u2026<\/p>\n","protected":false},"excerpt":{"rendered":"<p>Les usagers de Blagnac demandent 2 abribus qui manquent dans des endroits tr\u00e8s fr\u00e9quent\u00e9s : -devant la mairie, 70 direction Lyc\u00e9e. Les travaux vont durer plusieurs mois, arr\u00eat d\u00e9plac\u00e9, il ne reste qu\u20191 poteau isol\u00e9 non abrit\u00e9 -pr\u00e8s du centre commercial, bus 17 rare, arr\u00eat Joseph Strauss sans banc ni abri) et on est oblig\u00e9s<\/p>\n<p class=\"more-link\"><a href=\"https:\/\/autate.fr\/site\/des-abribus-a-blagnac-et-a-toulouse\/\" class=\"themebutton2\">VOIR PLUS<\/a><\/p>\n","protected":false},"author":1,"featured_media":0,"comment_status":"open","ping_status":"open","sticky":false,"template":"","format":"standard","meta":{"footnotes":""},"categories":[336],"tags":[386,34],"class_list":["post-1856","post","type-post","status-publish","format-standard","hentry","category-temoignages","tag-abribus","tag-blagnac"],"yoast_head":"<!-- This site is optimized with the Yoast SEO plugin v27.4 - https:\/\/yoast.com\/product\/yoast-seo-wordpress\/ -->\n<title>Des abribus \u00e0 Blagnac et \u00e0 Toulouse - AUTATE<\/title>\n<meta name=\"robots\" content=\"index, follow, max-snippet:-1, max-image-preview:large, max-video-preview:-1\" \/>\n<link rel=\"canonical\" href=\"https:\/\/autate.fr\/site\/des-abribus-a-blagnac-et-a-toulouse\/\" \/>\n<meta property=\"og:locale\" content=\"fr_FR\" \/>\n<meta property=\"og:type\" content=\"article\" \/>\n<meta property=\"og:title\" content=\"Des abribus \u00e0 Blagnac et \u00e0 Toulouse - AUTATE\" \/>\n<meta property=\"og:description\" content=\"Les usagers de Blagnac demandent 2 abribus qui manquent dans des endroits tr\u00e8s fr\u00e9quent\u00e9s : -devant la mairie, 70 direction Lyc\u00e9e. Les travaux vont durer plusieurs mois, arr\u00eat d\u00e9plac\u00e9, il ne reste qu\u20191 poteau isol\u00e9 non abrit\u00e9 -pr\u00e8s du centre commercial, bus 17 rare, arr\u00eat Joseph Strauss sans banc ni abri) et on est oblig\u00e9sVOIR PLUS\" \/>\n<meta property=\"og:url\" content=\"https:\/\/autate.fr\/site\/des-abribus-a-blagnac-et-a-toulouse\/\" \/>\n<meta property=\"og:site_name\" content=\"AUTATE\" \/>\n<meta property=\"article:publisher\" content=\"https:\/\/www.facebook.com\/AutateToulouse\" \/>\n<meta property=\"article:published_time\" content=\"2017-06-29T08:45:44+00:00\" \/>\n<meta property=\"article:modified_time\" content=\"2017-09-29T08:46:58+00:00\" \/>\n<meta name=\"author\" content=\"pascalbarbier\" \/>\n<meta name=\"twitter:card\" content=\"summary_large_image\" \/>\n<meta name=\"twitter:creator\" content=\"@AutateToulouse\" \/>\n<meta name=\"twitter:site\" content=\"@AutateToulouse\" \/>\n<meta name=\"twitter:label1\" content=\"\u00c9crit par\" \/>\n\t<meta name=\"twitter:data1\" content=\"pascalbarbier\" \/>\n\t<meta name=\"twitter:label2\" content=\"Dur\u00e9e de lecture estim\u00e9e\" \/>\n\t<meta name=\"twitter:data2\" content=\"1 minute\" \/>\n<script type=\"application\/ld+json\" class=\"yoast-schema-graph\">{\"@context\":\"https:\\\/\\\/schema.org\",\"@graph\":[{\"@type\":\"Article\",\"@id\":\"https:\\\/\\\/autate.fr\\\/site\\\/des-abribus-a-blagnac-et-a-toulouse\\\/#article\",\"isPartOf\":{\"@id\":\"https:\\\/\\\/autate.fr\\\/site\\\/des-abribus-a-blagnac-et-a-toulouse\\\/\"},\"author\":{\"name\":\"pascalbarbier\",\"@id\":\"https:\\\/\\\/autate.fr\\\/site\\\/#\\\/schema\\\/person\\\/ae1ab8bdaa7b41d2a9b52d2557ce8254\"},\"headline\":\"Des abribus \u00e0 Blagnac et \u00e0 Toulouse\",\"datePublished\":\"2017-06-29T08:45:44+00:00\",\"dateModified\":\"2017-09-29T08:46:58+00:00\",\"mainEntityOfPage\":{\"@id\":\"https:\\\/\\\/autate.fr\\\/site\\\/des-abribus-a-blagnac-et-a-toulouse\\\/\"},\"wordCount\":117,\"commentCount\":0,\"publisher\":{\"@id\":\"https:\\\/\\\/autate.fr\\\/site\\\/#organization\"},\"keywords\":[\"abribus\",\"Blagnac\"],\"articleSection\":[\"T\u00e9moignages\"],\"inLanguage\":\"fr-FR\",\"potentialAction\":[{\"@type\":\"CommentAction\",\"name\":\"Comment\",\"target\":[\"https:\\\/\\\/autate.fr\\\/site\\\/des-abribus-a-blagnac-et-a-toulouse\\\/#respond\"]}]},{\"@type\":\"WebPage\",\"@id\":\"https:\\\/\\\/autate.fr\\\/site\\\/des-abribus-a-blagnac-et-a-toulouse\\\/\",\"url\":\"https:\\\/\\\/autate.fr\\\/site\\\/des-abribus-a-blagnac-et-a-toulouse\\\/\",\"name\":\"Des abribus \u00e0 Blagnac et \u00e0 Toulouse - AUTATE\",\"isPartOf\":{\"@id\":\"https:\\\/\\\/autate.fr\\\/site\\\/#website\"},\"datePublished\":\"2017-06-29T08:45:44+00:00\",\"dateModified\":\"2017-09-29T08:46:58+00:00\",\"breadcrumb\":{\"@id\":\"https:\\\/\\\/autate.fr\\\/site\\\/des-abribus-a-blagnac-et-a-toulouse\\\/#breadcrumb\"},\"inLanguage\":\"fr-FR\",\"potentialAction\":[{\"@type\":\"ReadAction\",\"target\":[\"https:\\\/\\\/autate.fr\\\/site\\\/des-abribus-a-blagnac-et-a-toulouse\\\/\"]}]},{\"@type\":\"BreadcrumbList\",\"@id\":\"https:\\\/\\\/autate.fr\\\/site\\\/des-abribus-a-blagnac-et-a-toulouse\\\/#breadcrumb\",\"itemListElement\":[{\"@type\":\"ListItem\",\"position\":1,\"name\":\"Accueil\",\"item\":\"https:\\\/\\\/autate.fr\\\/site\\\/\"},{\"@type\":\"ListItem\",\"position\":2,\"name\":\"Des abribus \u00e0 Blagnac et \u00e0 Toulouse\"}]},{\"@type\":\"WebSite\",\"@id\":\"https:\\\/\\\/autate.fr\\\/site\\\/#website\",\"url\":\"https:\\\/\\\/autate.fr\\\/site\\\/\",\"name\":\"AUTATE\",\"description\":\"Association des usagers des transports de l&#039;agglom\u00e9ration Toulousaine et de ses environs\",\"publisher\":{\"@id\":\"https:\\\/\\\/autate.fr\\\/site\\\/#organization\"},\"potentialAction\":[{\"@type\":\"SearchAction\",\"target\":{\"@type\":\"EntryPoint\",\"urlTemplate\":\"https:\\\/\\\/autate.fr\\\/site\\\/?s={search_term_string}\"},\"query-input\":{\"@type\":\"PropertyValueSpecification\",\"valueRequired\":true,\"valueName\":\"search_term_string\"}}],\"inLanguage\":\"fr-FR\"},{\"@type\":\"Organization\",\"@id\":\"https:\\\/\\\/autate.fr\\\/site\\\/#organization\",\"name\":\"AUTATE\",\"url\":\"https:\\\/\\\/autate.fr\\\/site\\\/\",\"logo\":{\"@type\":\"ImageObject\",\"inLanguage\":\"fr-FR\",\"@id\":\"https:\\\/\\\/autate.fr\\\/site\\\/#\\\/schema\\\/logo\\\/image\\\/\",\"url\":\"http:\\\/\\\/autate.fr\\\/site\\\/wp-content\\\/uploads\\\/2019\\\/01\\\/logo.png\",\"contentUrl\":\"http:\\\/\\\/autate.fr\\\/site\\\/wp-content\\\/uploads\\\/2019\\\/01\\\/logo.png\",\"width\":506,\"height\":280,\"caption\":\"AUTATE\"},\"image\":{\"@id\":\"https:\\\/\\\/autate.fr\\\/site\\\/#\\\/schema\\\/logo\\\/image\\\/\"},\"sameAs\":[\"https:\\\/\\\/www.facebook.com\\\/AutateToulouse\",\"https:\\\/\\\/x.com\\\/AutateToulouse\"]},{\"@type\":\"Person\",\"@id\":\"https:\\\/\\\/autate.fr\\\/site\\\/#\\\/schema\\\/person\\\/ae1ab8bdaa7b41d2a9b52d2557ce8254\",\"name\":\"pascalbarbier\",\"image\":{\"@type\":\"ImageObject\",\"inLanguage\":\"fr-FR\",\"@id\":\"https:\\\/\\\/secure.gravatar.com\\\/avatar\\\/03f4e8ced09894b72c67e83142540730d4b3bbf619bf46341b0074e3bf5f08a0?s=96&d=mm&r=g\",\"url\":\"https:\\\/\\\/secure.gravatar.com\\\/avatar\\\/03f4e8ced09894b72c67e83142540730d4b3bbf619bf46341b0074e3bf5f08a0?s=96&d=mm&r=g\",\"contentUrl\":\"https:\\\/\\\/secure.gravatar.com\\\/avatar\\\/03f4e8ced09894b72c67e83142540730d4b3bbf619bf46341b0074e3bf5f08a0?s=96&d=mm&r=g\",\"caption\":\"pascalbarbier\"},\"url\":\"https:\\\/\\\/autate.fr\\\/site\\\/author\\\/pascalbarbier\\\/\"}]}<\/script>\n<!-- \/ Yoast SEO plugin. -->","yoast_head_json":{"title":"Des abribus \u00e0 Blagnac et \u00e0 Toulouse - AUTATE","robots":{"index":"index","follow":"follow","max-snippet":"max-snippet:-1","max-image-preview":"max-image-preview:large","max-video-preview":"max-video-preview:-1"},"canonical":"https:\/\/autate.fr\/site\/des-abribus-a-blagnac-et-a-toulouse\/","og_locale":"fr_FR","og_type":"article","og_title":"Des abribus \u00e0 Blagnac et \u00e0 Toulouse - AUTATE","og_description":"Les usagers de Blagnac demandent 2 abribus qui manquent dans des endroits tr\u00e8s fr\u00e9quent\u00e9s : -devant la mairie, 70 direction Lyc\u00e9e. Les travaux vont durer plusieurs mois, arr\u00eat d\u00e9plac\u00e9, il ne reste qu\u20191 poteau isol\u00e9 non abrit\u00e9 -pr\u00e8s du centre commercial, bus 17 rare, arr\u00eat Joseph Strauss sans banc ni abri) et on est oblig\u00e9sVOIR PLUS","og_url":"https:\/\/autate.fr\/site\/des-abribus-a-blagnac-et-a-toulouse\/","og_site_name":"AUTATE","article_publisher":"https:\/\/www.facebook.com\/AutateToulouse","article_published_time":"2017-06-29T08:45:44+00:00","article_modified_time":"2017-09-29T08:46:58+00:00","author":"pascalbarbier","twitter_card":"summary_large_image","twitter_creator":"@AutateToulouse","twitter_site":"@AutateToulouse","twitter_misc":{"\u00c9crit par":"pascalbarbier","Dur\u00e9e de lecture estim\u00e9e":"1 minute"},"schema":{"@context":"https:\/\/schema.org","@graph":[{"@type":"Article","@id":"https:\/\/autate.fr\/site\/des-abribus-a-blagnac-et-a-toulouse\/#article","isPartOf":{"@id":"https:\/\/autate.fr\/site\/des-abribus-a-blagnac-et-a-toulouse\/"},"author":{"name":"pascalbarbier","@id":"https:\/\/autate.fr\/site\/#\/schema\/person\/ae1ab8bdaa7b41d2a9b52d2557ce8254"},"headline":"Des abribus \u00e0 Blagnac et \u00e0 Toulouse","datePublished":"2017-06-29T08:45:44+00:00","dateModified":"2017-09-29T08:46:58+00:00","mainEntityOfPage":{"@id":"https:\/\/autate.fr\/site\/des-abribus-a-blagnac-et-a-toulouse\/"},"wordCount":117,"commentCount":0,"publisher":{"@id":"https:\/\/autate.fr\/site\/#organization"},"keywords":["abribus","Blagnac"],"articleSection":["T\u00e9moignages"],"inLanguage":"fr-FR","potentialAction":[{"@type":"CommentAction","name":"Comment","target":["https:\/\/autate.fr\/site\/des-abribus-a-blagnac-et-a-toulouse\/#respond"]}]},{"@type":"WebPage","@id":"https:\/\/autate.fr\/site\/des-abribus-a-blagnac-et-a-toulouse\/","url":"https:\/\/autate.fr\/site\/des-abribus-a-blagnac-et-a-toulouse\/","name":"Des abribus \u00e0 Blagnac et \u00e0 Toulouse - AUTATE","isPartOf":{"@id":"https:\/\/autate.fr\/site\/#website"},"datePublished":"2017-06-29T08:45:44+00:00","dateModified":"2017-09-29T08:46:58+00:00","breadcrumb":{"@id":"https:\/\/autate.fr\/site\/des-abribus-a-blagnac-et-a-toulouse\/#breadcrumb"},"inLanguage":"fr-FR","potentialAction":[{"@type":"ReadAction","target":["https:\/\/autate.fr\/site\/des-abribus-a-blagnac-et-a-toulouse\/"]}]},{"@type":"BreadcrumbList","@id":"https:\/\/autate.fr\/site\/des-abribus-a-blagnac-et-a-toulouse\/#breadcrumb","itemListElement":[{"@type":"ListItem","position":1,"name":"Accueil","item":"https:\/\/autate.fr\/site\/"},{"@type":"ListItem","position":2,"name":"Des abribus \u00e0 Blagnac et \u00e0 Toulouse"}]},{"@type":"WebSite","@id":"https:\/\/autate.fr\/site\/#website","url":"https:\/\/autate.fr\/site\/","name":"AUTATE","description":"Association des usagers des transports de l&#039;agglom\u00e9ration Toulousaine et de ses environs","publisher":{"@id":"https:\/\/autate.fr\/site\/#organization"},"potentialAction":[{"@type":"SearchAction","target":{"@type":"EntryPoint","urlTemplate":"https:\/\/autate.fr\/site\/?s={search_term_string}"},"query-input":{"@type":"PropertyValueSpecification","valueRequired":true,"valueName":"search_term_string"}}],"inLanguage":"fr-FR"},{"@type":"Organization","@id":"https:\/\/autate.fr\/site\/#organization","name":"AUTATE","url":"https:\/\/autate.fr\/site\/","logo":{"@type":"ImageObject","inLanguage":"fr-FR","@id":"https:\/\/autate.fr\/site\/#\/schema\/logo\/image\/","url":"http:\/\/autate.fr\/site\/wp-content\/uploads\/2019\/01\/logo.png","contentUrl":"http:\/\/autate.fr\/site\/wp-content\/uploads\/2019\/01\/logo.png","width":506,"height":280,"caption":"AUTATE"},"image":{"@id":"https:\/\/autate.fr\/site\/#\/schema\/logo\/image\/"},"sameAs":["https:\/\/www.facebook.com\/AutateToulouse","https:\/\/x.com\/AutateToulouse"]},{"@type":"Person","@id":"https:\/\/autate.fr\/site\/#\/schema\/person\/ae1ab8bdaa7b41d2a9b52d2557ce8254","name":"pascalbarbier","image":{"@type":"ImageObject","inLanguage":"fr-FR","@id":"https:\/\/secure.gravatar.com\/avatar\/03f4e8ced09894b72c67e83142540730d4b3bbf619bf46341b0074e3bf5f08a0?s=96&d=mm&r=g","url":"https:\/\/secure.gravatar.com\/avatar\/03f4e8ced09894b72c67e83142540730d4b3bbf619bf46341b0074e3bf5f08a0?s=96&d=mm&r=g","contentUrl":"https:\/\/secure.gravatar.com\/avatar\/03f4e8ced09894b72c67e83142540730d4b3bbf619bf46341b0074e3bf5f08a0?s=96&d=mm&r=g","caption":"pascalbarbier"},"url":"https:\/\/autate.fr\/site\/author\/pascalbarbier\/"}]}},"_links":{"self":[{"href":"https:\/\/autate.fr\/site\/wp-json\/wp\/v2\/posts\/1856","targetHints":{"allow":["GET"]}}],"collection":[{"href":"https:\/\/autate.fr\/site\/wp-json\/wp\/v2\/posts"}],"about":[{"href":"https:\/\/autate.fr\/site\/wp-json\/wp\/v2\/types\/post"}],"author":[{"embeddable":true,"href":"https:\/\/autate.fr\/site\/wp-json\/wp\/v2\/users\/1"}],"replies":[{"embeddable":true,"href":"https:\/\/autate.fr\/site\/wp-json\/wp\/v2\/comments?post=1856"}],"version-history":[{"count":1,"href":"https:\/\/autate.fr\/site\/wp-json\/wp\/v2\/posts\/1856\/revisions"}],"predecessor-version":[{"id":1857,"href":"https:\/\/autate.fr\/site\/wp-json\/wp\/v2\/posts\/1856\/revisions\/1857"}],"wp:attachment":[{"href":"https:\/\/autate.fr\/site\/wp-json\/wp\/v2\/media?parent=1856"}],"wp:term":[{"taxonomy":"category","embeddable":true,"href":"https:\/\/autate.fr\/site\/wp-json\/wp\/v2\/categories?post=1856"},{"taxonomy":"post_tag","embeddable":true,"href":"https:\/\/autate.fr\/site\/wp-json\/wp\/v2\/tags?post=1856"}],"curies":[{"name":"wp","href":"https:\/\/api.w.org\/{rel}","templated":true}]}}