{"id":1838,"date":"2017-04-29T00:21:28","date_gmt":"2017-04-28T22:21:28","guid":{"rendered":"http:\/\/autate.fr\/site\/?p=1838"},"modified":"2017-09-29T10:33:04","modified_gmt":"2017-09-29T08:33:04","slug":"amidonniers-st-cyprien","status":"publish","type":"post","link":"https:\/\/autate.fr\/site\/amidonniers-st-cyprien\/","title":{"rendered":"Amidonniers-St Cyprien"},"content":{"rendered":"<p>T\u00e9moignage et question d\u2019habitants des Amidonniers (t\u00e9moignage recueilli au Bazar au Bazacle 2017) :<\/p>\n<p>-Aller vers Saint-Cyprien depuis les Amidonniers n\u2019est pas assez simple et en particulier le dimanche o\u00f9 il n\u2019y a pas de bus.<\/p>\n<p>-La navette gratuite du centre ville va-t-elle \u00eatre privatis\u00e9e ? Nous le craignons.<\/p>\n<p>Remarques de l\u2019AUTATE :<\/p>\n<div class=\"gmail_default\">Pour ce qui est du 45\/31, il y a un gros besoin d\u2019avoir plus de bus qui font la liaison Compans &lt;-&gt; Palais via St-Cyprien.<\/div>\n<div class=\"gmail_default\">Il n\u2019y a ni de 45 ni de 31 le dimanche, les fr\u00e9quences sont insuffisantes\u2026<\/div>\n<div class=\"gmail_default\">Le (futur) L10 va faire la liaison (St-Cyp \u2013 Compans uniquement) ? Mais quand ? 2020 ?<br \/>\nNous demandons une augmentation du 31 \u00e0 10\u00a0 minutes toute la journ\u00e9e (ou 15 minutes mais pas au del\u00e0) ! Avant qu\u2019il y ait la ligne B, le 31 (ex 1) avait une fr\u00e9quence de 5\/8 minutes quasi toute la journ\u00e9e !<\/div>\n","protected":false},"excerpt":{"rendered":"<p>T\u00e9moignage et question d\u2019habitants des Amidonniers (t\u00e9moignage recueilli au Bazar au Bazacle 2017) : -Aller vers Saint-Cyprien depuis les Amidonniers n\u2019est pas assez simple et en particulier le dimanche o\u00f9 il n\u2019y a pas de bus. -La navette gratuite du centre ville va-t-elle \u00eatre privatis\u00e9e ? Nous le craignons. Remarques de l\u2019AUTATE : Pour ce<\/p>\n<p class=\"more-link\"><a href=\"https:\/\/autate.fr\/site\/amidonniers-st-cyprien\/\" class=\"themebutton2\">VOIR PLUS<\/a><\/p>\n","protected":false},"author":1,"featured_media":0,"comment_status":"open","ping_status":"open","sticky":false,"template":"","format":"standard","meta":{"footnotes":""},"categories":[336],"tags":[382,90,150,360],"class_list":["post-1838","post","type-post","status-publish","format-standard","hentry","category-temoignages","tag-amidonniers","tag-frequence","tag-st-cyprien","tag-we"],"yoast_head":"<!-- This site is optimized with the Yoast SEO plugin v27.4 - https:\/\/yoast.com\/product\/yoast-seo-wordpress\/ -->\n<title>Amidonniers-St Cyprien - AUTATE<\/title>\n<meta name=\"robots\" content=\"index, follow, max-snippet:-1, max-image-preview:large, max-video-preview:-1\" \/>\n<link rel=\"canonical\" href=\"https:\/\/autate.fr\/site\/amidonniers-st-cyprien\/\" \/>\n<meta property=\"og:locale\" content=\"fr_FR\" \/>\n<meta property=\"og:type\" content=\"article\" \/>\n<meta property=\"og:title\" content=\"Amidonniers-St Cyprien - AUTATE\" \/>\n<meta property=\"og:description\" content=\"T\u00e9moignage et question d\u2019habitants des Amidonniers (t\u00e9moignage recueilli au Bazar au Bazacle 2017) : -Aller vers Saint-Cyprien depuis les Amidonniers n\u2019est pas assez simple et en particulier le dimanche o\u00f9 il n\u2019y a pas de bus. -La navette gratuite du centre ville va-t-elle \u00eatre privatis\u00e9e ? Nous le craignons. Remarques de l\u2019AUTATE : Pour ceVOIR PLUS\" \/>\n<meta property=\"og:url\" content=\"https:\/\/autate.fr\/site\/amidonniers-st-cyprien\/\" \/>\n<meta property=\"og:site_name\" content=\"AUTATE\" \/>\n<meta property=\"article:publisher\" content=\"https:\/\/www.facebook.com\/AutateToulouse\" \/>\n<meta property=\"article:published_time\" content=\"2017-04-28T22:21:28+00:00\" \/>\n<meta property=\"article:modified_time\" content=\"2017-09-29T08:33:04+00:00\" \/>\n<meta name=\"author\" content=\"pascalbarbier\" \/>\n<meta name=\"twitter:card\" content=\"summary_large_image\" \/>\n<meta name=\"twitter:creator\" content=\"@AutateToulouse\" \/>\n<meta name=\"twitter:site\" content=\"@AutateToulouse\" \/>\n<meta name=\"twitter:label1\" content=\"\u00c9crit par\" \/>\n\t<meta name=\"twitter:data1\" content=\"pascalbarbier\" \/>\n\t<meta name=\"twitter:label2\" content=\"Dur\u00e9e de lecture estim\u00e9e\" \/>\n\t<meta name=\"twitter:data2\" content=\"1 minute\" \/>\n<script type=\"application\/ld+json\" class=\"yoast-schema-graph\">{\"@context\":\"https:\\\/\\\/schema.org\",\"@graph\":[{\"@type\":\"Article\",\"@id\":\"https:\\\/\\\/autate.fr\\\/site\\\/amidonniers-st-cyprien\\\/#article\",\"isPartOf\":{\"@id\":\"https:\\\/\\\/autate.fr\\\/site\\\/amidonniers-st-cyprien\\\/\"},\"author\":{\"name\":\"pascalbarbier\",\"@id\":\"https:\\\/\\\/autate.fr\\\/site\\\/#\\\/schema\\\/person\\\/ae1ab8bdaa7b41d2a9b52d2557ce8254\"},\"headline\":\"Amidonniers-St Cyprien\",\"datePublished\":\"2017-04-28T22:21:28+00:00\",\"dateModified\":\"2017-09-29T08:33:04+00:00\",\"mainEntityOfPage\":{\"@id\":\"https:\\\/\\\/autate.fr\\\/site\\\/amidonniers-st-cyprien\\\/\"},\"wordCount\":149,\"commentCount\":0,\"publisher\":{\"@id\":\"https:\\\/\\\/autate.fr\\\/site\\\/#organization\"},\"keywords\":[\"amidonniers\",\"fr\u00e9quence\",\"St Cyprien\",\"WE\"],\"articleSection\":[\"T\u00e9moignages\"],\"inLanguage\":\"fr-FR\",\"potentialAction\":[{\"@type\":\"CommentAction\",\"name\":\"Comment\",\"target\":[\"https:\\\/\\\/autate.fr\\\/site\\\/amidonniers-st-cyprien\\\/#respond\"]}]},{\"@type\":\"WebPage\",\"@id\":\"https:\\\/\\\/autate.fr\\\/site\\\/amidonniers-st-cyprien\\\/\",\"url\":\"https:\\\/\\\/autate.fr\\\/site\\\/amidonniers-st-cyprien\\\/\",\"name\":\"Amidonniers-St Cyprien - AUTATE\",\"isPartOf\":{\"@id\":\"https:\\\/\\\/autate.fr\\\/site\\\/#website\"},\"datePublished\":\"2017-04-28T22:21:28+00:00\",\"dateModified\":\"2017-09-29T08:33:04+00:00\",\"breadcrumb\":{\"@id\":\"https:\\\/\\\/autate.fr\\\/site\\\/amidonniers-st-cyprien\\\/#breadcrumb\"},\"inLanguage\":\"fr-FR\",\"potentialAction\":[{\"@type\":\"ReadAction\",\"target\":[\"https:\\\/\\\/autate.fr\\\/site\\\/amidonniers-st-cyprien\\\/\"]}]},{\"@type\":\"BreadcrumbList\",\"@id\":\"https:\\\/\\\/autate.fr\\\/site\\\/amidonniers-st-cyprien\\\/#breadcrumb\",\"itemListElement\":[{\"@type\":\"ListItem\",\"position\":1,\"name\":\"Accueil\",\"item\":\"https:\\\/\\\/autate.fr\\\/site\\\/\"},{\"@type\":\"ListItem\",\"position\":2,\"name\":\"Amidonniers-St Cyprien\"}]},{\"@type\":\"WebSite\",\"@id\":\"https:\\\/\\\/autate.fr\\\/site\\\/#website\",\"url\":\"https:\\\/\\\/autate.fr\\\/site\\\/\",\"name\":\"AUTATE\",\"description\":\"Association des usagers des transports de l&#039;agglom\u00e9ration Toulousaine et de ses environs\",\"publisher\":{\"@id\":\"https:\\\/\\\/autate.fr\\\/site\\\/#organization\"},\"potentialAction\":[{\"@type\":\"SearchAction\",\"target\":{\"@type\":\"EntryPoint\",\"urlTemplate\":\"https:\\\/\\\/autate.fr\\\/site\\\/?s={search_term_string}\"},\"query-input\":{\"@type\":\"PropertyValueSpecification\",\"valueRequired\":true,\"valueName\":\"search_term_string\"}}],\"inLanguage\":\"fr-FR\"},{\"@type\":\"Organization\",\"@id\":\"https:\\\/\\\/autate.fr\\\/site\\\/#organization\",\"name\":\"AUTATE\",\"url\":\"https:\\\/\\\/autate.fr\\\/site\\\/\",\"logo\":{\"@type\":\"ImageObject\",\"inLanguage\":\"fr-FR\",\"@id\":\"https:\\\/\\\/autate.fr\\\/site\\\/#\\\/schema\\\/logo\\\/image\\\/\",\"url\":\"http:\\\/\\\/autate.fr\\\/site\\\/wp-content\\\/uploads\\\/2019\\\/01\\\/logo.png\",\"contentUrl\":\"http:\\\/\\\/autate.fr\\\/site\\\/wp-content\\\/uploads\\\/2019\\\/01\\\/logo.png\",\"width\":506,\"height\":280,\"caption\":\"AUTATE\"},\"image\":{\"@id\":\"https:\\\/\\\/autate.fr\\\/site\\\/#\\\/schema\\\/logo\\\/image\\\/\"},\"sameAs\":[\"https:\\\/\\\/www.facebook.com\\\/AutateToulouse\",\"https:\\\/\\\/x.com\\\/AutateToulouse\"]},{\"@type\":\"Person\",\"@id\":\"https:\\\/\\\/autate.fr\\\/site\\\/#\\\/schema\\\/person\\\/ae1ab8bdaa7b41d2a9b52d2557ce8254\",\"name\":\"pascalbarbier\",\"image\":{\"@type\":\"ImageObject\",\"inLanguage\":\"fr-FR\",\"@id\":\"https:\\\/\\\/secure.gravatar.com\\\/avatar\\\/03f4e8ced09894b72c67e83142540730d4b3bbf619bf46341b0074e3bf5f08a0?s=96&d=mm&r=g\",\"url\":\"https:\\\/\\\/secure.gravatar.com\\\/avatar\\\/03f4e8ced09894b72c67e83142540730d4b3bbf619bf46341b0074e3bf5f08a0?s=96&d=mm&r=g\",\"contentUrl\":\"https:\\\/\\\/secure.gravatar.com\\\/avatar\\\/03f4e8ced09894b72c67e83142540730d4b3bbf619bf46341b0074e3bf5f08a0?s=96&d=mm&r=g\",\"caption\":\"pascalbarbier\"},\"url\":\"https:\\\/\\\/autate.fr\\\/site\\\/author\\\/pascalbarbier\\\/\"}]}<\/script>\n<!-- \/ Yoast SEO plugin. -->","yoast_head_json":{"title":"Amidonniers-St Cyprien - AUTATE","robots":{"index":"index","follow":"follow","max-snippet":"max-snippet:-1","max-image-preview":"max-image-preview:large","max-video-preview":"max-video-preview:-1"},"canonical":"https:\/\/autate.fr\/site\/amidonniers-st-cyprien\/","og_locale":"fr_FR","og_type":"article","og_title":"Amidonniers-St Cyprien - AUTATE","og_description":"T\u00e9moignage et question d\u2019habitants des Amidonniers (t\u00e9moignage recueilli au Bazar au Bazacle 2017) : -Aller vers Saint-Cyprien depuis les Amidonniers n\u2019est pas assez simple et en particulier le dimanche o\u00f9 il n\u2019y a pas de bus. -La navette gratuite du centre ville va-t-elle \u00eatre privatis\u00e9e ? Nous le craignons. Remarques de l\u2019AUTATE : Pour ceVOIR PLUS","og_url":"https:\/\/autate.fr\/site\/amidonniers-st-cyprien\/","og_site_name":"AUTATE","article_publisher":"https:\/\/www.facebook.com\/AutateToulouse","article_published_time":"2017-04-28T22:21:28+00:00","article_modified_time":"2017-09-29T08:33:04+00:00","author":"pascalbarbier","twitter_card":"summary_large_image","twitter_creator":"@AutateToulouse","twitter_site":"@AutateToulouse","twitter_misc":{"\u00c9crit par":"pascalbarbier","Dur\u00e9e de lecture estim\u00e9e":"1 minute"},"schema":{"@context":"https:\/\/schema.org","@graph":[{"@type":"Article","@id":"https:\/\/autate.fr\/site\/amidonniers-st-cyprien\/#article","isPartOf":{"@id":"https:\/\/autate.fr\/site\/amidonniers-st-cyprien\/"},"author":{"name":"pascalbarbier","@id":"https:\/\/autate.fr\/site\/#\/schema\/person\/ae1ab8bdaa7b41d2a9b52d2557ce8254"},"headline":"Amidonniers-St Cyprien","datePublished":"2017-04-28T22:21:28+00:00","dateModified":"2017-09-29T08:33:04+00:00","mainEntityOfPage":{"@id":"https:\/\/autate.fr\/site\/amidonniers-st-cyprien\/"},"wordCount":149,"commentCount":0,"publisher":{"@id":"https:\/\/autate.fr\/site\/#organization"},"keywords":["amidonniers","fr\u00e9quence","St Cyprien","WE"],"articleSection":["T\u00e9moignages"],"inLanguage":"fr-FR","potentialAction":[{"@type":"CommentAction","name":"Comment","target":["https:\/\/autate.fr\/site\/amidonniers-st-cyprien\/#respond"]}]},{"@type":"WebPage","@id":"https:\/\/autate.fr\/site\/amidonniers-st-cyprien\/","url":"https:\/\/autate.fr\/site\/amidonniers-st-cyprien\/","name":"Amidonniers-St Cyprien - AUTATE","isPartOf":{"@id":"https:\/\/autate.fr\/site\/#website"},"datePublished":"2017-04-28T22:21:28+00:00","dateModified":"2017-09-29T08:33:04+00:00","breadcrumb":{"@id":"https:\/\/autate.fr\/site\/amidonniers-st-cyprien\/#breadcrumb"},"inLanguage":"fr-FR","potentialAction":[{"@type":"ReadAction","target":["https:\/\/autate.fr\/site\/amidonniers-st-cyprien\/"]}]},{"@type":"BreadcrumbList","@id":"https:\/\/autate.fr\/site\/amidonniers-st-cyprien\/#breadcrumb","itemListElement":[{"@type":"ListItem","position":1,"name":"Accueil","item":"https:\/\/autate.fr\/site\/"},{"@type":"ListItem","position":2,"name":"Amidonniers-St Cyprien"}]},{"@type":"WebSite","@id":"https:\/\/autate.fr\/site\/#website","url":"https:\/\/autate.fr\/site\/","name":"AUTATE","description":"Association des usagers des transports de l&#039;agglom\u00e9ration Toulousaine et de ses environs","publisher":{"@id":"https:\/\/autate.fr\/site\/#organization"},"potentialAction":[{"@type":"SearchAction","target":{"@type":"EntryPoint","urlTemplate":"https:\/\/autate.fr\/site\/?s={search_term_string}"},"query-input":{"@type":"PropertyValueSpecification","valueRequired":true,"valueName":"search_term_string"}}],"inLanguage":"fr-FR"},{"@type":"Organization","@id":"https:\/\/autate.fr\/site\/#organization","name":"AUTATE","url":"https:\/\/autate.fr\/site\/","logo":{"@type":"ImageObject","inLanguage":"fr-FR","@id":"https:\/\/autate.fr\/site\/#\/schema\/logo\/image\/","url":"http:\/\/autate.fr\/site\/wp-content\/uploads\/2019\/01\/logo.png","contentUrl":"http:\/\/autate.fr\/site\/wp-content\/uploads\/2019\/01\/logo.png","width":506,"height":280,"caption":"AUTATE"},"image":{"@id":"https:\/\/autate.fr\/site\/#\/schema\/logo\/image\/"},"sameAs":["https:\/\/www.facebook.com\/AutateToulouse","https:\/\/x.com\/AutateToulouse"]},{"@type":"Person","@id":"https:\/\/autate.fr\/site\/#\/schema\/person\/ae1ab8bdaa7b41d2a9b52d2557ce8254","name":"pascalbarbier","image":{"@type":"ImageObject","inLanguage":"fr-FR","@id":"https:\/\/secure.gravatar.com\/avatar\/03f4e8ced09894b72c67e83142540730d4b3bbf619bf46341b0074e3bf5f08a0?s=96&d=mm&r=g","url":"https:\/\/secure.gravatar.com\/avatar\/03f4e8ced09894b72c67e83142540730d4b3bbf619bf46341b0074e3bf5f08a0?s=96&d=mm&r=g","contentUrl":"https:\/\/secure.gravatar.com\/avatar\/03f4e8ced09894b72c67e83142540730d4b3bbf619bf46341b0074e3bf5f08a0?s=96&d=mm&r=g","caption":"pascalbarbier"},"url":"https:\/\/autate.fr\/site\/author\/pascalbarbier\/"}]}},"_links":{"self":[{"href":"https:\/\/autate.fr\/site\/wp-json\/wp\/v2\/posts\/1838","targetHints":{"allow":["GET"]}}],"collection":[{"href":"https:\/\/autate.fr\/site\/wp-json\/wp\/v2\/posts"}],"about":[{"href":"https:\/\/autate.fr\/site\/wp-json\/wp\/v2\/types\/post"}],"author":[{"embeddable":true,"href":"https:\/\/autate.fr\/site\/wp-json\/wp\/v2\/users\/1"}],"replies":[{"embeddable":true,"href":"https:\/\/autate.fr\/site\/wp-json\/wp\/v2\/comments?post=1838"}],"version-history":[{"count":4,"href":"https:\/\/autate.fr\/site\/wp-json\/wp\/v2\/posts\/1838\/revisions"}],"predecessor-version":[{"id":1846,"href":"https:\/\/autate.fr\/site\/wp-json\/wp\/v2\/posts\/1838\/revisions\/1846"}],"wp:attachment":[{"href":"https:\/\/autate.fr\/site\/wp-json\/wp\/v2\/media?parent=1838"}],"wp:term":[{"taxonomy":"category","embeddable":true,"href":"https:\/\/autate.fr\/site\/wp-json\/wp\/v2\/categories?post=1838"},{"taxonomy":"post_tag","embeddable":true,"href":"https:\/\/autate.fr\/site\/wp-json\/wp\/v2\/tags?post=1838"}],"curies":[{"name":"wp","href":"https:\/\/api.w.org\/{rel}","templated":true}]}}