{"id":1836,"date":"2017-04-29T00:17:44","date_gmt":"2017-04-28T22:17:44","guid":{"rendered":"http:\/\/autate.fr\/site\/?p=1836"},"modified":"2025-11-21T22:19:15","modified_gmt":"2025-11-21T21:19:15","slug":"autour-airbus-colomiers-st-martin-bus-21-en-site-propre","status":"publish","type":"post","link":"https:\/\/autate.fr\/site\/autour-airbus-colomiers-st-martin-bus-21-en-site-propre\/","title":{"rendered":"autour Airbus Colomiers St Martin. bus 21 en site propre ?"},"content":{"rendered":"<p>T\u00e9moignage (recueilli au Bazar au Bazacle 2017) d\u2019un couple qui habite \u00e0 Pibrac :<\/p>\n<p>Il faut faire une proposition s\u00e9rieuse <strong>autour d\u2019Airbus Colomiers et Saint-Martin<\/strong>. Pour les horaires de travail, ils ne sont pas convaincus par notre relance de la ligne de train, qu\u2019ils trouvent encore trop \u00e9loign\u00e9e de cet \u00e9tablissement. Ils demandent que le <a href=\"https:\/\/www.tisseo.fr\/sites\/default\/files\/Tisseo_ligne_21web.pdf\" target=\"_blank\" rel=\"noopener\"><strong>bus 21<\/strong> <\/a>soit en site propre.<\/p>\n<p>remarques de l\u2019AUTATE :<\/p>\n<div class=\"gmail_default\">\u2013 Le 21 a un long trajet (et ne passe pas par Pibrac\u2026.) mais la zone en site propre est \u00e0 pr\u00e9ciser. Cot\u00e9 Airbus il y a d\u00e9j\u00e0 quelques sites propres notamment au 63 le long de la N124 : \u00e0 encourager.<\/div>\n<div class=\"gmail_default\">Le 32 qui va \u00e0 Pibrac et Brax \u00e0 \u00e9t\u00e9 d\u00e9j\u00e0 augment\u00e9 en septembre (quasi 2x plus de bus), nous esp\u00e9rons que la fr\u00e9quentation a elle aussi augment\u00e9 pour que l\u2019on puisse encourager Tisseo \u00e0 relier Pibrac\/Brax \u00e0 Airbus Colomiers.<\/div>\n","protected":false},"excerpt":{"rendered":"<p>T\u00e9moignage (recueilli au Bazar au Bazacle 2017) d\u2019un couple qui habite \u00e0 Pibrac : Il faut faire une proposition s\u00e9rieuse autour d\u2019Airbus Colomiers et Saint-Martin. Pour les horaires de travail, ils ne sont pas convaincus par notre relance de la ligne de train, qu\u2019ils trouvent encore trop \u00e9loign\u00e9e de cet \u00e9tablissement. Ils demandent que le<\/p>\n<p class=\"more-link\"><a href=\"https:\/\/autate.fr\/site\/autour-airbus-colomiers-st-martin-bus-21-en-site-propre\/\" class=\"themebutton2\">VOIR PLUS<\/a><\/p>\n","protected":false},"author":1,"featured_media":0,"comment_status":"open","ping_status":"open","sticky":false,"template":"","format":"standard","meta":{"footnotes":""},"categories":[500,336],"tags":[380,381],"class_list":["post-1836","post","type-post","status-publish","format-standard","hentry","category-bus-tisseo","category-temoignages","tag-bus-21","tag-site-propre"],"yoast_head":"<!-- This site is optimized with the Yoast SEO plugin v27.4 - https:\/\/yoast.com\/product\/yoast-seo-wordpress\/ -->\n<title>autour Airbus Colomiers St Martin. bus 21 en site propre ? - AUTATE<\/title>\n<meta name=\"robots\" content=\"index, follow, max-snippet:-1, max-image-preview:large, max-video-preview:-1\" \/>\n<link rel=\"canonical\" href=\"https:\/\/autate.fr\/site\/autour-airbus-colomiers-st-martin-bus-21-en-site-propre\/\" \/>\n<meta property=\"og:locale\" content=\"fr_FR\" \/>\n<meta property=\"og:type\" content=\"article\" \/>\n<meta property=\"og:title\" content=\"autour Airbus Colomiers St Martin. bus 21 en site propre ? - AUTATE\" \/>\n<meta property=\"og:description\" content=\"T\u00e9moignage (recueilli au Bazar au Bazacle 2017) d\u2019un couple qui habite \u00e0 Pibrac : Il faut faire une proposition s\u00e9rieuse autour d\u2019Airbus Colomiers et Saint-Martin. Pour les horaires de travail, ils ne sont pas convaincus par notre relance de la ligne de train, qu\u2019ils trouvent encore trop \u00e9loign\u00e9e de cet \u00e9tablissement. Ils demandent que leVOIR PLUS\" \/>\n<meta property=\"og:url\" content=\"https:\/\/autate.fr\/site\/autour-airbus-colomiers-st-martin-bus-21-en-site-propre\/\" \/>\n<meta property=\"og:site_name\" content=\"AUTATE\" \/>\n<meta property=\"article:publisher\" content=\"https:\/\/www.facebook.com\/AutateToulouse\" \/>\n<meta property=\"article:published_time\" content=\"2017-04-28T22:17:44+00:00\" \/>\n<meta property=\"article:modified_time\" content=\"2025-11-21T21:19:15+00:00\" \/>\n<meta name=\"author\" content=\"pascalbarbier\" \/>\n<meta name=\"twitter:card\" content=\"summary_large_image\" \/>\n<meta name=\"twitter:creator\" content=\"@AutateToulouse\" \/>\n<meta name=\"twitter:site\" content=\"@AutateToulouse\" \/>\n<meta name=\"twitter:label1\" content=\"\u00c9crit par\" \/>\n\t<meta name=\"twitter:data1\" content=\"pascalbarbier\" \/>\n\t<meta name=\"twitter:label2\" content=\"Dur\u00e9e de lecture estim\u00e9e\" \/>\n\t<meta name=\"twitter:data2\" content=\"1 minute\" \/>\n<script type=\"application\/ld+json\" class=\"yoast-schema-graph\">{\"@context\":\"https:\\\/\\\/schema.org\",\"@graph\":[{\"@type\":\"Article\",\"@id\":\"https:\\\/\\\/autate.fr\\\/site\\\/autour-airbus-colomiers-st-martin-bus-21-en-site-propre\\\/#article\",\"isPartOf\":{\"@id\":\"https:\\\/\\\/autate.fr\\\/site\\\/autour-airbus-colomiers-st-martin-bus-21-en-site-propre\\\/\"},\"author\":{\"name\":\"pascalbarbier\",\"@id\":\"https:\\\/\\\/autate.fr\\\/site\\\/#\\\/schema\\\/person\\\/ae1ab8bdaa7b41d2a9b52d2557ce8254\"},\"headline\":\"autour Airbus Colomiers St Martin. bus 21 en site propre ?\",\"datePublished\":\"2017-04-28T22:17:44+00:00\",\"dateModified\":\"2025-11-21T21:19:15+00:00\",\"mainEntityOfPage\":{\"@id\":\"https:\\\/\\\/autate.fr\\\/site\\\/autour-airbus-colomiers-st-martin-bus-21-en-site-propre\\\/\"},\"wordCount\":154,\"commentCount\":0,\"publisher\":{\"@id\":\"https:\\\/\\\/autate.fr\\\/site\\\/#organization\"},\"keywords\":[\"bus 21\",\"site propre\"],\"articleSection\":[\"Bus Tisseo\",\"T\u00e9moignages\"],\"inLanguage\":\"fr-FR\",\"potentialAction\":[{\"@type\":\"CommentAction\",\"name\":\"Comment\",\"target\":[\"https:\\\/\\\/autate.fr\\\/site\\\/autour-airbus-colomiers-st-martin-bus-21-en-site-propre\\\/#respond\"]}]},{\"@type\":\"WebPage\",\"@id\":\"https:\\\/\\\/autate.fr\\\/site\\\/autour-airbus-colomiers-st-martin-bus-21-en-site-propre\\\/\",\"url\":\"https:\\\/\\\/autate.fr\\\/site\\\/autour-airbus-colomiers-st-martin-bus-21-en-site-propre\\\/\",\"name\":\"autour Airbus Colomiers St Martin. bus 21 en site propre ? - AUTATE\",\"isPartOf\":{\"@id\":\"https:\\\/\\\/autate.fr\\\/site\\\/#website\"},\"datePublished\":\"2017-04-28T22:17:44+00:00\",\"dateModified\":\"2025-11-21T21:19:15+00:00\",\"breadcrumb\":{\"@id\":\"https:\\\/\\\/autate.fr\\\/site\\\/autour-airbus-colomiers-st-martin-bus-21-en-site-propre\\\/#breadcrumb\"},\"inLanguage\":\"fr-FR\",\"potentialAction\":[{\"@type\":\"ReadAction\",\"target\":[\"https:\\\/\\\/autate.fr\\\/site\\\/autour-airbus-colomiers-st-martin-bus-21-en-site-propre\\\/\"]}]},{\"@type\":\"BreadcrumbList\",\"@id\":\"https:\\\/\\\/autate.fr\\\/site\\\/autour-airbus-colomiers-st-martin-bus-21-en-site-propre\\\/#breadcrumb\",\"itemListElement\":[{\"@type\":\"ListItem\",\"position\":1,\"name\":\"Accueil\",\"item\":\"https:\\\/\\\/autate.fr\\\/site\\\/\"},{\"@type\":\"ListItem\",\"position\":2,\"name\":\"autour Airbus Colomiers St Martin. bus 21 en site propre ?\"}]},{\"@type\":\"WebSite\",\"@id\":\"https:\\\/\\\/autate.fr\\\/site\\\/#website\",\"url\":\"https:\\\/\\\/autate.fr\\\/site\\\/\",\"name\":\"AUTATE\",\"description\":\"Association des usagers des transports de l&#039;agglom\u00e9ration Toulousaine et de ses environs\",\"publisher\":{\"@id\":\"https:\\\/\\\/autate.fr\\\/site\\\/#organization\"},\"potentialAction\":[{\"@type\":\"SearchAction\",\"target\":{\"@type\":\"EntryPoint\",\"urlTemplate\":\"https:\\\/\\\/autate.fr\\\/site\\\/?s={search_term_string}\"},\"query-input\":{\"@type\":\"PropertyValueSpecification\",\"valueRequired\":true,\"valueName\":\"search_term_string\"}}],\"inLanguage\":\"fr-FR\"},{\"@type\":\"Organization\",\"@id\":\"https:\\\/\\\/autate.fr\\\/site\\\/#organization\",\"name\":\"AUTATE\",\"url\":\"https:\\\/\\\/autate.fr\\\/site\\\/\",\"logo\":{\"@type\":\"ImageObject\",\"inLanguage\":\"fr-FR\",\"@id\":\"https:\\\/\\\/autate.fr\\\/site\\\/#\\\/schema\\\/logo\\\/image\\\/\",\"url\":\"http:\\\/\\\/autate.fr\\\/site\\\/wp-content\\\/uploads\\\/2019\\\/01\\\/logo.png\",\"contentUrl\":\"http:\\\/\\\/autate.fr\\\/site\\\/wp-content\\\/uploads\\\/2019\\\/01\\\/logo.png\",\"width\":506,\"height\":280,\"caption\":\"AUTATE\"},\"image\":{\"@id\":\"https:\\\/\\\/autate.fr\\\/site\\\/#\\\/schema\\\/logo\\\/image\\\/\"},\"sameAs\":[\"https:\\\/\\\/www.facebook.com\\\/AutateToulouse\",\"https:\\\/\\\/x.com\\\/AutateToulouse\"]},{\"@type\":\"Person\",\"@id\":\"https:\\\/\\\/autate.fr\\\/site\\\/#\\\/schema\\\/person\\\/ae1ab8bdaa7b41d2a9b52d2557ce8254\",\"name\":\"pascalbarbier\",\"image\":{\"@type\":\"ImageObject\",\"inLanguage\":\"fr-FR\",\"@id\":\"https:\\\/\\\/secure.gravatar.com\\\/avatar\\\/03f4e8ced09894b72c67e83142540730d4b3bbf619bf46341b0074e3bf5f08a0?s=96&d=mm&r=g\",\"url\":\"https:\\\/\\\/secure.gravatar.com\\\/avatar\\\/03f4e8ced09894b72c67e83142540730d4b3bbf619bf46341b0074e3bf5f08a0?s=96&d=mm&r=g\",\"contentUrl\":\"https:\\\/\\\/secure.gravatar.com\\\/avatar\\\/03f4e8ced09894b72c67e83142540730d4b3bbf619bf46341b0074e3bf5f08a0?s=96&d=mm&r=g\",\"caption\":\"pascalbarbier\"},\"url\":\"https:\\\/\\\/autate.fr\\\/site\\\/author\\\/pascalbarbier\\\/\"}]}<\/script>\n<!-- \/ Yoast SEO plugin. -->","yoast_head_json":{"title":"autour Airbus Colomiers St Martin. bus 21 en site propre ? - AUTATE","robots":{"index":"index","follow":"follow","max-snippet":"max-snippet:-1","max-image-preview":"max-image-preview:large","max-video-preview":"max-video-preview:-1"},"canonical":"https:\/\/autate.fr\/site\/autour-airbus-colomiers-st-martin-bus-21-en-site-propre\/","og_locale":"fr_FR","og_type":"article","og_title":"autour Airbus Colomiers St Martin. bus 21 en site propre ? - AUTATE","og_description":"T\u00e9moignage (recueilli au Bazar au Bazacle 2017) d\u2019un couple qui habite \u00e0 Pibrac : Il faut faire une proposition s\u00e9rieuse autour d\u2019Airbus Colomiers et Saint-Martin. Pour les horaires de travail, ils ne sont pas convaincus par notre relance de la ligne de train, qu\u2019ils trouvent encore trop \u00e9loign\u00e9e de cet \u00e9tablissement. Ils demandent que leVOIR PLUS","og_url":"https:\/\/autate.fr\/site\/autour-airbus-colomiers-st-martin-bus-21-en-site-propre\/","og_site_name":"AUTATE","article_publisher":"https:\/\/www.facebook.com\/AutateToulouse","article_published_time":"2017-04-28T22:17:44+00:00","article_modified_time":"2025-11-21T21:19:15+00:00","author":"pascalbarbier","twitter_card":"summary_large_image","twitter_creator":"@AutateToulouse","twitter_site":"@AutateToulouse","twitter_misc":{"\u00c9crit par":"pascalbarbier","Dur\u00e9e de lecture estim\u00e9e":"1 minute"},"schema":{"@context":"https:\/\/schema.org","@graph":[{"@type":"Article","@id":"https:\/\/autate.fr\/site\/autour-airbus-colomiers-st-martin-bus-21-en-site-propre\/#article","isPartOf":{"@id":"https:\/\/autate.fr\/site\/autour-airbus-colomiers-st-martin-bus-21-en-site-propre\/"},"author":{"name":"pascalbarbier","@id":"https:\/\/autate.fr\/site\/#\/schema\/person\/ae1ab8bdaa7b41d2a9b52d2557ce8254"},"headline":"autour Airbus Colomiers St Martin. bus 21 en site propre ?","datePublished":"2017-04-28T22:17:44+00:00","dateModified":"2025-11-21T21:19:15+00:00","mainEntityOfPage":{"@id":"https:\/\/autate.fr\/site\/autour-airbus-colomiers-st-martin-bus-21-en-site-propre\/"},"wordCount":154,"commentCount":0,"publisher":{"@id":"https:\/\/autate.fr\/site\/#organization"},"keywords":["bus 21","site propre"],"articleSection":["Bus Tisseo","T\u00e9moignages"],"inLanguage":"fr-FR","potentialAction":[{"@type":"CommentAction","name":"Comment","target":["https:\/\/autate.fr\/site\/autour-airbus-colomiers-st-martin-bus-21-en-site-propre\/#respond"]}]},{"@type":"WebPage","@id":"https:\/\/autate.fr\/site\/autour-airbus-colomiers-st-martin-bus-21-en-site-propre\/","url":"https:\/\/autate.fr\/site\/autour-airbus-colomiers-st-martin-bus-21-en-site-propre\/","name":"autour Airbus Colomiers St Martin. bus 21 en site propre ? - AUTATE","isPartOf":{"@id":"https:\/\/autate.fr\/site\/#website"},"datePublished":"2017-04-28T22:17:44+00:00","dateModified":"2025-11-21T21:19:15+00:00","breadcrumb":{"@id":"https:\/\/autate.fr\/site\/autour-airbus-colomiers-st-martin-bus-21-en-site-propre\/#breadcrumb"},"inLanguage":"fr-FR","potentialAction":[{"@type":"ReadAction","target":["https:\/\/autate.fr\/site\/autour-airbus-colomiers-st-martin-bus-21-en-site-propre\/"]}]},{"@type":"BreadcrumbList","@id":"https:\/\/autate.fr\/site\/autour-airbus-colomiers-st-martin-bus-21-en-site-propre\/#breadcrumb","itemListElement":[{"@type":"ListItem","position":1,"name":"Accueil","item":"https:\/\/autate.fr\/site\/"},{"@type":"ListItem","position":2,"name":"autour Airbus Colomiers St Martin. bus 21 en site propre ?"}]},{"@type":"WebSite","@id":"https:\/\/autate.fr\/site\/#website","url":"https:\/\/autate.fr\/site\/","name":"AUTATE","description":"Association des usagers des transports de l&#039;agglom\u00e9ration Toulousaine et de ses environs","publisher":{"@id":"https:\/\/autate.fr\/site\/#organization"},"potentialAction":[{"@type":"SearchAction","target":{"@type":"EntryPoint","urlTemplate":"https:\/\/autate.fr\/site\/?s={search_term_string}"},"query-input":{"@type":"PropertyValueSpecification","valueRequired":true,"valueName":"search_term_string"}}],"inLanguage":"fr-FR"},{"@type":"Organization","@id":"https:\/\/autate.fr\/site\/#organization","name":"AUTATE","url":"https:\/\/autate.fr\/site\/","logo":{"@type":"ImageObject","inLanguage":"fr-FR","@id":"https:\/\/autate.fr\/site\/#\/schema\/logo\/image\/","url":"http:\/\/autate.fr\/site\/wp-content\/uploads\/2019\/01\/logo.png","contentUrl":"http:\/\/autate.fr\/site\/wp-content\/uploads\/2019\/01\/logo.png","width":506,"height":280,"caption":"AUTATE"},"image":{"@id":"https:\/\/autate.fr\/site\/#\/schema\/logo\/image\/"},"sameAs":["https:\/\/www.facebook.com\/AutateToulouse","https:\/\/x.com\/AutateToulouse"]},{"@type":"Person","@id":"https:\/\/autate.fr\/site\/#\/schema\/person\/ae1ab8bdaa7b41d2a9b52d2557ce8254","name":"pascalbarbier","image":{"@type":"ImageObject","inLanguage":"fr-FR","@id":"https:\/\/secure.gravatar.com\/avatar\/03f4e8ced09894b72c67e83142540730d4b3bbf619bf46341b0074e3bf5f08a0?s=96&d=mm&r=g","url":"https:\/\/secure.gravatar.com\/avatar\/03f4e8ced09894b72c67e83142540730d4b3bbf619bf46341b0074e3bf5f08a0?s=96&d=mm&r=g","contentUrl":"https:\/\/secure.gravatar.com\/avatar\/03f4e8ced09894b72c67e83142540730d4b3bbf619bf46341b0074e3bf5f08a0?s=96&d=mm&r=g","caption":"pascalbarbier"},"url":"https:\/\/autate.fr\/site\/author\/pascalbarbier\/"}]}},"_links":{"self":[{"href":"https:\/\/autate.fr\/site\/wp-json\/wp\/v2\/posts\/1836","targetHints":{"allow":["GET"]}}],"collection":[{"href":"https:\/\/autate.fr\/site\/wp-json\/wp\/v2\/posts"}],"about":[{"href":"https:\/\/autate.fr\/site\/wp-json\/wp\/v2\/types\/post"}],"author":[{"embeddable":true,"href":"https:\/\/autate.fr\/site\/wp-json\/wp\/v2\/users\/1"}],"replies":[{"embeddable":true,"href":"https:\/\/autate.fr\/site\/wp-json\/wp\/v2\/comments?post=1836"}],"version-history":[{"count":2,"href":"https:\/\/autate.fr\/site\/wp-json\/wp\/v2\/posts\/1836\/revisions"}],"predecessor-version":[{"id":1844,"href":"https:\/\/autate.fr\/site\/wp-json\/wp\/v2\/posts\/1836\/revisions\/1844"}],"wp:attachment":[{"href":"https:\/\/autate.fr\/site\/wp-json\/wp\/v2\/media?parent=1836"}],"wp:term":[{"taxonomy":"category","embeddable":true,"href":"https:\/\/autate.fr\/site\/wp-json\/wp\/v2\/categories?post=1836"},{"taxonomy":"post_tag","embeddable":true,"href":"https:\/\/autate.fr\/site\/wp-json\/wp\/v2\/tags?post=1836"}],"curies":[{"name":"wp","href":"https:\/\/api.w.org\/{rel}","templated":true}]}}