{"id":1791,"date":"2016-10-29T23:23:15","date_gmt":"2016-10-29T21:23:15","guid":{"rendered":"http:\/\/autate.fr\/site\/?p=1791"},"modified":"2017-10-21T20:50:32","modified_gmt":"2017-10-21T18:50:32","slug":"blagnac-aucamville-temps-de-trajet-impossible","status":"publish","type":"post","link":"https:\/\/autate.fr\/site\/blagnac-aucamville-temps-de-trajet-impossible\/","title":{"rendered":"Blagnac-Aucamville : temps de trajet impossible"},"content":{"rendered":"<p>T\u00e9moignage d\u2019une jeune usag\u00e8re :<br \/>\nJe devais \u00eatre \u00e0 Aucamville hier soir \u00e0 19h. Je suis partie de Blagnac \u00e0 17h30 mais je suis arriv\u00e9e en retard (19h15). En effet, apr\u00e8s \u00eatre mont\u00e9e dans le <strong>bus 70<\/strong>, nous \u00e9tions bloqu\u00e9s \u00e0 la mairie de Blagnac par les <strong>embouteillages<\/strong>. Je suis descendue et j\u2019ai couru prendre le <strong>tramway<\/strong> \u00e0 Mairie. Aux <em>Ar\u00e8nes<\/em>, j\u2019ai pris la <strong>ligne A<\/strong>, \u00e0 <em>Jean Jaur\u00e8s<\/em>, la <strong>ligne B<\/strong>, puis le<strong> bus 29<\/strong>. Soit plus de 2h30 pour faire l\u2019\u00e9quivalent de 11 km en voiture et 24 minutes. Au retour \u00e0 21h,\u00a0 quelqu\u2019un m\u2019a ramen\u00e9e sur la ligne B \u00e0 <em>Palais de Justice<\/em>, o\u00f9 j\u2019ai pris le tramway 2 car le tramway 1 \u00e9tait plus tardif. Ma m\u00e8re est venue me chercher en voiture \u00e0 l\u2019a\u00e9roport.<\/p>\n<p>C\u2019est dingue, je crois qu\u2019\u00e0 Tisseo, ils m\u2019ont d\u00e9finitivement perdue, je ne prendrai jamais plus le bus pour aller \u00e0 Aucamville, c\u2019est mort.<\/p>\n","protected":false},"excerpt":{"rendered":"<p>T\u00e9moignage d\u2019une jeune usag\u00e8re : Je devais \u00eatre \u00e0 Aucamville hier soir \u00e0 19h. Je suis partie de Blagnac \u00e0 17h30 mais je suis arriv\u00e9e en retard (19h15). En effet, apr\u00e8s \u00eatre mont\u00e9e dans le bus 70, nous \u00e9tions bloqu\u00e9s \u00e0 la mairie de Blagnac par les embouteillages. Je suis descendue et j\u2019ai couru prendre<\/p>\n<p class=\"more-link\"><a href=\"https:\/\/autate.fr\/site\/blagnac-aucamville-temps-de-trajet-impossible\/\" class=\"themebutton2\">VOIR PLUS<\/a><\/p>\n","protected":false},"author":1,"featured_media":0,"comment_status":"open","ping_status":"open","sticky":false,"template":"","format":"standard","meta":{"footnotes":""},"categories":[336],"tags":[351,34,350],"class_list":["post-1791","post","type-post","status-publish","format-standard","hentry","category-temoignages","tag-aucamville","tag-blagnac","tag-temps-de-trajet"],"yoast_head":"<!-- This site is optimized with the Yoast SEO plugin v27.4 - https:\/\/yoast.com\/product\/yoast-seo-wordpress\/ -->\n<title>Blagnac-Aucamville : temps de trajet impossible - AUTATE<\/title>\n<meta name=\"robots\" content=\"index, follow, max-snippet:-1, max-image-preview:large, max-video-preview:-1\" \/>\n<link rel=\"canonical\" href=\"https:\/\/autate.fr\/site\/blagnac-aucamville-temps-de-trajet-impossible\/\" \/>\n<meta property=\"og:locale\" content=\"fr_FR\" \/>\n<meta property=\"og:type\" content=\"article\" \/>\n<meta property=\"og:title\" content=\"Blagnac-Aucamville : temps de trajet impossible - AUTATE\" \/>\n<meta property=\"og:description\" content=\"T\u00e9moignage d\u2019une jeune usag\u00e8re : Je devais \u00eatre \u00e0 Aucamville hier soir \u00e0 19h. Je suis partie de Blagnac \u00e0 17h30 mais je suis arriv\u00e9e en retard (19h15). En effet, apr\u00e8s \u00eatre mont\u00e9e dans le bus 70, nous \u00e9tions bloqu\u00e9s \u00e0 la mairie de Blagnac par les embouteillages. Je suis descendue et j\u2019ai couru prendreVOIR PLUS\" \/>\n<meta property=\"og:url\" content=\"https:\/\/autate.fr\/site\/blagnac-aucamville-temps-de-trajet-impossible\/\" \/>\n<meta property=\"og:site_name\" content=\"AUTATE\" \/>\n<meta property=\"article:publisher\" content=\"https:\/\/www.facebook.com\/AutateToulouse\" \/>\n<meta property=\"article:published_time\" content=\"2016-10-29T21:23:15+00:00\" \/>\n<meta property=\"article:modified_time\" content=\"2017-10-21T18:50:32+00:00\" \/>\n<meta name=\"author\" content=\"pascalbarbier\" \/>\n<meta name=\"twitter:card\" content=\"summary_large_image\" \/>\n<meta name=\"twitter:creator\" content=\"@AutateToulouse\" \/>\n<meta name=\"twitter:site\" content=\"@AutateToulouse\" \/>\n<meta name=\"twitter:label1\" content=\"\u00c9crit par\" \/>\n\t<meta name=\"twitter:data1\" content=\"pascalbarbier\" \/>\n\t<meta name=\"twitter:label2\" content=\"Dur\u00e9e de lecture estim\u00e9e\" \/>\n\t<meta name=\"twitter:data2\" content=\"1 minute\" \/>\n<script type=\"application\/ld+json\" class=\"yoast-schema-graph\">{\"@context\":\"https:\\\/\\\/schema.org\",\"@graph\":[{\"@type\":\"Article\",\"@id\":\"https:\\\/\\\/autate.fr\\\/site\\\/blagnac-aucamville-temps-de-trajet-impossible\\\/#article\",\"isPartOf\":{\"@id\":\"https:\\\/\\\/autate.fr\\\/site\\\/blagnac-aucamville-temps-de-trajet-impossible\\\/\"},\"author\":{\"name\":\"pascalbarbier\",\"@id\":\"https:\\\/\\\/autate.fr\\\/site\\\/#\\\/schema\\\/person\\\/ae1ab8bdaa7b41d2a9b52d2557ce8254\"},\"headline\":\"Blagnac-Aucamville : temps de trajet impossible\",\"datePublished\":\"2016-10-29T21:23:15+00:00\",\"dateModified\":\"2017-10-21T18:50:32+00:00\",\"mainEntityOfPage\":{\"@id\":\"https:\\\/\\\/autate.fr\\\/site\\\/blagnac-aucamville-temps-de-trajet-impossible\\\/\"},\"wordCount\":163,\"commentCount\":0,\"publisher\":{\"@id\":\"https:\\\/\\\/autate.fr\\\/site\\\/#organization\"},\"keywords\":[\"Aucamville\",\"Blagnac\",\"temps de trajet\"],\"articleSection\":[\"T\u00e9moignages\"],\"inLanguage\":\"fr-FR\",\"potentialAction\":[{\"@type\":\"CommentAction\",\"name\":\"Comment\",\"target\":[\"https:\\\/\\\/autate.fr\\\/site\\\/blagnac-aucamville-temps-de-trajet-impossible\\\/#respond\"]}]},{\"@type\":\"WebPage\",\"@id\":\"https:\\\/\\\/autate.fr\\\/site\\\/blagnac-aucamville-temps-de-trajet-impossible\\\/\",\"url\":\"https:\\\/\\\/autate.fr\\\/site\\\/blagnac-aucamville-temps-de-trajet-impossible\\\/\",\"name\":\"Blagnac-Aucamville : temps de trajet impossible - AUTATE\",\"isPartOf\":{\"@id\":\"https:\\\/\\\/autate.fr\\\/site\\\/#website\"},\"datePublished\":\"2016-10-29T21:23:15+00:00\",\"dateModified\":\"2017-10-21T18:50:32+00:00\",\"breadcrumb\":{\"@id\":\"https:\\\/\\\/autate.fr\\\/site\\\/blagnac-aucamville-temps-de-trajet-impossible\\\/#breadcrumb\"},\"inLanguage\":\"fr-FR\",\"potentialAction\":[{\"@type\":\"ReadAction\",\"target\":[\"https:\\\/\\\/autate.fr\\\/site\\\/blagnac-aucamville-temps-de-trajet-impossible\\\/\"]}]},{\"@type\":\"BreadcrumbList\",\"@id\":\"https:\\\/\\\/autate.fr\\\/site\\\/blagnac-aucamville-temps-de-trajet-impossible\\\/#breadcrumb\",\"itemListElement\":[{\"@type\":\"ListItem\",\"position\":1,\"name\":\"Accueil\",\"item\":\"https:\\\/\\\/autate.fr\\\/site\\\/\"},{\"@type\":\"ListItem\",\"position\":2,\"name\":\"Blagnac-Aucamville : temps de trajet impossible\"}]},{\"@type\":\"WebSite\",\"@id\":\"https:\\\/\\\/autate.fr\\\/site\\\/#website\",\"url\":\"https:\\\/\\\/autate.fr\\\/site\\\/\",\"name\":\"AUTATE\",\"description\":\"Association des usagers des transports de l&#039;agglom\u00e9ration Toulousaine et de ses environs\",\"publisher\":{\"@id\":\"https:\\\/\\\/autate.fr\\\/site\\\/#organization\"},\"potentialAction\":[{\"@type\":\"SearchAction\",\"target\":{\"@type\":\"EntryPoint\",\"urlTemplate\":\"https:\\\/\\\/autate.fr\\\/site\\\/?s={search_term_string}\"},\"query-input\":{\"@type\":\"PropertyValueSpecification\",\"valueRequired\":true,\"valueName\":\"search_term_string\"}}],\"inLanguage\":\"fr-FR\"},{\"@type\":\"Organization\",\"@id\":\"https:\\\/\\\/autate.fr\\\/site\\\/#organization\",\"name\":\"AUTATE\",\"url\":\"https:\\\/\\\/autate.fr\\\/site\\\/\",\"logo\":{\"@type\":\"ImageObject\",\"inLanguage\":\"fr-FR\",\"@id\":\"https:\\\/\\\/autate.fr\\\/site\\\/#\\\/schema\\\/logo\\\/image\\\/\",\"url\":\"http:\\\/\\\/autate.fr\\\/site\\\/wp-content\\\/uploads\\\/2019\\\/01\\\/logo.png\",\"contentUrl\":\"http:\\\/\\\/autate.fr\\\/site\\\/wp-content\\\/uploads\\\/2019\\\/01\\\/logo.png\",\"width\":506,\"height\":280,\"caption\":\"AUTATE\"},\"image\":{\"@id\":\"https:\\\/\\\/autate.fr\\\/site\\\/#\\\/schema\\\/logo\\\/image\\\/\"},\"sameAs\":[\"https:\\\/\\\/www.facebook.com\\\/AutateToulouse\",\"https:\\\/\\\/x.com\\\/AutateToulouse\"]},{\"@type\":\"Person\",\"@id\":\"https:\\\/\\\/autate.fr\\\/site\\\/#\\\/schema\\\/person\\\/ae1ab8bdaa7b41d2a9b52d2557ce8254\",\"name\":\"pascalbarbier\",\"image\":{\"@type\":\"ImageObject\",\"inLanguage\":\"fr-FR\",\"@id\":\"https:\\\/\\\/secure.gravatar.com\\\/avatar\\\/03f4e8ced09894b72c67e83142540730d4b3bbf619bf46341b0074e3bf5f08a0?s=96&d=mm&r=g\",\"url\":\"https:\\\/\\\/secure.gravatar.com\\\/avatar\\\/03f4e8ced09894b72c67e83142540730d4b3bbf619bf46341b0074e3bf5f08a0?s=96&d=mm&r=g\",\"contentUrl\":\"https:\\\/\\\/secure.gravatar.com\\\/avatar\\\/03f4e8ced09894b72c67e83142540730d4b3bbf619bf46341b0074e3bf5f08a0?s=96&d=mm&r=g\",\"caption\":\"pascalbarbier\"},\"url\":\"https:\\\/\\\/autate.fr\\\/site\\\/author\\\/pascalbarbier\\\/\"}]}<\/script>\n<!-- \/ Yoast SEO plugin. -->","yoast_head_json":{"title":"Blagnac-Aucamville : temps de trajet impossible - AUTATE","robots":{"index":"index","follow":"follow","max-snippet":"max-snippet:-1","max-image-preview":"max-image-preview:large","max-video-preview":"max-video-preview:-1"},"canonical":"https:\/\/autate.fr\/site\/blagnac-aucamville-temps-de-trajet-impossible\/","og_locale":"fr_FR","og_type":"article","og_title":"Blagnac-Aucamville : temps de trajet impossible - AUTATE","og_description":"T\u00e9moignage d\u2019une jeune usag\u00e8re : Je devais \u00eatre \u00e0 Aucamville hier soir \u00e0 19h. Je suis partie de Blagnac \u00e0 17h30 mais je suis arriv\u00e9e en retard (19h15). En effet, apr\u00e8s \u00eatre mont\u00e9e dans le bus 70, nous \u00e9tions bloqu\u00e9s \u00e0 la mairie de Blagnac par les embouteillages. Je suis descendue et j\u2019ai couru prendreVOIR PLUS","og_url":"https:\/\/autate.fr\/site\/blagnac-aucamville-temps-de-trajet-impossible\/","og_site_name":"AUTATE","article_publisher":"https:\/\/www.facebook.com\/AutateToulouse","article_published_time":"2016-10-29T21:23:15+00:00","article_modified_time":"2017-10-21T18:50:32+00:00","author":"pascalbarbier","twitter_card":"summary_large_image","twitter_creator":"@AutateToulouse","twitter_site":"@AutateToulouse","twitter_misc":{"\u00c9crit par":"pascalbarbier","Dur\u00e9e de lecture estim\u00e9e":"1 minute"},"schema":{"@context":"https:\/\/schema.org","@graph":[{"@type":"Article","@id":"https:\/\/autate.fr\/site\/blagnac-aucamville-temps-de-trajet-impossible\/#article","isPartOf":{"@id":"https:\/\/autate.fr\/site\/blagnac-aucamville-temps-de-trajet-impossible\/"},"author":{"name":"pascalbarbier","@id":"https:\/\/autate.fr\/site\/#\/schema\/person\/ae1ab8bdaa7b41d2a9b52d2557ce8254"},"headline":"Blagnac-Aucamville : temps de trajet impossible","datePublished":"2016-10-29T21:23:15+00:00","dateModified":"2017-10-21T18:50:32+00:00","mainEntityOfPage":{"@id":"https:\/\/autate.fr\/site\/blagnac-aucamville-temps-de-trajet-impossible\/"},"wordCount":163,"commentCount":0,"publisher":{"@id":"https:\/\/autate.fr\/site\/#organization"},"keywords":["Aucamville","Blagnac","temps de trajet"],"articleSection":["T\u00e9moignages"],"inLanguage":"fr-FR","potentialAction":[{"@type":"CommentAction","name":"Comment","target":["https:\/\/autate.fr\/site\/blagnac-aucamville-temps-de-trajet-impossible\/#respond"]}]},{"@type":"WebPage","@id":"https:\/\/autate.fr\/site\/blagnac-aucamville-temps-de-trajet-impossible\/","url":"https:\/\/autate.fr\/site\/blagnac-aucamville-temps-de-trajet-impossible\/","name":"Blagnac-Aucamville : temps de trajet impossible - AUTATE","isPartOf":{"@id":"https:\/\/autate.fr\/site\/#website"},"datePublished":"2016-10-29T21:23:15+00:00","dateModified":"2017-10-21T18:50:32+00:00","breadcrumb":{"@id":"https:\/\/autate.fr\/site\/blagnac-aucamville-temps-de-trajet-impossible\/#breadcrumb"},"inLanguage":"fr-FR","potentialAction":[{"@type":"ReadAction","target":["https:\/\/autate.fr\/site\/blagnac-aucamville-temps-de-trajet-impossible\/"]}]},{"@type":"BreadcrumbList","@id":"https:\/\/autate.fr\/site\/blagnac-aucamville-temps-de-trajet-impossible\/#breadcrumb","itemListElement":[{"@type":"ListItem","position":1,"name":"Accueil","item":"https:\/\/autate.fr\/site\/"},{"@type":"ListItem","position":2,"name":"Blagnac-Aucamville : temps de trajet impossible"}]},{"@type":"WebSite","@id":"https:\/\/autate.fr\/site\/#website","url":"https:\/\/autate.fr\/site\/","name":"AUTATE","description":"Association des usagers des transports de l&#039;agglom\u00e9ration Toulousaine et de ses environs","publisher":{"@id":"https:\/\/autate.fr\/site\/#organization"},"potentialAction":[{"@type":"SearchAction","target":{"@type":"EntryPoint","urlTemplate":"https:\/\/autate.fr\/site\/?s={search_term_string}"},"query-input":{"@type":"PropertyValueSpecification","valueRequired":true,"valueName":"search_term_string"}}],"inLanguage":"fr-FR"},{"@type":"Organization","@id":"https:\/\/autate.fr\/site\/#organization","name":"AUTATE","url":"https:\/\/autate.fr\/site\/","logo":{"@type":"ImageObject","inLanguage":"fr-FR","@id":"https:\/\/autate.fr\/site\/#\/schema\/logo\/image\/","url":"http:\/\/autate.fr\/site\/wp-content\/uploads\/2019\/01\/logo.png","contentUrl":"http:\/\/autate.fr\/site\/wp-content\/uploads\/2019\/01\/logo.png","width":506,"height":280,"caption":"AUTATE"},"image":{"@id":"https:\/\/autate.fr\/site\/#\/schema\/logo\/image\/"},"sameAs":["https:\/\/www.facebook.com\/AutateToulouse","https:\/\/x.com\/AutateToulouse"]},{"@type":"Person","@id":"https:\/\/autate.fr\/site\/#\/schema\/person\/ae1ab8bdaa7b41d2a9b52d2557ce8254","name":"pascalbarbier","image":{"@type":"ImageObject","inLanguage":"fr-FR","@id":"https:\/\/secure.gravatar.com\/avatar\/03f4e8ced09894b72c67e83142540730d4b3bbf619bf46341b0074e3bf5f08a0?s=96&d=mm&r=g","url":"https:\/\/secure.gravatar.com\/avatar\/03f4e8ced09894b72c67e83142540730d4b3bbf619bf46341b0074e3bf5f08a0?s=96&d=mm&r=g","contentUrl":"https:\/\/secure.gravatar.com\/avatar\/03f4e8ced09894b72c67e83142540730d4b3bbf619bf46341b0074e3bf5f08a0?s=96&d=mm&r=g","caption":"pascalbarbier"},"url":"https:\/\/autate.fr\/site\/author\/pascalbarbier\/"}]}},"_links":{"self":[{"href":"https:\/\/autate.fr\/site\/wp-json\/wp\/v2\/posts\/1791","targetHints":{"allow":["GET"]}}],"collection":[{"href":"https:\/\/autate.fr\/site\/wp-json\/wp\/v2\/posts"}],"about":[{"href":"https:\/\/autate.fr\/site\/wp-json\/wp\/v2\/types\/post"}],"author":[{"embeddable":true,"href":"https:\/\/autate.fr\/site\/wp-json\/wp\/v2\/users\/1"}],"replies":[{"embeddable":true,"href":"https:\/\/autate.fr\/site\/wp-json\/wp\/v2\/comments?post=1791"}],"version-history":[{"count":2,"href":"https:\/\/autate.fr\/site\/wp-json\/wp\/v2\/posts\/1791\/revisions"}],"predecessor-version":[{"id":2008,"href":"https:\/\/autate.fr\/site\/wp-json\/wp\/v2\/posts\/1791\/revisions\/2008"}],"wp:attachment":[{"href":"https:\/\/autate.fr\/site\/wp-json\/wp\/v2\/media?parent=1791"}],"wp:term":[{"taxonomy":"category","embeddable":true,"href":"https:\/\/autate.fr\/site\/wp-json\/wp\/v2\/categories?post=1791"},{"taxonomy":"post_tag","embeddable":true,"href":"https:\/\/autate.fr\/site\/wp-json\/wp\/v2\/tags?post=1791"}],"curies":[{"name":"wp","href":"https:\/\/api.w.org\/{rel}","templated":true}]}}