{"id":1767,"date":"2016-05-17T22:51:44","date_gmt":"2016-05-17T20:51:44","guid":{"rendered":"http:\/\/autate.fr\/site\/?p=1767"},"modified":"2017-10-21T21:48:49","modified_gmt":"2017-10-21T19:48:49","slug":"train-velo","status":"publish","type":"post","link":"https:\/\/autate.fr\/site\/train-velo\/","title":{"rendered":"TER-V\u00e9lo"},"content":{"rendered":"<p>En rentrant , dimanche 15 mai, de Narbonne par <strong>train TER<\/strong> de 16h02 \u2013 j\u2019ai eu la surprise de constater que les contr\u00f4leurs appliquaient scrupuleusement le r\u00e8glement \u2013 <strong>Pas plus de 6 v\u00e9los accroch\u00e9s<\/strong> \u2013 Sur le parcours jusqu\u2019\u00e0 Toulouse, <strong>une quinzaine de cyclistes sont rest\u00e9s \u00e0 quai<\/strong> alors que c\u2019est vrai, les crochets \u00e9taient occup\u00e9s mais le <strong>train n\u2019\u00e9tait pas tr\u00e8s rempli<\/strong>. Je pense qu\u2019une action de l\u2019asso aupr\u00e8s du conseil r\u00e9gional s\u2019impose.<\/p>\n<hr \/>\n<p>En plus du t\u00e9moignage pr\u00e9c\u00e9dent , j\u2019ai assist\u00e9 \u00e9galement au refoulement de 10 cyclistes en gare de Matabiau le jeudi 5 mai ! Dans la gare, ce jour l\u00e0, il y avait affluence de cyclistes pour prendre le train 7306 de 8h15 en direction de Narbonne dont un groupe arborant des teeshirts \u00ab 350 ans du canal du midi \u00bb. Le train a \u00e9t\u00e9 annonc\u00e9 avec 1\/4h de retard pour raison d\u2019affluence (\u2026de cyclistes !)- Il y avait heureusement ce matin l\u00e0, des voitures avec plateforme derri\u00e8re la cabine du chauffeur et plateforme pour v\u00e9los \u00e0 l\u2019arri\u00e8re. Mais malgr\u00e9 cet \u00e9quipement et devant l\u2019affluence (30 cyclistes \u2026) tous n\u2019ont pu monter !<\/p>\n<p><strong>Comme Dimanche 15 mai, les longs WE sont des jours de d\u00e9part pour nos cyclotouristes \u2026le long du canal du midi ! et le succ\u00e8s de la formule TRAIN + VELO pour entreprendre quelques jours d\u2019escapade va en augmentant! A quand un service du type Train V\u00e9lo Loire du mois de Juin au mois de Septembre ainsi que sur les grands WE du mois de mai ???<\/strong><\/p>\n","protected":false},"excerpt":{"rendered":"<p>En rentrant , dimanche 15 mai, de Narbonne par train TER de 16h02 \u2013 j\u2019ai eu la surprise de constater que les contr\u00f4leurs appliquaient scrupuleusement le r\u00e8glement \u2013 Pas plus de 6 v\u00e9los accroch\u00e9s \u2013 Sur le parcours jusqu\u2019\u00e0 Toulouse, une quinzaine de cyclistes sont rest\u00e9s \u00e0 quai alors que c\u2019est vrai, les crochets \u00e9taient<\/p>\n<p class=\"more-link\"><a href=\"https:\/\/autate.fr\/site\/train-velo\/\" class=\"themebutton2\">VOIR PLUS<\/a><\/p>\n","protected":false},"author":1,"featured_media":0,"comment_status":"open","ping_status":"open","sticky":false,"template":"","format":"standard","meta":{"footnotes":""},"categories":[336],"tags":[337,8,69],"class_list":["post-1767","post","type-post","status-publish","format-standard","hentry","category-temoignages","tag-conseil-regional","tag-ter","tag-velo"],"yoast_head":"<!-- This site is optimized with the Yoast SEO plugin v27.4 - https:\/\/yoast.com\/product\/yoast-seo-wordpress\/ -->\n<title>TER-V\u00e9lo - AUTATE<\/title>\n<meta name=\"robots\" content=\"index, follow, max-snippet:-1, max-image-preview:large, max-video-preview:-1\" \/>\n<link rel=\"canonical\" href=\"https:\/\/autate.fr\/site\/train-velo\/\" \/>\n<meta property=\"og:locale\" content=\"fr_FR\" \/>\n<meta property=\"og:type\" content=\"article\" \/>\n<meta property=\"og:title\" content=\"TER-V\u00e9lo - AUTATE\" \/>\n<meta property=\"og:description\" content=\"En rentrant , dimanche 15 mai, de Narbonne par train TER de 16h02 \u2013 j\u2019ai eu la surprise de constater que les contr\u00f4leurs appliquaient scrupuleusement le r\u00e8glement \u2013 Pas plus de 6 v\u00e9los accroch\u00e9s \u2013 Sur le parcours jusqu\u2019\u00e0 Toulouse, une quinzaine de cyclistes sont rest\u00e9s \u00e0 quai alors que c\u2019est vrai, les crochets \u00e9taientVOIR PLUS\" \/>\n<meta property=\"og:url\" content=\"https:\/\/autate.fr\/site\/train-velo\/\" \/>\n<meta property=\"og:site_name\" content=\"AUTATE\" \/>\n<meta property=\"article:publisher\" content=\"https:\/\/www.facebook.com\/AutateToulouse\" \/>\n<meta property=\"article:published_time\" content=\"2016-05-17T20:51:44+00:00\" \/>\n<meta property=\"article:modified_time\" content=\"2017-10-21T19:48:49+00:00\" \/>\n<meta name=\"author\" content=\"pascalbarbier\" \/>\n<meta name=\"twitter:card\" content=\"summary_large_image\" \/>\n<meta name=\"twitter:creator\" content=\"@AutateToulouse\" \/>\n<meta name=\"twitter:site\" content=\"@AutateToulouse\" \/>\n<meta name=\"twitter:label1\" content=\"\u00c9crit par\" \/>\n\t<meta name=\"twitter:data1\" content=\"pascalbarbier\" \/>\n\t<meta name=\"twitter:label2\" content=\"Dur\u00e9e de lecture estim\u00e9e\" \/>\n\t<meta name=\"twitter:data2\" content=\"1 minute\" \/>\n<script type=\"application\/ld+json\" class=\"yoast-schema-graph\">{\"@context\":\"https:\\\/\\\/schema.org\",\"@graph\":[{\"@type\":\"Article\",\"@id\":\"https:\\\/\\\/autate.fr\\\/site\\\/train-velo\\\/#article\",\"isPartOf\":{\"@id\":\"https:\\\/\\\/autate.fr\\\/site\\\/train-velo\\\/\"},\"author\":{\"name\":\"pascalbarbier\",\"@id\":\"https:\\\/\\\/autate.fr\\\/site\\\/#\\\/schema\\\/person\\\/ae1ab8bdaa7b41d2a9b52d2557ce8254\"},\"headline\":\"TER-V\u00e9lo\",\"datePublished\":\"2016-05-17T20:51:44+00:00\",\"dateModified\":\"2017-10-21T19:48:49+00:00\",\"mainEntityOfPage\":{\"@id\":\"https:\\\/\\\/autate.fr\\\/site\\\/train-velo\\\/\"},\"wordCount\":262,\"commentCount\":0,\"publisher\":{\"@id\":\"https:\\\/\\\/autate.fr\\\/site\\\/#organization\"},\"keywords\":[\"Conseil r\u00e9gional\",\"TER\",\"v\u00e9lo\"],\"articleSection\":[\"T\u00e9moignages\"],\"inLanguage\":\"fr-FR\",\"potentialAction\":[{\"@type\":\"CommentAction\",\"name\":\"Comment\",\"target\":[\"https:\\\/\\\/autate.fr\\\/site\\\/train-velo\\\/#respond\"]}]},{\"@type\":\"WebPage\",\"@id\":\"https:\\\/\\\/autate.fr\\\/site\\\/train-velo\\\/\",\"url\":\"https:\\\/\\\/autate.fr\\\/site\\\/train-velo\\\/\",\"name\":\"TER-V\u00e9lo - AUTATE\",\"isPartOf\":{\"@id\":\"https:\\\/\\\/autate.fr\\\/site\\\/#website\"},\"datePublished\":\"2016-05-17T20:51:44+00:00\",\"dateModified\":\"2017-10-21T19:48:49+00:00\",\"breadcrumb\":{\"@id\":\"https:\\\/\\\/autate.fr\\\/site\\\/train-velo\\\/#breadcrumb\"},\"inLanguage\":\"fr-FR\",\"potentialAction\":[{\"@type\":\"ReadAction\",\"target\":[\"https:\\\/\\\/autate.fr\\\/site\\\/train-velo\\\/\"]}]},{\"@type\":\"BreadcrumbList\",\"@id\":\"https:\\\/\\\/autate.fr\\\/site\\\/train-velo\\\/#breadcrumb\",\"itemListElement\":[{\"@type\":\"ListItem\",\"position\":1,\"name\":\"Accueil\",\"item\":\"https:\\\/\\\/autate.fr\\\/site\\\/\"},{\"@type\":\"ListItem\",\"position\":2,\"name\":\"TER-V\u00e9lo\"}]},{\"@type\":\"WebSite\",\"@id\":\"https:\\\/\\\/autate.fr\\\/site\\\/#website\",\"url\":\"https:\\\/\\\/autate.fr\\\/site\\\/\",\"name\":\"AUTATE\",\"description\":\"Association des usagers des transports de l&#039;agglom\u00e9ration Toulousaine et de ses environs\",\"publisher\":{\"@id\":\"https:\\\/\\\/autate.fr\\\/site\\\/#organization\"},\"potentialAction\":[{\"@type\":\"SearchAction\",\"target\":{\"@type\":\"EntryPoint\",\"urlTemplate\":\"https:\\\/\\\/autate.fr\\\/site\\\/?s={search_term_string}\"},\"query-input\":{\"@type\":\"PropertyValueSpecification\",\"valueRequired\":true,\"valueName\":\"search_term_string\"}}],\"inLanguage\":\"fr-FR\"},{\"@type\":\"Organization\",\"@id\":\"https:\\\/\\\/autate.fr\\\/site\\\/#organization\",\"name\":\"AUTATE\",\"url\":\"https:\\\/\\\/autate.fr\\\/site\\\/\",\"logo\":{\"@type\":\"ImageObject\",\"inLanguage\":\"fr-FR\",\"@id\":\"https:\\\/\\\/autate.fr\\\/site\\\/#\\\/schema\\\/logo\\\/image\\\/\",\"url\":\"http:\\\/\\\/autate.fr\\\/site\\\/wp-content\\\/uploads\\\/2019\\\/01\\\/logo.png\",\"contentUrl\":\"http:\\\/\\\/autate.fr\\\/site\\\/wp-content\\\/uploads\\\/2019\\\/01\\\/logo.png\",\"width\":506,\"height\":280,\"caption\":\"AUTATE\"},\"image\":{\"@id\":\"https:\\\/\\\/autate.fr\\\/site\\\/#\\\/schema\\\/logo\\\/image\\\/\"},\"sameAs\":[\"https:\\\/\\\/www.facebook.com\\\/AutateToulouse\",\"https:\\\/\\\/x.com\\\/AutateToulouse\"]},{\"@type\":\"Person\",\"@id\":\"https:\\\/\\\/autate.fr\\\/site\\\/#\\\/schema\\\/person\\\/ae1ab8bdaa7b41d2a9b52d2557ce8254\",\"name\":\"pascalbarbier\",\"image\":{\"@type\":\"ImageObject\",\"inLanguage\":\"fr-FR\",\"@id\":\"https:\\\/\\\/secure.gravatar.com\\\/avatar\\\/03f4e8ced09894b72c67e83142540730d4b3bbf619bf46341b0074e3bf5f08a0?s=96&d=mm&r=g\",\"url\":\"https:\\\/\\\/secure.gravatar.com\\\/avatar\\\/03f4e8ced09894b72c67e83142540730d4b3bbf619bf46341b0074e3bf5f08a0?s=96&d=mm&r=g\",\"contentUrl\":\"https:\\\/\\\/secure.gravatar.com\\\/avatar\\\/03f4e8ced09894b72c67e83142540730d4b3bbf619bf46341b0074e3bf5f08a0?s=96&d=mm&r=g\",\"caption\":\"pascalbarbier\"},\"url\":\"https:\\\/\\\/autate.fr\\\/site\\\/author\\\/pascalbarbier\\\/\"}]}<\/script>\n<!-- \/ Yoast SEO plugin. -->","yoast_head_json":{"title":"TER-V\u00e9lo - AUTATE","robots":{"index":"index","follow":"follow","max-snippet":"max-snippet:-1","max-image-preview":"max-image-preview:large","max-video-preview":"max-video-preview:-1"},"canonical":"https:\/\/autate.fr\/site\/train-velo\/","og_locale":"fr_FR","og_type":"article","og_title":"TER-V\u00e9lo - AUTATE","og_description":"En rentrant , dimanche 15 mai, de Narbonne par train TER de 16h02 \u2013 j\u2019ai eu la surprise de constater que les contr\u00f4leurs appliquaient scrupuleusement le r\u00e8glement \u2013 Pas plus de 6 v\u00e9los accroch\u00e9s \u2013 Sur le parcours jusqu\u2019\u00e0 Toulouse, une quinzaine de cyclistes sont rest\u00e9s \u00e0 quai alors que c\u2019est vrai, les crochets \u00e9taientVOIR PLUS","og_url":"https:\/\/autate.fr\/site\/train-velo\/","og_site_name":"AUTATE","article_publisher":"https:\/\/www.facebook.com\/AutateToulouse","article_published_time":"2016-05-17T20:51:44+00:00","article_modified_time":"2017-10-21T19:48:49+00:00","author":"pascalbarbier","twitter_card":"summary_large_image","twitter_creator":"@AutateToulouse","twitter_site":"@AutateToulouse","twitter_misc":{"\u00c9crit par":"pascalbarbier","Dur\u00e9e de lecture estim\u00e9e":"1 minute"},"schema":{"@context":"https:\/\/schema.org","@graph":[{"@type":"Article","@id":"https:\/\/autate.fr\/site\/train-velo\/#article","isPartOf":{"@id":"https:\/\/autate.fr\/site\/train-velo\/"},"author":{"name":"pascalbarbier","@id":"https:\/\/autate.fr\/site\/#\/schema\/person\/ae1ab8bdaa7b41d2a9b52d2557ce8254"},"headline":"TER-V\u00e9lo","datePublished":"2016-05-17T20:51:44+00:00","dateModified":"2017-10-21T19:48:49+00:00","mainEntityOfPage":{"@id":"https:\/\/autate.fr\/site\/train-velo\/"},"wordCount":262,"commentCount":0,"publisher":{"@id":"https:\/\/autate.fr\/site\/#organization"},"keywords":["Conseil r\u00e9gional","TER","v\u00e9lo"],"articleSection":["T\u00e9moignages"],"inLanguage":"fr-FR","potentialAction":[{"@type":"CommentAction","name":"Comment","target":["https:\/\/autate.fr\/site\/train-velo\/#respond"]}]},{"@type":"WebPage","@id":"https:\/\/autate.fr\/site\/train-velo\/","url":"https:\/\/autate.fr\/site\/train-velo\/","name":"TER-V\u00e9lo - AUTATE","isPartOf":{"@id":"https:\/\/autate.fr\/site\/#website"},"datePublished":"2016-05-17T20:51:44+00:00","dateModified":"2017-10-21T19:48:49+00:00","breadcrumb":{"@id":"https:\/\/autate.fr\/site\/train-velo\/#breadcrumb"},"inLanguage":"fr-FR","potentialAction":[{"@type":"ReadAction","target":["https:\/\/autate.fr\/site\/train-velo\/"]}]},{"@type":"BreadcrumbList","@id":"https:\/\/autate.fr\/site\/train-velo\/#breadcrumb","itemListElement":[{"@type":"ListItem","position":1,"name":"Accueil","item":"https:\/\/autate.fr\/site\/"},{"@type":"ListItem","position":2,"name":"TER-V\u00e9lo"}]},{"@type":"WebSite","@id":"https:\/\/autate.fr\/site\/#website","url":"https:\/\/autate.fr\/site\/","name":"AUTATE","description":"Association des usagers des transports de l&#039;agglom\u00e9ration Toulousaine et de ses environs","publisher":{"@id":"https:\/\/autate.fr\/site\/#organization"},"potentialAction":[{"@type":"SearchAction","target":{"@type":"EntryPoint","urlTemplate":"https:\/\/autate.fr\/site\/?s={search_term_string}"},"query-input":{"@type":"PropertyValueSpecification","valueRequired":true,"valueName":"search_term_string"}}],"inLanguage":"fr-FR"},{"@type":"Organization","@id":"https:\/\/autate.fr\/site\/#organization","name":"AUTATE","url":"https:\/\/autate.fr\/site\/","logo":{"@type":"ImageObject","inLanguage":"fr-FR","@id":"https:\/\/autate.fr\/site\/#\/schema\/logo\/image\/","url":"http:\/\/autate.fr\/site\/wp-content\/uploads\/2019\/01\/logo.png","contentUrl":"http:\/\/autate.fr\/site\/wp-content\/uploads\/2019\/01\/logo.png","width":506,"height":280,"caption":"AUTATE"},"image":{"@id":"https:\/\/autate.fr\/site\/#\/schema\/logo\/image\/"},"sameAs":["https:\/\/www.facebook.com\/AutateToulouse","https:\/\/x.com\/AutateToulouse"]},{"@type":"Person","@id":"https:\/\/autate.fr\/site\/#\/schema\/person\/ae1ab8bdaa7b41d2a9b52d2557ce8254","name":"pascalbarbier","image":{"@type":"ImageObject","inLanguage":"fr-FR","@id":"https:\/\/secure.gravatar.com\/avatar\/03f4e8ced09894b72c67e83142540730d4b3bbf619bf46341b0074e3bf5f08a0?s=96&d=mm&r=g","url":"https:\/\/secure.gravatar.com\/avatar\/03f4e8ced09894b72c67e83142540730d4b3bbf619bf46341b0074e3bf5f08a0?s=96&d=mm&r=g","contentUrl":"https:\/\/secure.gravatar.com\/avatar\/03f4e8ced09894b72c67e83142540730d4b3bbf619bf46341b0074e3bf5f08a0?s=96&d=mm&r=g","caption":"pascalbarbier"},"url":"https:\/\/autate.fr\/site\/author\/pascalbarbier\/"}]}},"_links":{"self":[{"href":"https:\/\/autate.fr\/site\/wp-json\/wp\/v2\/posts\/1767","targetHints":{"allow":["GET"]}}],"collection":[{"href":"https:\/\/autate.fr\/site\/wp-json\/wp\/v2\/posts"}],"about":[{"href":"https:\/\/autate.fr\/site\/wp-json\/wp\/v2\/types\/post"}],"author":[{"embeddable":true,"href":"https:\/\/autate.fr\/site\/wp-json\/wp\/v2\/users\/1"}],"replies":[{"embeddable":true,"href":"https:\/\/autate.fr\/site\/wp-json\/wp\/v2\/comments?post=1767"}],"version-history":[{"count":4,"href":"https:\/\/autate.fr\/site\/wp-json\/wp\/v2\/posts\/1767\/revisions"}],"predecessor-version":[{"id":1771,"href":"https:\/\/autate.fr\/site\/wp-json\/wp\/v2\/posts\/1767\/revisions\/1771"}],"wp:attachment":[{"href":"https:\/\/autate.fr\/site\/wp-json\/wp\/v2\/media?parent=1767"}],"wp:term":[{"taxonomy":"category","embeddable":true,"href":"https:\/\/autate.fr\/site\/wp-json\/wp\/v2\/categories?post=1767"},{"taxonomy":"post_tag","embeddable":true,"href":"https:\/\/autate.fr\/site\/wp-json\/wp\/v2\/tags?post=1767"}],"curies":[{"name":"wp","href":"https:\/\/api.w.org\/{rel}","templated":true}]}}