{"id":1737,"date":"2017-09-14T21:13:22","date_gmt":"2017-09-14T19:13:22","guid":{"rendered":"http:\/\/autate.fr\/site\/?p=1737"},"modified":"2025-11-21T22:17:24","modified_gmt":"2025-11-21T21:17:24","slug":"20minutes-toulouse-la-ligne-b-du-metro-sera-bel-et-bien-prolongee-jusqua-labege","status":"publish","type":"post","link":"https:\/\/autate.fr\/site\/20minutes-toulouse-la-ligne-b-du-metro-sera-bel-et-bien-prolongee-jusqua-labege\/","title":{"rendered":"[20minutes] Toulouse: La ligne B du m\u00e9tro sera bel et bien prolong\u00e9e jusqu&rsquo;\u00e0 Lab\u00e8ge"},"content":{"rendered":"<p>Un article d&rsquo;H\u00e9l\u00e8ne Menal publi\u00e9 le 13\/09\/2017<\/p>\n<div class=\"summary default mb2\">\n<ul>\n<li>C\u2019est pass\u00e9 inaper\u00e7u au c\u0153ur de l\u2019\u00e9t\u00e9 mais le projet de prolongement de la ligne B du m\u00e9tro vers Lab\u00e8ge a \u00e9t\u00e9 approuv\u00e9 par Tiss\u00e9o.<\/li>\n<li>Long de 2,7 kilom\u00e8tres, il comprendra deux stations pour un co\u00fbt de 180\u00a0millions d\u2019euros.<\/li>\n<li>Sa mise en service est pr\u00e9vue en 2024, comme pour la 3e ligne de m\u00e9tro.<\/li>\n<\/ul>\n<p>Les automobilistes qui passent leur temps \u00e0 s\u2019\u00e9nerver dans les bouchons de Lab\u00e8ge peuvent d\u00e9sormais se consoler en se disant\u00a0que la sortie du tunnel est doublement en vue.<\/p>\n<p>D\u2019abord parce que <a href=\"https:\/\/fr.wikipedia.org\/wiki\/Toulouse_Aerospace_Express\" target=\"_blank\" rel=\"noopener\">la 3e ligne de m\u00e9tro (TAE)<\/a> passera dans le secteur, c\u2019est grav\u00e9 dans le marbre depuis le mois de juillet. Mais \u00e9galement parce que la ligne B du m\u00e9tro sera elle aussi prolong\u00e9e jusqu\u2019\u00e0 Lab\u00e8ge. En fait, les deux d\u00e9cisions des \u00e9lus de Tiss\u00e9o-Collectivit\u00e9s ont \u00e9t\u00e9 prises en m\u00eame temps.<\/p>\n<p>Mais l\u2019\u00e9norme dossier \u00e0 2,3\u00a0milliards d\u2019euros a \u00e9clips\u00e9 le fameux prolongement (PLB) \u00e0 180\u00a0millions\u2026 celui qui a fait couler tant d\u2019encre depuis dix ans, suscit\u00e9 tant de p\u00e9titions et de f\u00e2cheries politiques, notamment entre la <a href=\"http:\/\/www.toulouse-metropole.fr\/\" target=\"_blank\" rel=\"noopener\">M\u00e9tropole<\/a> et les communes du <a href=\"http:\/\/www.sicoval.fr\/fr\/index.html\" target=\"_blank\" rel=\"noopener\">Sicoval<\/a>.\u00a0A l\u2019aune de la TAE, il est devenu beaucoup plus consensuel. Et il a m\u00eame \u00e9t\u00e9 rebaptis\u00e9 \u00ab\u00a0Connexion ligne B\u00a0\u00bb (CLB).<\/p>\n<h2>Deux stations de plus pour la ligne B<\/h2>\n<p>Pas de t\u00e9l\u00e9ph\u00e9rique donc pour traverser le <a href=\"http:\/\/economie.sicoval.fr\/fr\/creer-et-se-developper\/s-implanter\/labege-innopole-1.html\" target=\"_blank\" rel=\"noopener\">Parc technologique du Canal <\/a>comme le proposaient les \u00e9lus toulousains. A l\u2019horizon 2024, la ligne B ne fera plus terminus \u00e0 Ramonville. Elle poursuivra sa route sur deux stations jusqu\u2019\u00e0 l <a href=\"http:\/\/www.inp-toulouse.fr\/fr\/index.html\" target=\"_blank\" rel=\"noopener\">&lsquo;Institut national Polytechnique <\/a>(INPT) et l\u2019interconnexion avec la 3e ligne.<\/p>\n<p>La CLB sera une infrastructure de 2,7\u00a0km de long, construite essentiellement en viaduc a\u00e9rien et sur une seule voie. Elle ne sera emprunt\u00e9e que par une rame sur quatre de la ligne B et devrait transporter jusqu\u2019\u00e0 14.000 passagers par jour.<\/p>\n<p>Il y a une seule mauvaise nouvelle\u00a0:\u00a0les techniciens de <a href=\"http:\/\/www.tisseo.fr\" target=\"_blank\" rel=\"noopener\">Tiss\u00e9o<\/a> estiment que le chantier de la CLB n\u00e9cessitera une \u00ab\u00a0coupure estivale de plusieurs semaines de la ligne B\u00a0\u00bb. Si vous avez d\u00e9test\u00e9 celle de la ligne A cet \u00e9t\u00e9, pr\u00e9parez-vous\u2026<\/p>\n<p><a href=\"http:\/\/www.20minutes.fr\/toulouse\/2132035-20170913-toulouse-ligne-b-metro-bel-bien-prolongee-jusqu-labege\" target=\"_blank\" rel=\"noopener\">lire sur le site<\/a><\/p>\n<\/div>\n","protected":false},"excerpt":{"rendered":"<p>Un article d&rsquo;H\u00e9l\u00e8ne Menal publi\u00e9 le 13\/09\/2017 C\u2019est pass\u00e9 inaper\u00e7u au c\u0153ur de l\u2019\u00e9t\u00e9 mais le projet de prolongement de la ligne B du m\u00e9tro vers Lab\u00e8ge a \u00e9t\u00e9 approuv\u00e9 par Tiss\u00e9o. Long de 2,7 kilom\u00e8tres, il comprendra deux stations pour un co\u00fbt de 180\u00a0millions d\u2019euros. Sa mise en service est pr\u00e9vue en 2024, comme<\/p>\n<p class=\"more-link\"><a href=\"https:\/\/autate.fr\/site\/20minutes-toulouse-la-ligne-b-du-metro-sera-bel-et-bien-prolongee-jusqua-labege\/\" class=\"themebutton2\">VOIR PLUS<\/a><\/p>\n","protected":false},"author":1,"featured_media":0,"comment_status":"open","ping_status":"open","sticky":false,"template":"","format":"standard","meta":{"footnotes":""},"categories":[500,7],"tags":[22,18,17],"class_list":["post-1737","post","type-post","status-publish","format-standard","hentry","category-bus-tisseo","category-revue-de-presse","tag-labege","tag-ligne-b","tag-plb"],"yoast_head":"<!-- This site is optimized with the Yoast SEO plugin v27.4 - https:\/\/yoast.com\/product\/yoast-seo-wordpress\/ -->\n<title>[20minutes] Toulouse: La ligne B du m\u00e9tro sera bel et bien prolong\u00e9e jusqu&#039;\u00e0 Lab\u00e8ge - AUTATE<\/title>\n<meta name=\"robots\" content=\"index, follow, max-snippet:-1, max-image-preview:large, max-video-preview:-1\" \/>\n<link rel=\"canonical\" href=\"https:\/\/autate.fr\/site\/20minutes-toulouse-la-ligne-b-du-metro-sera-bel-et-bien-prolongee-jusqua-labege\/\" \/>\n<meta property=\"og:locale\" content=\"fr_FR\" \/>\n<meta property=\"og:type\" content=\"article\" \/>\n<meta property=\"og:title\" content=\"[20minutes] Toulouse: La ligne B du m\u00e9tro sera bel et bien prolong\u00e9e jusqu&#039;\u00e0 Lab\u00e8ge - AUTATE\" \/>\n<meta property=\"og:description\" content=\"Un article d&rsquo;H\u00e9l\u00e8ne Menal publi\u00e9 le 13\/09\/2017 C\u2019est pass\u00e9 inaper\u00e7u au c\u0153ur de l\u2019\u00e9t\u00e9 mais le projet de prolongement de la ligne B du m\u00e9tro vers Lab\u00e8ge a \u00e9t\u00e9 approuv\u00e9 par Tiss\u00e9o. Long de 2,7 kilom\u00e8tres, il comprendra deux stations pour un co\u00fbt de 180\u00a0millions d\u2019euros. Sa mise en service est pr\u00e9vue en 2024, commeVOIR PLUS\" \/>\n<meta property=\"og:url\" content=\"https:\/\/autate.fr\/site\/20minutes-toulouse-la-ligne-b-du-metro-sera-bel-et-bien-prolongee-jusqua-labege\/\" \/>\n<meta property=\"og:site_name\" content=\"AUTATE\" \/>\n<meta property=\"article:publisher\" content=\"https:\/\/www.facebook.com\/AutateToulouse\" \/>\n<meta property=\"article:published_time\" content=\"2017-09-14T19:13:22+00:00\" \/>\n<meta property=\"article:modified_time\" content=\"2025-11-21T21:17:24+00:00\" \/>\n<meta name=\"author\" content=\"pascalbarbier\" \/>\n<meta name=\"twitter:card\" content=\"summary_large_image\" \/>\n<meta name=\"twitter:creator\" content=\"@AutateToulouse\" \/>\n<meta name=\"twitter:site\" content=\"@AutateToulouse\" \/>\n<meta name=\"twitter:label1\" content=\"\u00c9crit par\" \/>\n\t<meta name=\"twitter:data1\" content=\"pascalbarbier\" \/>\n\t<meta name=\"twitter:label2\" content=\"Dur\u00e9e de lecture estim\u00e9e\" \/>\n\t<meta name=\"twitter:data2\" content=\"2 minutes\" \/>\n<script type=\"application\/ld+json\" class=\"yoast-schema-graph\">{\"@context\":\"https:\\\/\\\/schema.org\",\"@graph\":[{\"@type\":\"Article\",\"@id\":\"https:\\\/\\\/autate.fr\\\/site\\\/20minutes-toulouse-la-ligne-b-du-metro-sera-bel-et-bien-prolongee-jusqua-labege\\\/#article\",\"isPartOf\":{\"@id\":\"https:\\\/\\\/autate.fr\\\/site\\\/20minutes-toulouse-la-ligne-b-du-metro-sera-bel-et-bien-prolongee-jusqua-labege\\\/\"},\"author\":{\"name\":\"pascalbarbier\",\"@id\":\"https:\\\/\\\/autate.fr\\\/site\\\/#\\\/schema\\\/person\\\/ae1ab8bdaa7b41d2a9b52d2557ce8254\"},\"headline\":\"[20minutes] Toulouse: La ligne B du m\u00e9tro sera bel et bien prolong\u00e9e jusqu&rsquo;\u00e0 Lab\u00e8ge\",\"datePublished\":\"2017-09-14T19:13:22+00:00\",\"dateModified\":\"2025-11-21T21:17:24+00:00\",\"mainEntityOfPage\":{\"@id\":\"https:\\\/\\\/autate.fr\\\/site\\\/20minutes-toulouse-la-ligne-b-du-metro-sera-bel-et-bien-prolongee-jusqua-labege\\\/\"},\"wordCount\":401,\"commentCount\":0,\"publisher\":{\"@id\":\"https:\\\/\\\/autate.fr\\\/site\\\/#organization\"},\"keywords\":[\"Lab\u00e8ge\",\"ligne B\",\"PLB\"],\"articleSection\":[\"Bus Tisseo\",\"Revue de presse\"],\"inLanguage\":\"fr-FR\",\"potentialAction\":[{\"@type\":\"CommentAction\",\"name\":\"Comment\",\"target\":[\"https:\\\/\\\/autate.fr\\\/site\\\/20minutes-toulouse-la-ligne-b-du-metro-sera-bel-et-bien-prolongee-jusqua-labege\\\/#respond\"]}]},{\"@type\":\"WebPage\",\"@id\":\"https:\\\/\\\/autate.fr\\\/site\\\/20minutes-toulouse-la-ligne-b-du-metro-sera-bel-et-bien-prolongee-jusqua-labege\\\/\",\"url\":\"https:\\\/\\\/autate.fr\\\/site\\\/20minutes-toulouse-la-ligne-b-du-metro-sera-bel-et-bien-prolongee-jusqua-labege\\\/\",\"name\":\"[20minutes] Toulouse: La ligne B du m\u00e9tro sera bel et bien prolong\u00e9e jusqu'\u00e0 Lab\u00e8ge - AUTATE\",\"isPartOf\":{\"@id\":\"https:\\\/\\\/autate.fr\\\/site\\\/#website\"},\"datePublished\":\"2017-09-14T19:13:22+00:00\",\"dateModified\":\"2025-11-21T21:17:24+00:00\",\"breadcrumb\":{\"@id\":\"https:\\\/\\\/autate.fr\\\/site\\\/20minutes-toulouse-la-ligne-b-du-metro-sera-bel-et-bien-prolongee-jusqua-labege\\\/#breadcrumb\"},\"inLanguage\":\"fr-FR\",\"potentialAction\":[{\"@type\":\"ReadAction\",\"target\":[\"https:\\\/\\\/autate.fr\\\/site\\\/20minutes-toulouse-la-ligne-b-du-metro-sera-bel-et-bien-prolongee-jusqua-labege\\\/\"]}]},{\"@type\":\"BreadcrumbList\",\"@id\":\"https:\\\/\\\/autate.fr\\\/site\\\/20minutes-toulouse-la-ligne-b-du-metro-sera-bel-et-bien-prolongee-jusqua-labege\\\/#breadcrumb\",\"itemListElement\":[{\"@type\":\"ListItem\",\"position\":1,\"name\":\"Accueil\",\"item\":\"https:\\\/\\\/autate.fr\\\/site\\\/\"},{\"@type\":\"ListItem\",\"position\":2,\"name\":\"[20minutes] Toulouse: La ligne B du m\u00e9tro sera bel et bien prolong\u00e9e jusqu&rsquo;\u00e0 Lab\u00e8ge\"}]},{\"@type\":\"WebSite\",\"@id\":\"https:\\\/\\\/autate.fr\\\/site\\\/#website\",\"url\":\"https:\\\/\\\/autate.fr\\\/site\\\/\",\"name\":\"AUTATE\",\"description\":\"Association des usagers des transports de l&#039;agglom\u00e9ration Toulousaine et de ses environs\",\"publisher\":{\"@id\":\"https:\\\/\\\/autate.fr\\\/site\\\/#organization\"},\"potentialAction\":[{\"@type\":\"SearchAction\",\"target\":{\"@type\":\"EntryPoint\",\"urlTemplate\":\"https:\\\/\\\/autate.fr\\\/site\\\/?s={search_term_string}\"},\"query-input\":{\"@type\":\"PropertyValueSpecification\",\"valueRequired\":true,\"valueName\":\"search_term_string\"}}],\"inLanguage\":\"fr-FR\"},{\"@type\":\"Organization\",\"@id\":\"https:\\\/\\\/autate.fr\\\/site\\\/#organization\",\"name\":\"AUTATE\",\"url\":\"https:\\\/\\\/autate.fr\\\/site\\\/\",\"logo\":{\"@type\":\"ImageObject\",\"inLanguage\":\"fr-FR\",\"@id\":\"https:\\\/\\\/autate.fr\\\/site\\\/#\\\/schema\\\/logo\\\/image\\\/\",\"url\":\"http:\\\/\\\/autate.fr\\\/site\\\/wp-content\\\/uploads\\\/2019\\\/01\\\/logo.png\",\"contentUrl\":\"http:\\\/\\\/autate.fr\\\/site\\\/wp-content\\\/uploads\\\/2019\\\/01\\\/logo.png\",\"width\":506,\"height\":280,\"caption\":\"AUTATE\"},\"image\":{\"@id\":\"https:\\\/\\\/autate.fr\\\/site\\\/#\\\/schema\\\/logo\\\/image\\\/\"},\"sameAs\":[\"https:\\\/\\\/www.facebook.com\\\/AutateToulouse\",\"https:\\\/\\\/x.com\\\/AutateToulouse\"]},{\"@type\":\"Person\",\"@id\":\"https:\\\/\\\/autate.fr\\\/site\\\/#\\\/schema\\\/person\\\/ae1ab8bdaa7b41d2a9b52d2557ce8254\",\"name\":\"pascalbarbier\",\"image\":{\"@type\":\"ImageObject\",\"inLanguage\":\"fr-FR\",\"@id\":\"https:\\\/\\\/secure.gravatar.com\\\/avatar\\\/03f4e8ced09894b72c67e83142540730d4b3bbf619bf46341b0074e3bf5f08a0?s=96&d=mm&r=g\",\"url\":\"https:\\\/\\\/secure.gravatar.com\\\/avatar\\\/03f4e8ced09894b72c67e83142540730d4b3bbf619bf46341b0074e3bf5f08a0?s=96&d=mm&r=g\",\"contentUrl\":\"https:\\\/\\\/secure.gravatar.com\\\/avatar\\\/03f4e8ced09894b72c67e83142540730d4b3bbf619bf46341b0074e3bf5f08a0?s=96&d=mm&r=g\",\"caption\":\"pascalbarbier\"},\"url\":\"https:\\\/\\\/autate.fr\\\/site\\\/author\\\/pascalbarbier\\\/\"}]}<\/script>\n<!-- \/ Yoast SEO plugin. -->","yoast_head_json":{"title":"[20minutes] Toulouse: La ligne B du m\u00e9tro sera bel et bien prolong\u00e9e jusqu'\u00e0 Lab\u00e8ge - AUTATE","robots":{"index":"index","follow":"follow","max-snippet":"max-snippet:-1","max-image-preview":"max-image-preview:large","max-video-preview":"max-video-preview:-1"},"canonical":"https:\/\/autate.fr\/site\/20minutes-toulouse-la-ligne-b-du-metro-sera-bel-et-bien-prolongee-jusqua-labege\/","og_locale":"fr_FR","og_type":"article","og_title":"[20minutes] Toulouse: La ligne B du m\u00e9tro sera bel et bien prolong\u00e9e jusqu'\u00e0 Lab\u00e8ge - AUTATE","og_description":"Un article d&rsquo;H\u00e9l\u00e8ne Menal publi\u00e9 le 13\/09\/2017 C\u2019est pass\u00e9 inaper\u00e7u au c\u0153ur de l\u2019\u00e9t\u00e9 mais le projet de prolongement de la ligne B du m\u00e9tro vers Lab\u00e8ge a \u00e9t\u00e9 approuv\u00e9 par Tiss\u00e9o. Long de 2,7 kilom\u00e8tres, il comprendra deux stations pour un co\u00fbt de 180\u00a0millions d\u2019euros. Sa mise en service est pr\u00e9vue en 2024, commeVOIR PLUS","og_url":"https:\/\/autate.fr\/site\/20minutes-toulouse-la-ligne-b-du-metro-sera-bel-et-bien-prolongee-jusqua-labege\/","og_site_name":"AUTATE","article_publisher":"https:\/\/www.facebook.com\/AutateToulouse","article_published_time":"2017-09-14T19:13:22+00:00","article_modified_time":"2025-11-21T21:17:24+00:00","author":"pascalbarbier","twitter_card":"summary_large_image","twitter_creator":"@AutateToulouse","twitter_site":"@AutateToulouse","twitter_misc":{"\u00c9crit par":"pascalbarbier","Dur\u00e9e de lecture estim\u00e9e":"2 minutes"},"schema":{"@context":"https:\/\/schema.org","@graph":[{"@type":"Article","@id":"https:\/\/autate.fr\/site\/20minutes-toulouse-la-ligne-b-du-metro-sera-bel-et-bien-prolongee-jusqua-labege\/#article","isPartOf":{"@id":"https:\/\/autate.fr\/site\/20minutes-toulouse-la-ligne-b-du-metro-sera-bel-et-bien-prolongee-jusqua-labege\/"},"author":{"name":"pascalbarbier","@id":"https:\/\/autate.fr\/site\/#\/schema\/person\/ae1ab8bdaa7b41d2a9b52d2557ce8254"},"headline":"[20minutes] Toulouse: La ligne B du m\u00e9tro sera bel et bien prolong\u00e9e jusqu&rsquo;\u00e0 Lab\u00e8ge","datePublished":"2017-09-14T19:13:22+00:00","dateModified":"2025-11-21T21:17:24+00:00","mainEntityOfPage":{"@id":"https:\/\/autate.fr\/site\/20minutes-toulouse-la-ligne-b-du-metro-sera-bel-et-bien-prolongee-jusqua-labege\/"},"wordCount":401,"commentCount":0,"publisher":{"@id":"https:\/\/autate.fr\/site\/#organization"},"keywords":["Lab\u00e8ge","ligne B","PLB"],"articleSection":["Bus Tisseo","Revue de presse"],"inLanguage":"fr-FR","potentialAction":[{"@type":"CommentAction","name":"Comment","target":["https:\/\/autate.fr\/site\/20minutes-toulouse-la-ligne-b-du-metro-sera-bel-et-bien-prolongee-jusqua-labege\/#respond"]}]},{"@type":"WebPage","@id":"https:\/\/autate.fr\/site\/20minutes-toulouse-la-ligne-b-du-metro-sera-bel-et-bien-prolongee-jusqua-labege\/","url":"https:\/\/autate.fr\/site\/20minutes-toulouse-la-ligne-b-du-metro-sera-bel-et-bien-prolongee-jusqua-labege\/","name":"[20minutes] Toulouse: La ligne B du m\u00e9tro sera bel et bien prolong\u00e9e jusqu'\u00e0 Lab\u00e8ge - AUTATE","isPartOf":{"@id":"https:\/\/autate.fr\/site\/#website"},"datePublished":"2017-09-14T19:13:22+00:00","dateModified":"2025-11-21T21:17:24+00:00","breadcrumb":{"@id":"https:\/\/autate.fr\/site\/20minutes-toulouse-la-ligne-b-du-metro-sera-bel-et-bien-prolongee-jusqua-labege\/#breadcrumb"},"inLanguage":"fr-FR","potentialAction":[{"@type":"ReadAction","target":["https:\/\/autate.fr\/site\/20minutes-toulouse-la-ligne-b-du-metro-sera-bel-et-bien-prolongee-jusqua-labege\/"]}]},{"@type":"BreadcrumbList","@id":"https:\/\/autate.fr\/site\/20minutes-toulouse-la-ligne-b-du-metro-sera-bel-et-bien-prolongee-jusqua-labege\/#breadcrumb","itemListElement":[{"@type":"ListItem","position":1,"name":"Accueil","item":"https:\/\/autate.fr\/site\/"},{"@type":"ListItem","position":2,"name":"[20minutes] Toulouse: La ligne B du m\u00e9tro sera bel et bien prolong\u00e9e jusqu&rsquo;\u00e0 Lab\u00e8ge"}]},{"@type":"WebSite","@id":"https:\/\/autate.fr\/site\/#website","url":"https:\/\/autate.fr\/site\/","name":"AUTATE","description":"Association des usagers des transports de l&#039;agglom\u00e9ration Toulousaine et de ses environs","publisher":{"@id":"https:\/\/autate.fr\/site\/#organization"},"potentialAction":[{"@type":"SearchAction","target":{"@type":"EntryPoint","urlTemplate":"https:\/\/autate.fr\/site\/?s={search_term_string}"},"query-input":{"@type":"PropertyValueSpecification","valueRequired":true,"valueName":"search_term_string"}}],"inLanguage":"fr-FR"},{"@type":"Organization","@id":"https:\/\/autate.fr\/site\/#organization","name":"AUTATE","url":"https:\/\/autate.fr\/site\/","logo":{"@type":"ImageObject","inLanguage":"fr-FR","@id":"https:\/\/autate.fr\/site\/#\/schema\/logo\/image\/","url":"http:\/\/autate.fr\/site\/wp-content\/uploads\/2019\/01\/logo.png","contentUrl":"http:\/\/autate.fr\/site\/wp-content\/uploads\/2019\/01\/logo.png","width":506,"height":280,"caption":"AUTATE"},"image":{"@id":"https:\/\/autate.fr\/site\/#\/schema\/logo\/image\/"},"sameAs":["https:\/\/www.facebook.com\/AutateToulouse","https:\/\/x.com\/AutateToulouse"]},{"@type":"Person","@id":"https:\/\/autate.fr\/site\/#\/schema\/person\/ae1ab8bdaa7b41d2a9b52d2557ce8254","name":"pascalbarbier","image":{"@type":"ImageObject","inLanguage":"fr-FR","@id":"https:\/\/secure.gravatar.com\/avatar\/03f4e8ced09894b72c67e83142540730d4b3bbf619bf46341b0074e3bf5f08a0?s=96&d=mm&r=g","url":"https:\/\/secure.gravatar.com\/avatar\/03f4e8ced09894b72c67e83142540730d4b3bbf619bf46341b0074e3bf5f08a0?s=96&d=mm&r=g","contentUrl":"https:\/\/secure.gravatar.com\/avatar\/03f4e8ced09894b72c67e83142540730d4b3bbf619bf46341b0074e3bf5f08a0?s=96&d=mm&r=g","caption":"pascalbarbier"},"url":"https:\/\/autate.fr\/site\/author\/pascalbarbier\/"}]}},"_links":{"self":[{"href":"https:\/\/autate.fr\/site\/wp-json\/wp\/v2\/posts\/1737","targetHints":{"allow":["GET"]}}],"collection":[{"href":"https:\/\/autate.fr\/site\/wp-json\/wp\/v2\/posts"}],"about":[{"href":"https:\/\/autate.fr\/site\/wp-json\/wp\/v2\/types\/post"}],"author":[{"embeddable":true,"href":"https:\/\/autate.fr\/site\/wp-json\/wp\/v2\/users\/1"}],"replies":[{"embeddable":true,"href":"https:\/\/autate.fr\/site\/wp-json\/wp\/v2\/comments?post=1737"}],"version-history":[{"count":1,"href":"https:\/\/autate.fr\/site\/wp-json\/wp\/v2\/posts\/1737\/revisions"}],"predecessor-version":[{"id":1738,"href":"https:\/\/autate.fr\/site\/wp-json\/wp\/v2\/posts\/1737\/revisions\/1738"}],"wp:attachment":[{"href":"https:\/\/autate.fr\/site\/wp-json\/wp\/v2\/media?parent=1737"}],"wp:term":[{"taxonomy":"category","embeddable":true,"href":"https:\/\/autate.fr\/site\/wp-json\/wp\/v2\/categories?post=1737"},{"taxonomy":"post_tag","embeddable":true,"href":"https:\/\/autate.fr\/site\/wp-json\/wp\/v2\/tags?post=1737"}],"curies":[{"name":"wp","href":"https:\/\/api.w.org\/{rel}","templated":true}]}}