{"id":1725,"date":"2017-09-21T09:45:45","date_gmt":"2017-09-21T07:45:45","guid":{"rendered":"http:\/\/autate.fr\/site\/?p=1725"},"modified":"2025-11-21T22:06:47","modified_gmt":"2025-11-21T21:06:47","slug":"1725-2","status":"publish","type":"post","link":"https:\/\/autate.fr\/site\/1725-2\/","title":{"rendered":"Le VRAI-FAUX de l&rsquo;interview du Pdt SMTCTiss\u00e9o"},"content":{"rendered":"<p><b>Le point de vue de l&rsquo;Antenne Ouest de l&rsquo;AUTATE sur l&rsquo;<a href=\"https:\/\/www.ladepeche.fr\/article\/2017\/09\/18\/2647540-jean-michel-lattes-president-smtc-tisseo-avenir-passe-multiples-solutions.html\" target=\"_blank\" rel=\"noopener\">entretien de la D\u00e9p\u00eache du midi avec M. Jean-Michel Lattes<\/a>, Pr\u00e9sident du SMTC Tiss\u00e9o, paru le 18\/09\/2017<\/b><\/p>\n<p><strong><i>DM : O\u00f9 en sont les alternatives \u00e0 la 3e ligne, trac\u00e9 plus central ou \u00e9toile ferroviaire? -JML : <\/i><\/strong><i>Le d\u00e9bat sur le trac\u00e9 ( au nord ou plus au centre) n&rsquo;appara\u00eet pas dans les d\u00e9bats publics auxquels j&rsquo;ai particip\u00e9. Le Conseil scientifique n&rsquo;a pas encore rendu ses conclusions sur cette question. Sur l&rsquo;alternative ferroviaire , le Conseil a confirm\u00e9 l&rsquo;orientation donn\u00e9e par SNCF : une telle alternative, pour \u00eatre efficace, co\u00fbterait bien plus cher (que la 3e ligne) et prendrait un temps consid\u00e9rable. Le r\u00e9seau fer toulousain est limit\u00e9 et vieux. <\/i><\/p>\n<p><span style=\"color: #990000;\"><b>FAUX<\/b><\/span>\u00a0: le vrai projet n&rsquo;a pas \u00e9t\u00e9 chiffr\u00e9. Sur la base des travaux en cours dans les agglom\u00e9rations europ\u00e9ennes, l&rsquo;AUTATE proposait une modernisation des postes de commandement qui permettrait de supporter 4 trains m\u00e9tropolitains par heure sur chacune des branches de l&rsquo;\u00e9toile ferroviaire.<\/p>\n<div id=\"pub_dfp_article\" dir=\"LTR\">\n<div id=\"google_ads_iframe_\/31755961\/ldi_ladepeche.fr\/grand-sud\/haute-garonne\/article\/article_0__container__\" dir=\"LTR\">\n<p>Or, le Conseil scientifique a fait une estimation d&rsquo;une r\u00e9novation totale de l&rsquo;\u00e9toile ferroviaire sur un p\u00e9rim\u00e8tre bien sup\u00e9rieur \u00e0 l&rsquo;aire urbaine. Il n&rsquo;est donc pas \u00e9tonnant que le comit\u00e9 scientifique aboutisse \u00e0 un co\u00fbt de 3,5 milliards (sup\u00e9rieur \u00e0 celui de la TAE).<\/p>\n<p>N&rsquo;ayant pas \u00e9t\u00e9 consult\u00e9 pour l&rsquo;\u00e9laboration du cahier des charges soumis \u00e0 l&rsquo;estimation, et au vu des r\u00e9sultats, l&rsquo;AUTATE consid\u00e8re cette \u00e9tude hors sujet dans le cadre du Projet Mobilit\u00e9s.<\/p>\n<p>A noter, qu&rsquo;\u00e0 moyen terme, un tel projet pourrait faire l&rsquo;objet d&rsquo;un contrat \u00c9tat\/ R\u00e9gion (Nouvelle Aquitaine &#8211; Occitanie) \/CUGT car cela concerne la r\u00e9novation du r\u00e9seau ferroviaire du Sud-Ouest de la France avec un impact consid\u00e9rable pour notre agglom\u00e9ration.<\/p>\n<p>D&rsquo;autre part, les propositions de l&rsquo;AUTATE en termes de r\u00e9seau de bus prioritaires et tramways en lieu de la troisi\u00e8me ligne de m\u00e9tro n&rsquo;ont toujours pas fait l&rsquo;objet d&rsquo;\u00e9tudes.<\/p>\n<\/div>\n<\/div>\n<p><strong><i>DM : Vous n&rsquo;y croyez pas? JML : <\/i><\/strong><i>Le train est compl\u00e9mentaire. Un bus Lin\u00e9o 2 vers Colomiers transporte 10 000 voyageurs\/jour contre 7000 pour la ligne C de train (Colomiers-Ar\u00e8nes). Nous avons cr\u00e9\u00e9 cinq points d&rsquo;intermodalit\u00e9 avec le fer sur la 3e ligne. Avec les Lin\u00e9o, cela nous appartient en propre, avec le train on d\u00e9pend d&rsquo;orientations nationales.<\/i><\/p>\n<p><span style=\"color: #000000;\"><span style=\"color: #990000;\"><b>FAUX<\/b><\/span> On ne peut comparer Lin\u00e9o 2 et Ligne C en termes de fr\u00e9quences et d&rsquo;amplitudes horaires, qui sont bien sup\u00e9rieures sur Lineo que sur ligne C (c&rsquo;\u00e9tait l&rsquo;objet de notre <a href=\"https:\/\/www.change.org\/p\/tisseo-toulouse-poursuivre-les-evolutions-indispensables-de-la-ligne-c-colomiers-les-ar%C3%A8nes-toulouse\" target=\"_blank\" rel=\"noopener\"><strong>p\u00e9tition sur la ligne C<\/strong><\/a> \u2026). Les 7000 passagers\/jour de la ligne C pourrait \u00eatre largement augment\u00e9s. N\u2019oublions pas de plus que les rames sont hyper charg\u00e9es actuellement \u2013 certains ne peuvent pas entrer dans le train \u2026.<\/span><\/p>\n<p><strong><i>DM : Ne craignez-vous pas que les Lin\u00e9o soient englu\u00e9s dans le trafic global et perdent de leur efficacit\u00e9? -JML : <\/i><\/strong><i>On nous disait cela pour la ligne 1 place Dupuy, or la fr\u00e9quentation est pass\u00e9e de 16000 voyageurs\/jour avec l&rsquo;ancienne ligne \u00e0 20 000 aujourd&rsquo;hui. La priorit\u00e9 des bus aux feux, avec des couloirs r\u00e9serv\u00e9s \u00e0 proximit\u00e9, permet de rendre les Lin\u00e9o performants.<\/i><\/p>\n<p><span style=\"color: #000000;\"><span style=\"color: #990000;\"><b>FAUX<\/b><\/span>\u00a0: pas de voie propre aux endroits embouteill\u00e9s, et les priorit\u00e9s aux feux (et rond-point) sont tr\u00e8s rares. Il est tr\u00e8s facile de constater que les Lineo sont dans les bouchons comme les bus qu\u2019ils remplacent \u00e0 grand frais pour un seul vrai gain &#8211; l\u2019amplitude &#8211; qui aurait pu \u00eatre fait sans travaux <i>\u2026<\/i><\/span><\/p>\n<p><strong><i>DM : Vous tablez sur l&rsquo;usage de plusieurs modes de transport ? -JML : <\/i><\/strong><i>La 3e ligne ne va pas r\u00e9gler tous les probl\u00e8mes \u00e0 elle toute seule. L&rsquo;avenir des mobilit\u00e9s passe par de multiples solutions, comme le covoiturage et le site qu&rsquo;a d\u00e9velopp\u00e9 Tiss\u00e9o, avec 40 nouveaux spots de covoiturage (lieux o\u00f9 les gens peuvent garer leurs voitures pour faire du covoiturage) cr\u00e9\u00e9s par an, ou les plans de d\u00e9placement entreprise (PDE).<\/i><\/p>\n<p><span style=\"color: #990000;\"><b>VRAI-FAUX<\/b><\/span>\u00a0: <span style=\"color: #000000;\">\u00ab\u00a0La 3e ligne ne va pas r\u00e9gler tous les probl\u00e8mes \u00e0 elle toute seule.\u00a0\u00bb On est bien d\u2019accord, mais ce ne sont ni le covoiturage ni les PDE d\u2019entreprise qui vont les r\u00e9gler non plus\u00a0!<\/span><\/p>\n<p><strong><i>DM : Pour l&rsquo;usage de la voiture, le but est toujours d&rsquo;en r\u00e9duire la part, excessive dans les d\u00e9placements de notre agglo ? -JML : <\/i><\/strong><i>Oui, mais le plan Mobilit\u00e9s pr\u00e9voit un volet routier. On travaille \u00e0 <a href=\"https:\/\/www.ladepeche.fr\/communes\/toulouse,31555.html\">Toulouse<\/a> M\u00e9tropole, sur l&rsquo;axe Saint-Jory\/Parc des Expos\/ Blagnac avec prolongement via la Voie du canal Saint-Martory ou le boulevard Eisenhower. Un contournement Ouest qui fait partie des orientations du plan Mobilit\u00e9s, mais pas de la comp\u00e9tence Tiss\u00e9o.<\/i><\/p>\n<p><span style=\"color: #1f497d;\"><span style=\"color: #990000;\"><b>BIZARRE\u00a0<\/b><\/span>: <span style=\"color: #000000;\">un volet voiture\u00a0? L\u2019objectif principal d\u2019un PDU n&rsquo;est-il pas de r\u00e9duire l\u2019utilisation de la voiture\u00a0?<\/span><\/span><\/p>\n<p><strong><i>DM : D&rsquo;o\u00f9 l&rsquo;int\u00e9r\u00eat d&rsquo;une autorit\u00e9 int\u00e9grant les autres acteurs? JML : <\/i><\/strong><i>Elle existe depuis juillet 2016, c&rsquo;est le conseil des ex\u00e9cutifs qui r\u00e9unit tous les trimestres R\u00e9gion, D\u00e9partement, Etat, intercommunaut\u00e9s et SNCF, qui a contribu\u00e9 \u00e0 d\u00e9finir le financement de la 3e ligne.<\/i><\/p>\n<p><span style=\"color: #000000;\">Si cette autorit\u00e9 existe, elle est bien inefficace \u2026<\/span><\/p>\n<p><span style=\"color: #000000;\"><span style=\"color: #990000;\"><b>Conclusion<\/b><\/span>\u00a0: voil\u00e0 \u00e0 quoi les autorit\u00e9s engagent les usagers et usag\u00e8res pour 20 ans, voire plus\u00a0! C&rsquo;est d\u00e9sesp\u00e9rant\u00a0!<\/span><\/p>\n","protected":false},"excerpt":{"rendered":"<p>Le point de vue de l&rsquo;Antenne Ouest de l&rsquo;AUTATE sur l&rsquo;entretien de la D\u00e9p\u00eache du midi avec M. Jean-Michel Lattes, Pr\u00e9sident du SMTC Tiss\u00e9o, paru le 18\/09\/2017 DM : O\u00f9 en sont les alternatives \u00e0 la 3e ligne, trac\u00e9 plus central ou \u00e9toile ferroviaire? -JML : Le d\u00e9bat sur le trac\u00e9 ( au nord ou<\/p>\n<p class=\"more-link\"><a href=\"https:\/\/autate.fr\/site\/1725-2\/\" class=\"themebutton2\">VOIR PLUS<\/a><\/p>\n","protected":false},"author":1,"featured_media":0,"comment_status":"open","ping_status":"open","sticky":false,"template":"","format":"standard","meta":{"footnotes":""},"categories":[4,525,418],"tags":[30,301,36,86,203,159],"class_list":["post-1725","post","type-post","status-publish","format-standard","hentry","category-actualite-association","category-pdm","category-trains-urbains","tag-3eme-ligne","tag-ligne-c","tag-lineo","tag-pdu","tag-plan-mobilites","tag-rer"],"yoast_head":"<!-- This site is optimized with the Yoast SEO plugin v27.4 - https:\/\/yoast.com\/product\/yoast-seo-wordpress\/ -->\n<title>Le VRAI-FAUX de l&#039;interview du Pdt SMTCTiss\u00e9o - AUTATE<\/title>\n<meta name=\"robots\" content=\"index, follow, max-snippet:-1, max-image-preview:large, max-video-preview:-1\" \/>\n<link rel=\"canonical\" href=\"https:\/\/autate.fr\/site\/1725-2\/\" \/>\n<meta property=\"og:locale\" content=\"fr_FR\" \/>\n<meta property=\"og:type\" content=\"article\" \/>\n<meta property=\"og:title\" content=\"Le VRAI-FAUX de l&#039;interview du Pdt SMTCTiss\u00e9o - AUTATE\" \/>\n<meta property=\"og:description\" content=\"Le point de vue de l&rsquo;Antenne Ouest de l&rsquo;AUTATE sur l&rsquo;entretien de la D\u00e9p\u00eache du midi avec M. Jean-Michel Lattes, Pr\u00e9sident du SMTC Tiss\u00e9o, paru le 18\/09\/2017 DM : O\u00f9 en sont les alternatives \u00e0 la 3e ligne, trac\u00e9 plus central ou \u00e9toile ferroviaire? -JML : Le d\u00e9bat sur le trac\u00e9 ( au nord ouVOIR PLUS\" \/>\n<meta property=\"og:url\" content=\"https:\/\/autate.fr\/site\/1725-2\/\" \/>\n<meta property=\"og:site_name\" content=\"AUTATE\" \/>\n<meta property=\"article:publisher\" content=\"https:\/\/www.facebook.com\/AutateToulouse\" \/>\n<meta property=\"article:published_time\" content=\"2017-09-21T07:45:45+00:00\" \/>\n<meta property=\"article:modified_time\" content=\"2025-11-21T21:06:47+00:00\" \/>\n<meta name=\"author\" content=\"pascalbarbier\" \/>\n<meta name=\"twitter:card\" content=\"summary_large_image\" \/>\n<meta name=\"twitter:creator\" content=\"@AutateToulouse\" \/>\n<meta name=\"twitter:site\" content=\"@AutateToulouse\" \/>\n<meta name=\"twitter:label1\" content=\"\u00c9crit par\" \/>\n\t<meta name=\"twitter:data1\" content=\"pascalbarbier\" \/>\n\t<meta name=\"twitter:label2\" content=\"Dur\u00e9e de lecture estim\u00e9e\" \/>\n\t<meta name=\"twitter:data2\" content=\"4 minutes\" \/>\n<script type=\"application\/ld+json\" class=\"yoast-schema-graph\">{\"@context\":\"https:\\\/\\\/schema.org\",\"@graph\":[{\"@type\":\"Article\",\"@id\":\"https:\\\/\\\/autate.fr\\\/site\\\/1725-2\\\/#article\",\"isPartOf\":{\"@id\":\"https:\\\/\\\/autate.fr\\\/site\\\/1725-2\\\/\"},\"author\":{\"name\":\"pascalbarbier\",\"@id\":\"https:\\\/\\\/autate.fr\\\/site\\\/#\\\/schema\\\/person\\\/ae1ab8bdaa7b41d2a9b52d2557ce8254\"},\"headline\":\"Le VRAI-FAUX de l&rsquo;interview du Pdt SMTCTiss\u00e9o\",\"datePublished\":\"2017-09-21T07:45:45+00:00\",\"dateModified\":\"2025-11-21T21:06:47+00:00\",\"mainEntityOfPage\":{\"@id\":\"https:\\\/\\\/autate.fr\\\/site\\\/1725-2\\\/\"},\"wordCount\":881,\"commentCount\":0,\"publisher\":{\"@id\":\"https:\\\/\\\/autate.fr\\\/site\\\/#organization\"},\"keywords\":[\"3\u00e8me ligne\",\"ligne C\",\"Lin\u00e9o\",\"PDU\",\"plan mobilit\u00e9s\",\"RER\"],\"articleSection\":[\"Actualit\u00e9s-AUTATE\",\"PlanDeMobilit\u00e9\",\"Trains urbains\"],\"inLanguage\":\"fr-FR\",\"potentialAction\":[{\"@type\":\"CommentAction\",\"name\":\"Comment\",\"target\":[\"https:\\\/\\\/autate.fr\\\/site\\\/1725-2\\\/#respond\"]}]},{\"@type\":\"WebPage\",\"@id\":\"https:\\\/\\\/autate.fr\\\/site\\\/1725-2\\\/\",\"url\":\"https:\\\/\\\/autate.fr\\\/site\\\/1725-2\\\/\",\"name\":\"Le VRAI-FAUX de l'interview du Pdt SMTCTiss\u00e9o - AUTATE\",\"isPartOf\":{\"@id\":\"https:\\\/\\\/autate.fr\\\/site\\\/#website\"},\"datePublished\":\"2017-09-21T07:45:45+00:00\",\"dateModified\":\"2025-11-21T21:06:47+00:00\",\"breadcrumb\":{\"@id\":\"https:\\\/\\\/autate.fr\\\/site\\\/1725-2\\\/#breadcrumb\"},\"inLanguage\":\"fr-FR\",\"potentialAction\":[{\"@type\":\"ReadAction\",\"target\":[\"https:\\\/\\\/autate.fr\\\/site\\\/1725-2\\\/\"]}]},{\"@type\":\"BreadcrumbList\",\"@id\":\"https:\\\/\\\/autate.fr\\\/site\\\/1725-2\\\/#breadcrumb\",\"itemListElement\":[{\"@type\":\"ListItem\",\"position\":1,\"name\":\"Accueil\",\"item\":\"https:\\\/\\\/autate.fr\\\/site\\\/\"},{\"@type\":\"ListItem\",\"position\":2,\"name\":\"Le VRAI-FAUX de l&rsquo;interview du Pdt SMTCTiss\u00e9o\"}]},{\"@type\":\"WebSite\",\"@id\":\"https:\\\/\\\/autate.fr\\\/site\\\/#website\",\"url\":\"https:\\\/\\\/autate.fr\\\/site\\\/\",\"name\":\"AUTATE\",\"description\":\"Association des usagers des transports de l&#039;agglom\u00e9ration Toulousaine et de ses environs\",\"publisher\":{\"@id\":\"https:\\\/\\\/autate.fr\\\/site\\\/#organization\"},\"potentialAction\":[{\"@type\":\"SearchAction\",\"target\":{\"@type\":\"EntryPoint\",\"urlTemplate\":\"https:\\\/\\\/autate.fr\\\/site\\\/?s={search_term_string}\"},\"query-input\":{\"@type\":\"PropertyValueSpecification\",\"valueRequired\":true,\"valueName\":\"search_term_string\"}}],\"inLanguage\":\"fr-FR\"},{\"@type\":\"Organization\",\"@id\":\"https:\\\/\\\/autate.fr\\\/site\\\/#organization\",\"name\":\"AUTATE\",\"url\":\"https:\\\/\\\/autate.fr\\\/site\\\/\",\"logo\":{\"@type\":\"ImageObject\",\"inLanguage\":\"fr-FR\",\"@id\":\"https:\\\/\\\/autate.fr\\\/site\\\/#\\\/schema\\\/logo\\\/image\\\/\",\"url\":\"http:\\\/\\\/autate.fr\\\/site\\\/wp-content\\\/uploads\\\/2019\\\/01\\\/logo.png\",\"contentUrl\":\"http:\\\/\\\/autate.fr\\\/site\\\/wp-content\\\/uploads\\\/2019\\\/01\\\/logo.png\",\"width\":506,\"height\":280,\"caption\":\"AUTATE\"},\"image\":{\"@id\":\"https:\\\/\\\/autate.fr\\\/site\\\/#\\\/schema\\\/logo\\\/image\\\/\"},\"sameAs\":[\"https:\\\/\\\/www.facebook.com\\\/AutateToulouse\",\"https:\\\/\\\/x.com\\\/AutateToulouse\"]},{\"@type\":\"Person\",\"@id\":\"https:\\\/\\\/autate.fr\\\/site\\\/#\\\/schema\\\/person\\\/ae1ab8bdaa7b41d2a9b52d2557ce8254\",\"name\":\"pascalbarbier\",\"image\":{\"@type\":\"ImageObject\",\"inLanguage\":\"fr-FR\",\"@id\":\"https:\\\/\\\/secure.gravatar.com\\\/avatar\\\/03f4e8ced09894b72c67e83142540730d4b3bbf619bf46341b0074e3bf5f08a0?s=96&d=mm&r=g\",\"url\":\"https:\\\/\\\/secure.gravatar.com\\\/avatar\\\/03f4e8ced09894b72c67e83142540730d4b3bbf619bf46341b0074e3bf5f08a0?s=96&d=mm&r=g\",\"contentUrl\":\"https:\\\/\\\/secure.gravatar.com\\\/avatar\\\/03f4e8ced09894b72c67e83142540730d4b3bbf619bf46341b0074e3bf5f08a0?s=96&d=mm&r=g\",\"caption\":\"pascalbarbier\"},\"url\":\"https:\\\/\\\/autate.fr\\\/site\\\/author\\\/pascalbarbier\\\/\"}]}<\/script>\n<!-- \/ Yoast SEO plugin. -->","yoast_head_json":{"title":"Le VRAI-FAUX de l'interview du Pdt SMTCTiss\u00e9o - AUTATE","robots":{"index":"index","follow":"follow","max-snippet":"max-snippet:-1","max-image-preview":"max-image-preview:large","max-video-preview":"max-video-preview:-1"},"canonical":"https:\/\/autate.fr\/site\/1725-2\/","og_locale":"fr_FR","og_type":"article","og_title":"Le VRAI-FAUX de l'interview du Pdt SMTCTiss\u00e9o - AUTATE","og_description":"Le point de vue de l&rsquo;Antenne Ouest de l&rsquo;AUTATE sur l&rsquo;entretien de la D\u00e9p\u00eache du midi avec M. Jean-Michel Lattes, Pr\u00e9sident du SMTC Tiss\u00e9o, paru le 18\/09\/2017 DM : O\u00f9 en sont les alternatives \u00e0 la 3e ligne, trac\u00e9 plus central ou \u00e9toile ferroviaire? -JML : Le d\u00e9bat sur le trac\u00e9 ( au nord ouVOIR PLUS","og_url":"https:\/\/autate.fr\/site\/1725-2\/","og_site_name":"AUTATE","article_publisher":"https:\/\/www.facebook.com\/AutateToulouse","article_published_time":"2017-09-21T07:45:45+00:00","article_modified_time":"2025-11-21T21:06:47+00:00","author":"pascalbarbier","twitter_card":"summary_large_image","twitter_creator":"@AutateToulouse","twitter_site":"@AutateToulouse","twitter_misc":{"\u00c9crit par":"pascalbarbier","Dur\u00e9e de lecture estim\u00e9e":"4 minutes"},"schema":{"@context":"https:\/\/schema.org","@graph":[{"@type":"Article","@id":"https:\/\/autate.fr\/site\/1725-2\/#article","isPartOf":{"@id":"https:\/\/autate.fr\/site\/1725-2\/"},"author":{"name":"pascalbarbier","@id":"https:\/\/autate.fr\/site\/#\/schema\/person\/ae1ab8bdaa7b41d2a9b52d2557ce8254"},"headline":"Le VRAI-FAUX de l&rsquo;interview du Pdt SMTCTiss\u00e9o","datePublished":"2017-09-21T07:45:45+00:00","dateModified":"2025-11-21T21:06:47+00:00","mainEntityOfPage":{"@id":"https:\/\/autate.fr\/site\/1725-2\/"},"wordCount":881,"commentCount":0,"publisher":{"@id":"https:\/\/autate.fr\/site\/#organization"},"keywords":["3\u00e8me ligne","ligne C","Lin\u00e9o","PDU","plan mobilit\u00e9s","RER"],"articleSection":["Actualit\u00e9s-AUTATE","PlanDeMobilit\u00e9","Trains urbains"],"inLanguage":"fr-FR","potentialAction":[{"@type":"CommentAction","name":"Comment","target":["https:\/\/autate.fr\/site\/1725-2\/#respond"]}]},{"@type":"WebPage","@id":"https:\/\/autate.fr\/site\/1725-2\/","url":"https:\/\/autate.fr\/site\/1725-2\/","name":"Le VRAI-FAUX de l'interview du Pdt SMTCTiss\u00e9o - AUTATE","isPartOf":{"@id":"https:\/\/autate.fr\/site\/#website"},"datePublished":"2017-09-21T07:45:45+00:00","dateModified":"2025-11-21T21:06:47+00:00","breadcrumb":{"@id":"https:\/\/autate.fr\/site\/1725-2\/#breadcrumb"},"inLanguage":"fr-FR","potentialAction":[{"@type":"ReadAction","target":["https:\/\/autate.fr\/site\/1725-2\/"]}]},{"@type":"BreadcrumbList","@id":"https:\/\/autate.fr\/site\/1725-2\/#breadcrumb","itemListElement":[{"@type":"ListItem","position":1,"name":"Accueil","item":"https:\/\/autate.fr\/site\/"},{"@type":"ListItem","position":2,"name":"Le VRAI-FAUX de l&rsquo;interview du Pdt SMTCTiss\u00e9o"}]},{"@type":"WebSite","@id":"https:\/\/autate.fr\/site\/#website","url":"https:\/\/autate.fr\/site\/","name":"AUTATE","description":"Association des usagers des transports de l&#039;agglom\u00e9ration Toulousaine et de ses environs","publisher":{"@id":"https:\/\/autate.fr\/site\/#organization"},"potentialAction":[{"@type":"SearchAction","target":{"@type":"EntryPoint","urlTemplate":"https:\/\/autate.fr\/site\/?s={search_term_string}"},"query-input":{"@type":"PropertyValueSpecification","valueRequired":true,"valueName":"search_term_string"}}],"inLanguage":"fr-FR"},{"@type":"Organization","@id":"https:\/\/autate.fr\/site\/#organization","name":"AUTATE","url":"https:\/\/autate.fr\/site\/","logo":{"@type":"ImageObject","inLanguage":"fr-FR","@id":"https:\/\/autate.fr\/site\/#\/schema\/logo\/image\/","url":"http:\/\/autate.fr\/site\/wp-content\/uploads\/2019\/01\/logo.png","contentUrl":"http:\/\/autate.fr\/site\/wp-content\/uploads\/2019\/01\/logo.png","width":506,"height":280,"caption":"AUTATE"},"image":{"@id":"https:\/\/autate.fr\/site\/#\/schema\/logo\/image\/"},"sameAs":["https:\/\/www.facebook.com\/AutateToulouse","https:\/\/x.com\/AutateToulouse"]},{"@type":"Person","@id":"https:\/\/autate.fr\/site\/#\/schema\/person\/ae1ab8bdaa7b41d2a9b52d2557ce8254","name":"pascalbarbier","image":{"@type":"ImageObject","inLanguage":"fr-FR","@id":"https:\/\/secure.gravatar.com\/avatar\/03f4e8ced09894b72c67e83142540730d4b3bbf619bf46341b0074e3bf5f08a0?s=96&d=mm&r=g","url":"https:\/\/secure.gravatar.com\/avatar\/03f4e8ced09894b72c67e83142540730d4b3bbf619bf46341b0074e3bf5f08a0?s=96&d=mm&r=g","contentUrl":"https:\/\/secure.gravatar.com\/avatar\/03f4e8ced09894b72c67e83142540730d4b3bbf619bf46341b0074e3bf5f08a0?s=96&d=mm&r=g","caption":"pascalbarbier"},"url":"https:\/\/autate.fr\/site\/author\/pascalbarbier\/"}]}},"_links":{"self":[{"href":"https:\/\/autate.fr\/site\/wp-json\/wp\/v2\/posts\/1725","targetHints":{"allow":["GET"]}}],"collection":[{"href":"https:\/\/autate.fr\/site\/wp-json\/wp\/v2\/posts"}],"about":[{"href":"https:\/\/autate.fr\/site\/wp-json\/wp\/v2\/types\/post"}],"author":[{"embeddable":true,"href":"https:\/\/autate.fr\/site\/wp-json\/wp\/v2\/users\/1"}],"replies":[{"embeddable":true,"href":"https:\/\/autate.fr\/site\/wp-json\/wp\/v2\/comments?post=1725"}],"version-history":[{"count":7,"href":"https:\/\/autate.fr\/site\/wp-json\/wp\/v2\/posts\/1725\/revisions"}],"predecessor-version":[{"id":1748,"href":"https:\/\/autate.fr\/site\/wp-json\/wp\/v2\/posts\/1725\/revisions\/1748"}],"wp:attachment":[{"href":"https:\/\/autate.fr\/site\/wp-json\/wp\/v2\/media?parent=1725"}],"wp:term":[{"taxonomy":"category","embeddable":true,"href":"https:\/\/autate.fr\/site\/wp-json\/wp\/v2\/categories?post=1725"},{"taxonomy":"post_tag","embeddable":true,"href":"https:\/\/autate.fr\/site\/wp-json\/wp\/v2\/tags?post=1725"}],"curies":[{"name":"wp","href":"https:\/\/api.w.org\/{rel}","templated":true}]}}