{"id":172,"date":"2016-01-18T17:03:23","date_gmt":"2016-01-18T16:03:23","guid":{"rendered":"http:\/\/autate.fr\/site\/?p=172"},"modified":"2017-04-13T16:50:33","modified_gmt":"2017-04-13T14:50:33","slug":"vdm-a-quoi-va-ressembler-la-ligne-de-bus-lineo-6%e2%80%89","status":"publish","type":"post","link":"https:\/\/autate.fr\/site\/vdm-a-quoi-va-ressembler-la-ligne-de-bus-lineo-6%e2%80%89\/","title":{"rendered":"[VDM] \u00c0 quoi va ressembler la ligne de bus Lin\u00e9o 6\u2009?"},"content":{"rendered":"<h2 class=\"big mts mbs\" data-role=\"chapo\">Lin\u00e9o, c&rsquo;est un \u00ab\u00a0super bus\u00a0\u00bb avec des fr\u00e9quences accrues, une amplitude \u00e9largie, des trajets optimis\u00e9s&#8230; qui partira de Castanet pour rejoindre Ramonville en septembre 2017.<\/h2>\n<p>Lors du conseil municipal de Castanet-Tolosan du jeudi 17 d\u00e9cembre, l\u2019\u00e9lu d\u2019opposition de la gauche rassembl\u00e9e, Bernard Bagn\u00e9ris, a interrog\u00e9 le maire sur la future ligne de <a href=\"http:\/\/www.mieuxbouger.fr\/index_lineo.html\" target=\"_blank\">bus Lin\u00e9o<\/a>.<\/p>\n<p><a href=\"http:\/\/actu.cotetoulouse.fr\/nouveau-dici-2020-dix-lignes-de-bus-lineo-vont-relier-toulouse-a-sa-banlieue_14891\/\" target=\"_blank\">Dix axes Lin\u00e9o sont pr\u00e9vus<\/a> par Tiss\u00e9o-SMTC jusqu\u2019en 2020. Parmi eux : la Lin\u00e9o 6 qui fera des allers-retours entre Ramonville et Castanet-Tolosan d\u00e8s septembre\u202f2017.<\/p>\n<h3>Entre le tramway et le bus traditionnel<\/h3>\n<p>Un \u201csuper bus\u201d avec fr\u00e9quence renforc\u00e9e, amplitude \u00e9largie, itin\u00e9raires lisibles, accessibilit\u00e9 des arr\u00eats, information voyageurs en temps r\u00e9el et fiabilit\u00e9 des temps de parcours am\u00e9lior\u00e9e, etc. Chez Tiss\u00e9o, on parle de <em>\u201cmode de d\u00e9placement interm\u00e9diaire entre le tram et le bus traditionnel\u201d<\/em>.<\/p>\n<p>La ligne 6 serait de 8\u202fkm de long entre Castanet-Tolosan, Auzeville-Tolosane et Ramonville, avec une fr\u00e9quence de 7 minutes en heure de pointe pr\u00e9vue \u00e0 l\u2019ouverture, et l\u2019objectif de transporter 7\u2009500 voyageurs par jour.<\/p>\n<p><em>\u201cIl semblerait qu\u2019elle soit prolong\u00e9e sur P\u00e9chabou, <\/em>s\u2019est interrog\u00e9 Bernard Bagn\u00e9ris lors du conseil municipal. <em>Quel en serait le parcours dans Castanet\u2009? O\u00f9 est pr\u00e9vu son terminus\u2009?\u201d<\/em><\/p>\n<p><a href=\"http:\/\/www.voixdumidilauragais.fr\/a-quoi-va-ressembler-la-ligne-de-bus-lineo-6_4463\/\">lire la suite<\/a><\/p>\n<p>photo Tisseo<\/p>\n","protected":false},"excerpt":{"rendered":"<p>Lin\u00e9o, c&rsquo;est un \u00ab\u00a0super bus\u00a0\u00bb avec des fr\u00e9quences accrues, une amplitude \u00e9largie, des trajets optimis\u00e9s&#8230; qui partira de Castanet pour rejoindre Ramonville en septembre 2017. Lors du conseil municipal de Castanet-Tolosan du jeudi 17 d\u00e9cembre, l\u2019\u00e9lu d\u2019opposition de la gauche rassembl\u00e9e, Bernard Bagn\u00e9ris, a interrog\u00e9 le maire sur la future ligne de bus Lin\u00e9o. Dix<\/p>\n<p class=\"more-link\"><a href=\"https:\/\/autate.fr\/site\/vdm-a-quoi-va-ressembler-la-ligne-de-bus-lineo-6%e2%80%89\/\" class=\"themebutton2\">VOIR PLUS<\/a><\/p>\n","protected":false},"author":1,"featured_media":173,"comment_status":"open","ping_status":"open","sticky":false,"template":"","format":"standard","meta":{"footnotes":""},"categories":[298,7],"tags":[54,36,46],"class_list":["post-172","post","type-post","status-publish","format-standard","has-post-thumbnail","hentry","category-lineo","category-revue-de-presse","tag-ligne-6","tag-lineo","tag-tisseo"],"yoast_head":"<!-- This site is optimized with the Yoast SEO plugin v27.4 - https:\/\/yoast.com\/product\/yoast-seo-wordpress\/ -->\n<title>[VDM] \u00c0 quoi va ressembler la ligne de bus Lin\u00e9o 6\u2009? - AUTATE<\/title>\n<meta name=\"robots\" content=\"index, follow, max-snippet:-1, max-image-preview:large, max-video-preview:-1\" \/>\n<link rel=\"canonical\" href=\"https:\/\/autate.fr\/site\/vdm-a-quoi-va-ressembler-la-ligne-de-bus-lineo-6\u2009\/\" \/>\n<meta property=\"og:locale\" content=\"fr_FR\" \/>\n<meta property=\"og:type\" content=\"article\" \/>\n<meta property=\"og:title\" content=\"[VDM] \u00c0 quoi va ressembler la ligne de bus Lin\u00e9o 6\u2009? - AUTATE\" \/>\n<meta property=\"og:description\" content=\"Lin\u00e9o, c&rsquo;est un \u00ab\u00a0super bus\u00a0\u00bb avec des fr\u00e9quences accrues, une amplitude \u00e9largie, des trajets optimis\u00e9s&#8230; qui partira de Castanet pour rejoindre Ramonville en septembre 2017. Lors du conseil municipal de Castanet-Tolosan du jeudi 17 d\u00e9cembre, l\u2019\u00e9lu d\u2019opposition de la gauche rassembl\u00e9e, Bernard Bagn\u00e9ris, a interrog\u00e9 le maire sur la future ligne de bus Lin\u00e9o. DixVOIR PLUS\" \/>\n<meta property=\"og:url\" content=\"https:\/\/autate.fr\/site\/vdm-a-quoi-va-ressembler-la-ligne-de-bus-lineo-6\u2009\/\" \/>\n<meta property=\"og:site_name\" content=\"AUTATE\" \/>\n<meta property=\"article:publisher\" content=\"https:\/\/www.facebook.com\/AutateToulouse\" \/>\n<meta property=\"article:published_time\" content=\"2016-01-18T16:03:23+00:00\" \/>\n<meta property=\"article:modified_time\" content=\"2017-04-13T14:50:33+00:00\" \/>\n<meta property=\"og:image\" content=\"https:\/\/autate.fr\/site\/wp-content\/uploads\/2016\/01\/lineo-tisseo-630x0.jpg\" \/>\n\t<meta property=\"og:image:width\" content=\"630\" \/>\n\t<meta property=\"og:image:height\" content=\"475\" \/>\n\t<meta property=\"og:image:type\" content=\"image\/jpeg\" \/>\n<meta name=\"author\" content=\"pascalbarbier\" \/>\n<meta name=\"twitter:card\" content=\"summary_large_image\" \/>\n<meta name=\"twitter:creator\" content=\"@AutateToulouse\" \/>\n<meta name=\"twitter:site\" content=\"@AutateToulouse\" \/>\n<meta name=\"twitter:label1\" content=\"\u00c9crit par\" \/>\n\t<meta name=\"twitter:data1\" content=\"pascalbarbier\" \/>\n\t<meta name=\"twitter:label2\" content=\"Dur\u00e9e de lecture estim\u00e9e\" \/>\n\t<meta name=\"twitter:data2\" content=\"1 minute\" \/>\n<script type=\"application\/ld+json\" class=\"yoast-schema-graph\">{\"@context\":\"https:\\\/\\\/schema.org\",\"@graph\":[{\"@type\":\"Article\",\"@id\":\"https:\\\/\\\/autate.fr\\\/site\\\/vdm-a-quoi-va-ressembler-la-ligne-de-bus-lineo-6%e2%80%89\\\/#article\",\"isPartOf\":{\"@id\":\"https:\\\/\\\/autate.fr\\\/site\\\/vdm-a-quoi-va-ressembler-la-ligne-de-bus-lineo-6%e2%80%89\\\/\"},\"author\":{\"name\":\"pascalbarbier\",\"@id\":\"https:\\\/\\\/autate.fr\\\/site\\\/#\\\/schema\\\/person\\\/ae1ab8bdaa7b41d2a9b52d2557ce8254\"},\"headline\":\"[VDM] \u00c0 quoi va ressembler la ligne de bus Lin\u00e9o 6\u2009?\",\"datePublished\":\"2016-01-18T16:03:23+00:00\",\"dateModified\":\"2017-04-13T14:50:33+00:00\",\"mainEntityOfPage\":{\"@id\":\"https:\\\/\\\/autate.fr\\\/site\\\/vdm-a-quoi-va-ressembler-la-ligne-de-bus-lineo-6%e2%80%89\\\/\"},\"wordCount\":230,\"commentCount\":0,\"publisher\":{\"@id\":\"https:\\\/\\\/autate.fr\\\/site\\\/#organization\"},\"image\":{\"@id\":\"https:\\\/\\\/autate.fr\\\/site\\\/vdm-a-quoi-va-ressembler-la-ligne-de-bus-lineo-6%e2%80%89\\\/#primaryimage\"},\"thumbnailUrl\":\"https:\\\/\\\/autate.fr\\\/site\\\/wp-content\\\/uploads\\\/2016\\\/01\\\/lineo-tisseo-630x0.jpg\",\"keywords\":[\"ligne 6\",\"Lin\u00e9o\",\"Tiss\u00e9o\"],\"articleSection\":[\"Lin\u00e9o\",\"Revue de presse\"],\"inLanguage\":\"fr-FR\",\"potentialAction\":[{\"@type\":\"CommentAction\",\"name\":\"Comment\",\"target\":[\"https:\\\/\\\/autate.fr\\\/site\\\/vdm-a-quoi-va-ressembler-la-ligne-de-bus-lineo-6%e2%80%89\\\/#respond\"]}]},{\"@type\":\"WebPage\",\"@id\":\"https:\\\/\\\/autate.fr\\\/site\\\/vdm-a-quoi-va-ressembler-la-ligne-de-bus-lineo-6%e2%80%89\\\/\",\"url\":\"https:\\\/\\\/autate.fr\\\/site\\\/vdm-a-quoi-va-ressembler-la-ligne-de-bus-lineo-6%e2%80%89\\\/\",\"name\":\"[VDM] \u00c0 quoi va ressembler la ligne de bus Lin\u00e9o 6\u2009? - AUTATE\",\"isPartOf\":{\"@id\":\"https:\\\/\\\/autate.fr\\\/site\\\/#website\"},\"primaryImageOfPage\":{\"@id\":\"https:\\\/\\\/autate.fr\\\/site\\\/vdm-a-quoi-va-ressembler-la-ligne-de-bus-lineo-6%e2%80%89\\\/#primaryimage\"},\"image\":{\"@id\":\"https:\\\/\\\/autate.fr\\\/site\\\/vdm-a-quoi-va-ressembler-la-ligne-de-bus-lineo-6%e2%80%89\\\/#primaryimage\"},\"thumbnailUrl\":\"https:\\\/\\\/autate.fr\\\/site\\\/wp-content\\\/uploads\\\/2016\\\/01\\\/lineo-tisseo-630x0.jpg\",\"datePublished\":\"2016-01-18T16:03:23+00:00\",\"dateModified\":\"2017-04-13T14:50:33+00:00\",\"breadcrumb\":{\"@id\":\"https:\\\/\\\/autate.fr\\\/site\\\/vdm-a-quoi-va-ressembler-la-ligne-de-bus-lineo-6%e2%80%89\\\/#breadcrumb\"},\"inLanguage\":\"fr-FR\",\"potentialAction\":[{\"@type\":\"ReadAction\",\"target\":[\"https:\\\/\\\/autate.fr\\\/site\\\/vdm-a-quoi-va-ressembler-la-ligne-de-bus-lineo-6%e2%80%89\\\/\"]}]},{\"@type\":\"ImageObject\",\"inLanguage\":\"fr-FR\",\"@id\":\"https:\\\/\\\/autate.fr\\\/site\\\/vdm-a-quoi-va-ressembler-la-ligne-de-bus-lineo-6%e2%80%89\\\/#primaryimage\",\"url\":\"https:\\\/\\\/autate.fr\\\/site\\\/wp-content\\\/uploads\\\/2016\\\/01\\\/lineo-tisseo-630x0.jpg\",\"contentUrl\":\"https:\\\/\\\/autate.fr\\\/site\\\/wp-content\\\/uploads\\\/2016\\\/01\\\/lineo-tisseo-630x0.jpg\",\"width\":630,\"height\":475},{\"@type\":\"BreadcrumbList\",\"@id\":\"https:\\\/\\\/autate.fr\\\/site\\\/vdm-a-quoi-va-ressembler-la-ligne-de-bus-lineo-6%e2%80%89\\\/#breadcrumb\",\"itemListElement\":[{\"@type\":\"ListItem\",\"position\":1,\"name\":\"Accueil\",\"item\":\"https:\\\/\\\/autate.fr\\\/site\\\/\"},{\"@type\":\"ListItem\",\"position\":2,\"name\":\"[VDM] \u00c0 quoi va ressembler la ligne de bus Lin\u00e9o 6\u2009?\"}]},{\"@type\":\"WebSite\",\"@id\":\"https:\\\/\\\/autate.fr\\\/site\\\/#website\",\"url\":\"https:\\\/\\\/autate.fr\\\/site\\\/\",\"name\":\"AUTATE\",\"description\":\"Association des usagers des transports de l&#039;agglom\u00e9ration Toulousaine et de ses environs\",\"publisher\":{\"@id\":\"https:\\\/\\\/autate.fr\\\/site\\\/#organization\"},\"potentialAction\":[{\"@type\":\"SearchAction\",\"target\":{\"@type\":\"EntryPoint\",\"urlTemplate\":\"https:\\\/\\\/autate.fr\\\/site\\\/?s={search_term_string}\"},\"query-input\":{\"@type\":\"PropertyValueSpecification\",\"valueRequired\":true,\"valueName\":\"search_term_string\"}}],\"inLanguage\":\"fr-FR\"},{\"@type\":\"Organization\",\"@id\":\"https:\\\/\\\/autate.fr\\\/site\\\/#organization\",\"name\":\"AUTATE\",\"url\":\"https:\\\/\\\/autate.fr\\\/site\\\/\",\"logo\":{\"@type\":\"ImageObject\",\"inLanguage\":\"fr-FR\",\"@id\":\"https:\\\/\\\/autate.fr\\\/site\\\/#\\\/schema\\\/logo\\\/image\\\/\",\"url\":\"http:\\\/\\\/autate.fr\\\/site\\\/wp-content\\\/uploads\\\/2019\\\/01\\\/logo.png\",\"contentUrl\":\"http:\\\/\\\/autate.fr\\\/site\\\/wp-content\\\/uploads\\\/2019\\\/01\\\/logo.png\",\"width\":506,\"height\":280,\"caption\":\"AUTATE\"},\"image\":{\"@id\":\"https:\\\/\\\/autate.fr\\\/site\\\/#\\\/schema\\\/logo\\\/image\\\/\"},\"sameAs\":[\"https:\\\/\\\/www.facebook.com\\\/AutateToulouse\",\"https:\\\/\\\/x.com\\\/AutateToulouse\"]},{\"@type\":\"Person\",\"@id\":\"https:\\\/\\\/autate.fr\\\/site\\\/#\\\/schema\\\/person\\\/ae1ab8bdaa7b41d2a9b52d2557ce8254\",\"name\":\"pascalbarbier\",\"image\":{\"@type\":\"ImageObject\",\"inLanguage\":\"fr-FR\",\"@id\":\"https:\\\/\\\/secure.gravatar.com\\\/avatar\\\/03f4e8ced09894b72c67e83142540730d4b3bbf619bf46341b0074e3bf5f08a0?s=96&d=mm&r=g\",\"url\":\"https:\\\/\\\/secure.gravatar.com\\\/avatar\\\/03f4e8ced09894b72c67e83142540730d4b3bbf619bf46341b0074e3bf5f08a0?s=96&d=mm&r=g\",\"contentUrl\":\"https:\\\/\\\/secure.gravatar.com\\\/avatar\\\/03f4e8ced09894b72c67e83142540730d4b3bbf619bf46341b0074e3bf5f08a0?s=96&d=mm&r=g\",\"caption\":\"pascalbarbier\"},\"url\":\"https:\\\/\\\/autate.fr\\\/site\\\/author\\\/pascalbarbier\\\/\"}]}<\/script>\n<!-- \/ Yoast SEO plugin. -->","yoast_head_json":{"title":"[VDM] \u00c0 quoi va ressembler la ligne de bus Lin\u00e9o 6\u2009? - AUTATE","robots":{"index":"index","follow":"follow","max-snippet":"max-snippet:-1","max-image-preview":"max-image-preview:large","max-video-preview":"max-video-preview:-1"},"canonical":"https:\/\/autate.fr\/site\/vdm-a-quoi-va-ressembler-la-ligne-de-bus-lineo-6\u2009\/","og_locale":"fr_FR","og_type":"article","og_title":"[VDM] \u00c0 quoi va ressembler la ligne de bus Lin\u00e9o 6\u2009? - AUTATE","og_description":"Lin\u00e9o, c&rsquo;est un \u00ab\u00a0super bus\u00a0\u00bb avec des fr\u00e9quences accrues, une amplitude \u00e9largie, des trajets optimis\u00e9s&#8230; qui partira de Castanet pour rejoindre Ramonville en septembre 2017. Lors du conseil municipal de Castanet-Tolosan du jeudi 17 d\u00e9cembre, l\u2019\u00e9lu d\u2019opposition de la gauche rassembl\u00e9e, Bernard Bagn\u00e9ris, a interrog\u00e9 le maire sur la future ligne de bus Lin\u00e9o. DixVOIR PLUS","og_url":"https:\/\/autate.fr\/site\/vdm-a-quoi-va-ressembler-la-ligne-de-bus-lineo-6\u2009\/","og_site_name":"AUTATE","article_publisher":"https:\/\/www.facebook.com\/AutateToulouse","article_published_time":"2016-01-18T16:03:23+00:00","article_modified_time":"2017-04-13T14:50:33+00:00","og_image":[{"width":630,"height":475,"url":"https:\/\/autate.fr\/site\/wp-content\/uploads\/2016\/01\/lineo-tisseo-630x0.jpg","type":"image\/jpeg"}],"author":"pascalbarbier","twitter_card":"summary_large_image","twitter_creator":"@AutateToulouse","twitter_site":"@AutateToulouse","twitter_misc":{"\u00c9crit par":"pascalbarbier","Dur\u00e9e de lecture estim\u00e9e":"1 minute"},"schema":{"@context":"https:\/\/schema.org","@graph":[{"@type":"Article","@id":"https:\/\/autate.fr\/site\/vdm-a-quoi-va-ressembler-la-ligne-de-bus-lineo-6%e2%80%89\/#article","isPartOf":{"@id":"https:\/\/autate.fr\/site\/vdm-a-quoi-va-ressembler-la-ligne-de-bus-lineo-6%e2%80%89\/"},"author":{"name":"pascalbarbier","@id":"https:\/\/autate.fr\/site\/#\/schema\/person\/ae1ab8bdaa7b41d2a9b52d2557ce8254"},"headline":"[VDM] \u00c0 quoi va ressembler la ligne de bus Lin\u00e9o 6\u2009?","datePublished":"2016-01-18T16:03:23+00:00","dateModified":"2017-04-13T14:50:33+00:00","mainEntityOfPage":{"@id":"https:\/\/autate.fr\/site\/vdm-a-quoi-va-ressembler-la-ligne-de-bus-lineo-6%e2%80%89\/"},"wordCount":230,"commentCount":0,"publisher":{"@id":"https:\/\/autate.fr\/site\/#organization"},"image":{"@id":"https:\/\/autate.fr\/site\/vdm-a-quoi-va-ressembler-la-ligne-de-bus-lineo-6%e2%80%89\/#primaryimage"},"thumbnailUrl":"https:\/\/autate.fr\/site\/wp-content\/uploads\/2016\/01\/lineo-tisseo-630x0.jpg","keywords":["ligne 6","Lin\u00e9o","Tiss\u00e9o"],"articleSection":["Lin\u00e9o","Revue de presse"],"inLanguage":"fr-FR","potentialAction":[{"@type":"CommentAction","name":"Comment","target":["https:\/\/autate.fr\/site\/vdm-a-quoi-va-ressembler-la-ligne-de-bus-lineo-6%e2%80%89\/#respond"]}]},{"@type":"WebPage","@id":"https:\/\/autate.fr\/site\/vdm-a-quoi-va-ressembler-la-ligne-de-bus-lineo-6%e2%80%89\/","url":"https:\/\/autate.fr\/site\/vdm-a-quoi-va-ressembler-la-ligne-de-bus-lineo-6%e2%80%89\/","name":"[VDM] \u00c0 quoi va ressembler la ligne de bus Lin\u00e9o 6\u2009? - AUTATE","isPartOf":{"@id":"https:\/\/autate.fr\/site\/#website"},"primaryImageOfPage":{"@id":"https:\/\/autate.fr\/site\/vdm-a-quoi-va-ressembler-la-ligne-de-bus-lineo-6%e2%80%89\/#primaryimage"},"image":{"@id":"https:\/\/autate.fr\/site\/vdm-a-quoi-va-ressembler-la-ligne-de-bus-lineo-6%e2%80%89\/#primaryimage"},"thumbnailUrl":"https:\/\/autate.fr\/site\/wp-content\/uploads\/2016\/01\/lineo-tisseo-630x0.jpg","datePublished":"2016-01-18T16:03:23+00:00","dateModified":"2017-04-13T14:50:33+00:00","breadcrumb":{"@id":"https:\/\/autate.fr\/site\/vdm-a-quoi-va-ressembler-la-ligne-de-bus-lineo-6%e2%80%89\/#breadcrumb"},"inLanguage":"fr-FR","potentialAction":[{"@type":"ReadAction","target":["https:\/\/autate.fr\/site\/vdm-a-quoi-va-ressembler-la-ligne-de-bus-lineo-6%e2%80%89\/"]}]},{"@type":"ImageObject","inLanguage":"fr-FR","@id":"https:\/\/autate.fr\/site\/vdm-a-quoi-va-ressembler-la-ligne-de-bus-lineo-6%e2%80%89\/#primaryimage","url":"https:\/\/autate.fr\/site\/wp-content\/uploads\/2016\/01\/lineo-tisseo-630x0.jpg","contentUrl":"https:\/\/autate.fr\/site\/wp-content\/uploads\/2016\/01\/lineo-tisseo-630x0.jpg","width":630,"height":475},{"@type":"BreadcrumbList","@id":"https:\/\/autate.fr\/site\/vdm-a-quoi-va-ressembler-la-ligne-de-bus-lineo-6%e2%80%89\/#breadcrumb","itemListElement":[{"@type":"ListItem","position":1,"name":"Accueil","item":"https:\/\/autate.fr\/site\/"},{"@type":"ListItem","position":2,"name":"[VDM] \u00c0 quoi va ressembler la ligne de bus Lin\u00e9o 6\u2009?"}]},{"@type":"WebSite","@id":"https:\/\/autate.fr\/site\/#website","url":"https:\/\/autate.fr\/site\/","name":"AUTATE","description":"Association des usagers des transports de l&#039;agglom\u00e9ration Toulousaine et de ses environs","publisher":{"@id":"https:\/\/autate.fr\/site\/#organization"},"potentialAction":[{"@type":"SearchAction","target":{"@type":"EntryPoint","urlTemplate":"https:\/\/autate.fr\/site\/?s={search_term_string}"},"query-input":{"@type":"PropertyValueSpecification","valueRequired":true,"valueName":"search_term_string"}}],"inLanguage":"fr-FR"},{"@type":"Organization","@id":"https:\/\/autate.fr\/site\/#organization","name":"AUTATE","url":"https:\/\/autate.fr\/site\/","logo":{"@type":"ImageObject","inLanguage":"fr-FR","@id":"https:\/\/autate.fr\/site\/#\/schema\/logo\/image\/","url":"http:\/\/autate.fr\/site\/wp-content\/uploads\/2019\/01\/logo.png","contentUrl":"http:\/\/autate.fr\/site\/wp-content\/uploads\/2019\/01\/logo.png","width":506,"height":280,"caption":"AUTATE"},"image":{"@id":"https:\/\/autate.fr\/site\/#\/schema\/logo\/image\/"},"sameAs":["https:\/\/www.facebook.com\/AutateToulouse","https:\/\/x.com\/AutateToulouse"]},{"@type":"Person","@id":"https:\/\/autate.fr\/site\/#\/schema\/person\/ae1ab8bdaa7b41d2a9b52d2557ce8254","name":"pascalbarbier","image":{"@type":"ImageObject","inLanguage":"fr-FR","@id":"https:\/\/secure.gravatar.com\/avatar\/03f4e8ced09894b72c67e83142540730d4b3bbf619bf46341b0074e3bf5f08a0?s=96&d=mm&r=g","url":"https:\/\/secure.gravatar.com\/avatar\/03f4e8ced09894b72c67e83142540730d4b3bbf619bf46341b0074e3bf5f08a0?s=96&d=mm&r=g","contentUrl":"https:\/\/secure.gravatar.com\/avatar\/03f4e8ced09894b72c67e83142540730d4b3bbf619bf46341b0074e3bf5f08a0?s=96&d=mm&r=g","caption":"pascalbarbier"},"url":"https:\/\/autate.fr\/site\/author\/pascalbarbier\/"}]}},"_links":{"self":[{"href":"https:\/\/autate.fr\/site\/wp-json\/wp\/v2\/posts\/172","targetHints":{"allow":["GET"]}}],"collection":[{"href":"https:\/\/autate.fr\/site\/wp-json\/wp\/v2\/posts"}],"about":[{"href":"https:\/\/autate.fr\/site\/wp-json\/wp\/v2\/types\/post"}],"author":[{"embeddable":true,"href":"https:\/\/autate.fr\/site\/wp-json\/wp\/v2\/users\/1"}],"replies":[{"embeddable":true,"href":"https:\/\/autate.fr\/site\/wp-json\/wp\/v2\/comments?post=172"}],"version-history":[{"count":1,"href":"https:\/\/autate.fr\/site\/wp-json\/wp\/v2\/posts\/172\/revisions"}],"predecessor-version":[{"id":174,"href":"https:\/\/autate.fr\/site\/wp-json\/wp\/v2\/posts\/172\/revisions\/174"}],"wp:featuredmedia":[{"embeddable":true,"href":"https:\/\/autate.fr\/site\/wp-json\/wp\/v2\/media\/173"}],"wp:attachment":[{"href":"https:\/\/autate.fr\/site\/wp-json\/wp\/v2\/media?parent=172"}],"wp:term":[{"taxonomy":"category","embeddable":true,"href":"https:\/\/autate.fr\/site\/wp-json\/wp\/v2\/categories?post=172"},{"taxonomy":"post_tag","embeddable":true,"href":"https:\/\/autate.fr\/site\/wp-json\/wp\/v2\/tags?post=172"}],"curies":[{"name":"wp","href":"https:\/\/api.w.org\/{rel}","templated":true}]}}