{"id":1694,"date":"2017-09-02T12:43:53","date_gmt":"2017-09-02T10:43:53","guid":{"rendered":"http:\/\/autate.fr\/site\/?p=1694"},"modified":"2025-11-21T22:17:49","modified_gmt":"2025-11-21T21:17:49","slug":"courrier-de-la-maire-de-colomiers-vers-c-delga-et-jm-lattes","status":"publish","type":"post","link":"https:\/\/autate.fr\/site\/courrier-de-la-maire-de-colomiers-vers-c-delga-et-jm-lattes\/","title":{"rendered":"Courrier de la maire de Colomiers vers C.Delga et JM.Lattes"},"content":{"rendered":"<p>Voici deux courriers envoy\u00e9s par Karine Traval-Michelet, maire de <strong>Colomiers<\/strong>,<\/p>\n<p>l\u2019un <a href=\"https:\/\/autate.fr\/site\/wp-content\/uploads\/2017\/09\/Lettre-de-la-maire-Colomiers-vers-C.Delga_.pdf\"><strong>vers Carole Delga, Pr\u00e9sidente de la r\u00e9gion Occitanie (cliquer)<\/strong><\/a><\/p>\n<p>l\u2019autre <strong><a href=\"https:\/\/autate.fr\/site\/wp-content\/uploads\/2017\/09\/Lettre-de-la-maire-de-Colomiers-vers-JM-Lattes.pdf\">vers Jean-Michel Lattes, Pr\u00e9sident du SMTC Tiss\u00e9o (cliquer)<\/a><\/strong><\/p>\n<p>La maire de Colomiers demande des am\u00e9liorations concernant la desserte en Transports en Commun du <strong>quartier des Ramassiers<\/strong> \u00e0 Colomiers. Ces demandes ont \u00e9t\u00e9 relay\u00e9es par le Comit\u00e9 de quartier Sud-Est (Ramassiers) :<\/p>\n<p>Ligne C\u00a0: augmentation fr\u00e9quence et amplitude horaire<\/p>\n<p>&#8211; Tarification unique ligne C jusqu\u2019\u00e0 halte du lyc\u00e9e Victor Hugo<\/p>\n<p>&#8211; Lin\u00e9o 2\u00a0: modifier trac\u00e9 pour rajouter un arr\u00eat aux Ramassiers, car les lignes bus 63 et 32 n\u2019assurent pas une fr\u00e9quence et une amplitude horaire suffisantes.<\/p>\n<p>L&rsquo;AUTATE va relayer cette demande via nos contacts avec ce comit\u00e9 de quartier<\/p>\n<p>Nous vous renvoyons \u00e0 la <a href=\"https:\/\/www.change.org\/p\/tisseo-toulouse-poursuivre-les-evolutions-indispensables-de-la-ligne-c-colomiers-les-ar%C3%A8nes-toulouse\" target=\"_blank\" rel=\"noopener\"><strong>P\u00e9tition<\/strong><\/a> initi\u00e9 par le collectif \u00ab\u00a0D\u00e9sert de l&rsquo;ouest\u00a0\u00bb concernant la ligne C et \u00e0 nos publications sur les besoins \u00e0 l&rsquo;OUEST.<\/p>\n","protected":false},"excerpt":{"rendered":"<p>Voici deux courriers envoy\u00e9s par Karine Traval-Michelet, maire de Colomiers, l\u2019un vers Carole Delga, Pr\u00e9sidente de la r\u00e9gion Occitanie (cliquer) l\u2019autre vers Jean-Michel Lattes, Pr\u00e9sident du SMTC Tiss\u00e9o (cliquer) La maire de Colomiers demande des am\u00e9liorations concernant la desserte en Transports en Commun du quartier des Ramassiers \u00e0 Colomiers. Ces demandes ont \u00e9t\u00e9 relay\u00e9es par<\/p>\n<p class=\"more-link\"><a href=\"https:\/\/autate.fr\/site\/courrier-de-la-maire-de-colomiers-vers-c-delga-et-jm-lattes\/\" class=\"themebutton2\">VOIR PLUS<\/a><\/p>\n","protected":false},"author":1,"featured_media":0,"comment_status":"open","ping_status":"open","sticky":false,"template":"","format":"standard","meta":{"footnotes":""},"categories":[4,418],"tags":[330,285,301,36,329,123,93,118],"class_list":["post-1694","post","type-post","status-publish","format-standard","hentry","category-actualite-association","category-trains-urbains","tag-cdelga","tag-jmlattes","tag-ligne-c","tag-lineo","tag-lineo-2","tag-region","tag-smtc","tag-train"],"yoast_head":"<!-- This site is optimized with the Yoast SEO plugin v27.4 - https:\/\/yoast.com\/product\/yoast-seo-wordpress\/ -->\n<title>Courrier de la maire de Colomiers vers C.Delga et JM.Lattes - AUTATE<\/title>\n<meta name=\"robots\" content=\"index, follow, max-snippet:-1, max-image-preview:large, max-video-preview:-1\" \/>\n<link rel=\"canonical\" href=\"https:\/\/autate.fr\/site\/courrier-de-la-maire-de-colomiers-vers-c-delga-et-jm-lattes\/\" \/>\n<meta property=\"og:locale\" content=\"fr_FR\" \/>\n<meta property=\"og:type\" content=\"article\" \/>\n<meta property=\"og:title\" content=\"Courrier de la maire de Colomiers vers C.Delga et JM.Lattes - AUTATE\" \/>\n<meta property=\"og:description\" content=\"Voici deux courriers envoy\u00e9s par Karine Traval-Michelet, maire de Colomiers, l\u2019un vers Carole Delga, Pr\u00e9sidente de la r\u00e9gion Occitanie (cliquer) l\u2019autre vers Jean-Michel Lattes, Pr\u00e9sident du SMTC Tiss\u00e9o (cliquer) La maire de Colomiers demande des am\u00e9liorations concernant la desserte en Transports en Commun du quartier des Ramassiers \u00e0 Colomiers. Ces demandes ont \u00e9t\u00e9 relay\u00e9es parVOIR PLUS\" \/>\n<meta property=\"og:url\" content=\"https:\/\/autate.fr\/site\/courrier-de-la-maire-de-colomiers-vers-c-delga-et-jm-lattes\/\" \/>\n<meta property=\"og:site_name\" content=\"AUTATE\" \/>\n<meta property=\"article:publisher\" content=\"https:\/\/www.facebook.com\/AutateToulouse\" \/>\n<meta property=\"article:published_time\" content=\"2017-09-02T10:43:53+00:00\" \/>\n<meta property=\"article:modified_time\" content=\"2025-11-21T21:17:49+00:00\" \/>\n<meta name=\"author\" content=\"pascalbarbier\" \/>\n<meta name=\"twitter:card\" content=\"summary_large_image\" \/>\n<meta name=\"twitter:creator\" content=\"@AutateToulouse\" \/>\n<meta name=\"twitter:site\" content=\"@AutateToulouse\" \/>\n<meta name=\"twitter:label1\" content=\"\u00c9crit par\" \/>\n\t<meta name=\"twitter:data1\" content=\"pascalbarbier\" \/>\n\t<meta name=\"twitter:label2\" content=\"Dur\u00e9e de lecture estim\u00e9e\" \/>\n\t<meta name=\"twitter:data2\" content=\"1 minute\" \/>\n<script type=\"application\/ld+json\" class=\"yoast-schema-graph\">{\"@context\":\"https:\\\/\\\/schema.org\",\"@graph\":[{\"@type\":\"Article\",\"@id\":\"https:\\\/\\\/autate.fr\\\/site\\\/courrier-de-la-maire-de-colomiers-vers-c-delga-et-jm-lattes\\\/#article\",\"isPartOf\":{\"@id\":\"https:\\\/\\\/autate.fr\\\/site\\\/courrier-de-la-maire-de-colomiers-vers-c-delga-et-jm-lattes\\\/\"},\"author\":{\"name\":\"pascalbarbier\",\"@id\":\"https:\\\/\\\/autate.fr\\\/site\\\/#\\\/schema\\\/person\\\/ae1ab8bdaa7b41d2a9b52d2557ce8254\"},\"headline\":\"Courrier de la maire de Colomiers vers C.Delga et JM.Lattes\",\"datePublished\":\"2017-09-02T10:43:53+00:00\",\"dateModified\":\"2025-11-21T21:17:49+00:00\",\"mainEntityOfPage\":{\"@id\":\"https:\\\/\\\/autate.fr\\\/site\\\/courrier-de-la-maire-de-colomiers-vers-c-delga-et-jm-lattes\\\/\"},\"wordCount\":167,\"commentCount\":0,\"publisher\":{\"@id\":\"https:\\\/\\\/autate.fr\\\/site\\\/#organization\"},\"keywords\":[\"CDelga\",\"JMLattes\",\"ligne C\",\"Lin\u00e9o\",\"Lin\u00e9o 2\",\"r\u00e9gion\",\"SMTC\",\"train\"],\"articleSection\":[\"Actualit\u00e9s-AUTATE\",\"Trains urbains\"],\"inLanguage\":\"fr-FR\",\"potentialAction\":[{\"@type\":\"CommentAction\",\"name\":\"Comment\",\"target\":[\"https:\\\/\\\/autate.fr\\\/site\\\/courrier-de-la-maire-de-colomiers-vers-c-delga-et-jm-lattes\\\/#respond\"]}]},{\"@type\":\"WebPage\",\"@id\":\"https:\\\/\\\/autate.fr\\\/site\\\/courrier-de-la-maire-de-colomiers-vers-c-delga-et-jm-lattes\\\/\",\"url\":\"https:\\\/\\\/autate.fr\\\/site\\\/courrier-de-la-maire-de-colomiers-vers-c-delga-et-jm-lattes\\\/\",\"name\":\"Courrier de la maire de Colomiers vers C.Delga et JM.Lattes - AUTATE\",\"isPartOf\":{\"@id\":\"https:\\\/\\\/autate.fr\\\/site\\\/#website\"},\"datePublished\":\"2017-09-02T10:43:53+00:00\",\"dateModified\":\"2025-11-21T21:17:49+00:00\",\"breadcrumb\":{\"@id\":\"https:\\\/\\\/autate.fr\\\/site\\\/courrier-de-la-maire-de-colomiers-vers-c-delga-et-jm-lattes\\\/#breadcrumb\"},\"inLanguage\":\"fr-FR\",\"potentialAction\":[{\"@type\":\"ReadAction\",\"target\":[\"https:\\\/\\\/autate.fr\\\/site\\\/courrier-de-la-maire-de-colomiers-vers-c-delga-et-jm-lattes\\\/\"]}]},{\"@type\":\"BreadcrumbList\",\"@id\":\"https:\\\/\\\/autate.fr\\\/site\\\/courrier-de-la-maire-de-colomiers-vers-c-delga-et-jm-lattes\\\/#breadcrumb\",\"itemListElement\":[{\"@type\":\"ListItem\",\"position\":1,\"name\":\"Accueil\",\"item\":\"https:\\\/\\\/autate.fr\\\/site\\\/\"},{\"@type\":\"ListItem\",\"position\":2,\"name\":\"Courrier de la maire de Colomiers vers C.Delga et JM.Lattes\"}]},{\"@type\":\"WebSite\",\"@id\":\"https:\\\/\\\/autate.fr\\\/site\\\/#website\",\"url\":\"https:\\\/\\\/autate.fr\\\/site\\\/\",\"name\":\"AUTATE\",\"description\":\"Association des usagers des transports de l&#039;agglom\u00e9ration Toulousaine et de ses environs\",\"publisher\":{\"@id\":\"https:\\\/\\\/autate.fr\\\/site\\\/#organization\"},\"potentialAction\":[{\"@type\":\"SearchAction\",\"target\":{\"@type\":\"EntryPoint\",\"urlTemplate\":\"https:\\\/\\\/autate.fr\\\/site\\\/?s={search_term_string}\"},\"query-input\":{\"@type\":\"PropertyValueSpecification\",\"valueRequired\":true,\"valueName\":\"search_term_string\"}}],\"inLanguage\":\"fr-FR\"},{\"@type\":\"Organization\",\"@id\":\"https:\\\/\\\/autate.fr\\\/site\\\/#organization\",\"name\":\"AUTATE\",\"url\":\"https:\\\/\\\/autate.fr\\\/site\\\/\",\"logo\":{\"@type\":\"ImageObject\",\"inLanguage\":\"fr-FR\",\"@id\":\"https:\\\/\\\/autate.fr\\\/site\\\/#\\\/schema\\\/logo\\\/image\\\/\",\"url\":\"http:\\\/\\\/autate.fr\\\/site\\\/wp-content\\\/uploads\\\/2019\\\/01\\\/logo.png\",\"contentUrl\":\"http:\\\/\\\/autate.fr\\\/site\\\/wp-content\\\/uploads\\\/2019\\\/01\\\/logo.png\",\"width\":506,\"height\":280,\"caption\":\"AUTATE\"},\"image\":{\"@id\":\"https:\\\/\\\/autate.fr\\\/site\\\/#\\\/schema\\\/logo\\\/image\\\/\"},\"sameAs\":[\"https:\\\/\\\/www.facebook.com\\\/AutateToulouse\",\"https:\\\/\\\/x.com\\\/AutateToulouse\"]},{\"@type\":\"Person\",\"@id\":\"https:\\\/\\\/autate.fr\\\/site\\\/#\\\/schema\\\/person\\\/ae1ab8bdaa7b41d2a9b52d2557ce8254\",\"name\":\"pascalbarbier\",\"image\":{\"@type\":\"ImageObject\",\"inLanguage\":\"fr-FR\",\"@id\":\"https:\\\/\\\/secure.gravatar.com\\\/avatar\\\/03f4e8ced09894b72c67e83142540730d4b3bbf619bf46341b0074e3bf5f08a0?s=96&d=mm&r=g\",\"url\":\"https:\\\/\\\/secure.gravatar.com\\\/avatar\\\/03f4e8ced09894b72c67e83142540730d4b3bbf619bf46341b0074e3bf5f08a0?s=96&d=mm&r=g\",\"contentUrl\":\"https:\\\/\\\/secure.gravatar.com\\\/avatar\\\/03f4e8ced09894b72c67e83142540730d4b3bbf619bf46341b0074e3bf5f08a0?s=96&d=mm&r=g\",\"caption\":\"pascalbarbier\"},\"url\":\"https:\\\/\\\/autate.fr\\\/site\\\/author\\\/pascalbarbier\\\/\"}]}<\/script>\n<!-- \/ Yoast SEO plugin. -->","yoast_head_json":{"title":"Courrier de la maire de Colomiers vers C.Delga et JM.Lattes - AUTATE","robots":{"index":"index","follow":"follow","max-snippet":"max-snippet:-1","max-image-preview":"max-image-preview:large","max-video-preview":"max-video-preview:-1"},"canonical":"https:\/\/autate.fr\/site\/courrier-de-la-maire-de-colomiers-vers-c-delga-et-jm-lattes\/","og_locale":"fr_FR","og_type":"article","og_title":"Courrier de la maire de Colomiers vers C.Delga et JM.Lattes - AUTATE","og_description":"Voici deux courriers envoy\u00e9s par Karine Traval-Michelet, maire de Colomiers, l\u2019un vers Carole Delga, Pr\u00e9sidente de la r\u00e9gion Occitanie (cliquer) l\u2019autre vers Jean-Michel Lattes, Pr\u00e9sident du SMTC Tiss\u00e9o (cliquer) La maire de Colomiers demande des am\u00e9liorations concernant la desserte en Transports en Commun du quartier des Ramassiers \u00e0 Colomiers. Ces demandes ont \u00e9t\u00e9 relay\u00e9es parVOIR PLUS","og_url":"https:\/\/autate.fr\/site\/courrier-de-la-maire-de-colomiers-vers-c-delga-et-jm-lattes\/","og_site_name":"AUTATE","article_publisher":"https:\/\/www.facebook.com\/AutateToulouse","article_published_time":"2017-09-02T10:43:53+00:00","article_modified_time":"2025-11-21T21:17:49+00:00","author":"pascalbarbier","twitter_card":"summary_large_image","twitter_creator":"@AutateToulouse","twitter_site":"@AutateToulouse","twitter_misc":{"\u00c9crit par":"pascalbarbier","Dur\u00e9e de lecture estim\u00e9e":"1 minute"},"schema":{"@context":"https:\/\/schema.org","@graph":[{"@type":"Article","@id":"https:\/\/autate.fr\/site\/courrier-de-la-maire-de-colomiers-vers-c-delga-et-jm-lattes\/#article","isPartOf":{"@id":"https:\/\/autate.fr\/site\/courrier-de-la-maire-de-colomiers-vers-c-delga-et-jm-lattes\/"},"author":{"name":"pascalbarbier","@id":"https:\/\/autate.fr\/site\/#\/schema\/person\/ae1ab8bdaa7b41d2a9b52d2557ce8254"},"headline":"Courrier de la maire de Colomiers vers C.Delga et JM.Lattes","datePublished":"2017-09-02T10:43:53+00:00","dateModified":"2025-11-21T21:17:49+00:00","mainEntityOfPage":{"@id":"https:\/\/autate.fr\/site\/courrier-de-la-maire-de-colomiers-vers-c-delga-et-jm-lattes\/"},"wordCount":167,"commentCount":0,"publisher":{"@id":"https:\/\/autate.fr\/site\/#organization"},"keywords":["CDelga","JMLattes","ligne C","Lin\u00e9o","Lin\u00e9o 2","r\u00e9gion","SMTC","train"],"articleSection":["Actualit\u00e9s-AUTATE","Trains urbains"],"inLanguage":"fr-FR","potentialAction":[{"@type":"CommentAction","name":"Comment","target":["https:\/\/autate.fr\/site\/courrier-de-la-maire-de-colomiers-vers-c-delga-et-jm-lattes\/#respond"]}]},{"@type":"WebPage","@id":"https:\/\/autate.fr\/site\/courrier-de-la-maire-de-colomiers-vers-c-delga-et-jm-lattes\/","url":"https:\/\/autate.fr\/site\/courrier-de-la-maire-de-colomiers-vers-c-delga-et-jm-lattes\/","name":"Courrier de la maire de Colomiers vers C.Delga et JM.Lattes - AUTATE","isPartOf":{"@id":"https:\/\/autate.fr\/site\/#website"},"datePublished":"2017-09-02T10:43:53+00:00","dateModified":"2025-11-21T21:17:49+00:00","breadcrumb":{"@id":"https:\/\/autate.fr\/site\/courrier-de-la-maire-de-colomiers-vers-c-delga-et-jm-lattes\/#breadcrumb"},"inLanguage":"fr-FR","potentialAction":[{"@type":"ReadAction","target":["https:\/\/autate.fr\/site\/courrier-de-la-maire-de-colomiers-vers-c-delga-et-jm-lattes\/"]}]},{"@type":"BreadcrumbList","@id":"https:\/\/autate.fr\/site\/courrier-de-la-maire-de-colomiers-vers-c-delga-et-jm-lattes\/#breadcrumb","itemListElement":[{"@type":"ListItem","position":1,"name":"Accueil","item":"https:\/\/autate.fr\/site\/"},{"@type":"ListItem","position":2,"name":"Courrier de la maire de Colomiers vers C.Delga et JM.Lattes"}]},{"@type":"WebSite","@id":"https:\/\/autate.fr\/site\/#website","url":"https:\/\/autate.fr\/site\/","name":"AUTATE","description":"Association des usagers des transports de l&#039;agglom\u00e9ration Toulousaine et de ses environs","publisher":{"@id":"https:\/\/autate.fr\/site\/#organization"},"potentialAction":[{"@type":"SearchAction","target":{"@type":"EntryPoint","urlTemplate":"https:\/\/autate.fr\/site\/?s={search_term_string}"},"query-input":{"@type":"PropertyValueSpecification","valueRequired":true,"valueName":"search_term_string"}}],"inLanguage":"fr-FR"},{"@type":"Organization","@id":"https:\/\/autate.fr\/site\/#organization","name":"AUTATE","url":"https:\/\/autate.fr\/site\/","logo":{"@type":"ImageObject","inLanguage":"fr-FR","@id":"https:\/\/autate.fr\/site\/#\/schema\/logo\/image\/","url":"http:\/\/autate.fr\/site\/wp-content\/uploads\/2019\/01\/logo.png","contentUrl":"http:\/\/autate.fr\/site\/wp-content\/uploads\/2019\/01\/logo.png","width":506,"height":280,"caption":"AUTATE"},"image":{"@id":"https:\/\/autate.fr\/site\/#\/schema\/logo\/image\/"},"sameAs":["https:\/\/www.facebook.com\/AutateToulouse","https:\/\/x.com\/AutateToulouse"]},{"@type":"Person","@id":"https:\/\/autate.fr\/site\/#\/schema\/person\/ae1ab8bdaa7b41d2a9b52d2557ce8254","name":"pascalbarbier","image":{"@type":"ImageObject","inLanguage":"fr-FR","@id":"https:\/\/secure.gravatar.com\/avatar\/03f4e8ced09894b72c67e83142540730d4b3bbf619bf46341b0074e3bf5f08a0?s=96&d=mm&r=g","url":"https:\/\/secure.gravatar.com\/avatar\/03f4e8ced09894b72c67e83142540730d4b3bbf619bf46341b0074e3bf5f08a0?s=96&d=mm&r=g","contentUrl":"https:\/\/secure.gravatar.com\/avatar\/03f4e8ced09894b72c67e83142540730d4b3bbf619bf46341b0074e3bf5f08a0?s=96&d=mm&r=g","caption":"pascalbarbier"},"url":"https:\/\/autate.fr\/site\/author\/pascalbarbier\/"}]}},"_links":{"self":[{"href":"https:\/\/autate.fr\/site\/wp-json\/wp\/v2\/posts\/1694","targetHints":{"allow":["GET"]}}],"collection":[{"href":"https:\/\/autate.fr\/site\/wp-json\/wp\/v2\/posts"}],"about":[{"href":"https:\/\/autate.fr\/site\/wp-json\/wp\/v2\/types\/post"}],"author":[{"embeddable":true,"href":"https:\/\/autate.fr\/site\/wp-json\/wp\/v2\/users\/1"}],"replies":[{"embeddable":true,"href":"https:\/\/autate.fr\/site\/wp-json\/wp\/v2\/comments?post=1694"}],"version-history":[{"count":4,"href":"https:\/\/autate.fr\/site\/wp-json\/wp\/v2\/posts\/1694\/revisions"}],"predecessor-version":[{"id":1704,"href":"https:\/\/autate.fr\/site\/wp-json\/wp\/v2\/posts\/1694\/revisions\/1704"}],"wp:attachment":[{"href":"https:\/\/autate.fr\/site\/wp-json\/wp\/v2\/media?parent=1694"}],"wp:term":[{"taxonomy":"category","embeddable":true,"href":"https:\/\/autate.fr\/site\/wp-json\/wp\/v2\/categories?post=1694"},{"taxonomy":"post_tag","embeddable":true,"href":"https:\/\/autate.fr\/site\/wp-json\/wp\/v2\/tags?post=1694"}],"curies":[{"name":"wp","href":"https:\/\/api.w.org\/{rel}","templated":true}]}}