{"id":1628,"date":"2017-07-12T22:58:29","date_gmt":"2017-07-12T20:58:29","guid":{"rendered":"http:\/\/autate.fr\/site\/?p=1628"},"modified":"2017-07-12T22:58:29","modified_gmt":"2017-07-12T20:58:29","slug":"synthese-du-debat-public-du-38-au-lineo-9","status":"publish","type":"post","link":"https:\/\/autate.fr\/site\/synthese-du-debat-public-du-38-au-lineo-9\/","title":{"rendered":"Synth\u00e8se du d\u00e9bat\u00a0public \u00ab\u00a0Du 38 au LINEO 9\u00a0\u00bb"},"content":{"rendered":"<p><strong><a href=\"https:\/\/autate.fr\/site\/wp-content\/uploads\/2017\/07\/Synth\u00e8se-d\u00e9bat-lineo-9-27-juin.pdf\">Compte-rendu synth\u00e9tique du d\u00e9bat Lineo (cliquer)<\/a><\/strong> du 27 juin 2017<\/p>\n<p>\u00ab\u00a0Donner son point de vue sur le projet de transformation de la ligne de bus 38 en ligne de bus performante dite Lin\u00e9o 9 et de l&rsquo;am\u00e9nagement du faubourg Bonnefoy.\u00a0\u00bb<\/p>\n<p><span style=\"color: #000000;\"><span style=\"font-family: Arial,sans-serif;\"><span style=\"font-size: small;\">\u00a0<\/span><\/span><\/span><\/p>\n","protected":false},"excerpt":{"rendered":"<p>Compte-rendu synth\u00e9tique du d\u00e9bat Lineo (cliquer) du 27 juin 2017 \u00ab\u00a0Donner son point de vue sur le projet de transformation de la ligne de bus 38 en ligne de bus performante dite Lin\u00e9o 9 et de l&rsquo;am\u00e9nagement du faubourg Bonnefoy.\u00a0\u00bb \u00a0<\/p>\n","protected":false},"author":1,"featured_media":0,"comment_status":"open","ping_status":"open","sticky":false,"template":"","format":"standard","meta":{"footnotes":""},"categories":[4,298],"tags":[322,321,36,320,10],"class_list":["post-1628","post","type-post","status-publish","format-standard","hentry","category-actualite-association","category-lineo","tag-commercants","tag-faubourg-bonnefoy","tag-lineo","tag-lineo-9","tag-usagers"],"yoast_head":"<!-- This site is optimized with the Yoast SEO plugin v27.4 - https:\/\/yoast.com\/product\/yoast-seo-wordpress\/ -->\n<title>Synth\u00e8se du d\u00e9bat\u00a0public &quot;Du 38 au LINEO 9&quot; - AUTATE<\/title>\n<meta name=\"robots\" content=\"index, follow, max-snippet:-1, max-image-preview:large, max-video-preview:-1\" \/>\n<link rel=\"canonical\" href=\"https:\/\/autate.fr\/site\/synthese-du-debat-public-du-38-au-lineo-9\/\" \/>\n<meta property=\"og:locale\" content=\"fr_FR\" \/>\n<meta property=\"og:type\" content=\"article\" \/>\n<meta property=\"og:title\" content=\"Synth\u00e8se du d\u00e9bat\u00a0public &quot;Du 38 au LINEO 9&quot; - AUTATE\" \/>\n<meta property=\"og:description\" content=\"Compte-rendu synth\u00e9tique du d\u00e9bat Lineo (cliquer) du 27 juin 2017 \u00ab\u00a0Donner son point de vue sur le projet de transformation de la ligne de bus 38 en ligne de bus performante dite Lin\u00e9o 9 et de l&rsquo;am\u00e9nagement du faubourg Bonnefoy.\u00a0\u00bb \u00a0\" \/>\n<meta property=\"og:url\" content=\"https:\/\/autate.fr\/site\/synthese-du-debat-public-du-38-au-lineo-9\/\" \/>\n<meta property=\"og:site_name\" content=\"AUTATE\" \/>\n<meta property=\"article:publisher\" content=\"https:\/\/www.facebook.com\/AutateToulouse\" \/>\n<meta property=\"article:published_time\" content=\"2017-07-12T20:58:29+00:00\" \/>\n<meta name=\"author\" content=\"pascalbarbier\" \/>\n<meta name=\"twitter:card\" content=\"summary_large_image\" \/>\n<meta name=\"twitter:creator\" content=\"@AutateToulouse\" \/>\n<meta name=\"twitter:site\" content=\"@AutateToulouse\" \/>\n<meta name=\"twitter:label1\" content=\"\u00c9crit par\" \/>\n\t<meta name=\"twitter:data1\" content=\"pascalbarbier\" \/>\n<script type=\"application\/ld+json\" class=\"yoast-schema-graph\">{\"@context\":\"https:\\\/\\\/schema.org\",\"@graph\":[{\"@type\":\"Article\",\"@id\":\"https:\\\/\\\/autate.fr\\\/site\\\/synthese-du-debat-public-du-38-au-lineo-9\\\/#article\",\"isPartOf\":{\"@id\":\"https:\\\/\\\/autate.fr\\\/site\\\/synthese-du-debat-public-du-38-au-lineo-9\\\/\"},\"author\":{\"name\":\"pascalbarbier\",\"@id\":\"https:\\\/\\\/autate.fr\\\/site\\\/#\\\/schema\\\/person\\\/ae1ab8bdaa7b41d2a9b52d2557ce8254\"},\"headline\":\"Synth\u00e8se du d\u00e9bat\u00a0public \u00ab\u00a0Du 38 au LINEO 9\u00a0\u00bb\",\"datePublished\":\"2017-07-12T20:58:29+00:00\",\"mainEntityOfPage\":{\"@id\":\"https:\\\/\\\/autate.fr\\\/site\\\/synthese-du-debat-public-du-38-au-lineo-9\\\/\"},\"wordCount\":49,\"commentCount\":0,\"publisher\":{\"@id\":\"https:\\\/\\\/autate.fr\\\/site\\\/#organization\"},\"keywords\":[\"commer\u00e7ants\",\"faubourg Bonnefoy\",\"Lin\u00e9o\",\"Lin\u00e9o 9\",\"usagers\"],\"articleSection\":[\"Actualit\u00e9s-AUTATE\",\"Lin\u00e9o\"],\"inLanguage\":\"fr-FR\",\"potentialAction\":[{\"@type\":\"CommentAction\",\"name\":\"Comment\",\"target\":[\"https:\\\/\\\/autate.fr\\\/site\\\/synthese-du-debat-public-du-38-au-lineo-9\\\/#respond\"]}]},{\"@type\":\"WebPage\",\"@id\":\"https:\\\/\\\/autate.fr\\\/site\\\/synthese-du-debat-public-du-38-au-lineo-9\\\/\",\"url\":\"https:\\\/\\\/autate.fr\\\/site\\\/synthese-du-debat-public-du-38-au-lineo-9\\\/\",\"name\":\"Synth\u00e8se du d\u00e9bat\u00a0public \\\"Du 38 au LINEO 9\\\" - AUTATE\",\"isPartOf\":{\"@id\":\"https:\\\/\\\/autate.fr\\\/site\\\/#website\"},\"datePublished\":\"2017-07-12T20:58:29+00:00\",\"breadcrumb\":{\"@id\":\"https:\\\/\\\/autate.fr\\\/site\\\/synthese-du-debat-public-du-38-au-lineo-9\\\/#breadcrumb\"},\"inLanguage\":\"fr-FR\",\"potentialAction\":[{\"@type\":\"ReadAction\",\"target\":[\"https:\\\/\\\/autate.fr\\\/site\\\/synthese-du-debat-public-du-38-au-lineo-9\\\/\"]}]},{\"@type\":\"BreadcrumbList\",\"@id\":\"https:\\\/\\\/autate.fr\\\/site\\\/synthese-du-debat-public-du-38-au-lineo-9\\\/#breadcrumb\",\"itemListElement\":[{\"@type\":\"ListItem\",\"position\":1,\"name\":\"Accueil\",\"item\":\"https:\\\/\\\/autate.fr\\\/site\\\/\"},{\"@type\":\"ListItem\",\"position\":2,\"name\":\"Synth\u00e8se du d\u00e9bat\u00a0public \u00ab\u00a0Du 38 au LINEO 9\u00a0\u00bb\"}]},{\"@type\":\"WebSite\",\"@id\":\"https:\\\/\\\/autate.fr\\\/site\\\/#website\",\"url\":\"https:\\\/\\\/autate.fr\\\/site\\\/\",\"name\":\"AUTATE\",\"description\":\"Association des usagers des transports de l&#039;agglom\u00e9ration Toulousaine et de ses environs\",\"publisher\":{\"@id\":\"https:\\\/\\\/autate.fr\\\/site\\\/#organization\"},\"potentialAction\":[{\"@type\":\"SearchAction\",\"target\":{\"@type\":\"EntryPoint\",\"urlTemplate\":\"https:\\\/\\\/autate.fr\\\/site\\\/?s={search_term_string}\"},\"query-input\":{\"@type\":\"PropertyValueSpecification\",\"valueRequired\":true,\"valueName\":\"search_term_string\"}}],\"inLanguage\":\"fr-FR\"},{\"@type\":\"Organization\",\"@id\":\"https:\\\/\\\/autate.fr\\\/site\\\/#organization\",\"name\":\"AUTATE\",\"url\":\"https:\\\/\\\/autate.fr\\\/site\\\/\",\"logo\":{\"@type\":\"ImageObject\",\"inLanguage\":\"fr-FR\",\"@id\":\"https:\\\/\\\/autate.fr\\\/site\\\/#\\\/schema\\\/logo\\\/image\\\/\",\"url\":\"http:\\\/\\\/autate.fr\\\/site\\\/wp-content\\\/uploads\\\/2019\\\/01\\\/logo.png\",\"contentUrl\":\"http:\\\/\\\/autate.fr\\\/site\\\/wp-content\\\/uploads\\\/2019\\\/01\\\/logo.png\",\"width\":506,\"height\":280,\"caption\":\"AUTATE\"},\"image\":{\"@id\":\"https:\\\/\\\/autate.fr\\\/site\\\/#\\\/schema\\\/logo\\\/image\\\/\"},\"sameAs\":[\"https:\\\/\\\/www.facebook.com\\\/AutateToulouse\",\"https:\\\/\\\/x.com\\\/AutateToulouse\"]},{\"@type\":\"Person\",\"@id\":\"https:\\\/\\\/autate.fr\\\/site\\\/#\\\/schema\\\/person\\\/ae1ab8bdaa7b41d2a9b52d2557ce8254\",\"name\":\"pascalbarbier\",\"image\":{\"@type\":\"ImageObject\",\"inLanguage\":\"fr-FR\",\"@id\":\"https:\\\/\\\/secure.gravatar.com\\\/avatar\\\/03f4e8ced09894b72c67e83142540730d4b3bbf619bf46341b0074e3bf5f08a0?s=96&d=mm&r=g\",\"url\":\"https:\\\/\\\/secure.gravatar.com\\\/avatar\\\/03f4e8ced09894b72c67e83142540730d4b3bbf619bf46341b0074e3bf5f08a0?s=96&d=mm&r=g\",\"contentUrl\":\"https:\\\/\\\/secure.gravatar.com\\\/avatar\\\/03f4e8ced09894b72c67e83142540730d4b3bbf619bf46341b0074e3bf5f08a0?s=96&d=mm&r=g\",\"caption\":\"pascalbarbier\"},\"url\":\"https:\\\/\\\/autate.fr\\\/site\\\/author\\\/pascalbarbier\\\/\"}]}<\/script>\n<!-- \/ Yoast SEO plugin. -->","yoast_head_json":{"title":"Synth\u00e8se du d\u00e9bat\u00a0public \"Du 38 au LINEO 9\" - AUTATE","robots":{"index":"index","follow":"follow","max-snippet":"max-snippet:-1","max-image-preview":"max-image-preview:large","max-video-preview":"max-video-preview:-1"},"canonical":"https:\/\/autate.fr\/site\/synthese-du-debat-public-du-38-au-lineo-9\/","og_locale":"fr_FR","og_type":"article","og_title":"Synth\u00e8se du d\u00e9bat\u00a0public \"Du 38 au LINEO 9\" - AUTATE","og_description":"Compte-rendu synth\u00e9tique du d\u00e9bat Lineo (cliquer) du 27 juin 2017 \u00ab\u00a0Donner son point de vue sur le projet de transformation de la ligne de bus 38 en ligne de bus performante dite Lin\u00e9o 9 et de l&rsquo;am\u00e9nagement du faubourg Bonnefoy.\u00a0\u00bb \u00a0","og_url":"https:\/\/autate.fr\/site\/synthese-du-debat-public-du-38-au-lineo-9\/","og_site_name":"AUTATE","article_publisher":"https:\/\/www.facebook.com\/AutateToulouse","article_published_time":"2017-07-12T20:58:29+00:00","author":"pascalbarbier","twitter_card":"summary_large_image","twitter_creator":"@AutateToulouse","twitter_site":"@AutateToulouse","twitter_misc":{"\u00c9crit par":"pascalbarbier"},"schema":{"@context":"https:\/\/schema.org","@graph":[{"@type":"Article","@id":"https:\/\/autate.fr\/site\/synthese-du-debat-public-du-38-au-lineo-9\/#article","isPartOf":{"@id":"https:\/\/autate.fr\/site\/synthese-du-debat-public-du-38-au-lineo-9\/"},"author":{"name":"pascalbarbier","@id":"https:\/\/autate.fr\/site\/#\/schema\/person\/ae1ab8bdaa7b41d2a9b52d2557ce8254"},"headline":"Synth\u00e8se du d\u00e9bat\u00a0public \u00ab\u00a0Du 38 au LINEO 9\u00a0\u00bb","datePublished":"2017-07-12T20:58:29+00:00","mainEntityOfPage":{"@id":"https:\/\/autate.fr\/site\/synthese-du-debat-public-du-38-au-lineo-9\/"},"wordCount":49,"commentCount":0,"publisher":{"@id":"https:\/\/autate.fr\/site\/#organization"},"keywords":["commer\u00e7ants","faubourg Bonnefoy","Lin\u00e9o","Lin\u00e9o 9","usagers"],"articleSection":["Actualit\u00e9s-AUTATE","Lin\u00e9o"],"inLanguage":"fr-FR","potentialAction":[{"@type":"CommentAction","name":"Comment","target":["https:\/\/autate.fr\/site\/synthese-du-debat-public-du-38-au-lineo-9\/#respond"]}]},{"@type":"WebPage","@id":"https:\/\/autate.fr\/site\/synthese-du-debat-public-du-38-au-lineo-9\/","url":"https:\/\/autate.fr\/site\/synthese-du-debat-public-du-38-au-lineo-9\/","name":"Synth\u00e8se du d\u00e9bat\u00a0public \"Du 38 au LINEO 9\" - AUTATE","isPartOf":{"@id":"https:\/\/autate.fr\/site\/#website"},"datePublished":"2017-07-12T20:58:29+00:00","breadcrumb":{"@id":"https:\/\/autate.fr\/site\/synthese-du-debat-public-du-38-au-lineo-9\/#breadcrumb"},"inLanguage":"fr-FR","potentialAction":[{"@type":"ReadAction","target":["https:\/\/autate.fr\/site\/synthese-du-debat-public-du-38-au-lineo-9\/"]}]},{"@type":"BreadcrumbList","@id":"https:\/\/autate.fr\/site\/synthese-du-debat-public-du-38-au-lineo-9\/#breadcrumb","itemListElement":[{"@type":"ListItem","position":1,"name":"Accueil","item":"https:\/\/autate.fr\/site\/"},{"@type":"ListItem","position":2,"name":"Synth\u00e8se du d\u00e9bat\u00a0public \u00ab\u00a0Du 38 au LINEO 9\u00a0\u00bb"}]},{"@type":"WebSite","@id":"https:\/\/autate.fr\/site\/#website","url":"https:\/\/autate.fr\/site\/","name":"AUTATE","description":"Association des usagers des transports de l&#039;agglom\u00e9ration Toulousaine et de ses environs","publisher":{"@id":"https:\/\/autate.fr\/site\/#organization"},"potentialAction":[{"@type":"SearchAction","target":{"@type":"EntryPoint","urlTemplate":"https:\/\/autate.fr\/site\/?s={search_term_string}"},"query-input":{"@type":"PropertyValueSpecification","valueRequired":true,"valueName":"search_term_string"}}],"inLanguage":"fr-FR"},{"@type":"Organization","@id":"https:\/\/autate.fr\/site\/#organization","name":"AUTATE","url":"https:\/\/autate.fr\/site\/","logo":{"@type":"ImageObject","inLanguage":"fr-FR","@id":"https:\/\/autate.fr\/site\/#\/schema\/logo\/image\/","url":"http:\/\/autate.fr\/site\/wp-content\/uploads\/2019\/01\/logo.png","contentUrl":"http:\/\/autate.fr\/site\/wp-content\/uploads\/2019\/01\/logo.png","width":506,"height":280,"caption":"AUTATE"},"image":{"@id":"https:\/\/autate.fr\/site\/#\/schema\/logo\/image\/"},"sameAs":["https:\/\/www.facebook.com\/AutateToulouse","https:\/\/x.com\/AutateToulouse"]},{"@type":"Person","@id":"https:\/\/autate.fr\/site\/#\/schema\/person\/ae1ab8bdaa7b41d2a9b52d2557ce8254","name":"pascalbarbier","image":{"@type":"ImageObject","inLanguage":"fr-FR","@id":"https:\/\/secure.gravatar.com\/avatar\/03f4e8ced09894b72c67e83142540730d4b3bbf619bf46341b0074e3bf5f08a0?s=96&d=mm&r=g","url":"https:\/\/secure.gravatar.com\/avatar\/03f4e8ced09894b72c67e83142540730d4b3bbf619bf46341b0074e3bf5f08a0?s=96&d=mm&r=g","contentUrl":"https:\/\/secure.gravatar.com\/avatar\/03f4e8ced09894b72c67e83142540730d4b3bbf619bf46341b0074e3bf5f08a0?s=96&d=mm&r=g","caption":"pascalbarbier"},"url":"https:\/\/autate.fr\/site\/author\/pascalbarbier\/"}]}},"_links":{"self":[{"href":"https:\/\/autate.fr\/site\/wp-json\/wp\/v2\/posts\/1628","targetHints":{"allow":["GET"]}}],"collection":[{"href":"https:\/\/autate.fr\/site\/wp-json\/wp\/v2\/posts"}],"about":[{"href":"https:\/\/autate.fr\/site\/wp-json\/wp\/v2\/types\/post"}],"author":[{"embeddable":true,"href":"https:\/\/autate.fr\/site\/wp-json\/wp\/v2\/users\/1"}],"replies":[{"embeddable":true,"href":"https:\/\/autate.fr\/site\/wp-json\/wp\/v2\/comments?post=1628"}],"version-history":[{"count":1,"href":"https:\/\/autate.fr\/site\/wp-json\/wp\/v2\/posts\/1628\/revisions"}],"predecessor-version":[{"id":1630,"href":"https:\/\/autate.fr\/site\/wp-json\/wp\/v2\/posts\/1628\/revisions\/1630"}],"wp:attachment":[{"href":"https:\/\/autate.fr\/site\/wp-json\/wp\/v2\/media?parent=1628"}],"wp:term":[{"taxonomy":"category","embeddable":true,"href":"https:\/\/autate.fr\/site\/wp-json\/wp\/v2\/categories?post=1628"},{"taxonomy":"post_tag","embeddable":true,"href":"https:\/\/autate.fr\/site\/wp-json\/wp\/v2\/tags?post=1628"}],"curies":[{"name":"wp","href":"https:\/\/api.w.org\/{rel}","templated":true}]}}