{"id":161,"date":"2016-01-15T16:15:29","date_gmt":"2016-01-15T15:15:29","guid":{"rendered":"http:\/\/autate.fr\/site\/?p=161"},"modified":"2016-01-17T16:15:41","modified_gmt":"2016-01-17T15:15:41","slug":"20minutestoulouse-la-ligne-a-du-metro-va-doubler-sa-capacite","status":"publish","type":"post","link":"https:\/\/autate.fr\/site\/20minutestoulouse-la-ligne-a-du-metro-va-doubler-sa-capacite\/","title":{"rendered":"[20minutesToulouse] : La ligne A du m\u00e9tro va doubler sa capacit\u00e9"},"content":{"rendered":"<p><strong class=\"hat-label\">TRANSPORTS<\/strong> <span class=\"hat-summary\">Actuellement satur\u00e9e, la ligne A aura doubl\u00e9 sa capacit\u00e9 d&rsquo;accueil fin 2019. Ce qu&rsquo;il faut savoir sur cet \u00e9norme chantier d\u00e9sormais sur les rails&#8230;<\/span><\/p>\n<div class=\"lt-content w66\">\n<figure id=\"main-illustration\" class=\"oembed oembed-photo\" data-src-format=\"photo\"><figcaption class=\"media-figcaption\">photo : La station Capitole, l&rsquo;une des plus charg\u00e9e de la ligne A &#8211; Frederic Scheiber\/20 Minutes<\/figcaption><\/figure>\n<p class=\"author-sign\">un article d&rsquo;Helene Menal \u00a0Publi\u00e9 le <time datetime=\"2016-01-15\">15.01.2016\u00a0<\/time><\/p>\n<p>La ligne A aux heures de pointe est devenue un vrai cauchemar. Dimensionn\u00e9e pour 130.000 passagers par jour en 1993, elle en transporte aujourd\u2019hui pr\u00e8s de 230.000. Avec son lot de \u00ab\u00a0reste \u00e0 quai\u00a0\u00bb, ces usagers qui regardent passer les rames sans parvenir \u00e0 mettre le pied dedans.<\/p>\n<p>La fr\u00e9quence, de 65 secondes entre deux rames (contre 75 \u00e0 Paris par exemple), ne peut plus \u00eatre augment\u00e9e. La seule solution est de faire circuler des rames plus longues, de 52 m\u00e8tres au lieu de 26.<\/p>\n<p><a href=\"http:\/\/www.tisseo.fr\/\" target=\"_blank\">Tiss\u00e9o<\/a> a sign\u00e9 vendredi avec <a href=\"http:\/\/www.siemens.com\/entry\/fr\/fr\/\" target=\"_blank\">Siemens<\/a>, le constructeur du <a href=\"https:\/\/fr.wikipedia.org\/wiki\/VAL_208\" target=\"_blank\">Val<\/a>, l\u2019\u00e9norme march\u00e9 que repr\u00e9sente ce chantier. Il sera achev\u00e9 \u00ab\u00a0fin 2019\u00a0\u00bb, annonce <a href=\"https:\/\/twitter.com\/jmlattes\" target=\"_blank\">Jean-Michel Lattes<\/a> (UDI), le pr\u00e9sident de Tiss\u00e9o-SMTC<\/p>\n<h2>Quatre stations \u00e0 agrandir<\/h2>\n<p>La plupart des quais de la ligne A sont d\u00e9j\u00e0 \u00e0 52 m\u00e8tres, sauf quatre\u00a0:\u00a0Basso-Cambo, Patte-d\u2019Oie, Fontaine-Lestang et Mermoz. Il va donc falloir pousser les murs. Mais ce gros \u0153uvre n\u2019est qu\u2019une partie du projet, il faut revoir les terminus, les garages-ateliers et tous les \u00e9quipements de la ligne.<\/p>\n<h2>Une prouesse technique<\/h2>\n<p>\u00ab\u00a0Il s\u2019agira d\u2019une premi\u00e8re en termes de doublement d\u2019un syst\u00e8me Val en exploitation commerciale\u00a0\u00bb, souligne Eric Cazeaux, le directeur g\u00e9n\u00e9ral de l\u2019activit\u00e9 Val chez Siemens. L\u2019entreprise pr\u00e9voit de mener l\u2019essentiel des travaux en nocturne, quand le m\u00e9tro est \u00e0 l\u2019arr\u00eat et donc sur des plages horaires tr\u00e8s r\u00e9duites.<\/p>\n<p>Une fois le chantier achev\u00e9, le Val toulousain sera le premier \u00e0 \u00eatre modulable. Les op\u00e9rateurs pourront choisir entre injecter une rame de 26\u00a0m ou une rame de 52\u00a0m en fonction de l\u2019affluence.<\/p>\n<p>Le march\u00e9 sign\u00e9 vendredi pr\u00e9voit \u00ab\u00a0pr\u00e8s de 1.000 nuits\u00a0\u00bb de chantier. Toute cette agitation ne doit laisser aucune trace, pas le plus petit outil sur la voie, au petit matin.<\/p>\n<p><a href=\"http:\/\/www.20minutes.fr\/toulouse\/1766747-20160115-toulouse-ligne-metro-va-doubler-capacite\">lire la suite<\/a><\/p>\n<\/div>\n","protected":false},"excerpt":{"rendered":"<p>TRANSPORTS Actuellement satur\u00e9e, la ligne A aura doubl\u00e9 sa capacit\u00e9 d&rsquo;accueil fin 2019. Ce qu&rsquo;il faut savoir sur cet \u00e9norme chantier d\u00e9sormais sur les rails&#8230; photo : La station Capitole, l&rsquo;une des plus charg\u00e9e de la ligne A &#8211; Frederic Scheiber\/20 Minutes un article d&rsquo;Helene Menal \u00a0Publi\u00e9 le 15.01.2016\u00a0 La ligne A aux heures de<\/p>\n<p class=\"more-link\"><a href=\"https:\/\/autate.fr\/site\/20minutestoulouse-la-ligne-a-du-metro-va-doubler-sa-capacite\/\" class=\"themebutton2\">VOIR PLUS<\/a><\/p>\n","protected":false},"author":1,"featured_media":0,"comment_status":"open","ping_status":"open","sticky":false,"template":"","format":"standard","meta":{"footnotes":""},"categories":[7],"tags":[13,51,49,50],"class_list":["post-161","post","type-post","status-publish","format-standard","hentry","category-revue-de-presse","tag-ligne-a","tag-siemens","tag-travaux-doublement","tag-val"],"yoast_head":"<!-- This site is optimized with the Yoast SEO plugin v27.4 - https:\/\/yoast.com\/product\/yoast-seo-wordpress\/ -->\n<title>[20minutesToulouse] : La ligne A du m\u00e9tro va doubler sa capacit\u00e9 - AUTATE<\/title>\n<meta name=\"robots\" content=\"index, follow, max-snippet:-1, max-image-preview:large, max-video-preview:-1\" \/>\n<link rel=\"canonical\" href=\"https:\/\/autate.fr\/site\/20minutestoulouse-la-ligne-a-du-metro-va-doubler-sa-capacite\/\" \/>\n<meta property=\"og:locale\" content=\"fr_FR\" \/>\n<meta property=\"og:type\" content=\"article\" \/>\n<meta property=\"og:title\" content=\"[20minutesToulouse] : La ligne A du m\u00e9tro va doubler sa capacit\u00e9 - AUTATE\" \/>\n<meta property=\"og:description\" content=\"TRANSPORTS Actuellement satur\u00e9e, la ligne A aura doubl\u00e9 sa capacit\u00e9 d&rsquo;accueil fin 2019. Ce qu&rsquo;il faut savoir sur cet \u00e9norme chantier d\u00e9sormais sur les rails&#8230; photo : La station Capitole, l&rsquo;une des plus charg\u00e9e de la ligne A &#8211; Frederic Scheiber\/20 Minutes un article d&rsquo;Helene Menal \u00a0Publi\u00e9 le 15.01.2016\u00a0 La ligne A aux heures deVOIR PLUS\" \/>\n<meta property=\"og:url\" content=\"https:\/\/autate.fr\/site\/20minutestoulouse-la-ligne-a-du-metro-va-doubler-sa-capacite\/\" \/>\n<meta property=\"og:site_name\" content=\"AUTATE\" \/>\n<meta property=\"article:publisher\" content=\"https:\/\/www.facebook.com\/AutateToulouse\" \/>\n<meta property=\"article:published_time\" content=\"2016-01-15T15:15:29+00:00\" \/>\n<meta property=\"article:modified_time\" content=\"2016-01-17T15:15:41+00:00\" \/>\n<meta name=\"author\" content=\"pascalbarbier\" \/>\n<meta name=\"twitter:card\" content=\"summary_large_image\" \/>\n<meta name=\"twitter:creator\" content=\"@AutateToulouse\" \/>\n<meta name=\"twitter:site\" content=\"@AutateToulouse\" \/>\n<meta name=\"twitter:label1\" content=\"\u00c9crit par\" \/>\n\t<meta name=\"twitter:data1\" content=\"pascalbarbier\" \/>\n\t<meta name=\"twitter:label2\" content=\"Dur\u00e9e de lecture estim\u00e9e\" \/>\n\t<meta name=\"twitter:data2\" content=\"2 minutes\" \/>\n<script type=\"application\/ld+json\" class=\"yoast-schema-graph\">{\"@context\":\"https:\\\/\\\/schema.org\",\"@graph\":[{\"@type\":\"Article\",\"@id\":\"https:\\\/\\\/autate.fr\\\/site\\\/20minutestoulouse-la-ligne-a-du-metro-va-doubler-sa-capacite\\\/#article\",\"isPartOf\":{\"@id\":\"https:\\\/\\\/autate.fr\\\/site\\\/20minutestoulouse-la-ligne-a-du-metro-va-doubler-sa-capacite\\\/\"},\"author\":{\"name\":\"pascalbarbier\",\"@id\":\"https:\\\/\\\/autate.fr\\\/site\\\/#\\\/schema\\\/person\\\/ae1ab8bdaa7b41d2a9b52d2557ce8254\"},\"headline\":\"[20minutesToulouse] : La ligne A du m\u00e9tro va doubler sa capacit\u00e9\",\"datePublished\":\"2016-01-15T15:15:29+00:00\",\"dateModified\":\"2016-01-17T15:15:41+00:00\",\"mainEntityOfPage\":{\"@id\":\"https:\\\/\\\/autate.fr\\\/site\\\/20minutestoulouse-la-ligne-a-du-metro-va-doubler-sa-capacite\\\/\"},\"wordCount\":364,\"commentCount\":0,\"publisher\":{\"@id\":\"https:\\\/\\\/autate.fr\\\/site\\\/#organization\"},\"keywords\":[\"ligne A\",\"Siemens\",\"travaux doublement\",\"Val\"],\"articleSection\":[\"Revue de presse\"],\"inLanguage\":\"fr-FR\",\"potentialAction\":[{\"@type\":\"CommentAction\",\"name\":\"Comment\",\"target\":[\"https:\\\/\\\/autate.fr\\\/site\\\/20minutestoulouse-la-ligne-a-du-metro-va-doubler-sa-capacite\\\/#respond\"]}]},{\"@type\":\"WebPage\",\"@id\":\"https:\\\/\\\/autate.fr\\\/site\\\/20minutestoulouse-la-ligne-a-du-metro-va-doubler-sa-capacite\\\/\",\"url\":\"https:\\\/\\\/autate.fr\\\/site\\\/20minutestoulouse-la-ligne-a-du-metro-va-doubler-sa-capacite\\\/\",\"name\":\"[20minutesToulouse] : La ligne A du m\u00e9tro va doubler sa capacit\u00e9 - AUTATE\",\"isPartOf\":{\"@id\":\"https:\\\/\\\/autate.fr\\\/site\\\/#website\"},\"datePublished\":\"2016-01-15T15:15:29+00:00\",\"dateModified\":\"2016-01-17T15:15:41+00:00\",\"breadcrumb\":{\"@id\":\"https:\\\/\\\/autate.fr\\\/site\\\/20minutestoulouse-la-ligne-a-du-metro-va-doubler-sa-capacite\\\/#breadcrumb\"},\"inLanguage\":\"fr-FR\",\"potentialAction\":[{\"@type\":\"ReadAction\",\"target\":[\"https:\\\/\\\/autate.fr\\\/site\\\/20minutestoulouse-la-ligne-a-du-metro-va-doubler-sa-capacite\\\/\"]}]},{\"@type\":\"BreadcrumbList\",\"@id\":\"https:\\\/\\\/autate.fr\\\/site\\\/20minutestoulouse-la-ligne-a-du-metro-va-doubler-sa-capacite\\\/#breadcrumb\",\"itemListElement\":[{\"@type\":\"ListItem\",\"position\":1,\"name\":\"Accueil\",\"item\":\"https:\\\/\\\/autate.fr\\\/site\\\/\"},{\"@type\":\"ListItem\",\"position\":2,\"name\":\"[20minutesToulouse] : La ligne A du m\u00e9tro va doubler sa capacit\u00e9\"}]},{\"@type\":\"WebSite\",\"@id\":\"https:\\\/\\\/autate.fr\\\/site\\\/#website\",\"url\":\"https:\\\/\\\/autate.fr\\\/site\\\/\",\"name\":\"AUTATE\",\"description\":\"Association des usagers des transports de l&#039;agglom\u00e9ration Toulousaine et de ses environs\",\"publisher\":{\"@id\":\"https:\\\/\\\/autate.fr\\\/site\\\/#organization\"},\"potentialAction\":[{\"@type\":\"SearchAction\",\"target\":{\"@type\":\"EntryPoint\",\"urlTemplate\":\"https:\\\/\\\/autate.fr\\\/site\\\/?s={search_term_string}\"},\"query-input\":{\"@type\":\"PropertyValueSpecification\",\"valueRequired\":true,\"valueName\":\"search_term_string\"}}],\"inLanguage\":\"fr-FR\"},{\"@type\":\"Organization\",\"@id\":\"https:\\\/\\\/autate.fr\\\/site\\\/#organization\",\"name\":\"AUTATE\",\"url\":\"https:\\\/\\\/autate.fr\\\/site\\\/\",\"logo\":{\"@type\":\"ImageObject\",\"inLanguage\":\"fr-FR\",\"@id\":\"https:\\\/\\\/autate.fr\\\/site\\\/#\\\/schema\\\/logo\\\/image\\\/\",\"url\":\"http:\\\/\\\/autate.fr\\\/site\\\/wp-content\\\/uploads\\\/2019\\\/01\\\/logo.png\",\"contentUrl\":\"http:\\\/\\\/autate.fr\\\/site\\\/wp-content\\\/uploads\\\/2019\\\/01\\\/logo.png\",\"width\":506,\"height\":280,\"caption\":\"AUTATE\"},\"image\":{\"@id\":\"https:\\\/\\\/autate.fr\\\/site\\\/#\\\/schema\\\/logo\\\/image\\\/\"},\"sameAs\":[\"https:\\\/\\\/www.facebook.com\\\/AutateToulouse\",\"https:\\\/\\\/x.com\\\/AutateToulouse\"]},{\"@type\":\"Person\",\"@id\":\"https:\\\/\\\/autate.fr\\\/site\\\/#\\\/schema\\\/person\\\/ae1ab8bdaa7b41d2a9b52d2557ce8254\",\"name\":\"pascalbarbier\",\"image\":{\"@type\":\"ImageObject\",\"inLanguage\":\"fr-FR\",\"@id\":\"https:\\\/\\\/secure.gravatar.com\\\/avatar\\\/03f4e8ced09894b72c67e83142540730d4b3bbf619bf46341b0074e3bf5f08a0?s=96&d=mm&r=g\",\"url\":\"https:\\\/\\\/secure.gravatar.com\\\/avatar\\\/03f4e8ced09894b72c67e83142540730d4b3bbf619bf46341b0074e3bf5f08a0?s=96&d=mm&r=g\",\"contentUrl\":\"https:\\\/\\\/secure.gravatar.com\\\/avatar\\\/03f4e8ced09894b72c67e83142540730d4b3bbf619bf46341b0074e3bf5f08a0?s=96&d=mm&r=g\",\"caption\":\"pascalbarbier\"},\"url\":\"https:\\\/\\\/autate.fr\\\/site\\\/author\\\/pascalbarbier\\\/\"}]}<\/script>\n<!-- \/ Yoast SEO plugin. -->","yoast_head_json":{"title":"[20minutesToulouse] : La ligne A du m\u00e9tro va doubler sa capacit\u00e9 - AUTATE","robots":{"index":"index","follow":"follow","max-snippet":"max-snippet:-1","max-image-preview":"max-image-preview:large","max-video-preview":"max-video-preview:-1"},"canonical":"https:\/\/autate.fr\/site\/20minutestoulouse-la-ligne-a-du-metro-va-doubler-sa-capacite\/","og_locale":"fr_FR","og_type":"article","og_title":"[20minutesToulouse] : La ligne A du m\u00e9tro va doubler sa capacit\u00e9 - AUTATE","og_description":"TRANSPORTS Actuellement satur\u00e9e, la ligne A aura doubl\u00e9 sa capacit\u00e9 d&rsquo;accueil fin 2019. Ce qu&rsquo;il faut savoir sur cet \u00e9norme chantier d\u00e9sormais sur les rails&#8230; photo : La station Capitole, l&rsquo;une des plus charg\u00e9e de la ligne A &#8211; Frederic Scheiber\/20 Minutes un article d&rsquo;Helene Menal \u00a0Publi\u00e9 le 15.01.2016\u00a0 La ligne A aux heures deVOIR PLUS","og_url":"https:\/\/autate.fr\/site\/20minutestoulouse-la-ligne-a-du-metro-va-doubler-sa-capacite\/","og_site_name":"AUTATE","article_publisher":"https:\/\/www.facebook.com\/AutateToulouse","article_published_time":"2016-01-15T15:15:29+00:00","article_modified_time":"2016-01-17T15:15:41+00:00","author":"pascalbarbier","twitter_card":"summary_large_image","twitter_creator":"@AutateToulouse","twitter_site":"@AutateToulouse","twitter_misc":{"\u00c9crit par":"pascalbarbier","Dur\u00e9e de lecture estim\u00e9e":"2 minutes"},"schema":{"@context":"https:\/\/schema.org","@graph":[{"@type":"Article","@id":"https:\/\/autate.fr\/site\/20minutestoulouse-la-ligne-a-du-metro-va-doubler-sa-capacite\/#article","isPartOf":{"@id":"https:\/\/autate.fr\/site\/20minutestoulouse-la-ligne-a-du-metro-va-doubler-sa-capacite\/"},"author":{"name":"pascalbarbier","@id":"https:\/\/autate.fr\/site\/#\/schema\/person\/ae1ab8bdaa7b41d2a9b52d2557ce8254"},"headline":"[20minutesToulouse] : La ligne A du m\u00e9tro va doubler sa capacit\u00e9","datePublished":"2016-01-15T15:15:29+00:00","dateModified":"2016-01-17T15:15:41+00:00","mainEntityOfPage":{"@id":"https:\/\/autate.fr\/site\/20minutestoulouse-la-ligne-a-du-metro-va-doubler-sa-capacite\/"},"wordCount":364,"commentCount":0,"publisher":{"@id":"https:\/\/autate.fr\/site\/#organization"},"keywords":["ligne A","Siemens","travaux doublement","Val"],"articleSection":["Revue de presse"],"inLanguage":"fr-FR","potentialAction":[{"@type":"CommentAction","name":"Comment","target":["https:\/\/autate.fr\/site\/20minutestoulouse-la-ligne-a-du-metro-va-doubler-sa-capacite\/#respond"]}]},{"@type":"WebPage","@id":"https:\/\/autate.fr\/site\/20minutestoulouse-la-ligne-a-du-metro-va-doubler-sa-capacite\/","url":"https:\/\/autate.fr\/site\/20minutestoulouse-la-ligne-a-du-metro-va-doubler-sa-capacite\/","name":"[20minutesToulouse] : La ligne A du m\u00e9tro va doubler sa capacit\u00e9 - AUTATE","isPartOf":{"@id":"https:\/\/autate.fr\/site\/#website"},"datePublished":"2016-01-15T15:15:29+00:00","dateModified":"2016-01-17T15:15:41+00:00","breadcrumb":{"@id":"https:\/\/autate.fr\/site\/20minutestoulouse-la-ligne-a-du-metro-va-doubler-sa-capacite\/#breadcrumb"},"inLanguage":"fr-FR","potentialAction":[{"@type":"ReadAction","target":["https:\/\/autate.fr\/site\/20minutestoulouse-la-ligne-a-du-metro-va-doubler-sa-capacite\/"]}]},{"@type":"BreadcrumbList","@id":"https:\/\/autate.fr\/site\/20minutestoulouse-la-ligne-a-du-metro-va-doubler-sa-capacite\/#breadcrumb","itemListElement":[{"@type":"ListItem","position":1,"name":"Accueil","item":"https:\/\/autate.fr\/site\/"},{"@type":"ListItem","position":2,"name":"[20minutesToulouse] : La ligne A du m\u00e9tro va doubler sa capacit\u00e9"}]},{"@type":"WebSite","@id":"https:\/\/autate.fr\/site\/#website","url":"https:\/\/autate.fr\/site\/","name":"AUTATE","description":"Association des usagers des transports de l&#039;agglom\u00e9ration Toulousaine et de ses environs","publisher":{"@id":"https:\/\/autate.fr\/site\/#organization"},"potentialAction":[{"@type":"SearchAction","target":{"@type":"EntryPoint","urlTemplate":"https:\/\/autate.fr\/site\/?s={search_term_string}"},"query-input":{"@type":"PropertyValueSpecification","valueRequired":true,"valueName":"search_term_string"}}],"inLanguage":"fr-FR"},{"@type":"Organization","@id":"https:\/\/autate.fr\/site\/#organization","name":"AUTATE","url":"https:\/\/autate.fr\/site\/","logo":{"@type":"ImageObject","inLanguage":"fr-FR","@id":"https:\/\/autate.fr\/site\/#\/schema\/logo\/image\/","url":"http:\/\/autate.fr\/site\/wp-content\/uploads\/2019\/01\/logo.png","contentUrl":"http:\/\/autate.fr\/site\/wp-content\/uploads\/2019\/01\/logo.png","width":506,"height":280,"caption":"AUTATE"},"image":{"@id":"https:\/\/autate.fr\/site\/#\/schema\/logo\/image\/"},"sameAs":["https:\/\/www.facebook.com\/AutateToulouse","https:\/\/x.com\/AutateToulouse"]},{"@type":"Person","@id":"https:\/\/autate.fr\/site\/#\/schema\/person\/ae1ab8bdaa7b41d2a9b52d2557ce8254","name":"pascalbarbier","image":{"@type":"ImageObject","inLanguage":"fr-FR","@id":"https:\/\/secure.gravatar.com\/avatar\/03f4e8ced09894b72c67e83142540730d4b3bbf619bf46341b0074e3bf5f08a0?s=96&d=mm&r=g","url":"https:\/\/secure.gravatar.com\/avatar\/03f4e8ced09894b72c67e83142540730d4b3bbf619bf46341b0074e3bf5f08a0?s=96&d=mm&r=g","contentUrl":"https:\/\/secure.gravatar.com\/avatar\/03f4e8ced09894b72c67e83142540730d4b3bbf619bf46341b0074e3bf5f08a0?s=96&d=mm&r=g","caption":"pascalbarbier"},"url":"https:\/\/autate.fr\/site\/author\/pascalbarbier\/"}]}},"_links":{"self":[{"href":"https:\/\/autate.fr\/site\/wp-json\/wp\/v2\/posts\/161","targetHints":{"allow":["GET"]}}],"collection":[{"href":"https:\/\/autate.fr\/site\/wp-json\/wp\/v2\/posts"}],"about":[{"href":"https:\/\/autate.fr\/site\/wp-json\/wp\/v2\/types\/post"}],"author":[{"embeddable":true,"href":"https:\/\/autate.fr\/site\/wp-json\/wp\/v2\/users\/1"}],"replies":[{"embeddable":true,"href":"https:\/\/autate.fr\/site\/wp-json\/wp\/v2\/comments?post=161"}],"version-history":[{"count":2,"href":"https:\/\/autate.fr\/site\/wp-json\/wp\/v2\/posts\/161\/revisions"}],"predecessor-version":[{"id":163,"href":"https:\/\/autate.fr\/site\/wp-json\/wp\/v2\/posts\/161\/revisions\/163"}],"wp:attachment":[{"href":"https:\/\/autate.fr\/site\/wp-json\/wp\/v2\/media?parent=161"}],"wp:term":[{"taxonomy":"category","embeddable":true,"href":"https:\/\/autate.fr\/site\/wp-json\/wp\/v2\/categories?post=161"},{"taxonomy":"post_tag","embeddable":true,"href":"https:\/\/autate.fr\/site\/wp-json\/wp\/v2\/tags?post=161"}],"curies":[{"name":"wp","href":"https:\/\/api.w.org\/{rel}","templated":true}]}}