{"id":1608,"date":"2016-07-11T18:07:02","date_gmt":"2016-07-11T16:07:02","guid":{"rendered":"http:\/\/autate.fr\/site\/?p=1608"},"modified":"2017-09-23T21:24:56","modified_gmt":"2017-09-23T19:24:56","slug":"petition-contre-limplantation-du-telepherique-sur-le-lycee-bellevue-a-toulouse","status":"publish","type":"post","link":"https:\/\/autate.fr\/site\/petition-contre-limplantation-du-telepherique-sur-le-lycee-bellevue-a-toulouse\/","title":{"rendered":"P\u00c9TITION CONTRE L&rsquo;IMPLANTATION DU T\u00c9L\u00c9PH\u00c9RIQUE SUR LE LYC\u00c9E BELLEVUE \u00c0 TOULOUSE"},"content":{"rendered":"<p>Nous relayons la <strong><a href=\"https:\/\/www.change.org\/p\/tiss\u00e9o-p\u00e9tition-contre-le-survol-du-lyc\u00e9e-bellevue-\u00e0-toulouse-par-un-a\u00e9rotram?recruiter=\" target=\"_blank\" rel=\"noopener noreferrer\">p\u00e9tition<\/a><\/strong> du <a href=\"https:\/\/www.change.org\/o\/cvl_lyc%C3%89e_bellevue\" target=\"_blank\" rel=\"noopener noreferrer\">CVL LYC\u00c9E BELLEVUE<\/a><\/p>\n<div class=\"mbl\">\n<div class=\"type-break-word type-l description\">\n<div class=\"rte js-description-content\">\n<p>Une p\u00e9tition papier a aussi \u00e9t\u00e9 lanc\u00e9e dans le lyc\u00e9e, celle-ci a d\u00e9j\u00e0 rassembl\u00e9 plus de 1000 signatures.<\/p>\n<p>Les \u00e9l\u00e8ves (repr\u00e9sent\u00e9s par le CVL), le personnel de l\u2019\u00e9tablissement et les parents d\u2019\u00e9l\u00e8ves du Lyc\u00e9e Bellevue s&rsquo;inqui\u00e8tent de l&rsquo;implantation de la gare de l&rsquo;A\u00e9rotram et du parcours de la ligne t\u00e9l\u00e9ph\u00e9rique dans et au-dessus du Lyc\u00e9e Bellevue. Le choix du site d&rsquo;implantation de la gare de d\u00e9part\/arriv\u00e9e du t\u00e9l\u00e9ph\u00e9rique \u00ab A\u00e9rotram \u00bb, telle qu&rsquo;il est actuellement pr\u00e9sent\u00e9, menace le patrimoine b\u00e2ti et paysager du Lyc\u00e9e polyvalent Bellevue et le quotidien de plus de 2250 \u00e9l\u00e8ves et de 200 membres du personnel. En amputant le parc Bellevue d&rsquo;une partie de sa superficie, en implantant des pyl\u00f4nes dans ce parc, en survolant les b\u00e2timents o\u00f9 travaillent \u00e9l\u00e8ves et personnels, en produisant une nuisance sonore, l&rsquo;A\u00e9rotram actuellement en projet modifierait profond\u00e9ment le site du lyc\u00e9e Bellevue et perturberait la tranquillit\u00e9, le bon fonctionnement et sans doute la s\u00e9curit\u00e9 des usagers et du personnel, tout particuli\u00e8rement par le survol permanent du site. Les flux tr\u00e8s importants pr\u00e9vus devant le lyc\u00e9e entra\u00eeneraient des probl\u00e8mes de s\u00e9curit\u00e9 pour les lyc\u00e9ens et personnels du lyc\u00e9e comme pour les usagers du t\u00e9l\u00e9ph\u00e9rique. Le va et vient incessant de cabines constituerait une d\u00e9gradation de la qualit\u00e9 des conditions d&rsquo;apprentissage des \u00e9l\u00e8ves. Le projet pourrait engendrer la suppression d&rsquo;un, voir deux terrains de sport et la destruction de l&rsquo;entr\u00e9e du lyc\u00e9e. Ce n&rsquo;est pas la r\u00e9alisation du projet en lui-m\u00eame que nous jugeons n\u00e9gativement, mais bien son implantation sur un site scolaire et son impact pr\u00e9visible sur le Lyc\u00e9e Bellevue.<\/p>\n<p>Malgr\u00e9 les propositions faites par le lyc\u00e9e lors de r\u00e9unions, la mairie, les chefs de projets et autres acteurs concern\u00e9s refusent une modification du projet.<\/p>\n<p>C\u2019est pourquoi nous vous invitons \u00e0 signer cette p\u00e9tition, esp\u00e9rant ainsi faire enfin r\u00e9agir Tiss\u00e9o, Toulouse M\u00e9tropole, la Mairie, et SMTC.<\/p>\n<\/div>\n<\/div>\n<\/div>\n","protected":false},"excerpt":{"rendered":"<p>Nous relayons la p\u00e9tition du CVL LYC\u00c9E BELLEVUE Une p\u00e9tition papier a aussi \u00e9t\u00e9 lanc\u00e9e dans le lyc\u00e9e, celle-ci a d\u00e9j\u00e0 rassembl\u00e9 plus de 1000 signatures. Les \u00e9l\u00e8ves (repr\u00e9sent\u00e9s par le CVL), le personnel de l\u2019\u00e9tablissement et les parents d\u2019\u00e9l\u00e8ves du Lyc\u00e9e Bellevue s&rsquo;inqui\u00e8tent de l&rsquo;implantation de la gare de l&rsquo;A\u00e9rotram et du parcours de<\/p>\n<p class=\"more-link\"><a href=\"https:\/\/autate.fr\/site\/petition-contre-limplantation-du-telepherique-sur-le-lycee-bellevue-a-toulouse\/\" class=\"themebutton2\">VOIR PLUS<\/a><\/p>\n","protected":false},"author":1,"featured_media":1609,"comment_status":"open","ping_status":"open","sticky":false,"template":"","format":"standard","meta":{"footnotes":""},"categories":[314],"tags":[27,319,97,28],"class_list":["post-1608","post","type-post","status-publish","format-standard","has-post-thumbnail","hentry","category-petition","tag-aerotram","tag-lycee-bellevue","tag-petition","tag-telepherique"],"yoast_head":"<!-- This site is optimized with the Yoast SEO plugin v27.4 - https:\/\/yoast.com\/product\/yoast-seo-wordpress\/ -->\n<title>P\u00c9TITION CONTRE L&#039;IMPLANTATION DU T\u00c9L\u00c9PH\u00c9RIQUE SUR LE LYC\u00c9E BELLEVUE \u00c0 TOULOUSE - AUTATE<\/title>\n<meta name=\"robots\" content=\"index, follow, max-snippet:-1, max-image-preview:large, max-video-preview:-1\" \/>\n<link rel=\"canonical\" href=\"https:\/\/autate.fr\/site\/petition-contre-limplantation-du-telepherique-sur-le-lycee-bellevue-a-toulouse\/\" \/>\n<meta property=\"og:locale\" content=\"fr_FR\" \/>\n<meta property=\"og:type\" content=\"article\" \/>\n<meta property=\"og:title\" content=\"P\u00c9TITION CONTRE L&#039;IMPLANTATION DU T\u00c9L\u00c9PH\u00c9RIQUE SUR LE LYC\u00c9E BELLEVUE \u00c0 TOULOUSE - AUTATE\" \/>\n<meta property=\"og:description\" content=\"Nous relayons la p\u00e9tition du CVL LYC\u00c9E BELLEVUE Une p\u00e9tition papier a aussi \u00e9t\u00e9 lanc\u00e9e dans le lyc\u00e9e, celle-ci a d\u00e9j\u00e0 rassembl\u00e9 plus de 1000 signatures. Les \u00e9l\u00e8ves (repr\u00e9sent\u00e9s par le CVL), le personnel de l\u2019\u00e9tablissement et les parents d\u2019\u00e9l\u00e8ves du Lyc\u00e9e Bellevue s&rsquo;inqui\u00e8tent de l&rsquo;implantation de la gare de l&rsquo;A\u00e9rotram et du parcours deVOIR PLUS\" \/>\n<meta property=\"og:url\" content=\"https:\/\/autate.fr\/site\/petition-contre-limplantation-du-telepherique-sur-le-lycee-bellevue-a-toulouse\/\" \/>\n<meta property=\"og:site_name\" content=\"AUTATE\" \/>\n<meta property=\"article:publisher\" content=\"https:\/\/www.facebook.com\/AutateToulouse\" \/>\n<meta property=\"article:published_time\" content=\"2016-07-11T16:07:02+00:00\" \/>\n<meta property=\"article:modified_time\" content=\"2017-09-23T19:24:56+00:00\" \/>\n<meta property=\"og:image\" content=\"https:\/\/autate.fr\/site\/wp-content\/uploads\/2017\/07\/lyc\u00e9ebellevue.jpg\" \/>\n\t<meta property=\"og:image:width\" content=\"400\" \/>\n\t<meta property=\"og:image:height\" content=\"173\" \/>\n\t<meta property=\"og:image:type\" content=\"image\/jpeg\" \/>\n<meta name=\"author\" content=\"pascalbarbier\" \/>\n<meta name=\"twitter:card\" content=\"summary_large_image\" \/>\n<meta name=\"twitter:creator\" content=\"@AutateToulouse\" \/>\n<meta name=\"twitter:site\" content=\"@AutateToulouse\" \/>\n<meta name=\"twitter:label1\" content=\"\u00c9crit par\" \/>\n\t<meta name=\"twitter:data1\" content=\"pascalbarbier\" \/>\n\t<meta name=\"twitter:label2\" content=\"Dur\u00e9e de lecture estim\u00e9e\" \/>\n\t<meta name=\"twitter:data2\" content=\"2 minutes\" \/>\n<script type=\"application\/ld+json\" class=\"yoast-schema-graph\">{\"@context\":\"https:\\\/\\\/schema.org\",\"@graph\":[{\"@type\":\"Article\",\"@id\":\"https:\\\/\\\/autate.fr\\\/site\\\/petition-contre-limplantation-du-telepherique-sur-le-lycee-bellevue-a-toulouse\\\/#article\",\"isPartOf\":{\"@id\":\"https:\\\/\\\/autate.fr\\\/site\\\/petition-contre-limplantation-du-telepherique-sur-le-lycee-bellevue-a-toulouse\\\/\"},\"author\":{\"name\":\"pascalbarbier\",\"@id\":\"https:\\\/\\\/autate.fr\\\/site\\\/#\\\/schema\\\/person\\\/ae1ab8bdaa7b41d2a9b52d2557ce8254\"},\"headline\":\"P\u00c9TITION CONTRE L&rsquo;IMPLANTATION DU T\u00c9L\u00c9PH\u00c9RIQUE SUR LE LYC\u00c9E BELLEVUE \u00c0 TOULOUSE\",\"datePublished\":\"2016-07-11T16:07:02+00:00\",\"dateModified\":\"2017-09-23T19:24:56+00:00\",\"mainEntityOfPage\":{\"@id\":\"https:\\\/\\\/autate.fr\\\/site\\\/petition-contre-limplantation-du-telepherique-sur-le-lycee-bellevue-a-toulouse\\\/\"},\"wordCount\":389,\"commentCount\":0,\"publisher\":{\"@id\":\"https:\\\/\\\/autate.fr\\\/site\\\/#organization\"},\"image\":{\"@id\":\"https:\\\/\\\/autate.fr\\\/site\\\/petition-contre-limplantation-du-telepherique-sur-le-lycee-bellevue-a-toulouse\\\/#primaryimage\"},\"thumbnailUrl\":\"https:\\\/\\\/autate.fr\\\/site\\\/wp-content\\\/uploads\\\/2017\\\/07\\\/lyc\u00e9ebellevue.jpg\",\"keywords\":[\"A\u00e9rotram\",\"lyc\u00e9e bellevue\",\"P\u00e9tition\",\"t\u00e9l\u00e9ph\u00e9rique\"],\"articleSection\":[\"P\u00e9titions\"],\"inLanguage\":\"fr-FR\",\"potentialAction\":[{\"@type\":\"CommentAction\",\"name\":\"Comment\",\"target\":[\"https:\\\/\\\/autate.fr\\\/site\\\/petition-contre-limplantation-du-telepherique-sur-le-lycee-bellevue-a-toulouse\\\/#respond\"]}]},{\"@type\":\"WebPage\",\"@id\":\"https:\\\/\\\/autate.fr\\\/site\\\/petition-contre-limplantation-du-telepherique-sur-le-lycee-bellevue-a-toulouse\\\/\",\"url\":\"https:\\\/\\\/autate.fr\\\/site\\\/petition-contre-limplantation-du-telepherique-sur-le-lycee-bellevue-a-toulouse\\\/\",\"name\":\"P\u00c9TITION CONTRE L'IMPLANTATION DU T\u00c9L\u00c9PH\u00c9RIQUE SUR LE LYC\u00c9E BELLEVUE \u00c0 TOULOUSE - AUTATE\",\"isPartOf\":{\"@id\":\"https:\\\/\\\/autate.fr\\\/site\\\/#website\"},\"primaryImageOfPage\":{\"@id\":\"https:\\\/\\\/autate.fr\\\/site\\\/petition-contre-limplantation-du-telepherique-sur-le-lycee-bellevue-a-toulouse\\\/#primaryimage\"},\"image\":{\"@id\":\"https:\\\/\\\/autate.fr\\\/site\\\/petition-contre-limplantation-du-telepherique-sur-le-lycee-bellevue-a-toulouse\\\/#primaryimage\"},\"thumbnailUrl\":\"https:\\\/\\\/autate.fr\\\/site\\\/wp-content\\\/uploads\\\/2017\\\/07\\\/lyc\u00e9ebellevue.jpg\",\"datePublished\":\"2016-07-11T16:07:02+00:00\",\"dateModified\":\"2017-09-23T19:24:56+00:00\",\"breadcrumb\":{\"@id\":\"https:\\\/\\\/autate.fr\\\/site\\\/petition-contre-limplantation-du-telepherique-sur-le-lycee-bellevue-a-toulouse\\\/#breadcrumb\"},\"inLanguage\":\"fr-FR\",\"potentialAction\":[{\"@type\":\"ReadAction\",\"target\":[\"https:\\\/\\\/autate.fr\\\/site\\\/petition-contre-limplantation-du-telepherique-sur-le-lycee-bellevue-a-toulouse\\\/\"]}]},{\"@type\":\"ImageObject\",\"inLanguage\":\"fr-FR\",\"@id\":\"https:\\\/\\\/autate.fr\\\/site\\\/petition-contre-limplantation-du-telepherique-sur-le-lycee-bellevue-a-toulouse\\\/#primaryimage\",\"url\":\"https:\\\/\\\/autate.fr\\\/site\\\/wp-content\\\/uploads\\\/2017\\\/07\\\/lyc\u00e9ebellevue.jpg\",\"contentUrl\":\"https:\\\/\\\/autate.fr\\\/site\\\/wp-content\\\/uploads\\\/2017\\\/07\\\/lyc\u00e9ebellevue.jpg\",\"width\":400,\"height\":173},{\"@type\":\"BreadcrumbList\",\"@id\":\"https:\\\/\\\/autate.fr\\\/site\\\/petition-contre-limplantation-du-telepherique-sur-le-lycee-bellevue-a-toulouse\\\/#breadcrumb\",\"itemListElement\":[{\"@type\":\"ListItem\",\"position\":1,\"name\":\"Accueil\",\"item\":\"https:\\\/\\\/autate.fr\\\/site\\\/\"},{\"@type\":\"ListItem\",\"position\":2,\"name\":\"P\u00c9TITION CONTRE L&rsquo;IMPLANTATION DU T\u00c9L\u00c9PH\u00c9RIQUE SUR LE LYC\u00c9E BELLEVUE \u00c0 TOULOUSE\"}]},{\"@type\":\"WebSite\",\"@id\":\"https:\\\/\\\/autate.fr\\\/site\\\/#website\",\"url\":\"https:\\\/\\\/autate.fr\\\/site\\\/\",\"name\":\"AUTATE\",\"description\":\"Association des usagers des transports de l&#039;agglom\u00e9ration Toulousaine et de ses environs\",\"publisher\":{\"@id\":\"https:\\\/\\\/autate.fr\\\/site\\\/#organization\"},\"potentialAction\":[{\"@type\":\"SearchAction\",\"target\":{\"@type\":\"EntryPoint\",\"urlTemplate\":\"https:\\\/\\\/autate.fr\\\/site\\\/?s={search_term_string}\"},\"query-input\":{\"@type\":\"PropertyValueSpecification\",\"valueRequired\":true,\"valueName\":\"search_term_string\"}}],\"inLanguage\":\"fr-FR\"},{\"@type\":\"Organization\",\"@id\":\"https:\\\/\\\/autate.fr\\\/site\\\/#organization\",\"name\":\"AUTATE\",\"url\":\"https:\\\/\\\/autate.fr\\\/site\\\/\",\"logo\":{\"@type\":\"ImageObject\",\"inLanguage\":\"fr-FR\",\"@id\":\"https:\\\/\\\/autate.fr\\\/site\\\/#\\\/schema\\\/logo\\\/image\\\/\",\"url\":\"http:\\\/\\\/autate.fr\\\/site\\\/wp-content\\\/uploads\\\/2019\\\/01\\\/logo.png\",\"contentUrl\":\"http:\\\/\\\/autate.fr\\\/site\\\/wp-content\\\/uploads\\\/2019\\\/01\\\/logo.png\",\"width\":506,\"height\":280,\"caption\":\"AUTATE\"},\"image\":{\"@id\":\"https:\\\/\\\/autate.fr\\\/site\\\/#\\\/schema\\\/logo\\\/image\\\/\"},\"sameAs\":[\"https:\\\/\\\/www.facebook.com\\\/AutateToulouse\",\"https:\\\/\\\/x.com\\\/AutateToulouse\"]},{\"@type\":\"Person\",\"@id\":\"https:\\\/\\\/autate.fr\\\/site\\\/#\\\/schema\\\/person\\\/ae1ab8bdaa7b41d2a9b52d2557ce8254\",\"name\":\"pascalbarbier\",\"image\":{\"@type\":\"ImageObject\",\"inLanguage\":\"fr-FR\",\"@id\":\"https:\\\/\\\/secure.gravatar.com\\\/avatar\\\/03f4e8ced09894b72c67e83142540730d4b3bbf619bf46341b0074e3bf5f08a0?s=96&d=mm&r=g\",\"url\":\"https:\\\/\\\/secure.gravatar.com\\\/avatar\\\/03f4e8ced09894b72c67e83142540730d4b3bbf619bf46341b0074e3bf5f08a0?s=96&d=mm&r=g\",\"contentUrl\":\"https:\\\/\\\/secure.gravatar.com\\\/avatar\\\/03f4e8ced09894b72c67e83142540730d4b3bbf619bf46341b0074e3bf5f08a0?s=96&d=mm&r=g\",\"caption\":\"pascalbarbier\"},\"url\":\"https:\\\/\\\/autate.fr\\\/site\\\/author\\\/pascalbarbier\\\/\"}]}<\/script>\n<!-- \/ Yoast SEO plugin. -->","yoast_head_json":{"title":"P\u00c9TITION CONTRE L'IMPLANTATION DU T\u00c9L\u00c9PH\u00c9RIQUE SUR LE LYC\u00c9E BELLEVUE \u00c0 TOULOUSE - AUTATE","robots":{"index":"index","follow":"follow","max-snippet":"max-snippet:-1","max-image-preview":"max-image-preview:large","max-video-preview":"max-video-preview:-1"},"canonical":"https:\/\/autate.fr\/site\/petition-contre-limplantation-du-telepherique-sur-le-lycee-bellevue-a-toulouse\/","og_locale":"fr_FR","og_type":"article","og_title":"P\u00c9TITION CONTRE L'IMPLANTATION DU T\u00c9L\u00c9PH\u00c9RIQUE SUR LE LYC\u00c9E BELLEVUE \u00c0 TOULOUSE - AUTATE","og_description":"Nous relayons la p\u00e9tition du CVL LYC\u00c9E BELLEVUE Une p\u00e9tition papier a aussi \u00e9t\u00e9 lanc\u00e9e dans le lyc\u00e9e, celle-ci a d\u00e9j\u00e0 rassembl\u00e9 plus de 1000 signatures. Les \u00e9l\u00e8ves (repr\u00e9sent\u00e9s par le CVL), le personnel de l\u2019\u00e9tablissement et les parents d\u2019\u00e9l\u00e8ves du Lyc\u00e9e Bellevue s&rsquo;inqui\u00e8tent de l&rsquo;implantation de la gare de l&rsquo;A\u00e9rotram et du parcours deVOIR PLUS","og_url":"https:\/\/autate.fr\/site\/petition-contre-limplantation-du-telepherique-sur-le-lycee-bellevue-a-toulouse\/","og_site_name":"AUTATE","article_publisher":"https:\/\/www.facebook.com\/AutateToulouse","article_published_time":"2016-07-11T16:07:02+00:00","article_modified_time":"2017-09-23T19:24:56+00:00","og_image":[{"width":400,"height":173,"url":"https:\/\/autate.fr\/site\/wp-content\/uploads\/2017\/07\/lyc\u00e9ebellevue.jpg","type":"image\/jpeg"}],"author":"pascalbarbier","twitter_card":"summary_large_image","twitter_creator":"@AutateToulouse","twitter_site":"@AutateToulouse","twitter_misc":{"\u00c9crit par":"pascalbarbier","Dur\u00e9e de lecture estim\u00e9e":"2 minutes"},"schema":{"@context":"https:\/\/schema.org","@graph":[{"@type":"Article","@id":"https:\/\/autate.fr\/site\/petition-contre-limplantation-du-telepherique-sur-le-lycee-bellevue-a-toulouse\/#article","isPartOf":{"@id":"https:\/\/autate.fr\/site\/petition-contre-limplantation-du-telepherique-sur-le-lycee-bellevue-a-toulouse\/"},"author":{"name":"pascalbarbier","@id":"https:\/\/autate.fr\/site\/#\/schema\/person\/ae1ab8bdaa7b41d2a9b52d2557ce8254"},"headline":"P\u00c9TITION CONTRE L&rsquo;IMPLANTATION DU T\u00c9L\u00c9PH\u00c9RIQUE SUR LE LYC\u00c9E BELLEVUE \u00c0 TOULOUSE","datePublished":"2016-07-11T16:07:02+00:00","dateModified":"2017-09-23T19:24:56+00:00","mainEntityOfPage":{"@id":"https:\/\/autate.fr\/site\/petition-contre-limplantation-du-telepherique-sur-le-lycee-bellevue-a-toulouse\/"},"wordCount":389,"commentCount":0,"publisher":{"@id":"https:\/\/autate.fr\/site\/#organization"},"image":{"@id":"https:\/\/autate.fr\/site\/petition-contre-limplantation-du-telepherique-sur-le-lycee-bellevue-a-toulouse\/#primaryimage"},"thumbnailUrl":"https:\/\/autate.fr\/site\/wp-content\/uploads\/2017\/07\/lyc\u00e9ebellevue.jpg","keywords":["A\u00e9rotram","lyc\u00e9e bellevue","P\u00e9tition","t\u00e9l\u00e9ph\u00e9rique"],"articleSection":["P\u00e9titions"],"inLanguage":"fr-FR","potentialAction":[{"@type":"CommentAction","name":"Comment","target":["https:\/\/autate.fr\/site\/petition-contre-limplantation-du-telepherique-sur-le-lycee-bellevue-a-toulouse\/#respond"]}]},{"@type":"WebPage","@id":"https:\/\/autate.fr\/site\/petition-contre-limplantation-du-telepherique-sur-le-lycee-bellevue-a-toulouse\/","url":"https:\/\/autate.fr\/site\/petition-contre-limplantation-du-telepherique-sur-le-lycee-bellevue-a-toulouse\/","name":"P\u00c9TITION CONTRE L'IMPLANTATION DU T\u00c9L\u00c9PH\u00c9RIQUE SUR LE LYC\u00c9E BELLEVUE \u00c0 TOULOUSE - AUTATE","isPartOf":{"@id":"https:\/\/autate.fr\/site\/#website"},"primaryImageOfPage":{"@id":"https:\/\/autate.fr\/site\/petition-contre-limplantation-du-telepherique-sur-le-lycee-bellevue-a-toulouse\/#primaryimage"},"image":{"@id":"https:\/\/autate.fr\/site\/petition-contre-limplantation-du-telepherique-sur-le-lycee-bellevue-a-toulouse\/#primaryimage"},"thumbnailUrl":"https:\/\/autate.fr\/site\/wp-content\/uploads\/2017\/07\/lyc\u00e9ebellevue.jpg","datePublished":"2016-07-11T16:07:02+00:00","dateModified":"2017-09-23T19:24:56+00:00","breadcrumb":{"@id":"https:\/\/autate.fr\/site\/petition-contre-limplantation-du-telepherique-sur-le-lycee-bellevue-a-toulouse\/#breadcrumb"},"inLanguage":"fr-FR","potentialAction":[{"@type":"ReadAction","target":["https:\/\/autate.fr\/site\/petition-contre-limplantation-du-telepherique-sur-le-lycee-bellevue-a-toulouse\/"]}]},{"@type":"ImageObject","inLanguage":"fr-FR","@id":"https:\/\/autate.fr\/site\/petition-contre-limplantation-du-telepherique-sur-le-lycee-bellevue-a-toulouse\/#primaryimage","url":"https:\/\/autate.fr\/site\/wp-content\/uploads\/2017\/07\/lyc\u00e9ebellevue.jpg","contentUrl":"https:\/\/autate.fr\/site\/wp-content\/uploads\/2017\/07\/lyc\u00e9ebellevue.jpg","width":400,"height":173},{"@type":"BreadcrumbList","@id":"https:\/\/autate.fr\/site\/petition-contre-limplantation-du-telepherique-sur-le-lycee-bellevue-a-toulouse\/#breadcrumb","itemListElement":[{"@type":"ListItem","position":1,"name":"Accueil","item":"https:\/\/autate.fr\/site\/"},{"@type":"ListItem","position":2,"name":"P\u00c9TITION CONTRE L&rsquo;IMPLANTATION DU T\u00c9L\u00c9PH\u00c9RIQUE SUR LE LYC\u00c9E BELLEVUE \u00c0 TOULOUSE"}]},{"@type":"WebSite","@id":"https:\/\/autate.fr\/site\/#website","url":"https:\/\/autate.fr\/site\/","name":"AUTATE","description":"Association des usagers des transports de l&#039;agglom\u00e9ration Toulousaine et de ses environs","publisher":{"@id":"https:\/\/autate.fr\/site\/#organization"},"potentialAction":[{"@type":"SearchAction","target":{"@type":"EntryPoint","urlTemplate":"https:\/\/autate.fr\/site\/?s={search_term_string}"},"query-input":{"@type":"PropertyValueSpecification","valueRequired":true,"valueName":"search_term_string"}}],"inLanguage":"fr-FR"},{"@type":"Organization","@id":"https:\/\/autate.fr\/site\/#organization","name":"AUTATE","url":"https:\/\/autate.fr\/site\/","logo":{"@type":"ImageObject","inLanguage":"fr-FR","@id":"https:\/\/autate.fr\/site\/#\/schema\/logo\/image\/","url":"http:\/\/autate.fr\/site\/wp-content\/uploads\/2019\/01\/logo.png","contentUrl":"http:\/\/autate.fr\/site\/wp-content\/uploads\/2019\/01\/logo.png","width":506,"height":280,"caption":"AUTATE"},"image":{"@id":"https:\/\/autate.fr\/site\/#\/schema\/logo\/image\/"},"sameAs":["https:\/\/www.facebook.com\/AutateToulouse","https:\/\/x.com\/AutateToulouse"]},{"@type":"Person","@id":"https:\/\/autate.fr\/site\/#\/schema\/person\/ae1ab8bdaa7b41d2a9b52d2557ce8254","name":"pascalbarbier","image":{"@type":"ImageObject","inLanguage":"fr-FR","@id":"https:\/\/secure.gravatar.com\/avatar\/03f4e8ced09894b72c67e83142540730d4b3bbf619bf46341b0074e3bf5f08a0?s=96&d=mm&r=g","url":"https:\/\/secure.gravatar.com\/avatar\/03f4e8ced09894b72c67e83142540730d4b3bbf619bf46341b0074e3bf5f08a0?s=96&d=mm&r=g","contentUrl":"https:\/\/secure.gravatar.com\/avatar\/03f4e8ced09894b72c67e83142540730d4b3bbf619bf46341b0074e3bf5f08a0?s=96&d=mm&r=g","caption":"pascalbarbier"},"url":"https:\/\/autate.fr\/site\/author\/pascalbarbier\/"}]}},"_links":{"self":[{"href":"https:\/\/autate.fr\/site\/wp-json\/wp\/v2\/posts\/1608","targetHints":{"allow":["GET"]}}],"collection":[{"href":"https:\/\/autate.fr\/site\/wp-json\/wp\/v2\/posts"}],"about":[{"href":"https:\/\/autate.fr\/site\/wp-json\/wp\/v2\/types\/post"}],"author":[{"embeddable":true,"href":"https:\/\/autate.fr\/site\/wp-json\/wp\/v2\/users\/1"}],"replies":[{"embeddable":true,"href":"https:\/\/autate.fr\/site\/wp-json\/wp\/v2\/comments?post=1608"}],"version-history":[{"count":1,"href":"https:\/\/autate.fr\/site\/wp-json\/wp\/v2\/posts\/1608\/revisions"}],"predecessor-version":[{"id":1610,"href":"https:\/\/autate.fr\/site\/wp-json\/wp\/v2\/posts\/1608\/revisions\/1610"}],"wp:featuredmedia":[{"embeddable":true,"href":"https:\/\/autate.fr\/site\/wp-json\/wp\/v2\/media\/1609"}],"wp:attachment":[{"href":"https:\/\/autate.fr\/site\/wp-json\/wp\/v2\/media?parent=1608"}],"wp:term":[{"taxonomy":"category","embeddable":true,"href":"https:\/\/autate.fr\/site\/wp-json\/wp\/v2\/categories?post=1608"},{"taxonomy":"post_tag","embeddable":true,"href":"https:\/\/autate.fr\/site\/wp-json\/wp\/v2\/tags?post=1608"}],"curies":[{"name":"wp","href":"https:\/\/api.w.org\/{rel}","templated":true}]}}