{"id":1600,"date":"2017-07-11T17:51:01","date_gmt":"2017-07-11T15:51:01","guid":{"rendered":"http:\/\/autate.fr\/site\/?p=1600"},"modified":"2017-10-21T20:43:06","modified_gmt":"2017-10-21T18:43:06","slug":"gardons-la-gare-de-carbonne-ouverte","status":"publish","type":"post","link":"https:\/\/autate.fr\/site\/gardons-la-gare-de-carbonne-ouverte\/","title":{"rendered":"Gardons la gare de Carbonne ouverte !"},"content":{"rendered":"<p>Nous relayons cette <a href=\"https:\/\/www.change.org\/p\/r\u00e9gion-occitanie-gardons-la-gare-de-carbonne-ouverte?recruiter=28504918&amp;utm_source=\" target=\"_blank\" rel=\"noopener noreferrer\"><strong>p\u00e9tition<\/strong><\/a> du <a href=\"https:\/\/www.change.org\/o\/collectif_gare_de_carbonne\" target=\"_blank\" rel=\"noopener noreferrer\">Collectif Gare de Carbonne<\/a><\/p>\n<div class=\"mbl\">\n<div class=\"type-break-word type-l description\">\n<div class=\"rte js-description-content\">\n<p>Nous avons \u00e9t\u00e9 sensible aux am\u00e9nagements des horaires faits en d\u00e9but d\u2019ann\u00e9e suite aux demandes de nombreux usagers\u00a0; en effet la gare est \u00e0 pr\u00e9sent ouverte \u00e0 partir de 5h30.<\/p>\n<p>De plus, dans le cadre de l&rsquo;am\u00e9lioration de la s\u00e9curit\u00e9 des voyageurs de la gare, SNCF R\u00e9seau a investi dans la cr\u00e9ation d&rsquo;un nouveau quai et d&rsquo;une passerelle pi\u00e9tonne \u00e9quip\u00e9e d&rsquo;ascenseurs pour les personnes \u00e0 mobilit\u00e9 r\u00e9duite (travaux du 3 avril au 20 octobre 2017). Ces travaux vont dans le sens d\u2019une am\u00e9lioration de la qualit\u00e9 de la prestation des transports offerts aux habitants du Carbonnais.<\/p>\n<p>Cependant, l&rsquo;installation en ext\u00e9rieur de la borne de retrais, la r\u00e9cente cr\u00e9ation d&rsquo;un abris sur le quai n\u00b01 et la cr\u00e9ation de cette passerelle semblent indiquer que le hall, son guichet ainsi que le personnel ne seront bient\u00f4t plus utiles.<\/p>\n<p>Ainsi, les usagers de la gare se posent plusieurs questions :<\/p>\n<ul>\n<li>Le b\u00e2timent de la gare va-t-il rester ouvert et sur quels horaires\u00a0?<\/li>\n<li>Le guichet de la gare va-t-il rester ouvert et avec quels horaires\u00a0?<\/li>\n<li>L\u2019agent qui facilite la travers\u00e9e des voies va-t-il \u00eatre maintenu \u00e0 son poste et avec quels horaires\u00a0?<\/li>\n<li>Le nombre de rame de de TER sera-t-il\u00a0maintenu, voir augment\u00e9, aux heures de pointes ?<\/li>\n<li>Est-il envisag\u00e9 d\u2019augmenter le nombre de casier \u00e0 v\u00e9lo\u00a0\u00e0 la gare (gare de Carbonne = P\u00f4le d\u2019\u00e9change multi modaux PEM ?)<\/li>\n<\/ul>\n<p><strong>LES MAINTIENS QUI PARAISSENT INDISPENSABLES\u00a0:<\/strong><\/p>\n<p>Par temps de pluie et de froid, le hall abrite les usagers. Quand il fait nuit, le hall permet d\u2019\u00eatre en s\u00e9curit\u00e9.<\/p>\n<p>Le guichet rend service aux nombreuses personnes qui ne peuvent ou ne savent pas utiliser internet, n\u2019ont pas de carte de cr\u00e9dit, recherche une information particuli\u00e8re.<\/p>\n<p>L\u2019agent de circulation de la voie s\u00e9curise le quai (travers\u00e9e des usagers, interdiction aux v\u00e9los, etc\u2026)<\/p>\n<p><strong>NOTRE SOUHAIT\u00a0:<\/strong><\/p>\n<p>D\u00e9termin\u00e9s \u00e0 garantir la qualit\u00e9 des services de transports que nous utilisons et \u00e0 participer \u00e0 toutes initiatives constructives, nous sommes environ 500 personnes\/jour \u00e0 utiliser le train au d\u00e9part de Carbonne pour aller vers Toulouse ou Tarbes.<\/p>\n<p>Nous demandons \u00e0 nos \u00e9lus municipaux, d\u00e9partementaux, r\u00e9gionaux, \u00e0 la SNCF, au TER d\u2019<strong>entamer un r\u00e9el dialogue avec les usagers pour maintenir la gare de Carbonne ouverte dans des conditions satisfaisantes pour toutes et tous<\/strong>.<\/p>\n<\/div>\n<\/div>\n<\/div>\n","protected":false},"excerpt":{"rendered":"<p>Nous relayons cette p\u00e9tition du Collectif Gare de Carbonne Nous avons \u00e9t\u00e9 sensible aux am\u00e9nagements des horaires faits en d\u00e9but d\u2019ann\u00e9e suite aux demandes de nombreux usagers\u00a0; en effet la gare est \u00e0 pr\u00e9sent ouverte \u00e0 partir de 5h30. De plus, dans le cadre de l&rsquo;am\u00e9lioration de la s\u00e9curit\u00e9 des voyageurs de la gare, SNCF<\/p>\n<p class=\"more-link\"><a href=\"https:\/\/autate.fr\/site\/gardons-la-gare-de-carbonne-ouverte\/\" class=\"themebutton2\">VOIR PLUS<\/a><\/p>\n","protected":false},"author":1,"featured_media":1601,"comment_status":"open","ping_status":"open","sticky":false,"template":"","format":"standard","meta":{"footnotes":""},"categories":[314,418],"tags":[318,160,97,126,118],"class_list":["post-1600","post","type-post","status-publish","format-standard","has-post-thumbnail","hentry","category-petition","category-trains-urbains","tag-carbonne","tag-gare","tag-petition","tag-service-public","tag-train"],"yoast_head":"<!-- This site is optimized with the Yoast SEO plugin v27.4 - https:\/\/yoast.com\/product\/yoast-seo-wordpress\/ -->\n<title>Gardons la gare de Carbonne ouverte ! - AUTATE<\/title>\n<meta name=\"robots\" content=\"index, follow, max-snippet:-1, max-image-preview:large, max-video-preview:-1\" \/>\n<link rel=\"canonical\" href=\"https:\/\/autate.fr\/site\/gardons-la-gare-de-carbonne-ouverte\/\" \/>\n<meta property=\"og:locale\" content=\"fr_FR\" \/>\n<meta property=\"og:type\" content=\"article\" \/>\n<meta property=\"og:title\" content=\"Gardons la gare de Carbonne ouverte ! - AUTATE\" \/>\n<meta property=\"og:description\" content=\"Nous relayons cette p\u00e9tition du Collectif Gare de Carbonne Nous avons \u00e9t\u00e9 sensible aux am\u00e9nagements des horaires faits en d\u00e9but d\u2019ann\u00e9e suite aux demandes de nombreux usagers\u00a0; en effet la gare est \u00e0 pr\u00e9sent ouverte \u00e0 partir de 5h30. De plus, dans le cadre de l&rsquo;am\u00e9lioration de la s\u00e9curit\u00e9 des voyageurs de la gare, SNCFVOIR PLUS\" \/>\n<meta property=\"og:url\" content=\"https:\/\/autate.fr\/site\/gardons-la-gare-de-carbonne-ouverte\/\" \/>\n<meta property=\"og:site_name\" content=\"AUTATE\" \/>\n<meta property=\"article:publisher\" content=\"https:\/\/www.facebook.com\/AutateToulouse\" \/>\n<meta property=\"article:published_time\" content=\"2017-07-11T15:51:01+00:00\" \/>\n<meta property=\"article:modified_time\" content=\"2017-10-21T18:43:06+00:00\" \/>\n<meta property=\"og:image\" content=\"https:\/\/autate.fr\/site\/wp-content\/uploads\/2017\/07\/collectifgarecarbonne.png\" \/>\n\t<meta property=\"og:image:width\" content=\"800\" \/>\n\t<meta property=\"og:image:height\" content=\"450\" \/>\n\t<meta property=\"og:image:type\" content=\"image\/png\" \/>\n<meta name=\"author\" content=\"pascalbarbier\" \/>\n<meta name=\"twitter:card\" content=\"summary_large_image\" \/>\n<meta name=\"twitter:creator\" content=\"@AutateToulouse\" \/>\n<meta name=\"twitter:site\" content=\"@AutateToulouse\" \/>\n<meta name=\"twitter:label1\" content=\"\u00c9crit par\" \/>\n\t<meta name=\"twitter:data1\" content=\"pascalbarbier\" \/>\n\t<meta name=\"twitter:label2\" content=\"Dur\u00e9e de lecture estim\u00e9e\" \/>\n\t<meta name=\"twitter:data2\" content=\"2 minutes\" \/>\n<script type=\"application\/ld+json\" class=\"yoast-schema-graph\">{\"@context\":\"https:\\\/\\\/schema.org\",\"@graph\":[{\"@type\":\"Article\",\"@id\":\"https:\\\/\\\/autate.fr\\\/site\\\/gardons-la-gare-de-carbonne-ouverte\\\/#article\",\"isPartOf\":{\"@id\":\"https:\\\/\\\/autate.fr\\\/site\\\/gardons-la-gare-de-carbonne-ouverte\\\/\"},\"author\":{\"name\":\"pascalbarbier\",\"@id\":\"https:\\\/\\\/autate.fr\\\/site\\\/#\\\/schema\\\/person\\\/ae1ab8bdaa7b41d2a9b52d2557ce8254\"},\"headline\":\"Gardons la gare de Carbonne ouverte !\",\"datePublished\":\"2017-07-11T15:51:01+00:00\",\"dateModified\":\"2017-10-21T18:43:06+00:00\",\"mainEntityOfPage\":{\"@id\":\"https:\\\/\\\/autate.fr\\\/site\\\/gardons-la-gare-de-carbonne-ouverte\\\/\"},\"wordCount\":409,\"commentCount\":0,\"publisher\":{\"@id\":\"https:\\\/\\\/autate.fr\\\/site\\\/#organization\"},\"image\":{\"@id\":\"https:\\\/\\\/autate.fr\\\/site\\\/gardons-la-gare-de-carbonne-ouverte\\\/#primaryimage\"},\"thumbnailUrl\":\"https:\\\/\\\/autate.fr\\\/site\\\/wp-content\\\/uploads\\\/2017\\\/07\\\/collectifgarecarbonne.png\",\"keywords\":[\"carbonne\",\"gare\",\"P\u00e9tition\",\"service public\",\"train\"],\"articleSection\":[\"P\u00e9titions\",\"Trains urbains\"],\"inLanguage\":\"fr-FR\",\"potentialAction\":[{\"@type\":\"CommentAction\",\"name\":\"Comment\",\"target\":[\"https:\\\/\\\/autate.fr\\\/site\\\/gardons-la-gare-de-carbonne-ouverte\\\/#respond\"]}]},{\"@type\":\"WebPage\",\"@id\":\"https:\\\/\\\/autate.fr\\\/site\\\/gardons-la-gare-de-carbonne-ouverte\\\/\",\"url\":\"https:\\\/\\\/autate.fr\\\/site\\\/gardons-la-gare-de-carbonne-ouverte\\\/\",\"name\":\"Gardons la gare de Carbonne ouverte ! - AUTATE\",\"isPartOf\":{\"@id\":\"https:\\\/\\\/autate.fr\\\/site\\\/#website\"},\"primaryImageOfPage\":{\"@id\":\"https:\\\/\\\/autate.fr\\\/site\\\/gardons-la-gare-de-carbonne-ouverte\\\/#primaryimage\"},\"image\":{\"@id\":\"https:\\\/\\\/autate.fr\\\/site\\\/gardons-la-gare-de-carbonne-ouverte\\\/#primaryimage\"},\"thumbnailUrl\":\"https:\\\/\\\/autate.fr\\\/site\\\/wp-content\\\/uploads\\\/2017\\\/07\\\/collectifgarecarbonne.png\",\"datePublished\":\"2017-07-11T15:51:01+00:00\",\"dateModified\":\"2017-10-21T18:43:06+00:00\",\"breadcrumb\":{\"@id\":\"https:\\\/\\\/autate.fr\\\/site\\\/gardons-la-gare-de-carbonne-ouverte\\\/#breadcrumb\"},\"inLanguage\":\"fr-FR\",\"potentialAction\":[{\"@type\":\"ReadAction\",\"target\":[\"https:\\\/\\\/autate.fr\\\/site\\\/gardons-la-gare-de-carbonne-ouverte\\\/\"]}]},{\"@type\":\"ImageObject\",\"inLanguage\":\"fr-FR\",\"@id\":\"https:\\\/\\\/autate.fr\\\/site\\\/gardons-la-gare-de-carbonne-ouverte\\\/#primaryimage\",\"url\":\"https:\\\/\\\/autate.fr\\\/site\\\/wp-content\\\/uploads\\\/2017\\\/07\\\/collectifgarecarbonne.png\",\"contentUrl\":\"https:\\\/\\\/autate.fr\\\/site\\\/wp-content\\\/uploads\\\/2017\\\/07\\\/collectifgarecarbonne.png\",\"width\":800,\"height\":450},{\"@type\":\"BreadcrumbList\",\"@id\":\"https:\\\/\\\/autate.fr\\\/site\\\/gardons-la-gare-de-carbonne-ouverte\\\/#breadcrumb\",\"itemListElement\":[{\"@type\":\"ListItem\",\"position\":1,\"name\":\"Accueil\",\"item\":\"https:\\\/\\\/autate.fr\\\/site\\\/\"},{\"@type\":\"ListItem\",\"position\":2,\"name\":\"Gardons la gare de Carbonne ouverte !\"}]},{\"@type\":\"WebSite\",\"@id\":\"https:\\\/\\\/autate.fr\\\/site\\\/#website\",\"url\":\"https:\\\/\\\/autate.fr\\\/site\\\/\",\"name\":\"AUTATE\",\"description\":\"Association des usagers des transports de l&#039;agglom\u00e9ration Toulousaine et de ses environs\",\"publisher\":{\"@id\":\"https:\\\/\\\/autate.fr\\\/site\\\/#organization\"},\"potentialAction\":[{\"@type\":\"SearchAction\",\"target\":{\"@type\":\"EntryPoint\",\"urlTemplate\":\"https:\\\/\\\/autate.fr\\\/site\\\/?s={search_term_string}\"},\"query-input\":{\"@type\":\"PropertyValueSpecification\",\"valueRequired\":true,\"valueName\":\"search_term_string\"}}],\"inLanguage\":\"fr-FR\"},{\"@type\":\"Organization\",\"@id\":\"https:\\\/\\\/autate.fr\\\/site\\\/#organization\",\"name\":\"AUTATE\",\"url\":\"https:\\\/\\\/autate.fr\\\/site\\\/\",\"logo\":{\"@type\":\"ImageObject\",\"inLanguage\":\"fr-FR\",\"@id\":\"https:\\\/\\\/autate.fr\\\/site\\\/#\\\/schema\\\/logo\\\/image\\\/\",\"url\":\"http:\\\/\\\/autate.fr\\\/site\\\/wp-content\\\/uploads\\\/2019\\\/01\\\/logo.png\",\"contentUrl\":\"http:\\\/\\\/autate.fr\\\/site\\\/wp-content\\\/uploads\\\/2019\\\/01\\\/logo.png\",\"width\":506,\"height\":280,\"caption\":\"AUTATE\"},\"image\":{\"@id\":\"https:\\\/\\\/autate.fr\\\/site\\\/#\\\/schema\\\/logo\\\/image\\\/\"},\"sameAs\":[\"https:\\\/\\\/www.facebook.com\\\/AutateToulouse\",\"https:\\\/\\\/x.com\\\/AutateToulouse\"]},{\"@type\":\"Person\",\"@id\":\"https:\\\/\\\/autate.fr\\\/site\\\/#\\\/schema\\\/person\\\/ae1ab8bdaa7b41d2a9b52d2557ce8254\",\"name\":\"pascalbarbier\",\"image\":{\"@type\":\"ImageObject\",\"inLanguage\":\"fr-FR\",\"@id\":\"https:\\\/\\\/secure.gravatar.com\\\/avatar\\\/03f4e8ced09894b72c67e83142540730d4b3bbf619bf46341b0074e3bf5f08a0?s=96&d=mm&r=g\",\"url\":\"https:\\\/\\\/secure.gravatar.com\\\/avatar\\\/03f4e8ced09894b72c67e83142540730d4b3bbf619bf46341b0074e3bf5f08a0?s=96&d=mm&r=g\",\"contentUrl\":\"https:\\\/\\\/secure.gravatar.com\\\/avatar\\\/03f4e8ced09894b72c67e83142540730d4b3bbf619bf46341b0074e3bf5f08a0?s=96&d=mm&r=g\",\"caption\":\"pascalbarbier\"},\"url\":\"https:\\\/\\\/autate.fr\\\/site\\\/author\\\/pascalbarbier\\\/\"}]}<\/script>\n<!-- \/ Yoast SEO plugin. -->","yoast_head_json":{"title":"Gardons la gare de Carbonne ouverte ! - AUTATE","robots":{"index":"index","follow":"follow","max-snippet":"max-snippet:-1","max-image-preview":"max-image-preview:large","max-video-preview":"max-video-preview:-1"},"canonical":"https:\/\/autate.fr\/site\/gardons-la-gare-de-carbonne-ouverte\/","og_locale":"fr_FR","og_type":"article","og_title":"Gardons la gare de Carbonne ouverte ! - AUTATE","og_description":"Nous relayons cette p\u00e9tition du Collectif Gare de Carbonne Nous avons \u00e9t\u00e9 sensible aux am\u00e9nagements des horaires faits en d\u00e9but d\u2019ann\u00e9e suite aux demandes de nombreux usagers\u00a0; en effet la gare est \u00e0 pr\u00e9sent ouverte \u00e0 partir de 5h30. De plus, dans le cadre de l&rsquo;am\u00e9lioration de la s\u00e9curit\u00e9 des voyageurs de la gare, SNCFVOIR PLUS","og_url":"https:\/\/autate.fr\/site\/gardons-la-gare-de-carbonne-ouverte\/","og_site_name":"AUTATE","article_publisher":"https:\/\/www.facebook.com\/AutateToulouse","article_published_time":"2017-07-11T15:51:01+00:00","article_modified_time":"2017-10-21T18:43:06+00:00","og_image":[{"width":800,"height":450,"url":"https:\/\/autate.fr\/site\/wp-content\/uploads\/2017\/07\/collectifgarecarbonne.png","type":"image\/png"}],"author":"pascalbarbier","twitter_card":"summary_large_image","twitter_creator":"@AutateToulouse","twitter_site":"@AutateToulouse","twitter_misc":{"\u00c9crit par":"pascalbarbier","Dur\u00e9e de lecture estim\u00e9e":"2 minutes"},"schema":{"@context":"https:\/\/schema.org","@graph":[{"@type":"Article","@id":"https:\/\/autate.fr\/site\/gardons-la-gare-de-carbonne-ouverte\/#article","isPartOf":{"@id":"https:\/\/autate.fr\/site\/gardons-la-gare-de-carbonne-ouverte\/"},"author":{"name":"pascalbarbier","@id":"https:\/\/autate.fr\/site\/#\/schema\/person\/ae1ab8bdaa7b41d2a9b52d2557ce8254"},"headline":"Gardons la gare de Carbonne ouverte !","datePublished":"2017-07-11T15:51:01+00:00","dateModified":"2017-10-21T18:43:06+00:00","mainEntityOfPage":{"@id":"https:\/\/autate.fr\/site\/gardons-la-gare-de-carbonne-ouverte\/"},"wordCount":409,"commentCount":0,"publisher":{"@id":"https:\/\/autate.fr\/site\/#organization"},"image":{"@id":"https:\/\/autate.fr\/site\/gardons-la-gare-de-carbonne-ouverte\/#primaryimage"},"thumbnailUrl":"https:\/\/autate.fr\/site\/wp-content\/uploads\/2017\/07\/collectifgarecarbonne.png","keywords":["carbonne","gare","P\u00e9tition","service public","train"],"articleSection":["P\u00e9titions","Trains urbains"],"inLanguage":"fr-FR","potentialAction":[{"@type":"CommentAction","name":"Comment","target":["https:\/\/autate.fr\/site\/gardons-la-gare-de-carbonne-ouverte\/#respond"]}]},{"@type":"WebPage","@id":"https:\/\/autate.fr\/site\/gardons-la-gare-de-carbonne-ouverte\/","url":"https:\/\/autate.fr\/site\/gardons-la-gare-de-carbonne-ouverte\/","name":"Gardons la gare de Carbonne ouverte ! - AUTATE","isPartOf":{"@id":"https:\/\/autate.fr\/site\/#website"},"primaryImageOfPage":{"@id":"https:\/\/autate.fr\/site\/gardons-la-gare-de-carbonne-ouverte\/#primaryimage"},"image":{"@id":"https:\/\/autate.fr\/site\/gardons-la-gare-de-carbonne-ouverte\/#primaryimage"},"thumbnailUrl":"https:\/\/autate.fr\/site\/wp-content\/uploads\/2017\/07\/collectifgarecarbonne.png","datePublished":"2017-07-11T15:51:01+00:00","dateModified":"2017-10-21T18:43:06+00:00","breadcrumb":{"@id":"https:\/\/autate.fr\/site\/gardons-la-gare-de-carbonne-ouverte\/#breadcrumb"},"inLanguage":"fr-FR","potentialAction":[{"@type":"ReadAction","target":["https:\/\/autate.fr\/site\/gardons-la-gare-de-carbonne-ouverte\/"]}]},{"@type":"ImageObject","inLanguage":"fr-FR","@id":"https:\/\/autate.fr\/site\/gardons-la-gare-de-carbonne-ouverte\/#primaryimage","url":"https:\/\/autate.fr\/site\/wp-content\/uploads\/2017\/07\/collectifgarecarbonne.png","contentUrl":"https:\/\/autate.fr\/site\/wp-content\/uploads\/2017\/07\/collectifgarecarbonne.png","width":800,"height":450},{"@type":"BreadcrumbList","@id":"https:\/\/autate.fr\/site\/gardons-la-gare-de-carbonne-ouverte\/#breadcrumb","itemListElement":[{"@type":"ListItem","position":1,"name":"Accueil","item":"https:\/\/autate.fr\/site\/"},{"@type":"ListItem","position":2,"name":"Gardons la gare de Carbonne ouverte !"}]},{"@type":"WebSite","@id":"https:\/\/autate.fr\/site\/#website","url":"https:\/\/autate.fr\/site\/","name":"AUTATE","description":"Association des usagers des transports de l&#039;agglom\u00e9ration Toulousaine et de ses environs","publisher":{"@id":"https:\/\/autate.fr\/site\/#organization"},"potentialAction":[{"@type":"SearchAction","target":{"@type":"EntryPoint","urlTemplate":"https:\/\/autate.fr\/site\/?s={search_term_string}"},"query-input":{"@type":"PropertyValueSpecification","valueRequired":true,"valueName":"search_term_string"}}],"inLanguage":"fr-FR"},{"@type":"Organization","@id":"https:\/\/autate.fr\/site\/#organization","name":"AUTATE","url":"https:\/\/autate.fr\/site\/","logo":{"@type":"ImageObject","inLanguage":"fr-FR","@id":"https:\/\/autate.fr\/site\/#\/schema\/logo\/image\/","url":"http:\/\/autate.fr\/site\/wp-content\/uploads\/2019\/01\/logo.png","contentUrl":"http:\/\/autate.fr\/site\/wp-content\/uploads\/2019\/01\/logo.png","width":506,"height":280,"caption":"AUTATE"},"image":{"@id":"https:\/\/autate.fr\/site\/#\/schema\/logo\/image\/"},"sameAs":["https:\/\/www.facebook.com\/AutateToulouse","https:\/\/x.com\/AutateToulouse"]},{"@type":"Person","@id":"https:\/\/autate.fr\/site\/#\/schema\/person\/ae1ab8bdaa7b41d2a9b52d2557ce8254","name":"pascalbarbier","image":{"@type":"ImageObject","inLanguage":"fr-FR","@id":"https:\/\/secure.gravatar.com\/avatar\/03f4e8ced09894b72c67e83142540730d4b3bbf619bf46341b0074e3bf5f08a0?s=96&d=mm&r=g","url":"https:\/\/secure.gravatar.com\/avatar\/03f4e8ced09894b72c67e83142540730d4b3bbf619bf46341b0074e3bf5f08a0?s=96&d=mm&r=g","contentUrl":"https:\/\/secure.gravatar.com\/avatar\/03f4e8ced09894b72c67e83142540730d4b3bbf619bf46341b0074e3bf5f08a0?s=96&d=mm&r=g","caption":"pascalbarbier"},"url":"https:\/\/autate.fr\/site\/author\/pascalbarbier\/"}]}},"_links":{"self":[{"href":"https:\/\/autate.fr\/site\/wp-json\/wp\/v2\/posts\/1600","targetHints":{"allow":["GET"]}}],"collection":[{"href":"https:\/\/autate.fr\/site\/wp-json\/wp\/v2\/posts"}],"about":[{"href":"https:\/\/autate.fr\/site\/wp-json\/wp\/v2\/types\/post"}],"author":[{"embeddable":true,"href":"https:\/\/autate.fr\/site\/wp-json\/wp\/v2\/users\/1"}],"replies":[{"embeddable":true,"href":"https:\/\/autate.fr\/site\/wp-json\/wp\/v2\/comments?post=1600"}],"version-history":[{"count":1,"href":"https:\/\/autate.fr\/site\/wp-json\/wp\/v2\/posts\/1600\/revisions"}],"predecessor-version":[{"id":1602,"href":"https:\/\/autate.fr\/site\/wp-json\/wp\/v2\/posts\/1600\/revisions\/1602"}],"wp:featuredmedia":[{"embeddable":true,"href":"https:\/\/autate.fr\/site\/wp-json\/wp\/v2\/media\/1601"}],"wp:attachment":[{"href":"https:\/\/autate.fr\/site\/wp-json\/wp\/v2\/media?parent=1600"}],"wp:term":[{"taxonomy":"category","embeddable":true,"href":"https:\/\/autate.fr\/site\/wp-json\/wp\/v2\/categories?post=1600"},{"taxonomy":"post_tag","embeddable":true,"href":"https:\/\/autate.fr\/site\/wp-json\/wp\/v2\/tags?post=1600"}],"curies":[{"name":"wp","href":"https:\/\/api.w.org\/{rel}","templated":true}]}}