{"id":158,"date":"2016-01-12T17:17:53","date_gmt":"2016-01-12T16:17:53","guid":{"rendered":"http:\/\/autate.fr\/site\/?p=158"},"modified":"2016-01-12T17:17:53","modified_gmt":"2016-01-12T16:17:53","slug":"toulouse-en-2020-actu-cote-toulouse-les-premieres-images-du-parvis-historique-de-la-gare-matabiau-apres-les-travaux","status":"publish","type":"post","link":"https:\/\/autate.fr\/site\/toulouse-en-2020-actu-cote-toulouse-les-premieres-images-du-parvis-historique-de-la-gare-matabiau-apres-les-travaux\/","title":{"rendered":"Toulouse en 2020. [Actu C\u00f4t\u00e9 Toulouse] Les premi\u00e8res images du parvis historique de la gare Matabiau apr\u00e8s les travaux"},"content":{"rendered":"<h2 class=\"bigger mts mbs\" data-role=\"chapo\">C&rsquo;est d\u00e8s 2017 que les travaux du parvis historique de Matabiau vont commencer dans le cadre du projet de la gare. Voici \u00e0 quoi pourrait ressembler l&rsquo;entr\u00e9e principale de la gare.<\/h2>\n<p>\u00c0 quoi ressemblera le parvis historique de la gare Matabiau quand seront termin\u00e9s les travaux d\u2019am\u00e9nagement ? En ce d\u00e9but d\u2019ann\u00e9e 2016, Europolia, la soci\u00e9t\u00e9 publique locale d\u2019am\u00e9nagement charg\u00e9e de piloter le grand projet de la gare Matabiau (TESO) en lien avec l\u2019arriv\u00e9e du TGV \u00e0 Toulouse, a d\u00e9voil\u00e9 quelques images de synth\u00e8se du futur parvis lors de ses voeux.<\/p>\n<p><a href=\"http:\/\/actu.cotetoulouse.fr\/toulouse-en-2020-les-premieres-images-du-parvis-historique-de-la-gare-matabiau-apres-les-travaux_27262\/\">lire la suite<\/a><\/p>\n","protected":false},"excerpt":{"rendered":"<p>C&rsquo;est d\u00e8s 2017 que les travaux du parvis historique de Matabiau vont commencer dans le cadre du projet de la gare. Voici \u00e0 quoi pourrait ressembler l&rsquo;entr\u00e9e principale de la gare. \u00c0 quoi ressemblera le parvis historique de la gare Matabiau quand seront termin\u00e9s les travaux d\u2019am\u00e9nagement ? En ce d\u00e9but d\u2019ann\u00e9e 2016, Europolia, la<\/p>\n<p class=\"more-link\"><a href=\"https:\/\/autate.fr\/site\/toulouse-en-2020-actu-cote-toulouse-les-premieres-images-du-parvis-historique-de-la-gare-matabiau-apres-les-travaux\/\" class=\"themebutton2\">VOIR PLUS<\/a><\/p>\n","protected":false},"author":1,"featured_media":159,"comment_status":"open","ping_status":"open","sticky":false,"template":"","format":"standard","meta":{"footnotes":""},"categories":[7],"tags":[48,41,42],"class_list":["post-158","post","type-post","status-publish","format-standard","has-post-thumbnail","hentry","category-revue-de-presse","tag-europolia","tag-gare-matabiau","tag-teso"],"yoast_head":"<!-- This site is optimized with the Yoast SEO plugin v27.4 - https:\/\/yoast.com\/product\/yoast-seo-wordpress\/ -->\n<title>Toulouse en 2020. [Actu C\u00f4t\u00e9 Toulouse] Les premi\u00e8res images du parvis historique de la gare Matabiau apr\u00e8s les travaux - AUTATE<\/title>\n<meta name=\"robots\" content=\"index, follow, max-snippet:-1, max-image-preview:large, max-video-preview:-1\" \/>\n<link rel=\"canonical\" href=\"https:\/\/autate.fr\/site\/toulouse-en-2020-actu-cote-toulouse-les-premieres-images-du-parvis-historique-de-la-gare-matabiau-apres-les-travaux\/\" \/>\n<meta property=\"og:locale\" content=\"fr_FR\" \/>\n<meta property=\"og:type\" content=\"article\" \/>\n<meta property=\"og:title\" content=\"Toulouse en 2020. [Actu C\u00f4t\u00e9 Toulouse] Les premi\u00e8res images du parvis historique de la gare Matabiau apr\u00e8s les travaux - AUTATE\" \/>\n<meta property=\"og:description\" content=\"C&rsquo;est d\u00e8s 2017 que les travaux du parvis historique de Matabiau vont commencer dans le cadre du projet de la gare. Voici \u00e0 quoi pourrait ressembler l&rsquo;entr\u00e9e principale de la gare. \u00c0 quoi ressemblera le parvis historique de la gare Matabiau quand seront termin\u00e9s les travaux d\u2019am\u00e9nagement ? En ce d\u00e9but d\u2019ann\u00e9e 2016, Europolia, laVOIR PLUS\" \/>\n<meta property=\"og:url\" content=\"https:\/\/autate.fr\/site\/toulouse-en-2020-actu-cote-toulouse-les-premieres-images-du-parvis-historique-de-la-gare-matabiau-apres-les-travaux\/\" \/>\n<meta property=\"og:site_name\" content=\"AUTATE\" \/>\n<meta property=\"article:publisher\" content=\"https:\/\/www.facebook.com\/AutateToulouse\" \/>\n<meta property=\"article:published_time\" content=\"2016-01-12T16:17:53+00:00\" \/>\n<meta property=\"og:image\" content=\"https:\/\/autate.fr\/site\/wp-content\/uploads\/2016\/01\/Capture-dcran-2016-01-11-16.23.40-630x0.png\" \/>\n\t<meta property=\"og:image:width\" content=\"630\" \/>\n\t<meta property=\"og:image:height\" content=\"296\" \/>\n\t<meta property=\"og:image:type\" content=\"image\/png\" \/>\n<meta name=\"author\" content=\"pascalbarbier\" \/>\n<meta name=\"twitter:card\" content=\"summary_large_image\" \/>\n<meta name=\"twitter:creator\" content=\"@AutateToulouse\" \/>\n<meta name=\"twitter:site\" content=\"@AutateToulouse\" \/>\n<meta name=\"twitter:label1\" content=\"\u00c9crit par\" \/>\n\t<meta name=\"twitter:data1\" content=\"pascalbarbier\" \/>\n\t<meta name=\"twitter:label2\" content=\"Dur\u00e9e de lecture estim\u00e9e\" \/>\n\t<meta name=\"twitter:data2\" content=\"1 minute\" \/>\n<script type=\"application\/ld+json\" class=\"yoast-schema-graph\">{\"@context\":\"https:\\\/\\\/schema.org\",\"@graph\":[{\"@type\":\"Article\",\"@id\":\"https:\\\/\\\/autate.fr\\\/site\\\/toulouse-en-2020-actu-cote-toulouse-les-premieres-images-du-parvis-historique-de-la-gare-matabiau-apres-les-travaux\\\/#article\",\"isPartOf\":{\"@id\":\"https:\\\/\\\/autate.fr\\\/site\\\/toulouse-en-2020-actu-cote-toulouse-les-premieres-images-du-parvis-historique-de-la-gare-matabiau-apres-les-travaux\\\/\"},\"author\":{\"name\":\"pascalbarbier\",\"@id\":\"https:\\\/\\\/autate.fr\\\/site\\\/#\\\/schema\\\/person\\\/ae1ab8bdaa7b41d2a9b52d2557ce8254\"},\"headline\":\"Toulouse en 2020. [Actu C\u00f4t\u00e9 Toulouse] Les premi\u00e8res images du parvis historique de la gare Matabiau apr\u00e8s les travaux\",\"datePublished\":\"2016-01-12T16:17:53+00:00\",\"mainEntityOfPage\":{\"@id\":\"https:\\\/\\\/autate.fr\\\/site\\\/toulouse-en-2020-actu-cote-toulouse-les-premieres-images-du-parvis-historique-de-la-gare-matabiau-apres-les-travaux\\\/\"},\"wordCount\":125,\"commentCount\":0,\"publisher\":{\"@id\":\"https:\\\/\\\/autate.fr\\\/site\\\/#organization\"},\"image\":{\"@id\":\"https:\\\/\\\/autate.fr\\\/site\\\/toulouse-en-2020-actu-cote-toulouse-les-premieres-images-du-parvis-historique-de-la-gare-matabiau-apres-les-travaux\\\/#primaryimage\"},\"thumbnailUrl\":\"https:\\\/\\\/autate.fr\\\/site\\\/wp-content\\\/uploads\\\/2016\\\/01\\\/Capture-dcran-2016-01-11-16.23.40-630x0.png\",\"keywords\":[\"Europolia\",\"gare Matabiau\",\"TESO\"],\"articleSection\":[\"Revue de presse\"],\"inLanguage\":\"fr-FR\",\"potentialAction\":[{\"@type\":\"CommentAction\",\"name\":\"Comment\",\"target\":[\"https:\\\/\\\/autate.fr\\\/site\\\/toulouse-en-2020-actu-cote-toulouse-les-premieres-images-du-parvis-historique-de-la-gare-matabiau-apres-les-travaux\\\/#respond\"]}]},{\"@type\":\"WebPage\",\"@id\":\"https:\\\/\\\/autate.fr\\\/site\\\/toulouse-en-2020-actu-cote-toulouse-les-premieres-images-du-parvis-historique-de-la-gare-matabiau-apres-les-travaux\\\/\",\"url\":\"https:\\\/\\\/autate.fr\\\/site\\\/toulouse-en-2020-actu-cote-toulouse-les-premieres-images-du-parvis-historique-de-la-gare-matabiau-apres-les-travaux\\\/\",\"name\":\"Toulouse en 2020. [Actu C\u00f4t\u00e9 Toulouse] Les premi\u00e8res images du parvis historique de la gare Matabiau apr\u00e8s les travaux - AUTATE\",\"isPartOf\":{\"@id\":\"https:\\\/\\\/autate.fr\\\/site\\\/#website\"},\"primaryImageOfPage\":{\"@id\":\"https:\\\/\\\/autate.fr\\\/site\\\/toulouse-en-2020-actu-cote-toulouse-les-premieres-images-du-parvis-historique-de-la-gare-matabiau-apres-les-travaux\\\/#primaryimage\"},\"image\":{\"@id\":\"https:\\\/\\\/autate.fr\\\/site\\\/toulouse-en-2020-actu-cote-toulouse-les-premieres-images-du-parvis-historique-de-la-gare-matabiau-apres-les-travaux\\\/#primaryimage\"},\"thumbnailUrl\":\"https:\\\/\\\/autate.fr\\\/site\\\/wp-content\\\/uploads\\\/2016\\\/01\\\/Capture-dcran-2016-01-11-16.23.40-630x0.png\",\"datePublished\":\"2016-01-12T16:17:53+00:00\",\"breadcrumb\":{\"@id\":\"https:\\\/\\\/autate.fr\\\/site\\\/toulouse-en-2020-actu-cote-toulouse-les-premieres-images-du-parvis-historique-de-la-gare-matabiau-apres-les-travaux\\\/#breadcrumb\"},\"inLanguage\":\"fr-FR\",\"potentialAction\":[{\"@type\":\"ReadAction\",\"target\":[\"https:\\\/\\\/autate.fr\\\/site\\\/toulouse-en-2020-actu-cote-toulouse-les-premieres-images-du-parvis-historique-de-la-gare-matabiau-apres-les-travaux\\\/\"]}]},{\"@type\":\"ImageObject\",\"inLanguage\":\"fr-FR\",\"@id\":\"https:\\\/\\\/autate.fr\\\/site\\\/toulouse-en-2020-actu-cote-toulouse-les-premieres-images-du-parvis-historique-de-la-gare-matabiau-apres-les-travaux\\\/#primaryimage\",\"url\":\"https:\\\/\\\/autate.fr\\\/site\\\/wp-content\\\/uploads\\\/2016\\\/01\\\/Capture-dcran-2016-01-11-16.23.40-630x0.png\",\"contentUrl\":\"https:\\\/\\\/autate.fr\\\/site\\\/wp-content\\\/uploads\\\/2016\\\/01\\\/Capture-dcran-2016-01-11-16.23.40-630x0.png\",\"width\":630,\"height\":296},{\"@type\":\"BreadcrumbList\",\"@id\":\"https:\\\/\\\/autate.fr\\\/site\\\/toulouse-en-2020-actu-cote-toulouse-les-premieres-images-du-parvis-historique-de-la-gare-matabiau-apres-les-travaux\\\/#breadcrumb\",\"itemListElement\":[{\"@type\":\"ListItem\",\"position\":1,\"name\":\"Accueil\",\"item\":\"https:\\\/\\\/autate.fr\\\/site\\\/\"},{\"@type\":\"ListItem\",\"position\":2,\"name\":\"Toulouse en 2020. [Actu C\u00f4t\u00e9 Toulouse] Les premi\u00e8res images du parvis historique de la gare Matabiau apr\u00e8s les travaux\"}]},{\"@type\":\"WebSite\",\"@id\":\"https:\\\/\\\/autate.fr\\\/site\\\/#website\",\"url\":\"https:\\\/\\\/autate.fr\\\/site\\\/\",\"name\":\"AUTATE\",\"description\":\"Association des usagers des transports de l&#039;agglom\u00e9ration Toulousaine et de ses environs\",\"publisher\":{\"@id\":\"https:\\\/\\\/autate.fr\\\/site\\\/#organization\"},\"potentialAction\":[{\"@type\":\"SearchAction\",\"target\":{\"@type\":\"EntryPoint\",\"urlTemplate\":\"https:\\\/\\\/autate.fr\\\/site\\\/?s={search_term_string}\"},\"query-input\":{\"@type\":\"PropertyValueSpecification\",\"valueRequired\":true,\"valueName\":\"search_term_string\"}}],\"inLanguage\":\"fr-FR\"},{\"@type\":\"Organization\",\"@id\":\"https:\\\/\\\/autate.fr\\\/site\\\/#organization\",\"name\":\"AUTATE\",\"url\":\"https:\\\/\\\/autate.fr\\\/site\\\/\",\"logo\":{\"@type\":\"ImageObject\",\"inLanguage\":\"fr-FR\",\"@id\":\"https:\\\/\\\/autate.fr\\\/site\\\/#\\\/schema\\\/logo\\\/image\\\/\",\"url\":\"http:\\\/\\\/autate.fr\\\/site\\\/wp-content\\\/uploads\\\/2019\\\/01\\\/logo.png\",\"contentUrl\":\"http:\\\/\\\/autate.fr\\\/site\\\/wp-content\\\/uploads\\\/2019\\\/01\\\/logo.png\",\"width\":506,\"height\":280,\"caption\":\"AUTATE\"},\"image\":{\"@id\":\"https:\\\/\\\/autate.fr\\\/site\\\/#\\\/schema\\\/logo\\\/image\\\/\"},\"sameAs\":[\"https:\\\/\\\/www.facebook.com\\\/AutateToulouse\",\"https:\\\/\\\/x.com\\\/AutateToulouse\"]},{\"@type\":\"Person\",\"@id\":\"https:\\\/\\\/autate.fr\\\/site\\\/#\\\/schema\\\/person\\\/ae1ab8bdaa7b41d2a9b52d2557ce8254\",\"name\":\"pascalbarbier\",\"image\":{\"@type\":\"ImageObject\",\"inLanguage\":\"fr-FR\",\"@id\":\"https:\\\/\\\/secure.gravatar.com\\\/avatar\\\/03f4e8ced09894b72c67e83142540730d4b3bbf619bf46341b0074e3bf5f08a0?s=96&d=mm&r=g\",\"url\":\"https:\\\/\\\/secure.gravatar.com\\\/avatar\\\/03f4e8ced09894b72c67e83142540730d4b3bbf619bf46341b0074e3bf5f08a0?s=96&d=mm&r=g\",\"contentUrl\":\"https:\\\/\\\/secure.gravatar.com\\\/avatar\\\/03f4e8ced09894b72c67e83142540730d4b3bbf619bf46341b0074e3bf5f08a0?s=96&d=mm&r=g\",\"caption\":\"pascalbarbier\"},\"url\":\"https:\\\/\\\/autate.fr\\\/site\\\/author\\\/pascalbarbier\\\/\"}]}<\/script>\n<!-- \/ Yoast SEO plugin. -->","yoast_head_json":{"title":"Toulouse en 2020. [Actu C\u00f4t\u00e9 Toulouse] Les premi\u00e8res images du parvis historique de la gare Matabiau apr\u00e8s les travaux - AUTATE","robots":{"index":"index","follow":"follow","max-snippet":"max-snippet:-1","max-image-preview":"max-image-preview:large","max-video-preview":"max-video-preview:-1"},"canonical":"https:\/\/autate.fr\/site\/toulouse-en-2020-actu-cote-toulouse-les-premieres-images-du-parvis-historique-de-la-gare-matabiau-apres-les-travaux\/","og_locale":"fr_FR","og_type":"article","og_title":"Toulouse en 2020. [Actu C\u00f4t\u00e9 Toulouse] Les premi\u00e8res images du parvis historique de la gare Matabiau apr\u00e8s les travaux - AUTATE","og_description":"C&rsquo;est d\u00e8s 2017 que les travaux du parvis historique de Matabiau vont commencer dans le cadre du projet de la gare. Voici \u00e0 quoi pourrait ressembler l&rsquo;entr\u00e9e principale de la gare. \u00c0 quoi ressemblera le parvis historique de la gare Matabiau quand seront termin\u00e9s les travaux d\u2019am\u00e9nagement ? En ce d\u00e9but d\u2019ann\u00e9e 2016, Europolia, laVOIR PLUS","og_url":"https:\/\/autate.fr\/site\/toulouse-en-2020-actu-cote-toulouse-les-premieres-images-du-parvis-historique-de-la-gare-matabiau-apres-les-travaux\/","og_site_name":"AUTATE","article_publisher":"https:\/\/www.facebook.com\/AutateToulouse","article_published_time":"2016-01-12T16:17:53+00:00","og_image":[{"width":630,"height":296,"url":"https:\/\/autate.fr\/site\/wp-content\/uploads\/2016\/01\/Capture-dcran-2016-01-11-16.23.40-630x0.png","type":"image\/png"}],"author":"pascalbarbier","twitter_card":"summary_large_image","twitter_creator":"@AutateToulouse","twitter_site":"@AutateToulouse","twitter_misc":{"\u00c9crit par":"pascalbarbier","Dur\u00e9e de lecture estim\u00e9e":"1 minute"},"schema":{"@context":"https:\/\/schema.org","@graph":[{"@type":"Article","@id":"https:\/\/autate.fr\/site\/toulouse-en-2020-actu-cote-toulouse-les-premieres-images-du-parvis-historique-de-la-gare-matabiau-apres-les-travaux\/#article","isPartOf":{"@id":"https:\/\/autate.fr\/site\/toulouse-en-2020-actu-cote-toulouse-les-premieres-images-du-parvis-historique-de-la-gare-matabiau-apres-les-travaux\/"},"author":{"name":"pascalbarbier","@id":"https:\/\/autate.fr\/site\/#\/schema\/person\/ae1ab8bdaa7b41d2a9b52d2557ce8254"},"headline":"Toulouse en 2020. [Actu C\u00f4t\u00e9 Toulouse] Les premi\u00e8res images du parvis historique de la gare Matabiau apr\u00e8s les travaux","datePublished":"2016-01-12T16:17:53+00:00","mainEntityOfPage":{"@id":"https:\/\/autate.fr\/site\/toulouse-en-2020-actu-cote-toulouse-les-premieres-images-du-parvis-historique-de-la-gare-matabiau-apres-les-travaux\/"},"wordCount":125,"commentCount":0,"publisher":{"@id":"https:\/\/autate.fr\/site\/#organization"},"image":{"@id":"https:\/\/autate.fr\/site\/toulouse-en-2020-actu-cote-toulouse-les-premieres-images-du-parvis-historique-de-la-gare-matabiau-apres-les-travaux\/#primaryimage"},"thumbnailUrl":"https:\/\/autate.fr\/site\/wp-content\/uploads\/2016\/01\/Capture-dcran-2016-01-11-16.23.40-630x0.png","keywords":["Europolia","gare Matabiau","TESO"],"articleSection":["Revue de presse"],"inLanguage":"fr-FR","potentialAction":[{"@type":"CommentAction","name":"Comment","target":["https:\/\/autate.fr\/site\/toulouse-en-2020-actu-cote-toulouse-les-premieres-images-du-parvis-historique-de-la-gare-matabiau-apres-les-travaux\/#respond"]}]},{"@type":"WebPage","@id":"https:\/\/autate.fr\/site\/toulouse-en-2020-actu-cote-toulouse-les-premieres-images-du-parvis-historique-de-la-gare-matabiau-apres-les-travaux\/","url":"https:\/\/autate.fr\/site\/toulouse-en-2020-actu-cote-toulouse-les-premieres-images-du-parvis-historique-de-la-gare-matabiau-apres-les-travaux\/","name":"Toulouse en 2020. [Actu C\u00f4t\u00e9 Toulouse] Les premi\u00e8res images du parvis historique de la gare Matabiau apr\u00e8s les travaux - AUTATE","isPartOf":{"@id":"https:\/\/autate.fr\/site\/#website"},"primaryImageOfPage":{"@id":"https:\/\/autate.fr\/site\/toulouse-en-2020-actu-cote-toulouse-les-premieres-images-du-parvis-historique-de-la-gare-matabiau-apres-les-travaux\/#primaryimage"},"image":{"@id":"https:\/\/autate.fr\/site\/toulouse-en-2020-actu-cote-toulouse-les-premieres-images-du-parvis-historique-de-la-gare-matabiau-apres-les-travaux\/#primaryimage"},"thumbnailUrl":"https:\/\/autate.fr\/site\/wp-content\/uploads\/2016\/01\/Capture-dcran-2016-01-11-16.23.40-630x0.png","datePublished":"2016-01-12T16:17:53+00:00","breadcrumb":{"@id":"https:\/\/autate.fr\/site\/toulouse-en-2020-actu-cote-toulouse-les-premieres-images-du-parvis-historique-de-la-gare-matabiau-apres-les-travaux\/#breadcrumb"},"inLanguage":"fr-FR","potentialAction":[{"@type":"ReadAction","target":["https:\/\/autate.fr\/site\/toulouse-en-2020-actu-cote-toulouse-les-premieres-images-du-parvis-historique-de-la-gare-matabiau-apres-les-travaux\/"]}]},{"@type":"ImageObject","inLanguage":"fr-FR","@id":"https:\/\/autate.fr\/site\/toulouse-en-2020-actu-cote-toulouse-les-premieres-images-du-parvis-historique-de-la-gare-matabiau-apres-les-travaux\/#primaryimage","url":"https:\/\/autate.fr\/site\/wp-content\/uploads\/2016\/01\/Capture-dcran-2016-01-11-16.23.40-630x0.png","contentUrl":"https:\/\/autate.fr\/site\/wp-content\/uploads\/2016\/01\/Capture-dcran-2016-01-11-16.23.40-630x0.png","width":630,"height":296},{"@type":"BreadcrumbList","@id":"https:\/\/autate.fr\/site\/toulouse-en-2020-actu-cote-toulouse-les-premieres-images-du-parvis-historique-de-la-gare-matabiau-apres-les-travaux\/#breadcrumb","itemListElement":[{"@type":"ListItem","position":1,"name":"Accueil","item":"https:\/\/autate.fr\/site\/"},{"@type":"ListItem","position":2,"name":"Toulouse en 2020. [Actu C\u00f4t\u00e9 Toulouse] Les premi\u00e8res images du parvis historique de la gare Matabiau apr\u00e8s les travaux"}]},{"@type":"WebSite","@id":"https:\/\/autate.fr\/site\/#website","url":"https:\/\/autate.fr\/site\/","name":"AUTATE","description":"Association des usagers des transports de l&#039;agglom\u00e9ration Toulousaine et de ses environs","publisher":{"@id":"https:\/\/autate.fr\/site\/#organization"},"potentialAction":[{"@type":"SearchAction","target":{"@type":"EntryPoint","urlTemplate":"https:\/\/autate.fr\/site\/?s={search_term_string}"},"query-input":{"@type":"PropertyValueSpecification","valueRequired":true,"valueName":"search_term_string"}}],"inLanguage":"fr-FR"},{"@type":"Organization","@id":"https:\/\/autate.fr\/site\/#organization","name":"AUTATE","url":"https:\/\/autate.fr\/site\/","logo":{"@type":"ImageObject","inLanguage":"fr-FR","@id":"https:\/\/autate.fr\/site\/#\/schema\/logo\/image\/","url":"http:\/\/autate.fr\/site\/wp-content\/uploads\/2019\/01\/logo.png","contentUrl":"http:\/\/autate.fr\/site\/wp-content\/uploads\/2019\/01\/logo.png","width":506,"height":280,"caption":"AUTATE"},"image":{"@id":"https:\/\/autate.fr\/site\/#\/schema\/logo\/image\/"},"sameAs":["https:\/\/www.facebook.com\/AutateToulouse","https:\/\/x.com\/AutateToulouse"]},{"@type":"Person","@id":"https:\/\/autate.fr\/site\/#\/schema\/person\/ae1ab8bdaa7b41d2a9b52d2557ce8254","name":"pascalbarbier","image":{"@type":"ImageObject","inLanguage":"fr-FR","@id":"https:\/\/secure.gravatar.com\/avatar\/03f4e8ced09894b72c67e83142540730d4b3bbf619bf46341b0074e3bf5f08a0?s=96&d=mm&r=g","url":"https:\/\/secure.gravatar.com\/avatar\/03f4e8ced09894b72c67e83142540730d4b3bbf619bf46341b0074e3bf5f08a0?s=96&d=mm&r=g","contentUrl":"https:\/\/secure.gravatar.com\/avatar\/03f4e8ced09894b72c67e83142540730d4b3bbf619bf46341b0074e3bf5f08a0?s=96&d=mm&r=g","caption":"pascalbarbier"},"url":"https:\/\/autate.fr\/site\/author\/pascalbarbier\/"}]}},"_links":{"self":[{"href":"https:\/\/autate.fr\/site\/wp-json\/wp\/v2\/posts\/158","targetHints":{"allow":["GET"]}}],"collection":[{"href":"https:\/\/autate.fr\/site\/wp-json\/wp\/v2\/posts"}],"about":[{"href":"https:\/\/autate.fr\/site\/wp-json\/wp\/v2\/types\/post"}],"author":[{"embeddable":true,"href":"https:\/\/autate.fr\/site\/wp-json\/wp\/v2\/users\/1"}],"replies":[{"embeddable":true,"href":"https:\/\/autate.fr\/site\/wp-json\/wp\/v2\/comments?post=158"}],"version-history":[{"count":1,"href":"https:\/\/autate.fr\/site\/wp-json\/wp\/v2\/posts\/158\/revisions"}],"predecessor-version":[{"id":160,"href":"https:\/\/autate.fr\/site\/wp-json\/wp\/v2\/posts\/158\/revisions\/160"}],"wp:featuredmedia":[{"embeddable":true,"href":"https:\/\/autate.fr\/site\/wp-json\/wp\/v2\/media\/159"}],"wp:attachment":[{"href":"https:\/\/autate.fr\/site\/wp-json\/wp\/v2\/media?parent=158"}],"wp:term":[{"taxonomy":"category","embeddable":true,"href":"https:\/\/autate.fr\/site\/wp-json\/wp\/v2\/categories?post=158"},{"taxonomy":"post_tag","embeddable":true,"href":"https:\/\/autate.fr\/site\/wp-json\/wp\/v2\/tags?post=158"}],"curies":[{"name":"wp","href":"https:\/\/api.w.org\/{rel}","templated":true}]}}