{"id":152,"date":"2016-01-11T17:07:25","date_gmt":"2016-01-11T16:07:25","guid":{"rendered":"http:\/\/autate.fr\/site\/?p=152"},"modified":"2016-01-12T17:11:01","modified_gmt":"2016-01-12T16:11:01","slug":"sud-ouest-transport-fluvial-le-fret-bientot-de-retour-sur-le-canal-lateral","status":"publish","type":"post","link":"https:\/\/autate.fr\/site\/sud-ouest-transport-fluvial-le-fret-bientot-de-retour-sur-le-canal-lateral\/","title":{"rendered":"[Sud Ouest] Transport fluvial : le fret bient\u00f4t de retour sur le canal lat\u00e9ral ?"},"content":{"rendered":"<h2 class=\"entry-summary\">Voies navigables de France veut faire rena\u00eetre les \u00e9changes commerciaux par voie d\u2019eau entre Toulouse et Bordeaux. La faisabilit\u00e9 du projet est \u00e0 l\u2019\u00e9tude.<\/h2>\n<div class=\"entry-content\">\n<div class=\"long\"><span class=\"lettrine\">P<\/span>our la coop\u00e9rative agricole lot-et-garonnaise Terres du Sud, le dernier essai il y a une dizaine d&rsquo;ann\u00e9es s&rsquo;est sold\u00e9 par un \u00e9chec, la p\u00e9niche ayant mis plus de deux jours \u00e0 rallier Bordeaux. Le retour du transport de marchandises, qui avait d\u00e9sert\u00e9 le canal lat\u00e9ral \u00e0 la Garonne depuis le tout d\u00e9but des ann\u00e9es 2000, a alors \u00e9t\u00e9 totalement abandonn\u00e9. Aujourd&rsquo;hui, cette voie d&rsquo;eau est enti\u00e8rement d\u00e9volue au tourisme.Mais, en 2014, Voies navigables de France (VNF), \u00e0 Toulouse, a commenc\u00e9 \u00e0 lancer une grande r\u00e9flexion pour un retour du commerce sur le canal. \u00ab On n&rsquo;en a plus entendu parler jusqu&rsquo;en novembre dernier \u00bb, se souvient R\u00e9gine Pov\u00e9da, d\u00e9put\u00e9e-maire de Meilhan-sur-Garonne (47). Date \u00e0 laquelle elle a \u00e9t\u00e9 invit\u00e9e \u00e0 Toulouse, en tant que maire d&rsquo;une commune poss\u00e9dant une entreprise \u00e0 proximit\u00e9 du canal, et susceptible de l&rsquo;utiliser.<\/p>\n<p><a href=\"http:\/\/www.sudouest.fr\/2016\/01\/11\/le-fret-pourrait-faire-son-retour-sur-le-canal-2239075-2780.php\">lire la suite<\/a><\/p>\n<p><em>\u00a9<\/em>photo archives c. l.\/ \u00abSud Ouest\u00bb<\/p>\n<\/div>\n<\/div>\n","protected":false},"excerpt":{"rendered":"<p>Voies navigables de France veut faire rena\u00eetre les \u00e9changes commerciaux par voie d\u2019eau entre Toulouse et Bordeaux. La faisabilit\u00e9 du projet est \u00e0 l\u2019\u00e9tude. Pour la coop\u00e9rative agricole lot-et-garonnaise Terres du Sud, le dernier essai il y a une dizaine d&rsquo;ann\u00e9es s&rsquo;est sold\u00e9 par un \u00e9chec, la p\u00e9niche ayant mis plus de deux jours \u00e0<\/p>\n<p class=\"more-link\"><a href=\"https:\/\/autate.fr\/site\/sud-ouest-transport-fluvial-le-fret-bientot-de-retour-sur-le-canal-lateral\/\" class=\"themebutton2\">VOIR PLUS<\/a><\/p>\n","protected":false},"author":1,"featured_media":153,"comment_status":"open","ping_status":"open","sticky":false,"template":"","format":"standard","meta":{"footnotes":""},"categories":[7],"tags":[38,40,39],"class_list":["post-152","post","type-post","status-publish","format-standard","has-post-thumbnail","hentry","category-revue-de-presse","tag-canal","tag-fret","tag-voie-navigable"],"yoast_head":"<!-- This site is optimized with the Yoast SEO plugin v27.4 - https:\/\/yoast.com\/product\/yoast-seo-wordpress\/ -->\n<title>[Sud Ouest] Transport fluvial : le fret bient\u00f4t de retour sur le canal lat\u00e9ral ? - AUTATE<\/title>\n<meta name=\"robots\" content=\"index, follow, max-snippet:-1, max-image-preview:large, max-video-preview:-1\" \/>\n<link rel=\"canonical\" href=\"https:\/\/autate.fr\/site\/sud-ouest-transport-fluvial-le-fret-bientot-de-retour-sur-le-canal-lateral\/\" \/>\n<meta property=\"og:locale\" content=\"fr_FR\" \/>\n<meta property=\"og:type\" content=\"article\" \/>\n<meta property=\"og:title\" content=\"[Sud Ouest] Transport fluvial : le fret bient\u00f4t de retour sur le canal lat\u00e9ral ? - AUTATE\" \/>\n<meta property=\"og:description\" content=\"Voies navigables de France veut faire rena\u00eetre les \u00e9changes commerciaux par voie d\u2019eau entre Toulouse et Bordeaux. La faisabilit\u00e9 du projet est \u00e0 l\u2019\u00e9tude. Pour la coop\u00e9rative agricole lot-et-garonnaise Terres du Sud, le dernier essai il y a une dizaine d&rsquo;ann\u00e9es s&rsquo;est sold\u00e9 par un \u00e9chec, la p\u00e9niche ayant mis plus de deux jours \u00e0VOIR PLUS\" \/>\n<meta property=\"og:url\" content=\"https:\/\/autate.fr\/site\/sud-ouest-transport-fluvial-le-fret-bientot-de-retour-sur-le-canal-lateral\/\" \/>\n<meta property=\"og:site_name\" content=\"AUTATE\" \/>\n<meta property=\"article:publisher\" content=\"https:\/\/www.facebook.com\/AutateToulouse\" \/>\n<meta property=\"article:published_time\" content=\"2016-01-11T16:07:25+00:00\" \/>\n<meta property=\"article:modified_time\" content=\"2016-01-12T16:11:01+00:00\" \/>\n<meta property=\"og:image\" content=\"https:\/\/autate.fr\/site\/wp-content\/uploads\/2016\/01\/photocanalSO.jpg\" \/>\n\t<meta property=\"og:image:width\" content=\"1000\" \/>\n\t<meta property=\"og:image:height\" content=\"500\" \/>\n\t<meta property=\"og:image:type\" content=\"image\/jpeg\" \/>\n<meta name=\"author\" content=\"pascalbarbier\" \/>\n<meta name=\"twitter:card\" content=\"summary_large_image\" \/>\n<meta name=\"twitter:creator\" content=\"@AutateToulouse\" \/>\n<meta name=\"twitter:site\" content=\"@AutateToulouse\" \/>\n<meta name=\"twitter:label1\" content=\"\u00c9crit par\" \/>\n\t<meta name=\"twitter:data1\" content=\"pascalbarbier\" \/>\n\t<meta name=\"twitter:label2\" content=\"Dur\u00e9e de lecture estim\u00e9e\" \/>\n\t<meta name=\"twitter:data2\" content=\"1 minute\" \/>\n<script type=\"application\/ld+json\" class=\"yoast-schema-graph\">{\"@context\":\"https:\\\/\\\/schema.org\",\"@graph\":[{\"@type\":\"Article\",\"@id\":\"https:\\\/\\\/autate.fr\\\/site\\\/sud-ouest-transport-fluvial-le-fret-bientot-de-retour-sur-le-canal-lateral\\\/#article\",\"isPartOf\":{\"@id\":\"https:\\\/\\\/autate.fr\\\/site\\\/sud-ouest-transport-fluvial-le-fret-bientot-de-retour-sur-le-canal-lateral\\\/\"},\"author\":{\"name\":\"pascalbarbier\",\"@id\":\"https:\\\/\\\/autate.fr\\\/site\\\/#\\\/schema\\\/person\\\/ae1ab8bdaa7b41d2a9b52d2557ce8254\"},\"headline\":\"[Sud Ouest] Transport fluvial : le fret bient\u00f4t de retour sur le canal lat\u00e9ral ?\",\"datePublished\":\"2016-01-11T16:07:25+00:00\",\"dateModified\":\"2016-01-12T16:11:01+00:00\",\"mainEntityOfPage\":{\"@id\":\"https:\\\/\\\/autate.fr\\\/site\\\/sud-ouest-transport-fluvial-le-fret-bientot-de-retour-sur-le-canal-lateral\\\/\"},\"wordCount\":193,\"commentCount\":0,\"publisher\":{\"@id\":\"https:\\\/\\\/autate.fr\\\/site\\\/#organization\"},\"image\":{\"@id\":\"https:\\\/\\\/autate.fr\\\/site\\\/sud-ouest-transport-fluvial-le-fret-bientot-de-retour-sur-le-canal-lateral\\\/#primaryimage\"},\"thumbnailUrl\":\"https:\\\/\\\/autate.fr\\\/site\\\/wp-content\\\/uploads\\\/2016\\\/01\\\/photocanalSO.jpg\",\"keywords\":[\"canal\",\"fret\",\"voie navigable\"],\"articleSection\":[\"Revue de presse\"],\"inLanguage\":\"fr-FR\",\"potentialAction\":[{\"@type\":\"CommentAction\",\"name\":\"Comment\",\"target\":[\"https:\\\/\\\/autate.fr\\\/site\\\/sud-ouest-transport-fluvial-le-fret-bientot-de-retour-sur-le-canal-lateral\\\/#respond\"]}]},{\"@type\":\"WebPage\",\"@id\":\"https:\\\/\\\/autate.fr\\\/site\\\/sud-ouest-transport-fluvial-le-fret-bientot-de-retour-sur-le-canal-lateral\\\/\",\"url\":\"https:\\\/\\\/autate.fr\\\/site\\\/sud-ouest-transport-fluvial-le-fret-bientot-de-retour-sur-le-canal-lateral\\\/\",\"name\":\"[Sud Ouest] Transport fluvial : le fret bient\u00f4t de retour sur le canal lat\u00e9ral ? - AUTATE\",\"isPartOf\":{\"@id\":\"https:\\\/\\\/autate.fr\\\/site\\\/#website\"},\"primaryImageOfPage\":{\"@id\":\"https:\\\/\\\/autate.fr\\\/site\\\/sud-ouest-transport-fluvial-le-fret-bientot-de-retour-sur-le-canal-lateral\\\/#primaryimage\"},\"image\":{\"@id\":\"https:\\\/\\\/autate.fr\\\/site\\\/sud-ouest-transport-fluvial-le-fret-bientot-de-retour-sur-le-canal-lateral\\\/#primaryimage\"},\"thumbnailUrl\":\"https:\\\/\\\/autate.fr\\\/site\\\/wp-content\\\/uploads\\\/2016\\\/01\\\/photocanalSO.jpg\",\"datePublished\":\"2016-01-11T16:07:25+00:00\",\"dateModified\":\"2016-01-12T16:11:01+00:00\",\"breadcrumb\":{\"@id\":\"https:\\\/\\\/autate.fr\\\/site\\\/sud-ouest-transport-fluvial-le-fret-bientot-de-retour-sur-le-canal-lateral\\\/#breadcrumb\"},\"inLanguage\":\"fr-FR\",\"potentialAction\":[{\"@type\":\"ReadAction\",\"target\":[\"https:\\\/\\\/autate.fr\\\/site\\\/sud-ouest-transport-fluvial-le-fret-bientot-de-retour-sur-le-canal-lateral\\\/\"]}]},{\"@type\":\"ImageObject\",\"inLanguage\":\"fr-FR\",\"@id\":\"https:\\\/\\\/autate.fr\\\/site\\\/sud-ouest-transport-fluvial-le-fret-bientot-de-retour-sur-le-canal-lateral\\\/#primaryimage\",\"url\":\"https:\\\/\\\/autate.fr\\\/site\\\/wp-content\\\/uploads\\\/2016\\\/01\\\/photocanalSO.jpg\",\"contentUrl\":\"https:\\\/\\\/autate.fr\\\/site\\\/wp-content\\\/uploads\\\/2016\\\/01\\\/photocanalSO.jpg\",\"width\":1000,\"height\":500},{\"@type\":\"BreadcrumbList\",\"@id\":\"https:\\\/\\\/autate.fr\\\/site\\\/sud-ouest-transport-fluvial-le-fret-bientot-de-retour-sur-le-canal-lateral\\\/#breadcrumb\",\"itemListElement\":[{\"@type\":\"ListItem\",\"position\":1,\"name\":\"Accueil\",\"item\":\"https:\\\/\\\/autate.fr\\\/site\\\/\"},{\"@type\":\"ListItem\",\"position\":2,\"name\":\"[Sud Ouest] Transport fluvial : le fret bient\u00f4t de retour sur le canal lat\u00e9ral ?\"}]},{\"@type\":\"WebSite\",\"@id\":\"https:\\\/\\\/autate.fr\\\/site\\\/#website\",\"url\":\"https:\\\/\\\/autate.fr\\\/site\\\/\",\"name\":\"AUTATE\",\"description\":\"Association des usagers des transports de l&#039;agglom\u00e9ration Toulousaine et de ses environs\",\"publisher\":{\"@id\":\"https:\\\/\\\/autate.fr\\\/site\\\/#organization\"},\"potentialAction\":[{\"@type\":\"SearchAction\",\"target\":{\"@type\":\"EntryPoint\",\"urlTemplate\":\"https:\\\/\\\/autate.fr\\\/site\\\/?s={search_term_string}\"},\"query-input\":{\"@type\":\"PropertyValueSpecification\",\"valueRequired\":true,\"valueName\":\"search_term_string\"}}],\"inLanguage\":\"fr-FR\"},{\"@type\":\"Organization\",\"@id\":\"https:\\\/\\\/autate.fr\\\/site\\\/#organization\",\"name\":\"AUTATE\",\"url\":\"https:\\\/\\\/autate.fr\\\/site\\\/\",\"logo\":{\"@type\":\"ImageObject\",\"inLanguage\":\"fr-FR\",\"@id\":\"https:\\\/\\\/autate.fr\\\/site\\\/#\\\/schema\\\/logo\\\/image\\\/\",\"url\":\"http:\\\/\\\/autate.fr\\\/site\\\/wp-content\\\/uploads\\\/2019\\\/01\\\/logo.png\",\"contentUrl\":\"http:\\\/\\\/autate.fr\\\/site\\\/wp-content\\\/uploads\\\/2019\\\/01\\\/logo.png\",\"width\":506,\"height\":280,\"caption\":\"AUTATE\"},\"image\":{\"@id\":\"https:\\\/\\\/autate.fr\\\/site\\\/#\\\/schema\\\/logo\\\/image\\\/\"},\"sameAs\":[\"https:\\\/\\\/www.facebook.com\\\/AutateToulouse\",\"https:\\\/\\\/x.com\\\/AutateToulouse\"]},{\"@type\":\"Person\",\"@id\":\"https:\\\/\\\/autate.fr\\\/site\\\/#\\\/schema\\\/person\\\/ae1ab8bdaa7b41d2a9b52d2557ce8254\",\"name\":\"pascalbarbier\",\"image\":{\"@type\":\"ImageObject\",\"inLanguage\":\"fr-FR\",\"@id\":\"https:\\\/\\\/secure.gravatar.com\\\/avatar\\\/03f4e8ced09894b72c67e83142540730d4b3bbf619bf46341b0074e3bf5f08a0?s=96&d=mm&r=g\",\"url\":\"https:\\\/\\\/secure.gravatar.com\\\/avatar\\\/03f4e8ced09894b72c67e83142540730d4b3bbf619bf46341b0074e3bf5f08a0?s=96&d=mm&r=g\",\"contentUrl\":\"https:\\\/\\\/secure.gravatar.com\\\/avatar\\\/03f4e8ced09894b72c67e83142540730d4b3bbf619bf46341b0074e3bf5f08a0?s=96&d=mm&r=g\",\"caption\":\"pascalbarbier\"},\"url\":\"https:\\\/\\\/autate.fr\\\/site\\\/author\\\/pascalbarbier\\\/\"}]}<\/script>\n<!-- \/ Yoast SEO plugin. -->","yoast_head_json":{"title":"[Sud Ouest] Transport fluvial : le fret bient\u00f4t de retour sur le canal lat\u00e9ral ? - AUTATE","robots":{"index":"index","follow":"follow","max-snippet":"max-snippet:-1","max-image-preview":"max-image-preview:large","max-video-preview":"max-video-preview:-1"},"canonical":"https:\/\/autate.fr\/site\/sud-ouest-transport-fluvial-le-fret-bientot-de-retour-sur-le-canal-lateral\/","og_locale":"fr_FR","og_type":"article","og_title":"[Sud Ouest] Transport fluvial : le fret bient\u00f4t de retour sur le canal lat\u00e9ral ? - AUTATE","og_description":"Voies navigables de France veut faire rena\u00eetre les \u00e9changes commerciaux par voie d\u2019eau entre Toulouse et Bordeaux. La faisabilit\u00e9 du projet est \u00e0 l\u2019\u00e9tude. Pour la coop\u00e9rative agricole lot-et-garonnaise Terres du Sud, le dernier essai il y a une dizaine d&rsquo;ann\u00e9es s&rsquo;est sold\u00e9 par un \u00e9chec, la p\u00e9niche ayant mis plus de deux jours \u00e0VOIR PLUS","og_url":"https:\/\/autate.fr\/site\/sud-ouest-transport-fluvial-le-fret-bientot-de-retour-sur-le-canal-lateral\/","og_site_name":"AUTATE","article_publisher":"https:\/\/www.facebook.com\/AutateToulouse","article_published_time":"2016-01-11T16:07:25+00:00","article_modified_time":"2016-01-12T16:11:01+00:00","og_image":[{"width":1000,"height":500,"url":"https:\/\/autate.fr\/site\/wp-content\/uploads\/2016\/01\/photocanalSO.jpg","type":"image\/jpeg"}],"author":"pascalbarbier","twitter_card":"summary_large_image","twitter_creator":"@AutateToulouse","twitter_site":"@AutateToulouse","twitter_misc":{"\u00c9crit par":"pascalbarbier","Dur\u00e9e de lecture estim\u00e9e":"1 minute"},"schema":{"@context":"https:\/\/schema.org","@graph":[{"@type":"Article","@id":"https:\/\/autate.fr\/site\/sud-ouest-transport-fluvial-le-fret-bientot-de-retour-sur-le-canal-lateral\/#article","isPartOf":{"@id":"https:\/\/autate.fr\/site\/sud-ouest-transport-fluvial-le-fret-bientot-de-retour-sur-le-canal-lateral\/"},"author":{"name":"pascalbarbier","@id":"https:\/\/autate.fr\/site\/#\/schema\/person\/ae1ab8bdaa7b41d2a9b52d2557ce8254"},"headline":"[Sud Ouest] Transport fluvial : le fret bient\u00f4t de retour sur le canal lat\u00e9ral ?","datePublished":"2016-01-11T16:07:25+00:00","dateModified":"2016-01-12T16:11:01+00:00","mainEntityOfPage":{"@id":"https:\/\/autate.fr\/site\/sud-ouest-transport-fluvial-le-fret-bientot-de-retour-sur-le-canal-lateral\/"},"wordCount":193,"commentCount":0,"publisher":{"@id":"https:\/\/autate.fr\/site\/#organization"},"image":{"@id":"https:\/\/autate.fr\/site\/sud-ouest-transport-fluvial-le-fret-bientot-de-retour-sur-le-canal-lateral\/#primaryimage"},"thumbnailUrl":"https:\/\/autate.fr\/site\/wp-content\/uploads\/2016\/01\/photocanalSO.jpg","keywords":["canal","fret","voie navigable"],"articleSection":["Revue de presse"],"inLanguage":"fr-FR","potentialAction":[{"@type":"CommentAction","name":"Comment","target":["https:\/\/autate.fr\/site\/sud-ouest-transport-fluvial-le-fret-bientot-de-retour-sur-le-canal-lateral\/#respond"]}]},{"@type":"WebPage","@id":"https:\/\/autate.fr\/site\/sud-ouest-transport-fluvial-le-fret-bientot-de-retour-sur-le-canal-lateral\/","url":"https:\/\/autate.fr\/site\/sud-ouest-transport-fluvial-le-fret-bientot-de-retour-sur-le-canal-lateral\/","name":"[Sud Ouest] Transport fluvial : le fret bient\u00f4t de retour sur le canal lat\u00e9ral ? - AUTATE","isPartOf":{"@id":"https:\/\/autate.fr\/site\/#website"},"primaryImageOfPage":{"@id":"https:\/\/autate.fr\/site\/sud-ouest-transport-fluvial-le-fret-bientot-de-retour-sur-le-canal-lateral\/#primaryimage"},"image":{"@id":"https:\/\/autate.fr\/site\/sud-ouest-transport-fluvial-le-fret-bientot-de-retour-sur-le-canal-lateral\/#primaryimage"},"thumbnailUrl":"https:\/\/autate.fr\/site\/wp-content\/uploads\/2016\/01\/photocanalSO.jpg","datePublished":"2016-01-11T16:07:25+00:00","dateModified":"2016-01-12T16:11:01+00:00","breadcrumb":{"@id":"https:\/\/autate.fr\/site\/sud-ouest-transport-fluvial-le-fret-bientot-de-retour-sur-le-canal-lateral\/#breadcrumb"},"inLanguage":"fr-FR","potentialAction":[{"@type":"ReadAction","target":["https:\/\/autate.fr\/site\/sud-ouest-transport-fluvial-le-fret-bientot-de-retour-sur-le-canal-lateral\/"]}]},{"@type":"ImageObject","inLanguage":"fr-FR","@id":"https:\/\/autate.fr\/site\/sud-ouest-transport-fluvial-le-fret-bientot-de-retour-sur-le-canal-lateral\/#primaryimage","url":"https:\/\/autate.fr\/site\/wp-content\/uploads\/2016\/01\/photocanalSO.jpg","contentUrl":"https:\/\/autate.fr\/site\/wp-content\/uploads\/2016\/01\/photocanalSO.jpg","width":1000,"height":500},{"@type":"BreadcrumbList","@id":"https:\/\/autate.fr\/site\/sud-ouest-transport-fluvial-le-fret-bientot-de-retour-sur-le-canal-lateral\/#breadcrumb","itemListElement":[{"@type":"ListItem","position":1,"name":"Accueil","item":"https:\/\/autate.fr\/site\/"},{"@type":"ListItem","position":2,"name":"[Sud Ouest] Transport fluvial : le fret bient\u00f4t de retour sur le canal lat\u00e9ral ?"}]},{"@type":"WebSite","@id":"https:\/\/autate.fr\/site\/#website","url":"https:\/\/autate.fr\/site\/","name":"AUTATE","description":"Association des usagers des transports de l&#039;agglom\u00e9ration Toulousaine et de ses environs","publisher":{"@id":"https:\/\/autate.fr\/site\/#organization"},"potentialAction":[{"@type":"SearchAction","target":{"@type":"EntryPoint","urlTemplate":"https:\/\/autate.fr\/site\/?s={search_term_string}"},"query-input":{"@type":"PropertyValueSpecification","valueRequired":true,"valueName":"search_term_string"}}],"inLanguage":"fr-FR"},{"@type":"Organization","@id":"https:\/\/autate.fr\/site\/#organization","name":"AUTATE","url":"https:\/\/autate.fr\/site\/","logo":{"@type":"ImageObject","inLanguage":"fr-FR","@id":"https:\/\/autate.fr\/site\/#\/schema\/logo\/image\/","url":"http:\/\/autate.fr\/site\/wp-content\/uploads\/2019\/01\/logo.png","contentUrl":"http:\/\/autate.fr\/site\/wp-content\/uploads\/2019\/01\/logo.png","width":506,"height":280,"caption":"AUTATE"},"image":{"@id":"https:\/\/autate.fr\/site\/#\/schema\/logo\/image\/"},"sameAs":["https:\/\/www.facebook.com\/AutateToulouse","https:\/\/x.com\/AutateToulouse"]},{"@type":"Person","@id":"https:\/\/autate.fr\/site\/#\/schema\/person\/ae1ab8bdaa7b41d2a9b52d2557ce8254","name":"pascalbarbier","image":{"@type":"ImageObject","inLanguage":"fr-FR","@id":"https:\/\/secure.gravatar.com\/avatar\/03f4e8ced09894b72c67e83142540730d4b3bbf619bf46341b0074e3bf5f08a0?s=96&d=mm&r=g","url":"https:\/\/secure.gravatar.com\/avatar\/03f4e8ced09894b72c67e83142540730d4b3bbf619bf46341b0074e3bf5f08a0?s=96&d=mm&r=g","contentUrl":"https:\/\/secure.gravatar.com\/avatar\/03f4e8ced09894b72c67e83142540730d4b3bbf619bf46341b0074e3bf5f08a0?s=96&d=mm&r=g","caption":"pascalbarbier"},"url":"https:\/\/autate.fr\/site\/author\/pascalbarbier\/"}]}},"_links":{"self":[{"href":"https:\/\/autate.fr\/site\/wp-json\/wp\/v2\/posts\/152","targetHints":{"allow":["GET"]}}],"collection":[{"href":"https:\/\/autate.fr\/site\/wp-json\/wp\/v2\/posts"}],"about":[{"href":"https:\/\/autate.fr\/site\/wp-json\/wp\/v2\/types\/post"}],"author":[{"embeddable":true,"href":"https:\/\/autate.fr\/site\/wp-json\/wp\/v2\/users\/1"}],"replies":[{"embeddable":true,"href":"https:\/\/autate.fr\/site\/wp-json\/wp\/v2\/comments?post=152"}],"version-history":[{"count":1,"href":"https:\/\/autate.fr\/site\/wp-json\/wp\/v2\/posts\/152\/revisions"}],"predecessor-version":[{"id":154,"href":"https:\/\/autate.fr\/site\/wp-json\/wp\/v2\/posts\/152\/revisions\/154"}],"wp:featuredmedia":[{"embeddable":true,"href":"https:\/\/autate.fr\/site\/wp-json\/wp\/v2\/media\/153"}],"wp:attachment":[{"href":"https:\/\/autate.fr\/site\/wp-json\/wp\/v2\/media?parent=152"}],"wp:term":[{"taxonomy":"category","embeddable":true,"href":"https:\/\/autate.fr\/site\/wp-json\/wp\/v2\/categories?post=152"},{"taxonomy":"post_tag","embeddable":true,"href":"https:\/\/autate.fr\/site\/wp-json\/wp\/v2\/tags?post=152"}],"curies":[{"name":"wp","href":"https:\/\/api.w.org\/{rel}","templated":true}]}}