{"id":144,"date":"2016-01-08T08:08:11","date_gmt":"2016-01-08T07:08:11","guid":{"rendered":"http:\/\/autate.fr\/site\/?p=144"},"modified":"2016-01-12T17:11:51","modified_gmt":"2016-01-12T16:11:51","slug":"communique-de-presse","status":"publish","type":"post","link":"https:\/\/autate.fr\/site\/communique-de-presse\/","title":{"rendered":"Communiqu\u00e9 de presse"},"content":{"rendered":"<p>Communiqu\u00e9 de presse<\/p>\n<p>Par son Assembl\u00e9e g\u00e9n\u00e9rale du 18 d\u00e9cembre 2015, l\u2019association s\u2019est dot\u00e9e d\u2019un nouveau bureau, compos\u00e9 notamment d\u2019une pr\u00e9sidente, Marie-Pierre B\u00e8s, d\u2019un vice-pr\u00e9sident, Beno\u00eet Durand, et d\u2019une secr\u00e9taire, Dani\u00e8le Charles, qui cr\u00e9a l&rsquo;association en 2008. Elle fonctionnera essentiellement en conseil d\u2019administration \u00e9largi \u00e0 tous les membres int\u00e9ress\u00e9s par la mise en place de groupes th\u00e9matiques.<\/p>\n<p>Nous suivrons quatre id\u00e9es directrices :<br \/>\n-le maillage du territoire, en particulier les liaisons transversales entre communes autour de Toulouse,<br \/>\n-la question de la baisse des temps de trajet pour tous les usager-es\u00a0 et les possibilit\u00e9s de mobilit\u00e9 pour toutes les cat\u00e9gories de personnes,<br \/>\n-le d\u00e9veloppement du ferroviaire local de type RER et sa liaison avec l&rsquo;existant.<br \/>\n-la cr\u00e9ation d&rsquo;une autorit\u00e9 unique organisatrice de transports.<\/p>\n<p>Nous serons donc tr\u00e8s attentifs \u00e0 tous les projets de d\u00e9veloppement annonc\u00e9s par les pouvoirs publics et surtout \u00e0 leurs impacts, que ce soit l&rsquo;avenir de Tiss\u00e9o, le d\u00e9veloppement des lignes Lineo, les projets de 3\u00e8me ligne de m\u00e9tro, d&rsquo;a\u00e9rotram ou de r\u00e9novation de la gare Matabiau.<br \/>\nNous invitons tout-es les toulousain-es \u00e0 nous rejoindre pour d\u00e9fendre une orientation des transports qui r\u00e9ponde aux besoins des usager-es.<br \/>\nL\u2019AUTATE formule, pour 2016, le v\u0153u d\u2019une augmentation sensible de la part des transports en commun dans les d\u00e9placements des toulousain-es.<\/p>\n<p>&nbsp;<\/p>\n","protected":false},"excerpt":{"rendered":"<p>Communiqu\u00e9 de presse Par son Assembl\u00e9e g\u00e9n\u00e9rale du 18 d\u00e9cembre 2015, l\u2019association s\u2019est dot\u00e9e d\u2019un nouveau bureau, compos\u00e9 notamment d\u2019une pr\u00e9sidente, Marie-Pierre B\u00e8s, d\u2019un vice-pr\u00e9sident, Beno\u00eet Durand, et d\u2019une secr\u00e9taire, Dani\u00e8le Charles, qui cr\u00e9a l&rsquo;association en 2008. Elle fonctionnera essentiellement en conseil d\u2019administration \u00e9largi \u00e0 tous les membres int\u00e9ress\u00e9s par la mise en place de<\/p>\n<p class=\"more-link\"><a href=\"https:\/\/autate.fr\/site\/communique-de-presse\/\" class=\"themebutton2\">VOIR PLUS<\/a><\/p>\n","protected":false},"author":1,"featured_media":0,"comment_status":"open","ping_status":"open","sticky":false,"template":"","format":"standard","meta":{"footnotes":""},"categories":[4],"tags":[24,43,45],"class_list":["post-144","post","type-post","status-publish","format-standard","hentry","category-actualite-association","tag-autate","tag-bureau","tag-feuille-de-route"],"yoast_head":"<!-- This site is optimized with the Yoast SEO plugin v27.4 - https:\/\/yoast.com\/product\/yoast-seo-wordpress\/ -->\n<title>Communiqu\u00e9 de presse - AUTATE<\/title>\n<meta name=\"robots\" content=\"index, follow, max-snippet:-1, max-image-preview:large, max-video-preview:-1\" \/>\n<link rel=\"canonical\" href=\"https:\/\/autate.fr\/site\/communique-de-presse\/\" \/>\n<meta property=\"og:locale\" content=\"fr_FR\" \/>\n<meta property=\"og:type\" content=\"article\" \/>\n<meta property=\"og:title\" content=\"Communiqu\u00e9 de presse - AUTATE\" \/>\n<meta property=\"og:description\" content=\"Communiqu\u00e9 de presse Par son Assembl\u00e9e g\u00e9n\u00e9rale du 18 d\u00e9cembre 2015, l\u2019association s\u2019est dot\u00e9e d\u2019un nouveau bureau, compos\u00e9 notamment d\u2019une pr\u00e9sidente, Marie-Pierre B\u00e8s, d\u2019un vice-pr\u00e9sident, Beno\u00eet Durand, et d\u2019une secr\u00e9taire, Dani\u00e8le Charles, qui cr\u00e9a l&rsquo;association en 2008. Elle fonctionnera essentiellement en conseil d\u2019administration \u00e9largi \u00e0 tous les membres int\u00e9ress\u00e9s par la mise en place deVOIR PLUS\" \/>\n<meta property=\"og:url\" content=\"https:\/\/autate.fr\/site\/communique-de-presse\/\" \/>\n<meta property=\"og:site_name\" content=\"AUTATE\" \/>\n<meta property=\"article:publisher\" content=\"https:\/\/www.facebook.com\/AutateToulouse\" \/>\n<meta property=\"article:published_time\" content=\"2016-01-08T07:08:11+00:00\" \/>\n<meta property=\"article:modified_time\" content=\"2016-01-12T16:11:51+00:00\" \/>\n<meta name=\"author\" content=\"pascalbarbier\" \/>\n<meta name=\"twitter:card\" content=\"summary_large_image\" \/>\n<meta name=\"twitter:creator\" content=\"@AutateToulouse\" \/>\n<meta name=\"twitter:site\" content=\"@AutateToulouse\" \/>\n<meta name=\"twitter:label1\" content=\"\u00c9crit par\" \/>\n\t<meta name=\"twitter:data1\" content=\"pascalbarbier\" \/>\n\t<meta name=\"twitter:label2\" content=\"Dur\u00e9e de lecture estim\u00e9e\" \/>\n\t<meta name=\"twitter:data2\" content=\"1 minute\" \/>\n<script type=\"application\/ld+json\" class=\"yoast-schema-graph\">{\"@context\":\"https:\\\/\\\/schema.org\",\"@graph\":[{\"@type\":\"Article\",\"@id\":\"https:\\\/\\\/autate.fr\\\/site\\\/communique-de-presse\\\/#article\",\"isPartOf\":{\"@id\":\"https:\\\/\\\/autate.fr\\\/site\\\/communique-de-presse\\\/\"},\"author\":{\"name\":\"pascalbarbier\",\"@id\":\"https:\\\/\\\/autate.fr\\\/site\\\/#\\\/schema\\\/person\\\/ae1ab8bdaa7b41d2a9b52d2557ce8254\"},\"headline\":\"Communiqu\u00e9 de presse\",\"datePublished\":\"2016-01-08T07:08:11+00:00\",\"dateModified\":\"2016-01-12T16:11:51+00:00\",\"mainEntityOfPage\":{\"@id\":\"https:\\\/\\\/autate.fr\\\/site\\\/communique-de-presse\\\/\"},\"wordCount\":246,\"commentCount\":0,\"publisher\":{\"@id\":\"https:\\\/\\\/autate.fr\\\/site\\\/#organization\"},\"keywords\":[\"AUTATE\",\"bureau\",\"feuille de route\"],\"articleSection\":[\"Actualit\u00e9s-AUTATE\"],\"inLanguage\":\"fr-FR\",\"potentialAction\":[{\"@type\":\"CommentAction\",\"name\":\"Comment\",\"target\":[\"https:\\\/\\\/autate.fr\\\/site\\\/communique-de-presse\\\/#respond\"]}]},{\"@type\":\"WebPage\",\"@id\":\"https:\\\/\\\/autate.fr\\\/site\\\/communique-de-presse\\\/\",\"url\":\"https:\\\/\\\/autate.fr\\\/site\\\/communique-de-presse\\\/\",\"name\":\"Communiqu\u00e9 de presse - AUTATE\",\"isPartOf\":{\"@id\":\"https:\\\/\\\/autate.fr\\\/site\\\/#website\"},\"datePublished\":\"2016-01-08T07:08:11+00:00\",\"dateModified\":\"2016-01-12T16:11:51+00:00\",\"breadcrumb\":{\"@id\":\"https:\\\/\\\/autate.fr\\\/site\\\/communique-de-presse\\\/#breadcrumb\"},\"inLanguage\":\"fr-FR\",\"potentialAction\":[{\"@type\":\"ReadAction\",\"target\":[\"https:\\\/\\\/autate.fr\\\/site\\\/communique-de-presse\\\/\"]}]},{\"@type\":\"BreadcrumbList\",\"@id\":\"https:\\\/\\\/autate.fr\\\/site\\\/communique-de-presse\\\/#breadcrumb\",\"itemListElement\":[{\"@type\":\"ListItem\",\"position\":1,\"name\":\"Accueil\",\"item\":\"https:\\\/\\\/autate.fr\\\/site\\\/\"},{\"@type\":\"ListItem\",\"position\":2,\"name\":\"Communiqu\u00e9 de presse\"}]},{\"@type\":\"WebSite\",\"@id\":\"https:\\\/\\\/autate.fr\\\/site\\\/#website\",\"url\":\"https:\\\/\\\/autate.fr\\\/site\\\/\",\"name\":\"AUTATE\",\"description\":\"Association des usagers des transports de l&#039;agglom\u00e9ration Toulousaine et de ses environs\",\"publisher\":{\"@id\":\"https:\\\/\\\/autate.fr\\\/site\\\/#organization\"},\"potentialAction\":[{\"@type\":\"SearchAction\",\"target\":{\"@type\":\"EntryPoint\",\"urlTemplate\":\"https:\\\/\\\/autate.fr\\\/site\\\/?s={search_term_string}\"},\"query-input\":{\"@type\":\"PropertyValueSpecification\",\"valueRequired\":true,\"valueName\":\"search_term_string\"}}],\"inLanguage\":\"fr-FR\"},{\"@type\":\"Organization\",\"@id\":\"https:\\\/\\\/autate.fr\\\/site\\\/#organization\",\"name\":\"AUTATE\",\"url\":\"https:\\\/\\\/autate.fr\\\/site\\\/\",\"logo\":{\"@type\":\"ImageObject\",\"inLanguage\":\"fr-FR\",\"@id\":\"https:\\\/\\\/autate.fr\\\/site\\\/#\\\/schema\\\/logo\\\/image\\\/\",\"url\":\"http:\\\/\\\/autate.fr\\\/site\\\/wp-content\\\/uploads\\\/2019\\\/01\\\/logo.png\",\"contentUrl\":\"http:\\\/\\\/autate.fr\\\/site\\\/wp-content\\\/uploads\\\/2019\\\/01\\\/logo.png\",\"width\":506,\"height\":280,\"caption\":\"AUTATE\"},\"image\":{\"@id\":\"https:\\\/\\\/autate.fr\\\/site\\\/#\\\/schema\\\/logo\\\/image\\\/\"},\"sameAs\":[\"https:\\\/\\\/www.facebook.com\\\/AutateToulouse\",\"https:\\\/\\\/x.com\\\/AutateToulouse\"]},{\"@type\":\"Person\",\"@id\":\"https:\\\/\\\/autate.fr\\\/site\\\/#\\\/schema\\\/person\\\/ae1ab8bdaa7b41d2a9b52d2557ce8254\",\"name\":\"pascalbarbier\",\"image\":{\"@type\":\"ImageObject\",\"inLanguage\":\"fr-FR\",\"@id\":\"https:\\\/\\\/secure.gravatar.com\\\/avatar\\\/03f4e8ced09894b72c67e83142540730d4b3bbf619bf46341b0074e3bf5f08a0?s=96&d=mm&r=g\",\"url\":\"https:\\\/\\\/secure.gravatar.com\\\/avatar\\\/03f4e8ced09894b72c67e83142540730d4b3bbf619bf46341b0074e3bf5f08a0?s=96&d=mm&r=g\",\"contentUrl\":\"https:\\\/\\\/secure.gravatar.com\\\/avatar\\\/03f4e8ced09894b72c67e83142540730d4b3bbf619bf46341b0074e3bf5f08a0?s=96&d=mm&r=g\",\"caption\":\"pascalbarbier\"},\"url\":\"https:\\\/\\\/autate.fr\\\/site\\\/author\\\/pascalbarbier\\\/\"}]}<\/script>\n<!-- \/ Yoast SEO plugin. -->","yoast_head_json":{"title":"Communiqu\u00e9 de presse - AUTATE","robots":{"index":"index","follow":"follow","max-snippet":"max-snippet:-1","max-image-preview":"max-image-preview:large","max-video-preview":"max-video-preview:-1"},"canonical":"https:\/\/autate.fr\/site\/communique-de-presse\/","og_locale":"fr_FR","og_type":"article","og_title":"Communiqu\u00e9 de presse - AUTATE","og_description":"Communiqu\u00e9 de presse Par son Assembl\u00e9e g\u00e9n\u00e9rale du 18 d\u00e9cembre 2015, l\u2019association s\u2019est dot\u00e9e d\u2019un nouveau bureau, compos\u00e9 notamment d\u2019une pr\u00e9sidente, Marie-Pierre B\u00e8s, d\u2019un vice-pr\u00e9sident, Beno\u00eet Durand, et d\u2019une secr\u00e9taire, Dani\u00e8le Charles, qui cr\u00e9a l&rsquo;association en 2008. Elle fonctionnera essentiellement en conseil d\u2019administration \u00e9largi \u00e0 tous les membres int\u00e9ress\u00e9s par la mise en place deVOIR PLUS","og_url":"https:\/\/autate.fr\/site\/communique-de-presse\/","og_site_name":"AUTATE","article_publisher":"https:\/\/www.facebook.com\/AutateToulouse","article_published_time":"2016-01-08T07:08:11+00:00","article_modified_time":"2016-01-12T16:11:51+00:00","author":"pascalbarbier","twitter_card":"summary_large_image","twitter_creator":"@AutateToulouse","twitter_site":"@AutateToulouse","twitter_misc":{"\u00c9crit par":"pascalbarbier","Dur\u00e9e de lecture estim\u00e9e":"1 minute"},"schema":{"@context":"https:\/\/schema.org","@graph":[{"@type":"Article","@id":"https:\/\/autate.fr\/site\/communique-de-presse\/#article","isPartOf":{"@id":"https:\/\/autate.fr\/site\/communique-de-presse\/"},"author":{"name":"pascalbarbier","@id":"https:\/\/autate.fr\/site\/#\/schema\/person\/ae1ab8bdaa7b41d2a9b52d2557ce8254"},"headline":"Communiqu\u00e9 de presse","datePublished":"2016-01-08T07:08:11+00:00","dateModified":"2016-01-12T16:11:51+00:00","mainEntityOfPage":{"@id":"https:\/\/autate.fr\/site\/communique-de-presse\/"},"wordCount":246,"commentCount":0,"publisher":{"@id":"https:\/\/autate.fr\/site\/#organization"},"keywords":["AUTATE","bureau","feuille de route"],"articleSection":["Actualit\u00e9s-AUTATE"],"inLanguage":"fr-FR","potentialAction":[{"@type":"CommentAction","name":"Comment","target":["https:\/\/autate.fr\/site\/communique-de-presse\/#respond"]}]},{"@type":"WebPage","@id":"https:\/\/autate.fr\/site\/communique-de-presse\/","url":"https:\/\/autate.fr\/site\/communique-de-presse\/","name":"Communiqu\u00e9 de presse - AUTATE","isPartOf":{"@id":"https:\/\/autate.fr\/site\/#website"},"datePublished":"2016-01-08T07:08:11+00:00","dateModified":"2016-01-12T16:11:51+00:00","breadcrumb":{"@id":"https:\/\/autate.fr\/site\/communique-de-presse\/#breadcrumb"},"inLanguage":"fr-FR","potentialAction":[{"@type":"ReadAction","target":["https:\/\/autate.fr\/site\/communique-de-presse\/"]}]},{"@type":"BreadcrumbList","@id":"https:\/\/autate.fr\/site\/communique-de-presse\/#breadcrumb","itemListElement":[{"@type":"ListItem","position":1,"name":"Accueil","item":"https:\/\/autate.fr\/site\/"},{"@type":"ListItem","position":2,"name":"Communiqu\u00e9 de presse"}]},{"@type":"WebSite","@id":"https:\/\/autate.fr\/site\/#website","url":"https:\/\/autate.fr\/site\/","name":"AUTATE","description":"Association des usagers des transports de l&#039;agglom\u00e9ration Toulousaine et de ses environs","publisher":{"@id":"https:\/\/autate.fr\/site\/#organization"},"potentialAction":[{"@type":"SearchAction","target":{"@type":"EntryPoint","urlTemplate":"https:\/\/autate.fr\/site\/?s={search_term_string}"},"query-input":{"@type":"PropertyValueSpecification","valueRequired":true,"valueName":"search_term_string"}}],"inLanguage":"fr-FR"},{"@type":"Organization","@id":"https:\/\/autate.fr\/site\/#organization","name":"AUTATE","url":"https:\/\/autate.fr\/site\/","logo":{"@type":"ImageObject","inLanguage":"fr-FR","@id":"https:\/\/autate.fr\/site\/#\/schema\/logo\/image\/","url":"http:\/\/autate.fr\/site\/wp-content\/uploads\/2019\/01\/logo.png","contentUrl":"http:\/\/autate.fr\/site\/wp-content\/uploads\/2019\/01\/logo.png","width":506,"height":280,"caption":"AUTATE"},"image":{"@id":"https:\/\/autate.fr\/site\/#\/schema\/logo\/image\/"},"sameAs":["https:\/\/www.facebook.com\/AutateToulouse","https:\/\/x.com\/AutateToulouse"]},{"@type":"Person","@id":"https:\/\/autate.fr\/site\/#\/schema\/person\/ae1ab8bdaa7b41d2a9b52d2557ce8254","name":"pascalbarbier","image":{"@type":"ImageObject","inLanguage":"fr-FR","@id":"https:\/\/secure.gravatar.com\/avatar\/03f4e8ced09894b72c67e83142540730d4b3bbf619bf46341b0074e3bf5f08a0?s=96&d=mm&r=g","url":"https:\/\/secure.gravatar.com\/avatar\/03f4e8ced09894b72c67e83142540730d4b3bbf619bf46341b0074e3bf5f08a0?s=96&d=mm&r=g","contentUrl":"https:\/\/secure.gravatar.com\/avatar\/03f4e8ced09894b72c67e83142540730d4b3bbf619bf46341b0074e3bf5f08a0?s=96&d=mm&r=g","caption":"pascalbarbier"},"url":"https:\/\/autate.fr\/site\/author\/pascalbarbier\/"}]}},"_links":{"self":[{"href":"https:\/\/autate.fr\/site\/wp-json\/wp\/v2\/posts\/144","targetHints":{"allow":["GET"]}}],"collection":[{"href":"https:\/\/autate.fr\/site\/wp-json\/wp\/v2\/posts"}],"about":[{"href":"https:\/\/autate.fr\/site\/wp-json\/wp\/v2\/types\/post"}],"author":[{"embeddable":true,"href":"https:\/\/autate.fr\/site\/wp-json\/wp\/v2\/users\/1"}],"replies":[{"embeddable":true,"href":"https:\/\/autate.fr\/site\/wp-json\/wp\/v2\/comments?post=144"}],"version-history":[{"count":4,"href":"https:\/\/autate.fr\/site\/wp-json\/wp\/v2\/posts\/144\/revisions"}],"predecessor-version":[{"id":148,"href":"https:\/\/autate.fr\/site\/wp-json\/wp\/v2\/posts\/144\/revisions\/148"}],"wp:attachment":[{"href":"https:\/\/autate.fr\/site\/wp-json\/wp\/v2\/media?parent=144"}],"wp:term":[{"taxonomy":"category","embeddable":true,"href":"https:\/\/autate.fr\/site\/wp-json\/wp\/v2\/categories?post=144"},{"taxonomy":"post_tag","embeddable":true,"href":"https:\/\/autate.fr\/site\/wp-json\/wp\/v2\/tags?post=144"}],"curies":[{"name":"wp","href":"https:\/\/api.w.org\/{rel}","templated":true}]}}