{"id":141,"date":"2016-01-07T13:02:34","date_gmt":"2016-01-07T12:02:34","guid":{"rendered":"http:\/\/autate.fr\/site\/?p=141"},"modified":"2016-01-12T17:11:17","modified_gmt":"2016-01-12T16:11:17","slug":"la-depeche-matabiau-cest-parti-pour-8-ans-de-travaux","status":"publish","type":"post","link":"https:\/\/autate.fr\/site\/la-depeche-matabiau-cest-parti-pour-8-ans-de-travaux\/","title":{"rendered":"[La D\u00e9p\u00eache] Matabiau : c&rsquo;est parti pour 8 ans de travaux"},"content":{"rendered":"<p>Le chantier TESO, <a href=\"http:\/\/www.ladepeche.fr\/communes\/toulouse,31555.html\">Toulouse<\/a> Euro Sud Ouest, qui vient de d\u00e9buter, durera jusqu&rsquo;en 2024 date de la mise en service de la LGV Paris-Toulouse. Il va transfigurer tout le quartier Matabiau.<\/p>\n<p>\u00c0 quoi ressemblera le quartier Matabiau en 2024 ? \u00c0 tout sauf \u00e0 l&rsquo;image pas vraiment\u2026 rose qu&rsquo;il offre aux voyageurs qui d\u00e9couvrent Toulouse pour la premi\u00e8re fois apr\u00e8s un interminable trajet en train depuis Paris. Pour pr\u00e9parer l&rsquo;arriv\u00e9e de la Ligne \u00e0 Grande Vitesse qui mettra le Capitole \u00e0 seulement 3 heures de la capitale en 2024, l&rsquo;\u00c9tat, la r\u00e9gion, le d\u00e9partement, Toulouse M\u00e9tropole, SNCF et Tiss\u00e9o planchent depuis 6 ans sur un ambitieux projet qui r\u00e9pond au nom de code de TESO (Toulouse Euro Sud Ouest). C&rsquo;est l&rsquo;urbaniste catalan Joan Busquets qui a \u00e9t\u00e9 choisi pour dessiner les contours de ce futur quartier de 400 hectares, qui va radicalement changer le visage de Toulouse. Cofinanc\u00e9 par tous les partenaires, qui vont signer dans les prochains jours avec l&rsquo;\u00c9tat un PIM (Projet d&rsquo;int\u00e9r\u00eat majeur), ce gigantesque chantier, chiffr\u00e9 \u00e0 pr\u00e8s d&rsquo;un milliard d&rsquo;euros, vise \u00e0 transformer la gare actuelle en un v\u00e9ritable p\u00f4le d&rsquo;\u00e9changes multimodaux et \u00e0 cr\u00e9er un nouveau quartier autour de Matabiau, avec 400 000 m2 de bureaux, commerces et logements ; qui \u00e9largira le centre-ville actuel.<\/p>\n<p><a href=\"http:\/\/www.ladepeche.fr\/article\/2016\/01\/07\/2251116-matabiau-c-est-parti-pour-8-ans-de-travaux.html\">Lire la suite <\/a><\/p>\n<p>photo DR<\/p>\n","protected":false},"excerpt":{"rendered":"<p>Le chantier TESO, Toulouse Euro Sud Ouest, qui vient de d\u00e9buter, durera jusqu&rsquo;en 2024 date de la mise en service de la LGV Paris-Toulouse. Il va transfigurer tout le quartier Matabiau. \u00c0 quoi ressemblera le quartier Matabiau en 2024 ? \u00c0 tout sauf \u00e0 l&rsquo;image pas vraiment\u2026 rose qu&rsquo;il offre aux voyageurs qui d\u00e9couvrent Toulouse<\/p>\n<p class=\"more-link\"><a href=\"https:\/\/autate.fr\/site\/la-depeche-matabiau-cest-parti-pour-8-ans-de-travaux\/\" class=\"themebutton2\">VOIR PLUS<\/a><\/p>\n","protected":false},"author":1,"featured_media":142,"comment_status":"open","ping_status":"open","sticky":false,"template":"","format":"standard","meta":{"footnotes":""},"categories":[7],"tags":[41,42],"class_list":["post-141","post","type-post","status-publish","format-standard","has-post-thumbnail","hentry","category-revue-de-presse","tag-gare-matabiau","tag-teso"],"yoast_head":"<!-- This site is optimized with the Yoast SEO plugin v27.4 - https:\/\/yoast.com\/product\/yoast-seo-wordpress\/ -->\n<title>[La D\u00e9p\u00eache] Matabiau : c&#039;est parti pour 8 ans de travaux - AUTATE<\/title>\n<meta name=\"robots\" content=\"index, follow, max-snippet:-1, max-image-preview:large, max-video-preview:-1\" \/>\n<link rel=\"canonical\" href=\"https:\/\/autate.fr\/site\/la-depeche-matabiau-cest-parti-pour-8-ans-de-travaux\/\" \/>\n<meta property=\"og:locale\" content=\"fr_FR\" \/>\n<meta property=\"og:type\" content=\"article\" \/>\n<meta property=\"og:title\" content=\"[La D\u00e9p\u00eache] Matabiau : c&#039;est parti pour 8 ans de travaux - AUTATE\" \/>\n<meta property=\"og:description\" content=\"Le chantier TESO, Toulouse Euro Sud Ouest, qui vient de d\u00e9buter, durera jusqu&rsquo;en 2024 date de la mise en service de la LGV Paris-Toulouse. Il va transfigurer tout le quartier Matabiau. \u00c0 quoi ressemblera le quartier Matabiau en 2024 ? \u00c0 tout sauf \u00e0 l&rsquo;image pas vraiment\u2026 rose qu&rsquo;il offre aux voyageurs qui d\u00e9couvrent ToulouseVOIR PLUS\" \/>\n<meta property=\"og:url\" content=\"https:\/\/autate.fr\/site\/la-depeche-matabiau-cest-parti-pour-8-ans-de-travaux\/\" \/>\n<meta property=\"og:site_name\" content=\"AUTATE\" \/>\n<meta property=\"article:publisher\" content=\"https:\/\/www.facebook.com\/AutateToulouse\" \/>\n<meta property=\"article:published_time\" content=\"2016-01-07T12:02:34+00:00\" \/>\n<meta property=\"article:modified_time\" content=\"2016-01-12T16:11:17+00:00\" \/>\n<meta property=\"og:image\" content=\"https:\/\/autate.fr\/site\/wp-content\/uploads\/2016\/01\/matabiau.jpg\" \/>\n\t<meta property=\"og:image:width\" content=\"650\" \/>\n\t<meta property=\"og:image:height\" content=\"350\" \/>\n\t<meta property=\"og:image:type\" content=\"image\/jpeg\" \/>\n<meta name=\"author\" content=\"pascalbarbier\" \/>\n<meta name=\"twitter:card\" content=\"summary_large_image\" \/>\n<meta name=\"twitter:creator\" content=\"@AutateToulouse\" \/>\n<meta name=\"twitter:site\" content=\"@AutateToulouse\" \/>\n<meta name=\"twitter:label1\" content=\"\u00c9crit par\" \/>\n\t<meta name=\"twitter:data1\" content=\"pascalbarbier\" \/>\n\t<meta name=\"twitter:label2\" content=\"Dur\u00e9e de lecture estim\u00e9e\" \/>\n\t<meta name=\"twitter:data2\" content=\"1 minute\" \/>\n<script type=\"application\/ld+json\" class=\"yoast-schema-graph\">{\"@context\":\"https:\\\/\\\/schema.org\",\"@graph\":[{\"@type\":\"Article\",\"@id\":\"https:\\\/\\\/autate.fr\\\/site\\\/la-depeche-matabiau-cest-parti-pour-8-ans-de-travaux\\\/#article\",\"isPartOf\":{\"@id\":\"https:\\\/\\\/autate.fr\\\/site\\\/la-depeche-matabiau-cest-parti-pour-8-ans-de-travaux\\\/\"},\"author\":{\"name\":\"pascalbarbier\",\"@id\":\"https:\\\/\\\/autate.fr\\\/site\\\/#\\\/schema\\\/person\\\/ae1ab8bdaa7b41d2a9b52d2557ce8254\"},\"headline\":\"[La D\u00e9p\u00eache] Matabiau : c&rsquo;est parti pour 8 ans de travaux\",\"datePublished\":\"2016-01-07T12:02:34+00:00\",\"dateModified\":\"2016-01-12T16:11:17+00:00\",\"mainEntityOfPage\":{\"@id\":\"https:\\\/\\\/autate.fr\\\/site\\\/la-depeche-matabiau-cest-parti-pour-8-ans-de-travaux\\\/\"},\"wordCount\":229,\"commentCount\":0,\"publisher\":{\"@id\":\"https:\\\/\\\/autate.fr\\\/site\\\/#organization\"},\"image\":{\"@id\":\"https:\\\/\\\/autate.fr\\\/site\\\/la-depeche-matabiau-cest-parti-pour-8-ans-de-travaux\\\/#primaryimage\"},\"thumbnailUrl\":\"https:\\\/\\\/autate.fr\\\/site\\\/wp-content\\\/uploads\\\/2016\\\/01\\\/matabiau.jpg\",\"keywords\":[\"gare Matabiau\",\"TESO\"],\"articleSection\":[\"Revue de presse\"],\"inLanguage\":\"fr-FR\",\"potentialAction\":[{\"@type\":\"CommentAction\",\"name\":\"Comment\",\"target\":[\"https:\\\/\\\/autate.fr\\\/site\\\/la-depeche-matabiau-cest-parti-pour-8-ans-de-travaux\\\/#respond\"]}]},{\"@type\":\"WebPage\",\"@id\":\"https:\\\/\\\/autate.fr\\\/site\\\/la-depeche-matabiau-cest-parti-pour-8-ans-de-travaux\\\/\",\"url\":\"https:\\\/\\\/autate.fr\\\/site\\\/la-depeche-matabiau-cest-parti-pour-8-ans-de-travaux\\\/\",\"name\":\"[La D\u00e9p\u00eache] Matabiau : c'est parti pour 8 ans de travaux - AUTATE\",\"isPartOf\":{\"@id\":\"https:\\\/\\\/autate.fr\\\/site\\\/#website\"},\"primaryImageOfPage\":{\"@id\":\"https:\\\/\\\/autate.fr\\\/site\\\/la-depeche-matabiau-cest-parti-pour-8-ans-de-travaux\\\/#primaryimage\"},\"image\":{\"@id\":\"https:\\\/\\\/autate.fr\\\/site\\\/la-depeche-matabiau-cest-parti-pour-8-ans-de-travaux\\\/#primaryimage\"},\"thumbnailUrl\":\"https:\\\/\\\/autate.fr\\\/site\\\/wp-content\\\/uploads\\\/2016\\\/01\\\/matabiau.jpg\",\"datePublished\":\"2016-01-07T12:02:34+00:00\",\"dateModified\":\"2016-01-12T16:11:17+00:00\",\"breadcrumb\":{\"@id\":\"https:\\\/\\\/autate.fr\\\/site\\\/la-depeche-matabiau-cest-parti-pour-8-ans-de-travaux\\\/#breadcrumb\"},\"inLanguage\":\"fr-FR\",\"potentialAction\":[{\"@type\":\"ReadAction\",\"target\":[\"https:\\\/\\\/autate.fr\\\/site\\\/la-depeche-matabiau-cest-parti-pour-8-ans-de-travaux\\\/\"]}]},{\"@type\":\"ImageObject\",\"inLanguage\":\"fr-FR\",\"@id\":\"https:\\\/\\\/autate.fr\\\/site\\\/la-depeche-matabiau-cest-parti-pour-8-ans-de-travaux\\\/#primaryimage\",\"url\":\"https:\\\/\\\/autate.fr\\\/site\\\/wp-content\\\/uploads\\\/2016\\\/01\\\/matabiau.jpg\",\"contentUrl\":\"https:\\\/\\\/autate.fr\\\/site\\\/wp-content\\\/uploads\\\/2016\\\/01\\\/matabiau.jpg\",\"width\":650,\"height\":350},{\"@type\":\"BreadcrumbList\",\"@id\":\"https:\\\/\\\/autate.fr\\\/site\\\/la-depeche-matabiau-cest-parti-pour-8-ans-de-travaux\\\/#breadcrumb\",\"itemListElement\":[{\"@type\":\"ListItem\",\"position\":1,\"name\":\"Accueil\",\"item\":\"https:\\\/\\\/autate.fr\\\/site\\\/\"},{\"@type\":\"ListItem\",\"position\":2,\"name\":\"[La D\u00e9p\u00eache] Matabiau : c&rsquo;est parti pour 8 ans de travaux\"}]},{\"@type\":\"WebSite\",\"@id\":\"https:\\\/\\\/autate.fr\\\/site\\\/#website\",\"url\":\"https:\\\/\\\/autate.fr\\\/site\\\/\",\"name\":\"AUTATE\",\"description\":\"Association des usagers des transports de l&#039;agglom\u00e9ration Toulousaine et de ses environs\",\"publisher\":{\"@id\":\"https:\\\/\\\/autate.fr\\\/site\\\/#organization\"},\"potentialAction\":[{\"@type\":\"SearchAction\",\"target\":{\"@type\":\"EntryPoint\",\"urlTemplate\":\"https:\\\/\\\/autate.fr\\\/site\\\/?s={search_term_string}\"},\"query-input\":{\"@type\":\"PropertyValueSpecification\",\"valueRequired\":true,\"valueName\":\"search_term_string\"}}],\"inLanguage\":\"fr-FR\"},{\"@type\":\"Organization\",\"@id\":\"https:\\\/\\\/autate.fr\\\/site\\\/#organization\",\"name\":\"AUTATE\",\"url\":\"https:\\\/\\\/autate.fr\\\/site\\\/\",\"logo\":{\"@type\":\"ImageObject\",\"inLanguage\":\"fr-FR\",\"@id\":\"https:\\\/\\\/autate.fr\\\/site\\\/#\\\/schema\\\/logo\\\/image\\\/\",\"url\":\"http:\\\/\\\/autate.fr\\\/site\\\/wp-content\\\/uploads\\\/2019\\\/01\\\/logo.png\",\"contentUrl\":\"http:\\\/\\\/autate.fr\\\/site\\\/wp-content\\\/uploads\\\/2019\\\/01\\\/logo.png\",\"width\":506,\"height\":280,\"caption\":\"AUTATE\"},\"image\":{\"@id\":\"https:\\\/\\\/autate.fr\\\/site\\\/#\\\/schema\\\/logo\\\/image\\\/\"},\"sameAs\":[\"https:\\\/\\\/www.facebook.com\\\/AutateToulouse\",\"https:\\\/\\\/x.com\\\/AutateToulouse\"]},{\"@type\":\"Person\",\"@id\":\"https:\\\/\\\/autate.fr\\\/site\\\/#\\\/schema\\\/person\\\/ae1ab8bdaa7b41d2a9b52d2557ce8254\",\"name\":\"pascalbarbier\",\"image\":{\"@type\":\"ImageObject\",\"inLanguage\":\"fr-FR\",\"@id\":\"https:\\\/\\\/secure.gravatar.com\\\/avatar\\\/03f4e8ced09894b72c67e83142540730d4b3bbf619bf46341b0074e3bf5f08a0?s=96&d=mm&r=g\",\"url\":\"https:\\\/\\\/secure.gravatar.com\\\/avatar\\\/03f4e8ced09894b72c67e83142540730d4b3bbf619bf46341b0074e3bf5f08a0?s=96&d=mm&r=g\",\"contentUrl\":\"https:\\\/\\\/secure.gravatar.com\\\/avatar\\\/03f4e8ced09894b72c67e83142540730d4b3bbf619bf46341b0074e3bf5f08a0?s=96&d=mm&r=g\",\"caption\":\"pascalbarbier\"},\"url\":\"https:\\\/\\\/autate.fr\\\/site\\\/author\\\/pascalbarbier\\\/\"}]}<\/script>\n<!-- \/ Yoast SEO plugin. -->","yoast_head_json":{"title":"[La D\u00e9p\u00eache] Matabiau : c'est parti pour 8 ans de travaux - AUTATE","robots":{"index":"index","follow":"follow","max-snippet":"max-snippet:-1","max-image-preview":"max-image-preview:large","max-video-preview":"max-video-preview:-1"},"canonical":"https:\/\/autate.fr\/site\/la-depeche-matabiau-cest-parti-pour-8-ans-de-travaux\/","og_locale":"fr_FR","og_type":"article","og_title":"[La D\u00e9p\u00eache] Matabiau : c'est parti pour 8 ans de travaux - AUTATE","og_description":"Le chantier TESO, Toulouse Euro Sud Ouest, qui vient de d\u00e9buter, durera jusqu&rsquo;en 2024 date de la mise en service de la LGV Paris-Toulouse. Il va transfigurer tout le quartier Matabiau. \u00c0 quoi ressemblera le quartier Matabiau en 2024 ? \u00c0 tout sauf \u00e0 l&rsquo;image pas vraiment\u2026 rose qu&rsquo;il offre aux voyageurs qui d\u00e9couvrent ToulouseVOIR PLUS","og_url":"https:\/\/autate.fr\/site\/la-depeche-matabiau-cest-parti-pour-8-ans-de-travaux\/","og_site_name":"AUTATE","article_publisher":"https:\/\/www.facebook.com\/AutateToulouse","article_published_time":"2016-01-07T12:02:34+00:00","article_modified_time":"2016-01-12T16:11:17+00:00","og_image":[{"width":650,"height":350,"url":"https:\/\/autate.fr\/site\/wp-content\/uploads\/2016\/01\/matabiau.jpg","type":"image\/jpeg"}],"author":"pascalbarbier","twitter_card":"summary_large_image","twitter_creator":"@AutateToulouse","twitter_site":"@AutateToulouse","twitter_misc":{"\u00c9crit par":"pascalbarbier","Dur\u00e9e de lecture estim\u00e9e":"1 minute"},"schema":{"@context":"https:\/\/schema.org","@graph":[{"@type":"Article","@id":"https:\/\/autate.fr\/site\/la-depeche-matabiau-cest-parti-pour-8-ans-de-travaux\/#article","isPartOf":{"@id":"https:\/\/autate.fr\/site\/la-depeche-matabiau-cest-parti-pour-8-ans-de-travaux\/"},"author":{"name":"pascalbarbier","@id":"https:\/\/autate.fr\/site\/#\/schema\/person\/ae1ab8bdaa7b41d2a9b52d2557ce8254"},"headline":"[La D\u00e9p\u00eache] Matabiau : c&rsquo;est parti pour 8 ans de travaux","datePublished":"2016-01-07T12:02:34+00:00","dateModified":"2016-01-12T16:11:17+00:00","mainEntityOfPage":{"@id":"https:\/\/autate.fr\/site\/la-depeche-matabiau-cest-parti-pour-8-ans-de-travaux\/"},"wordCount":229,"commentCount":0,"publisher":{"@id":"https:\/\/autate.fr\/site\/#organization"},"image":{"@id":"https:\/\/autate.fr\/site\/la-depeche-matabiau-cest-parti-pour-8-ans-de-travaux\/#primaryimage"},"thumbnailUrl":"https:\/\/autate.fr\/site\/wp-content\/uploads\/2016\/01\/matabiau.jpg","keywords":["gare Matabiau","TESO"],"articleSection":["Revue de presse"],"inLanguage":"fr-FR","potentialAction":[{"@type":"CommentAction","name":"Comment","target":["https:\/\/autate.fr\/site\/la-depeche-matabiau-cest-parti-pour-8-ans-de-travaux\/#respond"]}]},{"@type":"WebPage","@id":"https:\/\/autate.fr\/site\/la-depeche-matabiau-cest-parti-pour-8-ans-de-travaux\/","url":"https:\/\/autate.fr\/site\/la-depeche-matabiau-cest-parti-pour-8-ans-de-travaux\/","name":"[La D\u00e9p\u00eache] Matabiau : c'est parti pour 8 ans de travaux - AUTATE","isPartOf":{"@id":"https:\/\/autate.fr\/site\/#website"},"primaryImageOfPage":{"@id":"https:\/\/autate.fr\/site\/la-depeche-matabiau-cest-parti-pour-8-ans-de-travaux\/#primaryimage"},"image":{"@id":"https:\/\/autate.fr\/site\/la-depeche-matabiau-cest-parti-pour-8-ans-de-travaux\/#primaryimage"},"thumbnailUrl":"https:\/\/autate.fr\/site\/wp-content\/uploads\/2016\/01\/matabiau.jpg","datePublished":"2016-01-07T12:02:34+00:00","dateModified":"2016-01-12T16:11:17+00:00","breadcrumb":{"@id":"https:\/\/autate.fr\/site\/la-depeche-matabiau-cest-parti-pour-8-ans-de-travaux\/#breadcrumb"},"inLanguage":"fr-FR","potentialAction":[{"@type":"ReadAction","target":["https:\/\/autate.fr\/site\/la-depeche-matabiau-cest-parti-pour-8-ans-de-travaux\/"]}]},{"@type":"ImageObject","inLanguage":"fr-FR","@id":"https:\/\/autate.fr\/site\/la-depeche-matabiau-cest-parti-pour-8-ans-de-travaux\/#primaryimage","url":"https:\/\/autate.fr\/site\/wp-content\/uploads\/2016\/01\/matabiau.jpg","contentUrl":"https:\/\/autate.fr\/site\/wp-content\/uploads\/2016\/01\/matabiau.jpg","width":650,"height":350},{"@type":"BreadcrumbList","@id":"https:\/\/autate.fr\/site\/la-depeche-matabiau-cest-parti-pour-8-ans-de-travaux\/#breadcrumb","itemListElement":[{"@type":"ListItem","position":1,"name":"Accueil","item":"https:\/\/autate.fr\/site\/"},{"@type":"ListItem","position":2,"name":"[La D\u00e9p\u00eache] Matabiau : c&rsquo;est parti pour 8 ans de travaux"}]},{"@type":"WebSite","@id":"https:\/\/autate.fr\/site\/#website","url":"https:\/\/autate.fr\/site\/","name":"AUTATE","description":"Association des usagers des transports de l&#039;agglom\u00e9ration Toulousaine et de ses environs","publisher":{"@id":"https:\/\/autate.fr\/site\/#organization"},"potentialAction":[{"@type":"SearchAction","target":{"@type":"EntryPoint","urlTemplate":"https:\/\/autate.fr\/site\/?s={search_term_string}"},"query-input":{"@type":"PropertyValueSpecification","valueRequired":true,"valueName":"search_term_string"}}],"inLanguage":"fr-FR"},{"@type":"Organization","@id":"https:\/\/autate.fr\/site\/#organization","name":"AUTATE","url":"https:\/\/autate.fr\/site\/","logo":{"@type":"ImageObject","inLanguage":"fr-FR","@id":"https:\/\/autate.fr\/site\/#\/schema\/logo\/image\/","url":"http:\/\/autate.fr\/site\/wp-content\/uploads\/2019\/01\/logo.png","contentUrl":"http:\/\/autate.fr\/site\/wp-content\/uploads\/2019\/01\/logo.png","width":506,"height":280,"caption":"AUTATE"},"image":{"@id":"https:\/\/autate.fr\/site\/#\/schema\/logo\/image\/"},"sameAs":["https:\/\/www.facebook.com\/AutateToulouse","https:\/\/x.com\/AutateToulouse"]},{"@type":"Person","@id":"https:\/\/autate.fr\/site\/#\/schema\/person\/ae1ab8bdaa7b41d2a9b52d2557ce8254","name":"pascalbarbier","image":{"@type":"ImageObject","inLanguage":"fr-FR","@id":"https:\/\/secure.gravatar.com\/avatar\/03f4e8ced09894b72c67e83142540730d4b3bbf619bf46341b0074e3bf5f08a0?s=96&d=mm&r=g","url":"https:\/\/secure.gravatar.com\/avatar\/03f4e8ced09894b72c67e83142540730d4b3bbf619bf46341b0074e3bf5f08a0?s=96&d=mm&r=g","contentUrl":"https:\/\/secure.gravatar.com\/avatar\/03f4e8ced09894b72c67e83142540730d4b3bbf619bf46341b0074e3bf5f08a0?s=96&d=mm&r=g","caption":"pascalbarbier"},"url":"https:\/\/autate.fr\/site\/author\/pascalbarbier\/"}]}},"_links":{"self":[{"href":"https:\/\/autate.fr\/site\/wp-json\/wp\/v2\/posts\/141","targetHints":{"allow":["GET"]}}],"collection":[{"href":"https:\/\/autate.fr\/site\/wp-json\/wp\/v2\/posts"}],"about":[{"href":"https:\/\/autate.fr\/site\/wp-json\/wp\/v2\/types\/post"}],"author":[{"embeddable":true,"href":"https:\/\/autate.fr\/site\/wp-json\/wp\/v2\/users\/1"}],"replies":[{"embeddable":true,"href":"https:\/\/autate.fr\/site\/wp-json\/wp\/v2\/comments?post=141"}],"version-history":[{"count":1,"href":"https:\/\/autate.fr\/site\/wp-json\/wp\/v2\/posts\/141\/revisions"}],"predecessor-version":[{"id":143,"href":"https:\/\/autate.fr\/site\/wp-json\/wp\/v2\/posts\/141\/revisions\/143"}],"wp:featuredmedia":[{"embeddable":true,"href":"https:\/\/autate.fr\/site\/wp-json\/wp\/v2\/media\/142"}],"wp:attachment":[{"href":"https:\/\/autate.fr\/site\/wp-json\/wp\/v2\/media?parent=141"}],"wp:term":[{"taxonomy":"category","embeddable":true,"href":"https:\/\/autate.fr\/site\/wp-json\/wp\/v2\/categories?post=141"},{"taxonomy":"post_tag","embeddable":true,"href":"https:\/\/autate.fr\/site\/wp-json\/wp\/v2\/tags?post=141"}],"curies":[{"name":"wp","href":"https:\/\/api.w.org\/{rel}","templated":true}]}}