{"id":1408,"date":"2017-03-30T19:07:26","date_gmt":"2017-03-30T17:07:26","guid":{"rendered":"http:\/\/autate.fr\/site\/?p=1408"},"modified":"2017-03-30T19:07:26","modified_gmt":"2017-03-30T17:07:26","slug":"cotetoulouse-voici-a-quel-niveau-les-tarifs-vont-augmenter-dans-les-transports-en-commun-a-toulouse","status":"publish","type":"post","link":"https:\/\/autate.fr\/site\/cotetoulouse-voici-a-quel-niveau-les-tarifs-vont-augmenter-dans-les-transports-en-commun-a-toulouse\/","title":{"rendered":"[C\u00f4t\u00e9Toulouse] Voici \u00e0 quel niveau les tarifs vont augmenter dans les transports en commun \u00e0 Toulouse"},"content":{"rendered":"<h2 class=\"bigger mts mbs\" data-role=\"chapo\">Mercredi 29 mars 2017, Tiss\u00e9o a act\u00e9 la hausse des tarifs au 1er juillet 2017 \u00e0 Toulouse, mais aussi leur \u00e9volution pour les quatre ann\u00e9es \u00e0 venir. Le d\u00e9tail des augmentations.<\/h2>\n<p>Le r\u00e9seau de <strong>transports en commun de Toulouse<\/strong> va s\u2019\u00e9tendre, proposer de nouvelles lignes de bus, un t\u00e9l\u00e9ph\u00e9rique urbain, <a href=\"http:\/\/actu.cotetoulouse.fr\/top-depart-lourds-travaux-metro-toulouse-consequences-usagers_61929\/\" target=\"_blank\">une ligne de m\u00e9tro A \u00e0 la capacit\u00e9 d\u2019accueil accrue <\/a>et une troisi\u00e8me ligne de m\u00e9tro.<\/p>\n<p>Et quand l\u2019offre de transport s\u2019\u00e9tend, les tarifs font g\u00e9n\u00e9ralement de m\u00eame. Une logique que<strong> Tiss\u00e9o<\/strong> a rappel\u00e9 ces derniers mois, lors de la mise en place de la nouvelle politique de tarification, qui sera appliqu\u00e9e \u00e0 partir de juillet 2017. Une logique qui a \u00e9t\u00e9 d\u00e9finitivement act\u00e9e mercredi 29 mars 2017.<\/p>\n<p><strong>&gt; LIRE AUSSI : <\/strong><a href=\"http:\/\/actu.cotetoulouse.fr\/toulouse-nouveaux-tarifs-vont-entrer-vigueur-transports-2017_47106\/\" target=\"_blank\">Toulouse. Voici les nouveaux tarifs qui vont entrer en vigueur dans les transports en 2017<\/a><\/p>\n<p>Lors du comit\u00e9 syndical, les \u00e9lus de Tiss\u00e9o ont en effet vot\u00e9 ces hausses \u00e0 l\u2019unanimit\u00e9, hausses qui vont concerner certains jeunes (ceux dont les parents ont les revenus les plus modestes b\u00e9n\u00e9ficieront de la gratuit\u00e9 totale) comme certains seniors, mais aussi l\u2019ensemble des autres usagers.<\/p>\n<p><strong>Des hausses qui vont s\u2019\u00e9taler de fa\u00e7on r\u00e9guli\u00e8re jusqu\u2019en 2021.<\/strong><\/p>\n<p><a href=\"http:\/\/actu.cotetoulouse.fr\/niveau-tarifs-augmenter-transports-commun-toulouse_61972\/\" target=\"_blank\"><strong>lire la suite<\/strong><\/a><\/p>\n","protected":false},"excerpt":{"rendered":"<p>Mercredi 29 mars 2017, Tiss\u00e9o a act\u00e9 la hausse des tarifs au 1er juillet 2017 \u00e0 Toulouse, mais aussi leur \u00e9volution pour les quatre ann\u00e9es \u00e0 venir. Le d\u00e9tail des augmentations. Le r\u00e9seau de transports en commun de Toulouse va s\u2019\u00e9tendre, proposer de nouvelles lignes de bus, un t\u00e9l\u00e9ph\u00e9rique urbain, une ligne de m\u00e9tro A<\/p>\n<p class=\"more-link\"><a href=\"https:\/\/autate.fr\/site\/cotetoulouse-voici-a-quel-niveau-les-tarifs-vont-augmenter-dans-les-transports-en-commun-a-toulouse\/\" class=\"themebutton2\">VOIR PLUS<\/a><\/p>\n","protected":false},"author":1,"featured_media":0,"comment_status":"open","ping_status":"open","sticky":false,"template":"","format":"standard","meta":{"footnotes":""},"categories":[7],"tags":[294,293,209,207],"class_list":["post-1408","post","type-post","status-publish","format-standard","hentry","category-revue-de-presse","tag-abonnements","tag-jenes","tag-seniors","tag-tarifs"],"yoast_head":"<!-- This site is optimized with the Yoast SEO plugin v27.4 - https:\/\/yoast.com\/product\/yoast-seo-wordpress\/ -->\n<title>[C\u00f4t\u00e9Toulouse] Voici \u00e0 quel niveau les tarifs vont augmenter dans les transports en commun \u00e0 Toulouse - AUTATE<\/title>\n<meta name=\"robots\" content=\"index, follow, max-snippet:-1, max-image-preview:large, max-video-preview:-1\" \/>\n<link rel=\"canonical\" href=\"https:\/\/autate.fr\/site\/cotetoulouse-voici-a-quel-niveau-les-tarifs-vont-augmenter-dans-les-transports-en-commun-a-toulouse\/\" \/>\n<meta property=\"og:locale\" content=\"fr_FR\" \/>\n<meta property=\"og:type\" content=\"article\" \/>\n<meta property=\"og:title\" content=\"[C\u00f4t\u00e9Toulouse] Voici \u00e0 quel niveau les tarifs vont augmenter dans les transports en commun \u00e0 Toulouse - AUTATE\" \/>\n<meta property=\"og:description\" content=\"Mercredi 29 mars 2017, Tiss\u00e9o a act\u00e9 la hausse des tarifs au 1er juillet 2017 \u00e0 Toulouse, mais aussi leur \u00e9volution pour les quatre ann\u00e9es \u00e0 venir. Le d\u00e9tail des augmentations. Le r\u00e9seau de transports en commun de Toulouse va s\u2019\u00e9tendre, proposer de nouvelles lignes de bus, un t\u00e9l\u00e9ph\u00e9rique urbain, une ligne de m\u00e9tro AVOIR PLUS\" \/>\n<meta property=\"og:url\" content=\"https:\/\/autate.fr\/site\/cotetoulouse-voici-a-quel-niveau-les-tarifs-vont-augmenter-dans-les-transports-en-commun-a-toulouse\/\" \/>\n<meta property=\"og:site_name\" content=\"AUTATE\" \/>\n<meta property=\"article:publisher\" content=\"https:\/\/www.facebook.com\/AutateToulouse\" \/>\n<meta property=\"article:published_time\" content=\"2017-03-30T17:07:26+00:00\" \/>\n<meta name=\"author\" content=\"pascalbarbier\" \/>\n<meta name=\"twitter:card\" content=\"summary_large_image\" \/>\n<meta name=\"twitter:creator\" content=\"@AutateToulouse\" \/>\n<meta name=\"twitter:site\" content=\"@AutateToulouse\" \/>\n<meta name=\"twitter:label1\" content=\"\u00c9crit par\" \/>\n\t<meta name=\"twitter:data1\" content=\"pascalbarbier\" \/>\n\t<meta name=\"twitter:label2\" content=\"Dur\u00e9e de lecture estim\u00e9e\" \/>\n\t<meta name=\"twitter:data2\" content=\"1 minute\" \/>\n<script type=\"application\/ld+json\" class=\"yoast-schema-graph\">{\"@context\":\"https:\\\/\\\/schema.org\",\"@graph\":[{\"@type\":\"Article\",\"@id\":\"https:\\\/\\\/autate.fr\\\/site\\\/cotetoulouse-voici-a-quel-niveau-les-tarifs-vont-augmenter-dans-les-transports-en-commun-a-toulouse\\\/#article\",\"isPartOf\":{\"@id\":\"https:\\\/\\\/autate.fr\\\/site\\\/cotetoulouse-voici-a-quel-niveau-les-tarifs-vont-augmenter-dans-les-transports-en-commun-a-toulouse\\\/\"},\"author\":{\"name\":\"pascalbarbier\",\"@id\":\"https:\\\/\\\/autate.fr\\\/site\\\/#\\\/schema\\\/person\\\/ae1ab8bdaa7b41d2a9b52d2557ce8254\"},\"headline\":\"[C\u00f4t\u00e9Toulouse] Voici \u00e0 quel niveau les tarifs vont augmenter dans les transports en commun \u00e0 Toulouse\",\"datePublished\":\"2017-03-30T17:07:26+00:00\",\"mainEntityOfPage\":{\"@id\":\"https:\\\/\\\/autate.fr\\\/site\\\/cotetoulouse-voici-a-quel-niveau-les-tarifs-vont-augmenter-dans-les-transports-en-commun-a-toulouse\\\/\"},\"wordCount\":229,\"commentCount\":0,\"publisher\":{\"@id\":\"https:\\\/\\\/autate.fr\\\/site\\\/#organization\"},\"keywords\":[\"abonnements\",\"jenes\",\"seniors\",\"tarifs\"],\"articleSection\":[\"Revue de presse\"],\"inLanguage\":\"fr-FR\",\"potentialAction\":[{\"@type\":\"CommentAction\",\"name\":\"Comment\",\"target\":[\"https:\\\/\\\/autate.fr\\\/site\\\/cotetoulouse-voici-a-quel-niveau-les-tarifs-vont-augmenter-dans-les-transports-en-commun-a-toulouse\\\/#respond\"]}]},{\"@type\":\"WebPage\",\"@id\":\"https:\\\/\\\/autate.fr\\\/site\\\/cotetoulouse-voici-a-quel-niveau-les-tarifs-vont-augmenter-dans-les-transports-en-commun-a-toulouse\\\/\",\"url\":\"https:\\\/\\\/autate.fr\\\/site\\\/cotetoulouse-voici-a-quel-niveau-les-tarifs-vont-augmenter-dans-les-transports-en-commun-a-toulouse\\\/\",\"name\":\"[C\u00f4t\u00e9Toulouse] Voici \u00e0 quel niveau les tarifs vont augmenter dans les transports en commun \u00e0 Toulouse - AUTATE\",\"isPartOf\":{\"@id\":\"https:\\\/\\\/autate.fr\\\/site\\\/#website\"},\"datePublished\":\"2017-03-30T17:07:26+00:00\",\"breadcrumb\":{\"@id\":\"https:\\\/\\\/autate.fr\\\/site\\\/cotetoulouse-voici-a-quel-niveau-les-tarifs-vont-augmenter-dans-les-transports-en-commun-a-toulouse\\\/#breadcrumb\"},\"inLanguage\":\"fr-FR\",\"potentialAction\":[{\"@type\":\"ReadAction\",\"target\":[\"https:\\\/\\\/autate.fr\\\/site\\\/cotetoulouse-voici-a-quel-niveau-les-tarifs-vont-augmenter-dans-les-transports-en-commun-a-toulouse\\\/\"]}]},{\"@type\":\"BreadcrumbList\",\"@id\":\"https:\\\/\\\/autate.fr\\\/site\\\/cotetoulouse-voici-a-quel-niveau-les-tarifs-vont-augmenter-dans-les-transports-en-commun-a-toulouse\\\/#breadcrumb\",\"itemListElement\":[{\"@type\":\"ListItem\",\"position\":1,\"name\":\"Accueil\",\"item\":\"https:\\\/\\\/autate.fr\\\/site\\\/\"},{\"@type\":\"ListItem\",\"position\":2,\"name\":\"[C\u00f4t\u00e9Toulouse] Voici \u00e0 quel niveau les tarifs vont augmenter dans les transports en commun \u00e0 Toulouse\"}]},{\"@type\":\"WebSite\",\"@id\":\"https:\\\/\\\/autate.fr\\\/site\\\/#website\",\"url\":\"https:\\\/\\\/autate.fr\\\/site\\\/\",\"name\":\"AUTATE\",\"description\":\"Association des usagers des transports de l&#039;agglom\u00e9ration Toulousaine et de ses environs\",\"publisher\":{\"@id\":\"https:\\\/\\\/autate.fr\\\/site\\\/#organization\"},\"potentialAction\":[{\"@type\":\"SearchAction\",\"target\":{\"@type\":\"EntryPoint\",\"urlTemplate\":\"https:\\\/\\\/autate.fr\\\/site\\\/?s={search_term_string}\"},\"query-input\":{\"@type\":\"PropertyValueSpecification\",\"valueRequired\":true,\"valueName\":\"search_term_string\"}}],\"inLanguage\":\"fr-FR\"},{\"@type\":\"Organization\",\"@id\":\"https:\\\/\\\/autate.fr\\\/site\\\/#organization\",\"name\":\"AUTATE\",\"url\":\"https:\\\/\\\/autate.fr\\\/site\\\/\",\"logo\":{\"@type\":\"ImageObject\",\"inLanguage\":\"fr-FR\",\"@id\":\"https:\\\/\\\/autate.fr\\\/site\\\/#\\\/schema\\\/logo\\\/image\\\/\",\"url\":\"http:\\\/\\\/autate.fr\\\/site\\\/wp-content\\\/uploads\\\/2019\\\/01\\\/logo.png\",\"contentUrl\":\"http:\\\/\\\/autate.fr\\\/site\\\/wp-content\\\/uploads\\\/2019\\\/01\\\/logo.png\",\"width\":506,\"height\":280,\"caption\":\"AUTATE\"},\"image\":{\"@id\":\"https:\\\/\\\/autate.fr\\\/site\\\/#\\\/schema\\\/logo\\\/image\\\/\"},\"sameAs\":[\"https:\\\/\\\/www.facebook.com\\\/AutateToulouse\",\"https:\\\/\\\/x.com\\\/AutateToulouse\"]},{\"@type\":\"Person\",\"@id\":\"https:\\\/\\\/autate.fr\\\/site\\\/#\\\/schema\\\/person\\\/ae1ab8bdaa7b41d2a9b52d2557ce8254\",\"name\":\"pascalbarbier\",\"image\":{\"@type\":\"ImageObject\",\"inLanguage\":\"fr-FR\",\"@id\":\"https:\\\/\\\/secure.gravatar.com\\\/avatar\\\/03f4e8ced09894b72c67e83142540730d4b3bbf619bf46341b0074e3bf5f08a0?s=96&d=mm&r=g\",\"url\":\"https:\\\/\\\/secure.gravatar.com\\\/avatar\\\/03f4e8ced09894b72c67e83142540730d4b3bbf619bf46341b0074e3bf5f08a0?s=96&d=mm&r=g\",\"contentUrl\":\"https:\\\/\\\/secure.gravatar.com\\\/avatar\\\/03f4e8ced09894b72c67e83142540730d4b3bbf619bf46341b0074e3bf5f08a0?s=96&d=mm&r=g\",\"caption\":\"pascalbarbier\"},\"url\":\"https:\\\/\\\/autate.fr\\\/site\\\/author\\\/pascalbarbier\\\/\"}]}<\/script>\n<!-- \/ Yoast SEO plugin. -->","yoast_head_json":{"title":"[C\u00f4t\u00e9Toulouse] Voici \u00e0 quel niveau les tarifs vont augmenter dans les transports en commun \u00e0 Toulouse - AUTATE","robots":{"index":"index","follow":"follow","max-snippet":"max-snippet:-1","max-image-preview":"max-image-preview:large","max-video-preview":"max-video-preview:-1"},"canonical":"https:\/\/autate.fr\/site\/cotetoulouse-voici-a-quel-niveau-les-tarifs-vont-augmenter-dans-les-transports-en-commun-a-toulouse\/","og_locale":"fr_FR","og_type":"article","og_title":"[C\u00f4t\u00e9Toulouse] Voici \u00e0 quel niveau les tarifs vont augmenter dans les transports en commun \u00e0 Toulouse - AUTATE","og_description":"Mercredi 29 mars 2017, Tiss\u00e9o a act\u00e9 la hausse des tarifs au 1er juillet 2017 \u00e0 Toulouse, mais aussi leur \u00e9volution pour les quatre ann\u00e9es \u00e0 venir. Le d\u00e9tail des augmentations. Le r\u00e9seau de transports en commun de Toulouse va s\u2019\u00e9tendre, proposer de nouvelles lignes de bus, un t\u00e9l\u00e9ph\u00e9rique urbain, une ligne de m\u00e9tro AVOIR PLUS","og_url":"https:\/\/autate.fr\/site\/cotetoulouse-voici-a-quel-niveau-les-tarifs-vont-augmenter-dans-les-transports-en-commun-a-toulouse\/","og_site_name":"AUTATE","article_publisher":"https:\/\/www.facebook.com\/AutateToulouse","article_published_time":"2017-03-30T17:07:26+00:00","author":"pascalbarbier","twitter_card":"summary_large_image","twitter_creator":"@AutateToulouse","twitter_site":"@AutateToulouse","twitter_misc":{"\u00c9crit par":"pascalbarbier","Dur\u00e9e de lecture estim\u00e9e":"1 minute"},"schema":{"@context":"https:\/\/schema.org","@graph":[{"@type":"Article","@id":"https:\/\/autate.fr\/site\/cotetoulouse-voici-a-quel-niveau-les-tarifs-vont-augmenter-dans-les-transports-en-commun-a-toulouse\/#article","isPartOf":{"@id":"https:\/\/autate.fr\/site\/cotetoulouse-voici-a-quel-niveau-les-tarifs-vont-augmenter-dans-les-transports-en-commun-a-toulouse\/"},"author":{"name":"pascalbarbier","@id":"https:\/\/autate.fr\/site\/#\/schema\/person\/ae1ab8bdaa7b41d2a9b52d2557ce8254"},"headline":"[C\u00f4t\u00e9Toulouse] Voici \u00e0 quel niveau les tarifs vont augmenter dans les transports en commun \u00e0 Toulouse","datePublished":"2017-03-30T17:07:26+00:00","mainEntityOfPage":{"@id":"https:\/\/autate.fr\/site\/cotetoulouse-voici-a-quel-niveau-les-tarifs-vont-augmenter-dans-les-transports-en-commun-a-toulouse\/"},"wordCount":229,"commentCount":0,"publisher":{"@id":"https:\/\/autate.fr\/site\/#organization"},"keywords":["abonnements","jenes","seniors","tarifs"],"articleSection":["Revue de presse"],"inLanguage":"fr-FR","potentialAction":[{"@type":"CommentAction","name":"Comment","target":["https:\/\/autate.fr\/site\/cotetoulouse-voici-a-quel-niveau-les-tarifs-vont-augmenter-dans-les-transports-en-commun-a-toulouse\/#respond"]}]},{"@type":"WebPage","@id":"https:\/\/autate.fr\/site\/cotetoulouse-voici-a-quel-niveau-les-tarifs-vont-augmenter-dans-les-transports-en-commun-a-toulouse\/","url":"https:\/\/autate.fr\/site\/cotetoulouse-voici-a-quel-niveau-les-tarifs-vont-augmenter-dans-les-transports-en-commun-a-toulouse\/","name":"[C\u00f4t\u00e9Toulouse] Voici \u00e0 quel niveau les tarifs vont augmenter dans les transports en commun \u00e0 Toulouse - AUTATE","isPartOf":{"@id":"https:\/\/autate.fr\/site\/#website"},"datePublished":"2017-03-30T17:07:26+00:00","breadcrumb":{"@id":"https:\/\/autate.fr\/site\/cotetoulouse-voici-a-quel-niveau-les-tarifs-vont-augmenter-dans-les-transports-en-commun-a-toulouse\/#breadcrumb"},"inLanguage":"fr-FR","potentialAction":[{"@type":"ReadAction","target":["https:\/\/autate.fr\/site\/cotetoulouse-voici-a-quel-niveau-les-tarifs-vont-augmenter-dans-les-transports-en-commun-a-toulouse\/"]}]},{"@type":"BreadcrumbList","@id":"https:\/\/autate.fr\/site\/cotetoulouse-voici-a-quel-niveau-les-tarifs-vont-augmenter-dans-les-transports-en-commun-a-toulouse\/#breadcrumb","itemListElement":[{"@type":"ListItem","position":1,"name":"Accueil","item":"https:\/\/autate.fr\/site\/"},{"@type":"ListItem","position":2,"name":"[C\u00f4t\u00e9Toulouse] Voici \u00e0 quel niveau les tarifs vont augmenter dans les transports en commun \u00e0 Toulouse"}]},{"@type":"WebSite","@id":"https:\/\/autate.fr\/site\/#website","url":"https:\/\/autate.fr\/site\/","name":"AUTATE","description":"Association des usagers des transports de l&#039;agglom\u00e9ration Toulousaine et de ses environs","publisher":{"@id":"https:\/\/autate.fr\/site\/#organization"},"potentialAction":[{"@type":"SearchAction","target":{"@type":"EntryPoint","urlTemplate":"https:\/\/autate.fr\/site\/?s={search_term_string}"},"query-input":{"@type":"PropertyValueSpecification","valueRequired":true,"valueName":"search_term_string"}}],"inLanguage":"fr-FR"},{"@type":"Organization","@id":"https:\/\/autate.fr\/site\/#organization","name":"AUTATE","url":"https:\/\/autate.fr\/site\/","logo":{"@type":"ImageObject","inLanguage":"fr-FR","@id":"https:\/\/autate.fr\/site\/#\/schema\/logo\/image\/","url":"http:\/\/autate.fr\/site\/wp-content\/uploads\/2019\/01\/logo.png","contentUrl":"http:\/\/autate.fr\/site\/wp-content\/uploads\/2019\/01\/logo.png","width":506,"height":280,"caption":"AUTATE"},"image":{"@id":"https:\/\/autate.fr\/site\/#\/schema\/logo\/image\/"},"sameAs":["https:\/\/www.facebook.com\/AutateToulouse","https:\/\/x.com\/AutateToulouse"]},{"@type":"Person","@id":"https:\/\/autate.fr\/site\/#\/schema\/person\/ae1ab8bdaa7b41d2a9b52d2557ce8254","name":"pascalbarbier","image":{"@type":"ImageObject","inLanguage":"fr-FR","@id":"https:\/\/secure.gravatar.com\/avatar\/03f4e8ced09894b72c67e83142540730d4b3bbf619bf46341b0074e3bf5f08a0?s=96&d=mm&r=g","url":"https:\/\/secure.gravatar.com\/avatar\/03f4e8ced09894b72c67e83142540730d4b3bbf619bf46341b0074e3bf5f08a0?s=96&d=mm&r=g","contentUrl":"https:\/\/secure.gravatar.com\/avatar\/03f4e8ced09894b72c67e83142540730d4b3bbf619bf46341b0074e3bf5f08a0?s=96&d=mm&r=g","caption":"pascalbarbier"},"url":"https:\/\/autate.fr\/site\/author\/pascalbarbier\/"}]}},"_links":{"self":[{"href":"https:\/\/autate.fr\/site\/wp-json\/wp\/v2\/posts\/1408","targetHints":{"allow":["GET"]}}],"collection":[{"href":"https:\/\/autate.fr\/site\/wp-json\/wp\/v2\/posts"}],"about":[{"href":"https:\/\/autate.fr\/site\/wp-json\/wp\/v2\/types\/post"}],"author":[{"embeddable":true,"href":"https:\/\/autate.fr\/site\/wp-json\/wp\/v2\/users\/1"}],"replies":[{"embeddable":true,"href":"https:\/\/autate.fr\/site\/wp-json\/wp\/v2\/comments?post=1408"}],"version-history":[{"count":1,"href":"https:\/\/autate.fr\/site\/wp-json\/wp\/v2\/posts\/1408\/revisions"}],"predecessor-version":[{"id":1409,"href":"https:\/\/autate.fr\/site\/wp-json\/wp\/v2\/posts\/1408\/revisions\/1409"}],"wp:attachment":[{"href":"https:\/\/autate.fr\/site\/wp-json\/wp\/v2\/media?parent=1408"}],"wp:term":[{"taxonomy":"category","embeddable":true,"href":"https:\/\/autate.fr\/site\/wp-json\/wp\/v2\/categories?post=1408"},{"taxonomy":"post_tag","embeddable":true,"href":"https:\/\/autate.fr\/site\/wp-json\/wp\/v2\/tags?post=1408"}],"curies":[{"name":"wp","href":"https:\/\/api.w.org\/{rel}","templated":true}]}}