{"id":139,"date":"2016-01-06T13:05:33","date_gmt":"2016-01-06T12:05:33","guid":{"rendered":"http:\/\/autate.fr\/site\/?p=139"},"modified":"2016-01-12T17:12:10","modified_gmt":"2016-01-12T16:12:10","slug":"la-depeche-franck-delperier-un-nouveau-syndicat-pour-lhomme-de-fer-de-tisseo","status":"publish","type":"post","link":"https:\/\/autate.fr\/site\/la-depeche-franck-delperier-un-nouveau-syndicat-pour-lhomme-de-fer-de-tisseo\/","title":{"rendered":"[La D\u00e9p\u00eache] Franck Delp\u00e9rier : un nouveau syndicat pour l&rsquo;homme de fer de Tiss\u00e9o"},"content":{"rendered":"<p>La derni\u00e8re gr\u00e8ve \u00e0 Tiss\u00e9o, pour laquelle il dit n&rsquo;avoir pas \u00e9t\u00e9 \u00e9cout\u00e9, a fait exploser le syndicat Sud qu&rsquo;il a quitt\u00e9 pour lancer une nouvelle organisation, la FNCR, au sein de la r\u00e9gie des transports. Ce battant a surmont\u00e9 ses probl\u00e8mes de sant\u00e9 \u2014 son organisme produit trop de fer- et si\u00e8ge au comit\u00e9 d&rsquo;entreprise, pr\u00eat pour de nouveaux d\u00e9fis.<\/p>\n<div id=\"pub_dfp_article\" class=\"pub \"><\/div>\n<p>Il y a un an, durant la m\u00eame p\u00e9riode de f\u00eates, la photo qui illustrait le portrait que nous avions consacr\u00e9 au syndicaliste sans doute le plus m\u00e9diatique de <a href=\"http:\/\/www.ladepeche.fr\/communes\/toulouse,31555.html\">Toulouse<\/a>, avait fait le tour de la r\u00e9gie des transports toulousains. Celui qui \u00e9tait encore responsable de Sud Tiss\u00e9o, tr\u00f4nait sur une Harley-Davidson, dont il est fan, sous le titre : \u00abFranck Delp\u00e9rier m\u00e8ne un train d&rsquo;enfer\u00bb. La longue, et finalement infructueuse, gr\u00e8ve des traminots et de graves probl\u00e8mes de sant\u00e9 ont bouscul\u00e9 le leader de la r\u00e9gie des transports, victime en quelque sorte d&rsquo;un surr\u00e9gime, si l&rsquo;on veut user de la m\u00e9taphore m\u00e9canique.<\/p>\n<p>\u00abOn ne m&rsquo;a pas \u00e9cout\u00e9, je ne voulais pas vraiment entrer dans ce mouvement, puis quand la gr\u00e8ve a \u00e9t\u00e9 d\u00e9cid\u00e9e, je me suis impliqu\u00e9 \u00e0 fond, je n&rsquo;ai pas l&rsquo;habitude de faire les choses \u00e0 moiti\u00e9\u00bb, d\u00e9clare aujourd&rsquo;hui celui qui est entr\u00e9 \u00e0 la Semvat en 1991, suite \u00e0 un concours, qui regrette : \u00abLes syndicats sont sortis affaiblis, on a obtenu \u00e0 la sortie moins qu&rsquo;en rentrant dans la gr\u00e8ve. Sud a explos\u00e9, je l&rsquo;ai quitt\u00e9 en m\u00eame temps que vingt \u00e9lus sur 42 et 157 adh\u00e9rents Sud pour fonder un nouveau syndicat, la FNCR (F\u00e9d\u00e9ration nationale des chauffeurs routiers), qui rel\u00e8ve de la plus ancienne organisation syndicale des transports mais n&rsquo;\u00e9tait pas, jusqu&rsquo;ici, repr\u00e9sent\u00e9e \u00e0 Tiss\u00e9o\u00bb.<\/p>\n<p>\u00abJ&rsquo;ai des choses importantes \u00e0 dire, m\u00eame si mon syndicat est en construction, poursuit celui qui estime \u00eatre \u00able syndicaliste qui a eu le plus de mandats \u00e0 Tiss\u00e9o, \u00e9tant \u00e9lu depuis 2002, j&rsquo;ai occup\u00e9 toutes les fonctions syndicales qui existent\u00bb.<\/p>\n<p><a href=\"http:\/\/www.ladepeche.fr\/article\/2016\/01\/06\/2250557-franck-delperier-nouveau-syndicat-homme-fer-tisseo.html\">Lire la suite sur le site de La D\u00e9p\u00eache<\/a><\/p>\n","protected":false},"excerpt":{"rendered":"<p>La derni\u00e8re gr\u00e8ve \u00e0 Tiss\u00e9o, pour laquelle il dit n&rsquo;avoir pas \u00e9t\u00e9 \u00e9cout\u00e9, a fait exploser le syndicat Sud qu&rsquo;il a quitt\u00e9 pour lancer une nouvelle organisation, la FNCR, au sein de la r\u00e9gie des transports. Ce battant a surmont\u00e9 ses probl\u00e8mes de sant\u00e9 \u2014 son organisme produit trop de fer- et si\u00e8ge au comit\u00e9<\/p>\n<p class=\"more-link\"><a href=\"https:\/\/autate.fr\/site\/la-depeche-franck-delperier-un-nouveau-syndicat-pour-lhomme-de-fer-de-tisseo\/\" class=\"themebutton2\">VOIR PLUS<\/a><\/p>\n","protected":false},"author":1,"featured_media":0,"comment_status":"open","ping_status":"open","sticky":false,"template":"","format":"standard","meta":{"footnotes":""},"categories":[7],"tags":[47,46],"class_list":["post-139","post","type-post","status-publish","format-standard","hentry","category-revue-de-presse","tag-syndicats","tag-tisseo"],"yoast_head":"<!-- This site is optimized with the Yoast SEO plugin v27.4 - https:\/\/yoast.com\/product\/yoast-seo-wordpress\/ -->\n<title>[La D\u00e9p\u00eache] Franck Delp\u00e9rier : un nouveau syndicat pour l&#039;homme de fer de Tiss\u00e9o - AUTATE<\/title>\n<meta name=\"robots\" content=\"index, follow, max-snippet:-1, max-image-preview:large, max-video-preview:-1\" \/>\n<link rel=\"canonical\" href=\"https:\/\/autate.fr\/site\/la-depeche-franck-delperier-un-nouveau-syndicat-pour-lhomme-de-fer-de-tisseo\/\" \/>\n<meta property=\"og:locale\" content=\"fr_FR\" \/>\n<meta property=\"og:type\" content=\"article\" \/>\n<meta property=\"og:title\" content=\"[La D\u00e9p\u00eache] Franck Delp\u00e9rier : un nouveau syndicat pour l&#039;homme de fer de Tiss\u00e9o - AUTATE\" \/>\n<meta property=\"og:description\" content=\"La derni\u00e8re gr\u00e8ve \u00e0 Tiss\u00e9o, pour laquelle il dit n&rsquo;avoir pas \u00e9t\u00e9 \u00e9cout\u00e9, a fait exploser le syndicat Sud qu&rsquo;il a quitt\u00e9 pour lancer une nouvelle organisation, la FNCR, au sein de la r\u00e9gie des transports. Ce battant a surmont\u00e9 ses probl\u00e8mes de sant\u00e9 \u2014 son organisme produit trop de fer- et si\u00e8ge au comit\u00e9VOIR PLUS\" \/>\n<meta property=\"og:url\" content=\"https:\/\/autate.fr\/site\/la-depeche-franck-delperier-un-nouveau-syndicat-pour-lhomme-de-fer-de-tisseo\/\" \/>\n<meta property=\"og:site_name\" content=\"AUTATE\" \/>\n<meta property=\"article:publisher\" content=\"https:\/\/www.facebook.com\/AutateToulouse\" \/>\n<meta property=\"article:published_time\" content=\"2016-01-06T12:05:33+00:00\" \/>\n<meta property=\"article:modified_time\" content=\"2016-01-12T16:12:10+00:00\" \/>\n<meta name=\"author\" content=\"pascalbarbier\" \/>\n<meta name=\"twitter:card\" content=\"summary_large_image\" \/>\n<meta name=\"twitter:creator\" content=\"@AutateToulouse\" \/>\n<meta name=\"twitter:site\" content=\"@AutateToulouse\" \/>\n<meta name=\"twitter:label1\" content=\"\u00c9crit par\" \/>\n\t<meta name=\"twitter:data1\" content=\"pascalbarbier\" \/>\n\t<meta name=\"twitter:label2\" content=\"Dur\u00e9e de lecture estim\u00e9e\" \/>\n\t<meta name=\"twitter:data2\" content=\"2 minutes\" \/>\n<script type=\"application\/ld+json\" class=\"yoast-schema-graph\">{\"@context\":\"https:\\\/\\\/schema.org\",\"@graph\":[{\"@type\":\"Article\",\"@id\":\"https:\\\/\\\/autate.fr\\\/site\\\/la-depeche-franck-delperier-un-nouveau-syndicat-pour-lhomme-de-fer-de-tisseo\\\/#article\",\"isPartOf\":{\"@id\":\"https:\\\/\\\/autate.fr\\\/site\\\/la-depeche-franck-delperier-un-nouveau-syndicat-pour-lhomme-de-fer-de-tisseo\\\/\"},\"author\":{\"name\":\"pascalbarbier\",\"@id\":\"https:\\\/\\\/autate.fr\\\/site\\\/#\\\/schema\\\/person\\\/ae1ab8bdaa7b41d2a9b52d2557ce8254\"},\"headline\":\"[La D\u00e9p\u00eache] Franck Delp\u00e9rier : un nouveau syndicat pour l&rsquo;homme de fer de Tiss\u00e9o\",\"datePublished\":\"2016-01-06T12:05:33+00:00\",\"dateModified\":\"2016-01-12T16:12:10+00:00\",\"mainEntityOfPage\":{\"@id\":\"https:\\\/\\\/autate.fr\\\/site\\\/la-depeche-franck-delperier-un-nouveau-syndicat-pour-lhomme-de-fer-de-tisseo\\\/\"},\"wordCount\":375,\"commentCount\":0,\"publisher\":{\"@id\":\"https:\\\/\\\/autate.fr\\\/site\\\/#organization\"},\"keywords\":[\"syndicats\",\"Tiss\u00e9o\"],\"articleSection\":[\"Revue de presse\"],\"inLanguage\":\"fr-FR\",\"potentialAction\":[{\"@type\":\"CommentAction\",\"name\":\"Comment\",\"target\":[\"https:\\\/\\\/autate.fr\\\/site\\\/la-depeche-franck-delperier-un-nouveau-syndicat-pour-lhomme-de-fer-de-tisseo\\\/#respond\"]}]},{\"@type\":\"WebPage\",\"@id\":\"https:\\\/\\\/autate.fr\\\/site\\\/la-depeche-franck-delperier-un-nouveau-syndicat-pour-lhomme-de-fer-de-tisseo\\\/\",\"url\":\"https:\\\/\\\/autate.fr\\\/site\\\/la-depeche-franck-delperier-un-nouveau-syndicat-pour-lhomme-de-fer-de-tisseo\\\/\",\"name\":\"[La D\u00e9p\u00eache] Franck Delp\u00e9rier : un nouveau syndicat pour l'homme de fer de Tiss\u00e9o - AUTATE\",\"isPartOf\":{\"@id\":\"https:\\\/\\\/autate.fr\\\/site\\\/#website\"},\"datePublished\":\"2016-01-06T12:05:33+00:00\",\"dateModified\":\"2016-01-12T16:12:10+00:00\",\"breadcrumb\":{\"@id\":\"https:\\\/\\\/autate.fr\\\/site\\\/la-depeche-franck-delperier-un-nouveau-syndicat-pour-lhomme-de-fer-de-tisseo\\\/#breadcrumb\"},\"inLanguage\":\"fr-FR\",\"potentialAction\":[{\"@type\":\"ReadAction\",\"target\":[\"https:\\\/\\\/autate.fr\\\/site\\\/la-depeche-franck-delperier-un-nouveau-syndicat-pour-lhomme-de-fer-de-tisseo\\\/\"]}]},{\"@type\":\"BreadcrumbList\",\"@id\":\"https:\\\/\\\/autate.fr\\\/site\\\/la-depeche-franck-delperier-un-nouveau-syndicat-pour-lhomme-de-fer-de-tisseo\\\/#breadcrumb\",\"itemListElement\":[{\"@type\":\"ListItem\",\"position\":1,\"name\":\"Accueil\",\"item\":\"https:\\\/\\\/autate.fr\\\/site\\\/\"},{\"@type\":\"ListItem\",\"position\":2,\"name\":\"[La D\u00e9p\u00eache] Franck Delp\u00e9rier : un nouveau syndicat pour l&rsquo;homme de fer de Tiss\u00e9o\"}]},{\"@type\":\"WebSite\",\"@id\":\"https:\\\/\\\/autate.fr\\\/site\\\/#website\",\"url\":\"https:\\\/\\\/autate.fr\\\/site\\\/\",\"name\":\"AUTATE\",\"description\":\"Association des usagers des transports de l&#039;agglom\u00e9ration Toulousaine et de ses environs\",\"publisher\":{\"@id\":\"https:\\\/\\\/autate.fr\\\/site\\\/#organization\"},\"potentialAction\":[{\"@type\":\"SearchAction\",\"target\":{\"@type\":\"EntryPoint\",\"urlTemplate\":\"https:\\\/\\\/autate.fr\\\/site\\\/?s={search_term_string}\"},\"query-input\":{\"@type\":\"PropertyValueSpecification\",\"valueRequired\":true,\"valueName\":\"search_term_string\"}}],\"inLanguage\":\"fr-FR\"},{\"@type\":\"Organization\",\"@id\":\"https:\\\/\\\/autate.fr\\\/site\\\/#organization\",\"name\":\"AUTATE\",\"url\":\"https:\\\/\\\/autate.fr\\\/site\\\/\",\"logo\":{\"@type\":\"ImageObject\",\"inLanguage\":\"fr-FR\",\"@id\":\"https:\\\/\\\/autate.fr\\\/site\\\/#\\\/schema\\\/logo\\\/image\\\/\",\"url\":\"http:\\\/\\\/autate.fr\\\/site\\\/wp-content\\\/uploads\\\/2019\\\/01\\\/logo.png\",\"contentUrl\":\"http:\\\/\\\/autate.fr\\\/site\\\/wp-content\\\/uploads\\\/2019\\\/01\\\/logo.png\",\"width\":506,\"height\":280,\"caption\":\"AUTATE\"},\"image\":{\"@id\":\"https:\\\/\\\/autate.fr\\\/site\\\/#\\\/schema\\\/logo\\\/image\\\/\"},\"sameAs\":[\"https:\\\/\\\/www.facebook.com\\\/AutateToulouse\",\"https:\\\/\\\/x.com\\\/AutateToulouse\"]},{\"@type\":\"Person\",\"@id\":\"https:\\\/\\\/autate.fr\\\/site\\\/#\\\/schema\\\/person\\\/ae1ab8bdaa7b41d2a9b52d2557ce8254\",\"name\":\"pascalbarbier\",\"image\":{\"@type\":\"ImageObject\",\"inLanguage\":\"fr-FR\",\"@id\":\"https:\\\/\\\/secure.gravatar.com\\\/avatar\\\/03f4e8ced09894b72c67e83142540730d4b3bbf619bf46341b0074e3bf5f08a0?s=96&d=mm&r=g\",\"url\":\"https:\\\/\\\/secure.gravatar.com\\\/avatar\\\/03f4e8ced09894b72c67e83142540730d4b3bbf619bf46341b0074e3bf5f08a0?s=96&d=mm&r=g\",\"contentUrl\":\"https:\\\/\\\/secure.gravatar.com\\\/avatar\\\/03f4e8ced09894b72c67e83142540730d4b3bbf619bf46341b0074e3bf5f08a0?s=96&d=mm&r=g\",\"caption\":\"pascalbarbier\"},\"url\":\"https:\\\/\\\/autate.fr\\\/site\\\/author\\\/pascalbarbier\\\/\"}]}<\/script>\n<!-- \/ Yoast SEO plugin. -->","yoast_head_json":{"title":"[La D\u00e9p\u00eache] Franck Delp\u00e9rier : un nouveau syndicat pour l'homme de fer de Tiss\u00e9o - AUTATE","robots":{"index":"index","follow":"follow","max-snippet":"max-snippet:-1","max-image-preview":"max-image-preview:large","max-video-preview":"max-video-preview:-1"},"canonical":"https:\/\/autate.fr\/site\/la-depeche-franck-delperier-un-nouveau-syndicat-pour-lhomme-de-fer-de-tisseo\/","og_locale":"fr_FR","og_type":"article","og_title":"[La D\u00e9p\u00eache] Franck Delp\u00e9rier : un nouveau syndicat pour l'homme de fer de Tiss\u00e9o - AUTATE","og_description":"La derni\u00e8re gr\u00e8ve \u00e0 Tiss\u00e9o, pour laquelle il dit n&rsquo;avoir pas \u00e9t\u00e9 \u00e9cout\u00e9, a fait exploser le syndicat Sud qu&rsquo;il a quitt\u00e9 pour lancer une nouvelle organisation, la FNCR, au sein de la r\u00e9gie des transports. Ce battant a surmont\u00e9 ses probl\u00e8mes de sant\u00e9 \u2014 son organisme produit trop de fer- et si\u00e8ge au comit\u00e9VOIR PLUS","og_url":"https:\/\/autate.fr\/site\/la-depeche-franck-delperier-un-nouveau-syndicat-pour-lhomme-de-fer-de-tisseo\/","og_site_name":"AUTATE","article_publisher":"https:\/\/www.facebook.com\/AutateToulouse","article_published_time":"2016-01-06T12:05:33+00:00","article_modified_time":"2016-01-12T16:12:10+00:00","author":"pascalbarbier","twitter_card":"summary_large_image","twitter_creator":"@AutateToulouse","twitter_site":"@AutateToulouse","twitter_misc":{"\u00c9crit par":"pascalbarbier","Dur\u00e9e de lecture estim\u00e9e":"2 minutes"},"schema":{"@context":"https:\/\/schema.org","@graph":[{"@type":"Article","@id":"https:\/\/autate.fr\/site\/la-depeche-franck-delperier-un-nouveau-syndicat-pour-lhomme-de-fer-de-tisseo\/#article","isPartOf":{"@id":"https:\/\/autate.fr\/site\/la-depeche-franck-delperier-un-nouveau-syndicat-pour-lhomme-de-fer-de-tisseo\/"},"author":{"name":"pascalbarbier","@id":"https:\/\/autate.fr\/site\/#\/schema\/person\/ae1ab8bdaa7b41d2a9b52d2557ce8254"},"headline":"[La D\u00e9p\u00eache] Franck Delp\u00e9rier : un nouveau syndicat pour l&rsquo;homme de fer de Tiss\u00e9o","datePublished":"2016-01-06T12:05:33+00:00","dateModified":"2016-01-12T16:12:10+00:00","mainEntityOfPage":{"@id":"https:\/\/autate.fr\/site\/la-depeche-franck-delperier-un-nouveau-syndicat-pour-lhomme-de-fer-de-tisseo\/"},"wordCount":375,"commentCount":0,"publisher":{"@id":"https:\/\/autate.fr\/site\/#organization"},"keywords":["syndicats","Tiss\u00e9o"],"articleSection":["Revue de presse"],"inLanguage":"fr-FR","potentialAction":[{"@type":"CommentAction","name":"Comment","target":["https:\/\/autate.fr\/site\/la-depeche-franck-delperier-un-nouveau-syndicat-pour-lhomme-de-fer-de-tisseo\/#respond"]}]},{"@type":"WebPage","@id":"https:\/\/autate.fr\/site\/la-depeche-franck-delperier-un-nouveau-syndicat-pour-lhomme-de-fer-de-tisseo\/","url":"https:\/\/autate.fr\/site\/la-depeche-franck-delperier-un-nouveau-syndicat-pour-lhomme-de-fer-de-tisseo\/","name":"[La D\u00e9p\u00eache] Franck Delp\u00e9rier : un nouveau syndicat pour l'homme de fer de Tiss\u00e9o - AUTATE","isPartOf":{"@id":"https:\/\/autate.fr\/site\/#website"},"datePublished":"2016-01-06T12:05:33+00:00","dateModified":"2016-01-12T16:12:10+00:00","breadcrumb":{"@id":"https:\/\/autate.fr\/site\/la-depeche-franck-delperier-un-nouveau-syndicat-pour-lhomme-de-fer-de-tisseo\/#breadcrumb"},"inLanguage":"fr-FR","potentialAction":[{"@type":"ReadAction","target":["https:\/\/autate.fr\/site\/la-depeche-franck-delperier-un-nouveau-syndicat-pour-lhomme-de-fer-de-tisseo\/"]}]},{"@type":"BreadcrumbList","@id":"https:\/\/autate.fr\/site\/la-depeche-franck-delperier-un-nouveau-syndicat-pour-lhomme-de-fer-de-tisseo\/#breadcrumb","itemListElement":[{"@type":"ListItem","position":1,"name":"Accueil","item":"https:\/\/autate.fr\/site\/"},{"@type":"ListItem","position":2,"name":"[La D\u00e9p\u00eache] Franck Delp\u00e9rier : un nouveau syndicat pour l&rsquo;homme de fer de Tiss\u00e9o"}]},{"@type":"WebSite","@id":"https:\/\/autate.fr\/site\/#website","url":"https:\/\/autate.fr\/site\/","name":"AUTATE","description":"Association des usagers des transports de l&#039;agglom\u00e9ration Toulousaine et de ses environs","publisher":{"@id":"https:\/\/autate.fr\/site\/#organization"},"potentialAction":[{"@type":"SearchAction","target":{"@type":"EntryPoint","urlTemplate":"https:\/\/autate.fr\/site\/?s={search_term_string}"},"query-input":{"@type":"PropertyValueSpecification","valueRequired":true,"valueName":"search_term_string"}}],"inLanguage":"fr-FR"},{"@type":"Organization","@id":"https:\/\/autate.fr\/site\/#organization","name":"AUTATE","url":"https:\/\/autate.fr\/site\/","logo":{"@type":"ImageObject","inLanguage":"fr-FR","@id":"https:\/\/autate.fr\/site\/#\/schema\/logo\/image\/","url":"http:\/\/autate.fr\/site\/wp-content\/uploads\/2019\/01\/logo.png","contentUrl":"http:\/\/autate.fr\/site\/wp-content\/uploads\/2019\/01\/logo.png","width":506,"height":280,"caption":"AUTATE"},"image":{"@id":"https:\/\/autate.fr\/site\/#\/schema\/logo\/image\/"},"sameAs":["https:\/\/www.facebook.com\/AutateToulouse","https:\/\/x.com\/AutateToulouse"]},{"@type":"Person","@id":"https:\/\/autate.fr\/site\/#\/schema\/person\/ae1ab8bdaa7b41d2a9b52d2557ce8254","name":"pascalbarbier","image":{"@type":"ImageObject","inLanguage":"fr-FR","@id":"https:\/\/secure.gravatar.com\/avatar\/03f4e8ced09894b72c67e83142540730d4b3bbf619bf46341b0074e3bf5f08a0?s=96&d=mm&r=g","url":"https:\/\/secure.gravatar.com\/avatar\/03f4e8ced09894b72c67e83142540730d4b3bbf619bf46341b0074e3bf5f08a0?s=96&d=mm&r=g","contentUrl":"https:\/\/secure.gravatar.com\/avatar\/03f4e8ced09894b72c67e83142540730d4b3bbf619bf46341b0074e3bf5f08a0?s=96&d=mm&r=g","caption":"pascalbarbier"},"url":"https:\/\/autate.fr\/site\/author\/pascalbarbier\/"}]}},"_links":{"self":[{"href":"https:\/\/autate.fr\/site\/wp-json\/wp\/v2\/posts\/139","targetHints":{"allow":["GET"]}}],"collection":[{"href":"https:\/\/autate.fr\/site\/wp-json\/wp\/v2\/posts"}],"about":[{"href":"https:\/\/autate.fr\/site\/wp-json\/wp\/v2\/types\/post"}],"author":[{"embeddable":true,"href":"https:\/\/autate.fr\/site\/wp-json\/wp\/v2\/users\/1"}],"replies":[{"embeddable":true,"href":"https:\/\/autate.fr\/site\/wp-json\/wp\/v2\/comments?post=139"}],"version-history":[{"count":1,"href":"https:\/\/autate.fr\/site\/wp-json\/wp\/v2\/posts\/139\/revisions"}],"predecessor-version":[{"id":140,"href":"https:\/\/autate.fr\/site\/wp-json\/wp\/v2\/posts\/139\/revisions\/140"}],"wp:attachment":[{"href":"https:\/\/autate.fr\/site\/wp-json\/wp\/v2\/media?parent=139"}],"wp:term":[{"taxonomy":"category","embeddable":true,"href":"https:\/\/autate.fr\/site\/wp-json\/wp\/v2\/categories?post=139"},{"taxonomy":"post_tag","embeddable":true,"href":"https:\/\/autate.fr\/site\/wp-json\/wp\/v2\/tags?post=139"}],"curies":[{"name":"wp","href":"https:\/\/api.w.org\/{rel}","templated":true}]}}