{"id":1389,"date":"2017-03-02T16:20:14","date_gmt":"2017-03-02T15:20:14","guid":{"rendered":"http:\/\/autate.fr\/site\/?p=1389"},"modified":"2017-03-26T16:24:05","modified_gmt":"2017-03-26T14:24:05","slug":"cotetoulouse-hausse-des-tarifs-des-transports-en-commun-a-toulouse-un-rassemblement-prevu-jeudi","status":"publish","type":"post","link":"https:\/\/autate.fr\/site\/cotetoulouse-hausse-des-tarifs-des-transports-en-commun-a-toulouse-un-rassemblement-prevu-jeudi\/","title":{"rendered":"[C\u00f4t\u00e9Toulouse] Hausse des tarifs des transports en commun \u00e0 Toulouse : un rassemblement pr\u00e9vu, jeudi"},"content":{"rendered":"<h2 class=\"bigger mts mbs\" data-role=\"chapo\">Plusieurs syndicats, collectifs et la Ligue des droits de l&rsquo;Homme organisent un rassemblement, jeudi 2 mars 2017, contre la hausse des tarifs de transports en commun \u00e0 Toulouse.<\/h2>\n<p>\u00ab Ce n\u2019est pas un rassemblement de retrait\u00e9s \u00bb, souffle Daniel Pic, le responsable de la section \u00ab retrait\u00e9s \u00bb de <strong>la CGT de Haute-Garonne<\/strong>. Jeudi 2 mars 2017, \u00e0 11 heures <strong>place du Capitole<\/strong>, \u00e0 <strong>Toulouse<\/strong>, neuf syndicats, la Ligue des droits de l\u2019Homme et la f\u00e9d\u00e9ration Loisirs, solidarit\u00e9 et retrait\u00e9s (LSR) de <strong>Toulouse<\/strong> comptent manifester leur m\u00e9contentement \u00ab sous les fen\u00eatres de la mairie \u00bb.<\/p>\n<p>La raison de cette contrari\u00e9t\u00e9 ? <strong>La fin de certains tarifs r\u00e9duits <\/strong>Tiss\u00e9o, le<strong> trac\u00e9 de la troisi\u00e8me ligne de m\u00e9tro <\/strong>et le \u00ab <strong>manque de service public <\/strong>au niveau des transports \u00bb.<\/p>\n<p><a href=\"http:\/\/actu.cotetoulouse.fr\/hausse-tarifs-transports-commun-toulouse-rassemblement-jeudi_59242\/\" target=\"_blank\"><strong>lire la suite<\/strong><\/a><\/p>\n","protected":false},"excerpt":{"rendered":"<p>Plusieurs syndicats, collectifs et la Ligue des droits de l&rsquo;Homme organisent un rassemblement, jeudi 2 mars 2017, contre la hausse des tarifs de transports en commun \u00e0 Toulouse. \u00ab Ce n\u2019est pas un rassemblement de retrait\u00e9s \u00bb, souffle Daniel Pic, le responsable de la section \u00ab retrait\u00e9s \u00bb de la CGT de Haute-Garonne. Jeudi 2<\/p>\n<p class=\"more-link\"><a href=\"https:\/\/autate.fr\/site\/cotetoulouse-hausse-des-tarifs-des-transports-en-commun-a-toulouse-un-rassemblement-prevu-jeudi\/\" class=\"themebutton2\">VOIR PLUS<\/a><\/p>\n","protected":false},"author":1,"featured_media":0,"comment_status":"open","ping_status":"open","sticky":false,"template":"","format":"standard","meta":{"footnotes":""},"categories":[7],"tags":[288,291,229,209,126,47,207],"class_list":["post-1389","post","type-post","status-publish","format-standard","hentry","category-revue-de-presse","tag-abonnement","tag-chomeurs","tag-jeunes","tag-seniors","tag-service-public","tag-syndicats","tag-tarifs"],"yoast_head":"<!-- This site is optimized with the Yoast SEO plugin v27.4 - https:\/\/yoast.com\/product\/yoast-seo-wordpress\/ -->\n<title>[C\u00f4t\u00e9Toulouse] Hausse des tarifs des transports en commun \u00e0 Toulouse : un rassemblement pr\u00e9vu, jeudi - AUTATE<\/title>\n<meta name=\"robots\" content=\"index, follow, max-snippet:-1, max-image-preview:large, max-video-preview:-1\" \/>\n<link rel=\"canonical\" href=\"https:\/\/autate.fr\/site\/cotetoulouse-hausse-des-tarifs-des-transports-en-commun-a-toulouse-un-rassemblement-prevu-jeudi\/\" \/>\n<meta property=\"og:locale\" content=\"fr_FR\" \/>\n<meta property=\"og:type\" content=\"article\" \/>\n<meta property=\"og:title\" content=\"[C\u00f4t\u00e9Toulouse] Hausse des tarifs des transports en commun \u00e0 Toulouse : un rassemblement pr\u00e9vu, jeudi - AUTATE\" \/>\n<meta property=\"og:description\" content=\"Plusieurs syndicats, collectifs et la Ligue des droits de l&rsquo;Homme organisent un rassemblement, jeudi 2 mars 2017, contre la hausse des tarifs de transports en commun \u00e0 Toulouse. \u00ab Ce n\u2019est pas un rassemblement de retrait\u00e9s \u00bb, souffle Daniel Pic, le responsable de la section \u00ab retrait\u00e9s \u00bb de la CGT de Haute-Garonne. Jeudi 2VOIR PLUS\" \/>\n<meta property=\"og:url\" content=\"https:\/\/autate.fr\/site\/cotetoulouse-hausse-des-tarifs-des-transports-en-commun-a-toulouse-un-rassemblement-prevu-jeudi\/\" \/>\n<meta property=\"og:site_name\" content=\"AUTATE\" \/>\n<meta property=\"article:publisher\" content=\"https:\/\/www.facebook.com\/AutateToulouse\" \/>\n<meta property=\"article:published_time\" content=\"2017-03-02T15:20:14+00:00\" \/>\n<meta property=\"article:modified_time\" content=\"2017-03-26T14:24:05+00:00\" \/>\n<meta name=\"author\" content=\"pascalbarbier\" \/>\n<meta name=\"twitter:card\" content=\"summary_large_image\" \/>\n<meta name=\"twitter:creator\" content=\"@AutateToulouse\" \/>\n<meta name=\"twitter:site\" content=\"@AutateToulouse\" \/>\n<meta name=\"twitter:label1\" content=\"\u00c9crit par\" \/>\n\t<meta name=\"twitter:data1\" content=\"pascalbarbier\" \/>\n\t<meta name=\"twitter:label2\" content=\"Dur\u00e9e de lecture estim\u00e9e\" \/>\n\t<meta name=\"twitter:data2\" content=\"1 minute\" \/>\n<script type=\"application\/ld+json\" class=\"yoast-schema-graph\">{\"@context\":\"https:\\\/\\\/schema.org\",\"@graph\":[{\"@type\":\"Article\",\"@id\":\"https:\\\/\\\/autate.fr\\\/site\\\/cotetoulouse-hausse-des-tarifs-des-transports-en-commun-a-toulouse-un-rassemblement-prevu-jeudi\\\/#article\",\"isPartOf\":{\"@id\":\"https:\\\/\\\/autate.fr\\\/site\\\/cotetoulouse-hausse-des-tarifs-des-transports-en-commun-a-toulouse-un-rassemblement-prevu-jeudi\\\/\"},\"author\":{\"name\":\"pascalbarbier\",\"@id\":\"https:\\\/\\\/autate.fr\\\/site\\\/#\\\/schema\\\/person\\\/ae1ab8bdaa7b41d2a9b52d2557ce8254\"},\"headline\":\"[C\u00f4t\u00e9Toulouse] Hausse des tarifs des transports en commun \u00e0 Toulouse : un rassemblement pr\u00e9vu, jeudi\",\"datePublished\":\"2017-03-02T15:20:14+00:00\",\"dateModified\":\"2017-03-26T14:24:05+00:00\",\"mainEntityOfPage\":{\"@id\":\"https:\\\/\\\/autate.fr\\\/site\\\/cotetoulouse-hausse-des-tarifs-des-transports-en-commun-a-toulouse-un-rassemblement-prevu-jeudi\\\/\"},\"wordCount\":144,\"commentCount\":0,\"publisher\":{\"@id\":\"https:\\\/\\\/autate.fr\\\/site\\\/#organization\"},\"keywords\":[\"abonnement\",\"ch\u00f4meurs\",\"jeunes\",\"seniors\",\"service public\",\"syndicats\",\"tarifs\"],\"articleSection\":[\"Revue de presse\"],\"inLanguage\":\"fr-FR\",\"potentialAction\":[{\"@type\":\"CommentAction\",\"name\":\"Comment\",\"target\":[\"https:\\\/\\\/autate.fr\\\/site\\\/cotetoulouse-hausse-des-tarifs-des-transports-en-commun-a-toulouse-un-rassemblement-prevu-jeudi\\\/#respond\"]}]},{\"@type\":\"WebPage\",\"@id\":\"https:\\\/\\\/autate.fr\\\/site\\\/cotetoulouse-hausse-des-tarifs-des-transports-en-commun-a-toulouse-un-rassemblement-prevu-jeudi\\\/\",\"url\":\"https:\\\/\\\/autate.fr\\\/site\\\/cotetoulouse-hausse-des-tarifs-des-transports-en-commun-a-toulouse-un-rassemblement-prevu-jeudi\\\/\",\"name\":\"[C\u00f4t\u00e9Toulouse] Hausse des tarifs des transports en commun \u00e0 Toulouse : un rassemblement pr\u00e9vu, jeudi - AUTATE\",\"isPartOf\":{\"@id\":\"https:\\\/\\\/autate.fr\\\/site\\\/#website\"},\"datePublished\":\"2017-03-02T15:20:14+00:00\",\"dateModified\":\"2017-03-26T14:24:05+00:00\",\"breadcrumb\":{\"@id\":\"https:\\\/\\\/autate.fr\\\/site\\\/cotetoulouse-hausse-des-tarifs-des-transports-en-commun-a-toulouse-un-rassemblement-prevu-jeudi\\\/#breadcrumb\"},\"inLanguage\":\"fr-FR\",\"potentialAction\":[{\"@type\":\"ReadAction\",\"target\":[\"https:\\\/\\\/autate.fr\\\/site\\\/cotetoulouse-hausse-des-tarifs-des-transports-en-commun-a-toulouse-un-rassemblement-prevu-jeudi\\\/\"]}]},{\"@type\":\"BreadcrumbList\",\"@id\":\"https:\\\/\\\/autate.fr\\\/site\\\/cotetoulouse-hausse-des-tarifs-des-transports-en-commun-a-toulouse-un-rassemblement-prevu-jeudi\\\/#breadcrumb\",\"itemListElement\":[{\"@type\":\"ListItem\",\"position\":1,\"name\":\"Accueil\",\"item\":\"https:\\\/\\\/autate.fr\\\/site\\\/\"},{\"@type\":\"ListItem\",\"position\":2,\"name\":\"[C\u00f4t\u00e9Toulouse] Hausse des tarifs des transports en commun \u00e0 Toulouse : un rassemblement pr\u00e9vu, jeudi\"}]},{\"@type\":\"WebSite\",\"@id\":\"https:\\\/\\\/autate.fr\\\/site\\\/#website\",\"url\":\"https:\\\/\\\/autate.fr\\\/site\\\/\",\"name\":\"AUTATE\",\"description\":\"Association des usagers des transports de l&#039;agglom\u00e9ration Toulousaine et de ses environs\",\"publisher\":{\"@id\":\"https:\\\/\\\/autate.fr\\\/site\\\/#organization\"},\"potentialAction\":[{\"@type\":\"SearchAction\",\"target\":{\"@type\":\"EntryPoint\",\"urlTemplate\":\"https:\\\/\\\/autate.fr\\\/site\\\/?s={search_term_string}\"},\"query-input\":{\"@type\":\"PropertyValueSpecification\",\"valueRequired\":true,\"valueName\":\"search_term_string\"}}],\"inLanguage\":\"fr-FR\"},{\"@type\":\"Organization\",\"@id\":\"https:\\\/\\\/autate.fr\\\/site\\\/#organization\",\"name\":\"AUTATE\",\"url\":\"https:\\\/\\\/autate.fr\\\/site\\\/\",\"logo\":{\"@type\":\"ImageObject\",\"inLanguage\":\"fr-FR\",\"@id\":\"https:\\\/\\\/autate.fr\\\/site\\\/#\\\/schema\\\/logo\\\/image\\\/\",\"url\":\"http:\\\/\\\/autate.fr\\\/site\\\/wp-content\\\/uploads\\\/2019\\\/01\\\/logo.png\",\"contentUrl\":\"http:\\\/\\\/autate.fr\\\/site\\\/wp-content\\\/uploads\\\/2019\\\/01\\\/logo.png\",\"width\":506,\"height\":280,\"caption\":\"AUTATE\"},\"image\":{\"@id\":\"https:\\\/\\\/autate.fr\\\/site\\\/#\\\/schema\\\/logo\\\/image\\\/\"},\"sameAs\":[\"https:\\\/\\\/www.facebook.com\\\/AutateToulouse\",\"https:\\\/\\\/x.com\\\/AutateToulouse\"]},{\"@type\":\"Person\",\"@id\":\"https:\\\/\\\/autate.fr\\\/site\\\/#\\\/schema\\\/person\\\/ae1ab8bdaa7b41d2a9b52d2557ce8254\",\"name\":\"pascalbarbier\",\"image\":{\"@type\":\"ImageObject\",\"inLanguage\":\"fr-FR\",\"@id\":\"https:\\\/\\\/secure.gravatar.com\\\/avatar\\\/03f4e8ced09894b72c67e83142540730d4b3bbf619bf46341b0074e3bf5f08a0?s=96&d=mm&r=g\",\"url\":\"https:\\\/\\\/secure.gravatar.com\\\/avatar\\\/03f4e8ced09894b72c67e83142540730d4b3bbf619bf46341b0074e3bf5f08a0?s=96&d=mm&r=g\",\"contentUrl\":\"https:\\\/\\\/secure.gravatar.com\\\/avatar\\\/03f4e8ced09894b72c67e83142540730d4b3bbf619bf46341b0074e3bf5f08a0?s=96&d=mm&r=g\",\"caption\":\"pascalbarbier\"},\"url\":\"https:\\\/\\\/autate.fr\\\/site\\\/author\\\/pascalbarbier\\\/\"}]}<\/script>\n<!-- \/ Yoast SEO plugin. -->","yoast_head_json":{"title":"[C\u00f4t\u00e9Toulouse] Hausse des tarifs des transports en commun \u00e0 Toulouse : un rassemblement pr\u00e9vu, jeudi - AUTATE","robots":{"index":"index","follow":"follow","max-snippet":"max-snippet:-1","max-image-preview":"max-image-preview:large","max-video-preview":"max-video-preview:-1"},"canonical":"https:\/\/autate.fr\/site\/cotetoulouse-hausse-des-tarifs-des-transports-en-commun-a-toulouse-un-rassemblement-prevu-jeudi\/","og_locale":"fr_FR","og_type":"article","og_title":"[C\u00f4t\u00e9Toulouse] Hausse des tarifs des transports en commun \u00e0 Toulouse : un rassemblement pr\u00e9vu, jeudi - AUTATE","og_description":"Plusieurs syndicats, collectifs et la Ligue des droits de l&rsquo;Homme organisent un rassemblement, jeudi 2 mars 2017, contre la hausse des tarifs de transports en commun \u00e0 Toulouse. \u00ab Ce n\u2019est pas un rassemblement de retrait\u00e9s \u00bb, souffle Daniel Pic, le responsable de la section \u00ab retrait\u00e9s \u00bb de la CGT de Haute-Garonne. Jeudi 2VOIR PLUS","og_url":"https:\/\/autate.fr\/site\/cotetoulouse-hausse-des-tarifs-des-transports-en-commun-a-toulouse-un-rassemblement-prevu-jeudi\/","og_site_name":"AUTATE","article_publisher":"https:\/\/www.facebook.com\/AutateToulouse","article_published_time":"2017-03-02T15:20:14+00:00","article_modified_time":"2017-03-26T14:24:05+00:00","author":"pascalbarbier","twitter_card":"summary_large_image","twitter_creator":"@AutateToulouse","twitter_site":"@AutateToulouse","twitter_misc":{"\u00c9crit par":"pascalbarbier","Dur\u00e9e de lecture estim\u00e9e":"1 minute"},"schema":{"@context":"https:\/\/schema.org","@graph":[{"@type":"Article","@id":"https:\/\/autate.fr\/site\/cotetoulouse-hausse-des-tarifs-des-transports-en-commun-a-toulouse-un-rassemblement-prevu-jeudi\/#article","isPartOf":{"@id":"https:\/\/autate.fr\/site\/cotetoulouse-hausse-des-tarifs-des-transports-en-commun-a-toulouse-un-rassemblement-prevu-jeudi\/"},"author":{"name":"pascalbarbier","@id":"https:\/\/autate.fr\/site\/#\/schema\/person\/ae1ab8bdaa7b41d2a9b52d2557ce8254"},"headline":"[C\u00f4t\u00e9Toulouse] Hausse des tarifs des transports en commun \u00e0 Toulouse : un rassemblement pr\u00e9vu, jeudi","datePublished":"2017-03-02T15:20:14+00:00","dateModified":"2017-03-26T14:24:05+00:00","mainEntityOfPage":{"@id":"https:\/\/autate.fr\/site\/cotetoulouse-hausse-des-tarifs-des-transports-en-commun-a-toulouse-un-rassemblement-prevu-jeudi\/"},"wordCount":144,"commentCount":0,"publisher":{"@id":"https:\/\/autate.fr\/site\/#organization"},"keywords":["abonnement","ch\u00f4meurs","jeunes","seniors","service public","syndicats","tarifs"],"articleSection":["Revue de presse"],"inLanguage":"fr-FR","potentialAction":[{"@type":"CommentAction","name":"Comment","target":["https:\/\/autate.fr\/site\/cotetoulouse-hausse-des-tarifs-des-transports-en-commun-a-toulouse-un-rassemblement-prevu-jeudi\/#respond"]}]},{"@type":"WebPage","@id":"https:\/\/autate.fr\/site\/cotetoulouse-hausse-des-tarifs-des-transports-en-commun-a-toulouse-un-rassemblement-prevu-jeudi\/","url":"https:\/\/autate.fr\/site\/cotetoulouse-hausse-des-tarifs-des-transports-en-commun-a-toulouse-un-rassemblement-prevu-jeudi\/","name":"[C\u00f4t\u00e9Toulouse] Hausse des tarifs des transports en commun \u00e0 Toulouse : un rassemblement pr\u00e9vu, jeudi - AUTATE","isPartOf":{"@id":"https:\/\/autate.fr\/site\/#website"},"datePublished":"2017-03-02T15:20:14+00:00","dateModified":"2017-03-26T14:24:05+00:00","breadcrumb":{"@id":"https:\/\/autate.fr\/site\/cotetoulouse-hausse-des-tarifs-des-transports-en-commun-a-toulouse-un-rassemblement-prevu-jeudi\/#breadcrumb"},"inLanguage":"fr-FR","potentialAction":[{"@type":"ReadAction","target":["https:\/\/autate.fr\/site\/cotetoulouse-hausse-des-tarifs-des-transports-en-commun-a-toulouse-un-rassemblement-prevu-jeudi\/"]}]},{"@type":"BreadcrumbList","@id":"https:\/\/autate.fr\/site\/cotetoulouse-hausse-des-tarifs-des-transports-en-commun-a-toulouse-un-rassemblement-prevu-jeudi\/#breadcrumb","itemListElement":[{"@type":"ListItem","position":1,"name":"Accueil","item":"https:\/\/autate.fr\/site\/"},{"@type":"ListItem","position":2,"name":"[C\u00f4t\u00e9Toulouse] Hausse des tarifs des transports en commun \u00e0 Toulouse : un rassemblement pr\u00e9vu, jeudi"}]},{"@type":"WebSite","@id":"https:\/\/autate.fr\/site\/#website","url":"https:\/\/autate.fr\/site\/","name":"AUTATE","description":"Association des usagers des transports de l&#039;agglom\u00e9ration Toulousaine et de ses environs","publisher":{"@id":"https:\/\/autate.fr\/site\/#organization"},"potentialAction":[{"@type":"SearchAction","target":{"@type":"EntryPoint","urlTemplate":"https:\/\/autate.fr\/site\/?s={search_term_string}"},"query-input":{"@type":"PropertyValueSpecification","valueRequired":true,"valueName":"search_term_string"}}],"inLanguage":"fr-FR"},{"@type":"Organization","@id":"https:\/\/autate.fr\/site\/#organization","name":"AUTATE","url":"https:\/\/autate.fr\/site\/","logo":{"@type":"ImageObject","inLanguage":"fr-FR","@id":"https:\/\/autate.fr\/site\/#\/schema\/logo\/image\/","url":"http:\/\/autate.fr\/site\/wp-content\/uploads\/2019\/01\/logo.png","contentUrl":"http:\/\/autate.fr\/site\/wp-content\/uploads\/2019\/01\/logo.png","width":506,"height":280,"caption":"AUTATE"},"image":{"@id":"https:\/\/autate.fr\/site\/#\/schema\/logo\/image\/"},"sameAs":["https:\/\/www.facebook.com\/AutateToulouse","https:\/\/x.com\/AutateToulouse"]},{"@type":"Person","@id":"https:\/\/autate.fr\/site\/#\/schema\/person\/ae1ab8bdaa7b41d2a9b52d2557ce8254","name":"pascalbarbier","image":{"@type":"ImageObject","inLanguage":"fr-FR","@id":"https:\/\/secure.gravatar.com\/avatar\/03f4e8ced09894b72c67e83142540730d4b3bbf619bf46341b0074e3bf5f08a0?s=96&d=mm&r=g","url":"https:\/\/secure.gravatar.com\/avatar\/03f4e8ced09894b72c67e83142540730d4b3bbf619bf46341b0074e3bf5f08a0?s=96&d=mm&r=g","contentUrl":"https:\/\/secure.gravatar.com\/avatar\/03f4e8ced09894b72c67e83142540730d4b3bbf619bf46341b0074e3bf5f08a0?s=96&d=mm&r=g","caption":"pascalbarbier"},"url":"https:\/\/autate.fr\/site\/author\/pascalbarbier\/"}]}},"_links":{"self":[{"href":"https:\/\/autate.fr\/site\/wp-json\/wp\/v2\/posts\/1389","targetHints":{"allow":["GET"]}}],"collection":[{"href":"https:\/\/autate.fr\/site\/wp-json\/wp\/v2\/posts"}],"about":[{"href":"https:\/\/autate.fr\/site\/wp-json\/wp\/v2\/types\/post"}],"author":[{"embeddable":true,"href":"https:\/\/autate.fr\/site\/wp-json\/wp\/v2\/users\/1"}],"replies":[{"embeddable":true,"href":"https:\/\/autate.fr\/site\/wp-json\/wp\/v2\/comments?post=1389"}],"version-history":[{"count":1,"href":"https:\/\/autate.fr\/site\/wp-json\/wp\/v2\/posts\/1389\/revisions"}],"predecessor-version":[{"id":1391,"href":"https:\/\/autate.fr\/site\/wp-json\/wp\/v2\/posts\/1389\/revisions\/1391"}],"wp:attachment":[{"href":"https:\/\/autate.fr\/site\/wp-json\/wp\/v2\/media?parent=1389"}],"wp:term":[{"taxonomy":"category","embeddable":true,"href":"https:\/\/autate.fr\/site\/wp-json\/wp\/v2\/categories?post=1389"},{"taxonomy":"post_tag","embeddable":true,"href":"https:\/\/autate.fr\/site\/wp-json\/wp\/v2\/tags?post=1389"}],"curies":[{"name":"wp","href":"https:\/\/api.w.org\/{rel}","templated":true}]}}