{"id":137,"date":"2016-01-06T13:02:24","date_gmt":"2016-01-06T12:02:24","guid":{"rendered":"http:\/\/autate.fr\/site\/?p=137"},"modified":"2016-01-12T17:12:22","modified_gmt":"2016-01-12T16:12:22","slug":"la-depeche-discussions-decisives-sur-lavenir-du-metro-a-labege","status":"publish","type":"post","link":"https:\/\/autate.fr\/site\/la-depeche-discussions-decisives-sur-lavenir-du-metro-a-labege\/","title":{"rendered":"[La D\u00e9p\u00eache] Discussions d\u00e9cisives sur l&rsquo;avenir du m\u00e9tro \u00e0 Lab\u00e8ge"},"content":{"rendered":"<p>Toulouse M\u00e9tropole et le Sicoval ont entam\u00e9 hier des discussions sur le sujet qui envenime leurs relations : l&rsquo;extension du m\u00e9tro \u00e0 <a href=\"http:\/\/www.ladepeche.fr\/communes\/labege,31254.html\">Lab\u00e8ge<\/a>. Y aura-t-il un jour consensus ?<\/p>\n<div id=\"pub_dfp_article\" class=\"pub \"><\/div>\n<p>La ligne B du m\u00e9tro sera-t-elle un jour prolong\u00e9e jusqu&rsquo;\u00e0 Lab\u00e8ge ? Ce dossier, sur la table depuis le d\u00e9but des ann\u00e9es 2000, a connu un nouveau coup de frein lorsque Jean-Luc Moudenc, maire de Toulouse et pr\u00e9sident de la m\u00e9tropole, a dit pr\u00e9f\u00e9rer le projet phare de sa campagne des municipales : une troisi\u00e8me ligne de m\u00e9tro reliant l&rsquo;est \u00e0 l&rsquo;ouest de la Ville rose. Une troisi\u00e8me ligne d&rsquo;un co\u00fbt d&rsquo;1,7 milliard, promise pour 2024. Le Sicoval privil\u00e9gie, lui, dans un premier temps au moins, l&rsquo;extension de la ligne B. Car, mart\u00e8le la communaut\u00e9 d&rsquo;agglo, le plan de financement de ce projet \u00e0 362 M\u20ac, esp\u00e9r\u00e9 vers 2020-2021, est \u00abboucl\u00e9 et s\u00e9curis\u00e9\u00bb.<\/p>\n<p>En septembre, l&rsquo;avis favorable, assorti de r\u00e9serves, sur l&rsquo;utilit\u00e9 publique du prolongement, n&rsquo;a fait que creuser le foss\u00e9 entre les collectivit\u00e9s. Mais celles-ci ont convenu de renouer le contact, quelques jours avant la pr\u00e9sentation du trac\u00e9 de la troisi\u00e8me ligne par le syndicat des transports le 18 d\u00e9cembre. C&rsquo;est chose faite depuis hier \u00e0 l&rsquo;occasion d&rsquo;une r\u00e9union dont rien n&rsquo;a filtr\u00e9.<\/p>\n<p><a href=\"http:\/\/www.ladepeche.fr\/article\/2016\/01\/06\/2250098-discussions-decisives-sur-l-avenir-du-metro-a-labege.html\">lire la suite sur le site de La D\u00e9p\u00eache<\/a><\/p>\n","protected":false},"excerpt":{"rendered":"<p>Toulouse M\u00e9tropole et le Sicoval ont entam\u00e9 hier des discussions sur le sujet qui envenime leurs relations : l&rsquo;extension du m\u00e9tro \u00e0 Lab\u00e8ge. Y aura-t-il un jour consensus ? La ligne B du m\u00e9tro sera-t-elle un jour prolong\u00e9e jusqu&rsquo;\u00e0 Lab\u00e8ge ? Ce dossier, sur la table depuis le d\u00e9but des ann\u00e9es 2000, a connu un<\/p>\n<p class=\"more-link\"><a href=\"https:\/\/autate.fr\/site\/la-depeche-discussions-decisives-sur-lavenir-du-metro-a-labege\/\" class=\"themebutton2\">VOIR PLUS<\/a><\/p>\n","protected":false},"author":1,"featured_media":0,"comment_status":"open","ping_status":"open","sticky":false,"template":"","format":"standard","meta":{"footnotes":""},"categories":[7],"tags":[22,12,17],"class_list":["post-137","post","type-post","status-publish","format-standard","hentry","category-revue-de-presse","tag-labege","tag-metro","tag-plb"],"yoast_head":"<!-- This site is optimized with the Yoast SEO plugin v27.4 - https:\/\/yoast.com\/product\/yoast-seo-wordpress\/ -->\n<title>[La D\u00e9p\u00eache] Discussions d\u00e9cisives sur l&#039;avenir du m\u00e9tro \u00e0 Lab\u00e8ge - AUTATE<\/title>\n<meta name=\"robots\" content=\"index, follow, max-snippet:-1, max-image-preview:large, max-video-preview:-1\" \/>\n<link rel=\"canonical\" href=\"https:\/\/autate.fr\/site\/la-depeche-discussions-decisives-sur-lavenir-du-metro-a-labege\/\" \/>\n<meta property=\"og:locale\" content=\"fr_FR\" \/>\n<meta property=\"og:type\" content=\"article\" \/>\n<meta property=\"og:title\" content=\"[La D\u00e9p\u00eache] Discussions d\u00e9cisives sur l&#039;avenir du m\u00e9tro \u00e0 Lab\u00e8ge - AUTATE\" \/>\n<meta property=\"og:description\" content=\"Toulouse M\u00e9tropole et le Sicoval ont entam\u00e9 hier des discussions sur le sujet qui envenime leurs relations : l&rsquo;extension du m\u00e9tro \u00e0 Lab\u00e8ge. Y aura-t-il un jour consensus ? La ligne B du m\u00e9tro sera-t-elle un jour prolong\u00e9e jusqu&rsquo;\u00e0 Lab\u00e8ge ? Ce dossier, sur la table depuis le d\u00e9but des ann\u00e9es 2000, a connu unVOIR PLUS\" \/>\n<meta property=\"og:url\" content=\"https:\/\/autate.fr\/site\/la-depeche-discussions-decisives-sur-lavenir-du-metro-a-labege\/\" \/>\n<meta property=\"og:site_name\" content=\"AUTATE\" \/>\n<meta property=\"article:publisher\" content=\"https:\/\/www.facebook.com\/AutateToulouse\" \/>\n<meta property=\"article:published_time\" content=\"2016-01-06T12:02:24+00:00\" \/>\n<meta property=\"article:modified_time\" content=\"2016-01-12T16:12:22+00:00\" \/>\n<meta name=\"author\" content=\"pascalbarbier\" \/>\n<meta name=\"twitter:card\" content=\"summary_large_image\" \/>\n<meta name=\"twitter:creator\" content=\"@AutateToulouse\" \/>\n<meta name=\"twitter:site\" content=\"@AutateToulouse\" \/>\n<meta name=\"twitter:label1\" content=\"\u00c9crit par\" \/>\n\t<meta name=\"twitter:data1\" content=\"pascalbarbier\" \/>\n\t<meta name=\"twitter:label2\" content=\"Dur\u00e9e de lecture estim\u00e9e\" \/>\n\t<meta name=\"twitter:data2\" content=\"1 minute\" \/>\n<script type=\"application\/ld+json\" class=\"yoast-schema-graph\">{\"@context\":\"https:\\\/\\\/schema.org\",\"@graph\":[{\"@type\":\"Article\",\"@id\":\"https:\\\/\\\/autate.fr\\\/site\\\/la-depeche-discussions-decisives-sur-lavenir-du-metro-a-labege\\\/#article\",\"isPartOf\":{\"@id\":\"https:\\\/\\\/autate.fr\\\/site\\\/la-depeche-discussions-decisives-sur-lavenir-du-metro-a-labege\\\/\"},\"author\":{\"name\":\"pascalbarbier\",\"@id\":\"https:\\\/\\\/autate.fr\\\/site\\\/#\\\/schema\\\/person\\\/ae1ab8bdaa7b41d2a9b52d2557ce8254\"},\"headline\":\"[La D\u00e9p\u00eache] Discussions d\u00e9cisives sur l&rsquo;avenir du m\u00e9tro \u00e0 Lab\u00e8ge\",\"datePublished\":\"2016-01-06T12:02:24+00:00\",\"dateModified\":\"2016-01-12T16:12:22+00:00\",\"mainEntityOfPage\":{\"@id\":\"https:\\\/\\\/autate.fr\\\/site\\\/la-depeche-discussions-decisives-sur-lavenir-du-metro-a-labege\\\/\"},\"wordCount\":242,\"commentCount\":0,\"publisher\":{\"@id\":\"https:\\\/\\\/autate.fr\\\/site\\\/#organization\"},\"keywords\":[\"Lab\u00e8ge\",\"m\u00e9tro\",\"PLB\"],\"articleSection\":[\"Revue de presse\"],\"inLanguage\":\"fr-FR\",\"potentialAction\":[{\"@type\":\"CommentAction\",\"name\":\"Comment\",\"target\":[\"https:\\\/\\\/autate.fr\\\/site\\\/la-depeche-discussions-decisives-sur-lavenir-du-metro-a-labege\\\/#respond\"]}]},{\"@type\":\"WebPage\",\"@id\":\"https:\\\/\\\/autate.fr\\\/site\\\/la-depeche-discussions-decisives-sur-lavenir-du-metro-a-labege\\\/\",\"url\":\"https:\\\/\\\/autate.fr\\\/site\\\/la-depeche-discussions-decisives-sur-lavenir-du-metro-a-labege\\\/\",\"name\":\"[La D\u00e9p\u00eache] Discussions d\u00e9cisives sur l'avenir du m\u00e9tro \u00e0 Lab\u00e8ge - AUTATE\",\"isPartOf\":{\"@id\":\"https:\\\/\\\/autate.fr\\\/site\\\/#website\"},\"datePublished\":\"2016-01-06T12:02:24+00:00\",\"dateModified\":\"2016-01-12T16:12:22+00:00\",\"breadcrumb\":{\"@id\":\"https:\\\/\\\/autate.fr\\\/site\\\/la-depeche-discussions-decisives-sur-lavenir-du-metro-a-labege\\\/#breadcrumb\"},\"inLanguage\":\"fr-FR\",\"potentialAction\":[{\"@type\":\"ReadAction\",\"target\":[\"https:\\\/\\\/autate.fr\\\/site\\\/la-depeche-discussions-decisives-sur-lavenir-du-metro-a-labege\\\/\"]}]},{\"@type\":\"BreadcrumbList\",\"@id\":\"https:\\\/\\\/autate.fr\\\/site\\\/la-depeche-discussions-decisives-sur-lavenir-du-metro-a-labege\\\/#breadcrumb\",\"itemListElement\":[{\"@type\":\"ListItem\",\"position\":1,\"name\":\"Accueil\",\"item\":\"https:\\\/\\\/autate.fr\\\/site\\\/\"},{\"@type\":\"ListItem\",\"position\":2,\"name\":\"[La D\u00e9p\u00eache] Discussions d\u00e9cisives sur l&rsquo;avenir du m\u00e9tro \u00e0 Lab\u00e8ge\"}]},{\"@type\":\"WebSite\",\"@id\":\"https:\\\/\\\/autate.fr\\\/site\\\/#website\",\"url\":\"https:\\\/\\\/autate.fr\\\/site\\\/\",\"name\":\"AUTATE\",\"description\":\"Association des usagers des transports de l&#039;agglom\u00e9ration Toulousaine et de ses environs\",\"publisher\":{\"@id\":\"https:\\\/\\\/autate.fr\\\/site\\\/#organization\"},\"potentialAction\":[{\"@type\":\"SearchAction\",\"target\":{\"@type\":\"EntryPoint\",\"urlTemplate\":\"https:\\\/\\\/autate.fr\\\/site\\\/?s={search_term_string}\"},\"query-input\":{\"@type\":\"PropertyValueSpecification\",\"valueRequired\":true,\"valueName\":\"search_term_string\"}}],\"inLanguage\":\"fr-FR\"},{\"@type\":\"Organization\",\"@id\":\"https:\\\/\\\/autate.fr\\\/site\\\/#organization\",\"name\":\"AUTATE\",\"url\":\"https:\\\/\\\/autate.fr\\\/site\\\/\",\"logo\":{\"@type\":\"ImageObject\",\"inLanguage\":\"fr-FR\",\"@id\":\"https:\\\/\\\/autate.fr\\\/site\\\/#\\\/schema\\\/logo\\\/image\\\/\",\"url\":\"http:\\\/\\\/autate.fr\\\/site\\\/wp-content\\\/uploads\\\/2019\\\/01\\\/logo.png\",\"contentUrl\":\"http:\\\/\\\/autate.fr\\\/site\\\/wp-content\\\/uploads\\\/2019\\\/01\\\/logo.png\",\"width\":506,\"height\":280,\"caption\":\"AUTATE\"},\"image\":{\"@id\":\"https:\\\/\\\/autate.fr\\\/site\\\/#\\\/schema\\\/logo\\\/image\\\/\"},\"sameAs\":[\"https:\\\/\\\/www.facebook.com\\\/AutateToulouse\",\"https:\\\/\\\/x.com\\\/AutateToulouse\"]},{\"@type\":\"Person\",\"@id\":\"https:\\\/\\\/autate.fr\\\/site\\\/#\\\/schema\\\/person\\\/ae1ab8bdaa7b41d2a9b52d2557ce8254\",\"name\":\"pascalbarbier\",\"image\":{\"@type\":\"ImageObject\",\"inLanguage\":\"fr-FR\",\"@id\":\"https:\\\/\\\/secure.gravatar.com\\\/avatar\\\/03f4e8ced09894b72c67e83142540730d4b3bbf619bf46341b0074e3bf5f08a0?s=96&d=mm&r=g\",\"url\":\"https:\\\/\\\/secure.gravatar.com\\\/avatar\\\/03f4e8ced09894b72c67e83142540730d4b3bbf619bf46341b0074e3bf5f08a0?s=96&d=mm&r=g\",\"contentUrl\":\"https:\\\/\\\/secure.gravatar.com\\\/avatar\\\/03f4e8ced09894b72c67e83142540730d4b3bbf619bf46341b0074e3bf5f08a0?s=96&d=mm&r=g\",\"caption\":\"pascalbarbier\"},\"url\":\"https:\\\/\\\/autate.fr\\\/site\\\/author\\\/pascalbarbier\\\/\"}]}<\/script>\n<!-- \/ Yoast SEO plugin. -->","yoast_head_json":{"title":"[La D\u00e9p\u00eache] Discussions d\u00e9cisives sur l'avenir du m\u00e9tro \u00e0 Lab\u00e8ge - AUTATE","robots":{"index":"index","follow":"follow","max-snippet":"max-snippet:-1","max-image-preview":"max-image-preview:large","max-video-preview":"max-video-preview:-1"},"canonical":"https:\/\/autate.fr\/site\/la-depeche-discussions-decisives-sur-lavenir-du-metro-a-labege\/","og_locale":"fr_FR","og_type":"article","og_title":"[La D\u00e9p\u00eache] Discussions d\u00e9cisives sur l'avenir du m\u00e9tro \u00e0 Lab\u00e8ge - AUTATE","og_description":"Toulouse M\u00e9tropole et le Sicoval ont entam\u00e9 hier des discussions sur le sujet qui envenime leurs relations : l&rsquo;extension du m\u00e9tro \u00e0 Lab\u00e8ge. Y aura-t-il un jour consensus ? La ligne B du m\u00e9tro sera-t-elle un jour prolong\u00e9e jusqu&rsquo;\u00e0 Lab\u00e8ge ? Ce dossier, sur la table depuis le d\u00e9but des ann\u00e9es 2000, a connu unVOIR PLUS","og_url":"https:\/\/autate.fr\/site\/la-depeche-discussions-decisives-sur-lavenir-du-metro-a-labege\/","og_site_name":"AUTATE","article_publisher":"https:\/\/www.facebook.com\/AutateToulouse","article_published_time":"2016-01-06T12:02:24+00:00","article_modified_time":"2016-01-12T16:12:22+00:00","author":"pascalbarbier","twitter_card":"summary_large_image","twitter_creator":"@AutateToulouse","twitter_site":"@AutateToulouse","twitter_misc":{"\u00c9crit par":"pascalbarbier","Dur\u00e9e de lecture estim\u00e9e":"1 minute"},"schema":{"@context":"https:\/\/schema.org","@graph":[{"@type":"Article","@id":"https:\/\/autate.fr\/site\/la-depeche-discussions-decisives-sur-lavenir-du-metro-a-labege\/#article","isPartOf":{"@id":"https:\/\/autate.fr\/site\/la-depeche-discussions-decisives-sur-lavenir-du-metro-a-labege\/"},"author":{"name":"pascalbarbier","@id":"https:\/\/autate.fr\/site\/#\/schema\/person\/ae1ab8bdaa7b41d2a9b52d2557ce8254"},"headline":"[La D\u00e9p\u00eache] Discussions d\u00e9cisives sur l&rsquo;avenir du m\u00e9tro \u00e0 Lab\u00e8ge","datePublished":"2016-01-06T12:02:24+00:00","dateModified":"2016-01-12T16:12:22+00:00","mainEntityOfPage":{"@id":"https:\/\/autate.fr\/site\/la-depeche-discussions-decisives-sur-lavenir-du-metro-a-labege\/"},"wordCount":242,"commentCount":0,"publisher":{"@id":"https:\/\/autate.fr\/site\/#organization"},"keywords":["Lab\u00e8ge","m\u00e9tro","PLB"],"articleSection":["Revue de presse"],"inLanguage":"fr-FR","potentialAction":[{"@type":"CommentAction","name":"Comment","target":["https:\/\/autate.fr\/site\/la-depeche-discussions-decisives-sur-lavenir-du-metro-a-labege\/#respond"]}]},{"@type":"WebPage","@id":"https:\/\/autate.fr\/site\/la-depeche-discussions-decisives-sur-lavenir-du-metro-a-labege\/","url":"https:\/\/autate.fr\/site\/la-depeche-discussions-decisives-sur-lavenir-du-metro-a-labege\/","name":"[La D\u00e9p\u00eache] Discussions d\u00e9cisives sur l'avenir du m\u00e9tro \u00e0 Lab\u00e8ge - AUTATE","isPartOf":{"@id":"https:\/\/autate.fr\/site\/#website"},"datePublished":"2016-01-06T12:02:24+00:00","dateModified":"2016-01-12T16:12:22+00:00","breadcrumb":{"@id":"https:\/\/autate.fr\/site\/la-depeche-discussions-decisives-sur-lavenir-du-metro-a-labege\/#breadcrumb"},"inLanguage":"fr-FR","potentialAction":[{"@type":"ReadAction","target":["https:\/\/autate.fr\/site\/la-depeche-discussions-decisives-sur-lavenir-du-metro-a-labege\/"]}]},{"@type":"BreadcrumbList","@id":"https:\/\/autate.fr\/site\/la-depeche-discussions-decisives-sur-lavenir-du-metro-a-labege\/#breadcrumb","itemListElement":[{"@type":"ListItem","position":1,"name":"Accueil","item":"https:\/\/autate.fr\/site\/"},{"@type":"ListItem","position":2,"name":"[La D\u00e9p\u00eache] Discussions d\u00e9cisives sur l&rsquo;avenir du m\u00e9tro \u00e0 Lab\u00e8ge"}]},{"@type":"WebSite","@id":"https:\/\/autate.fr\/site\/#website","url":"https:\/\/autate.fr\/site\/","name":"AUTATE","description":"Association des usagers des transports de l&#039;agglom\u00e9ration Toulousaine et de ses environs","publisher":{"@id":"https:\/\/autate.fr\/site\/#organization"},"potentialAction":[{"@type":"SearchAction","target":{"@type":"EntryPoint","urlTemplate":"https:\/\/autate.fr\/site\/?s={search_term_string}"},"query-input":{"@type":"PropertyValueSpecification","valueRequired":true,"valueName":"search_term_string"}}],"inLanguage":"fr-FR"},{"@type":"Organization","@id":"https:\/\/autate.fr\/site\/#organization","name":"AUTATE","url":"https:\/\/autate.fr\/site\/","logo":{"@type":"ImageObject","inLanguage":"fr-FR","@id":"https:\/\/autate.fr\/site\/#\/schema\/logo\/image\/","url":"http:\/\/autate.fr\/site\/wp-content\/uploads\/2019\/01\/logo.png","contentUrl":"http:\/\/autate.fr\/site\/wp-content\/uploads\/2019\/01\/logo.png","width":506,"height":280,"caption":"AUTATE"},"image":{"@id":"https:\/\/autate.fr\/site\/#\/schema\/logo\/image\/"},"sameAs":["https:\/\/www.facebook.com\/AutateToulouse","https:\/\/x.com\/AutateToulouse"]},{"@type":"Person","@id":"https:\/\/autate.fr\/site\/#\/schema\/person\/ae1ab8bdaa7b41d2a9b52d2557ce8254","name":"pascalbarbier","image":{"@type":"ImageObject","inLanguage":"fr-FR","@id":"https:\/\/secure.gravatar.com\/avatar\/03f4e8ced09894b72c67e83142540730d4b3bbf619bf46341b0074e3bf5f08a0?s=96&d=mm&r=g","url":"https:\/\/secure.gravatar.com\/avatar\/03f4e8ced09894b72c67e83142540730d4b3bbf619bf46341b0074e3bf5f08a0?s=96&d=mm&r=g","contentUrl":"https:\/\/secure.gravatar.com\/avatar\/03f4e8ced09894b72c67e83142540730d4b3bbf619bf46341b0074e3bf5f08a0?s=96&d=mm&r=g","caption":"pascalbarbier"},"url":"https:\/\/autate.fr\/site\/author\/pascalbarbier\/"}]}},"_links":{"self":[{"href":"https:\/\/autate.fr\/site\/wp-json\/wp\/v2\/posts\/137","targetHints":{"allow":["GET"]}}],"collection":[{"href":"https:\/\/autate.fr\/site\/wp-json\/wp\/v2\/posts"}],"about":[{"href":"https:\/\/autate.fr\/site\/wp-json\/wp\/v2\/types\/post"}],"author":[{"embeddable":true,"href":"https:\/\/autate.fr\/site\/wp-json\/wp\/v2\/users\/1"}],"replies":[{"embeddable":true,"href":"https:\/\/autate.fr\/site\/wp-json\/wp\/v2\/comments?post=137"}],"version-history":[{"count":1,"href":"https:\/\/autate.fr\/site\/wp-json\/wp\/v2\/posts\/137\/revisions"}],"predecessor-version":[{"id":138,"href":"https:\/\/autate.fr\/site\/wp-json\/wp\/v2\/posts\/137\/revisions\/138"}],"wp:attachment":[{"href":"https:\/\/autate.fr\/site\/wp-json\/wp\/v2\/media?parent=137"}],"wp:term":[{"taxonomy":"category","embeddable":true,"href":"https:\/\/autate.fr\/site\/wp-json\/wp\/v2\/categories?post=137"},{"taxonomy":"post_tag","embeddable":true,"href":"https:\/\/autate.fr\/site\/wp-json\/wp\/v2\/tags?post=137"}],"curies":[{"name":"wp","href":"https:\/\/api.w.org\/{rel}","templated":true}]}}