{"id":1329,"date":"2017-03-13T16:00:48","date_gmt":"2017-03-13T15:00:48","guid":{"rendered":"http:\/\/autate.fr\/site\/?p=1329"},"modified":"2017-03-13T16:04:09","modified_gmt":"2017-03-13T15:04:09","slug":"conference-debat-quels-transports-pour-toulouse-metropole","status":"publish","type":"post","link":"https:\/\/autate.fr\/site\/conference-debat-quels-transports-pour-toulouse-metropole\/","title":{"rendered":"Conf\u00e9rence-d\u00e9bat : Quels transports pour Toulouse M\u00e9tropole ?"},"content":{"rendered":"<div class=\"chapo\">\n<p>Les Amis du Monde Diplomatique et l\u2019 Universit\u00e9 Populaire de Toulouse vous invitent le<strong> 16 mars \u00e0 2OH30<\/strong>,<\/p>\n<p>salle du S\u00e9n\u00e9chal, Toulouse.<\/p>\n<\/div>\n<div class=\"texte\">\n<p>Dans une agglom\u00e9ration qui conna\u00eet un accroissement d\u00e9mographique remarquable, accompagn\u00e9 d\u2019un \u00e9talement urbain toujours plus large, <strong>la croissance exponentielle du trafic automobile<\/strong> devient de plus en plus insupportable par la multiplication des bouchons et la pollution qui en r\u00e9sulte.<br class=\"autobr\" \/> La ville de Toulouse, enclav\u00e9e par des barri\u00e8res de p\u00e9age situ\u00e9e \u00e0 ses portes (Lab\u00e8ge, Lalande, L\u2019Union) poursuit une politique de gentrification de son centre ville <strong>en renvoyant le trafic automobile vers sa rocade et la p\u00e9riph\u00e9rie<\/strong>.<\/p>\n<p>On peut d\u2019ailleurs observer que si l\u2019on circule souvent mieux en ville <strong>ce n\u2019est pas le cas \u00e0 l\u2019ext\u00e9rieur o\u00f9, faute de transports en commun efficaces, la voiture reste souvent indispensable<\/strong>.<\/p>\n<p>Nous pouvons ainsi faire les constats suivants\u00a0:<\/p>\n<ul class=\"spip\">\n<li>le d\u00e9tournement des <strong>voies rapides au profit des grands centres commerciaux<\/strong> (Lab\u00e8ge, Balma, Blagnac, Portet et peut-\u00eatre demain Plaisance-du-Touch avec le projet Val Tolsa),<\/li>\n<li>la<strong> d\u00e9gradation ou un entretien \u00e0 minima des voies secondaires<\/strong> de circulation desservant toujours plus de <strong>zones d\u2019habitation<\/strong>, avec une multiplication des ronds-points mais aucune adaptation ni \u00e0 la croissance du trafic, ni \u00e0 l\u2019usage du v\u00e9lo,<\/li>\n<li>l\u2019inefficacit\u00e9 de la plupart des transports publics routiers existants en raison m\u00eame du trafic et des encombrements,<\/li>\n<li>des choix politiques incons\u00e9quents\u00a0: le trac\u00e9 excentr\u00e9 de la ligne de tramway, l\u2019annulation du prolongement de la ligne B de m\u00e9tro,<\/li>\n<li>la vente par l\u2019\u00c9tat de la soci\u00e9t\u00e9 d\u2019exploitation de l\u2019<strong>a\u00e9roport de Blagnac<\/strong> avec pour corollaire l\u2019accroissement pr\u00e9vu du trafic a\u00e9rien et l\u2019augmentation de toutes les nuisances associ\u00e9es,<\/li>\n<li>la<strong> sous-utilisation des acc\u00e8s ferroviaires<\/strong>\u00a0: limitations horaires, fr\u00e9quences insuffisantes, absence de double voie, tarification inadapt\u00e9e, parkings des gares sous-dimensionn\u00e9s,<\/li>\n<\/ul>\n<p>Face \u00e0 cette situation et aux besoins quotidiens des usagers que nous proposent nos \u00e9lus\u00a0?<\/p>\n<ul class=\"spip\">\n<li>une troisi\u00e8me ligne de m\u00e9tro,<\/li>\n<li>une autoroute entre Toulouse et Castres,<\/li>\n<li>une Ligne \u00e0 Grande Vitesse vers Bordeaux,<\/li>\n<\/ul>\n<p>Nous nous trouvons une fois de plus en face de <strong>Grands Projets<\/strong> qui, s\u2019ils ne s\u2019av\u00e8rent pas tout \u00e0 fait inutiles, seront \u00e9videmment co\u00fbteux. Ils peuvent satisfaire sans aucun doute les app\u00e9tits des multinationales du BTP mais ne r\u00e9pondront pas \u00e0 l\u2019urgence des besoins.<\/p>\n<p>Diff\u00e9rentes associations, l\u2019<strong>AUTATE<\/strong> (Association des Usagers des Transports de l\u2019Agglom\u00e9ration Toulousaine et de ses Environs), le <strong>PACT<\/strong> (Pas d\u2019Autoroute Castres Toulouse) et <strong>Alternative LGV Midi-Pyr\u00e9n\u00e9e<\/strong>s, essayent de faire entendre leurs voix pour r\u00e9orienter ces choix politiques, \u00e9coutons-les et d\u00e9battons avec eux des solutions alternatives.<\/p>\n<\/div>\n","protected":false},"excerpt":{"rendered":"<p>Les Amis du Monde Diplomatique et l\u2019 Universit\u00e9 Populaire de Toulouse vous invitent le 16 mars \u00e0 2OH30, salle du S\u00e9n\u00e9chal, Toulouse. Dans une agglom\u00e9ration qui conna\u00eet un accroissement d\u00e9mographique remarquable, accompagn\u00e9 d\u2019un \u00e9talement urbain toujours plus large, la croissance exponentielle du trafic automobile devient de plus en plus insupportable par la multiplication des bouchons<\/p>\n<p class=\"more-link\"><a href=\"https:\/\/autate.fr\/site\/conference-debat-quels-transports-pour-toulouse-metropole\/\" class=\"themebutton2\">VOIR PLUS<\/a><\/p>\n","protected":false},"author":1,"featured_media":1325,"comment_status":"open","ping_status":"open","sticky":false,"template":"","format":"standard","meta":{"footnotes":""},"categories":[4],"tags":[237,286,137],"class_list":["post-1329","post","type-post","status-publish","format-standard","has-post-thumbnail","hentry","category-actualite-association","tag-3eme-ligne-de-metro","tag-autoroute","tag-lgv"],"yoast_head":"<!-- This site is optimized with the Yoast SEO plugin v27.4 - https:\/\/yoast.com\/product\/yoast-seo-wordpress\/ -->\n<title>Conf\u00e9rence-d\u00e9bat : Quels transports pour Toulouse M\u00e9tropole ? - AUTATE<\/title>\n<meta name=\"robots\" content=\"index, follow, max-snippet:-1, max-image-preview:large, max-video-preview:-1\" \/>\n<link rel=\"canonical\" href=\"https:\/\/autate.fr\/site\/conference-debat-quels-transports-pour-toulouse-metropole\/\" \/>\n<meta property=\"og:locale\" content=\"fr_FR\" \/>\n<meta property=\"og:type\" content=\"article\" \/>\n<meta property=\"og:title\" content=\"Conf\u00e9rence-d\u00e9bat : Quels transports pour Toulouse M\u00e9tropole ? - AUTATE\" \/>\n<meta property=\"og:description\" content=\"Les Amis du Monde Diplomatique et l\u2019 Universit\u00e9 Populaire de Toulouse vous invitent le 16 mars \u00e0 2OH30, salle du S\u00e9n\u00e9chal, Toulouse. Dans une agglom\u00e9ration qui conna\u00eet un accroissement d\u00e9mographique remarquable, accompagn\u00e9 d\u2019un \u00e9talement urbain toujours plus large, la croissance exponentielle du trafic automobile devient de plus en plus insupportable par la multiplication des bouchonsVOIR PLUS\" \/>\n<meta property=\"og:url\" content=\"https:\/\/autate.fr\/site\/conference-debat-quels-transports-pour-toulouse-metropole\/\" \/>\n<meta property=\"og:site_name\" content=\"AUTATE\" \/>\n<meta property=\"article:publisher\" content=\"https:\/\/www.facebook.com\/AutateToulouse\" \/>\n<meta property=\"article:published_time\" content=\"2017-03-13T15:00:48+00:00\" \/>\n<meta property=\"article:modified_time\" content=\"2017-03-13T15:04:09+00:00\" \/>\n<meta property=\"og:image\" content=\"https:\/\/autate.fr\/site\/wp-content\/uploads\/2017\/03\/flux.png\" \/>\n\t<meta property=\"og:image:width\" content=\"640\" \/>\n\t<meta property=\"og:image:height\" content=\"291\" \/>\n\t<meta property=\"og:image:type\" content=\"image\/png\" \/>\n<meta name=\"author\" content=\"pascalbarbier\" \/>\n<meta name=\"twitter:card\" content=\"summary_large_image\" \/>\n<meta name=\"twitter:creator\" content=\"@AutateToulouse\" \/>\n<meta name=\"twitter:site\" content=\"@AutateToulouse\" \/>\n<meta name=\"twitter:label1\" content=\"\u00c9crit par\" \/>\n\t<meta name=\"twitter:data1\" content=\"pascalbarbier\" \/>\n\t<meta name=\"twitter:label2\" content=\"Dur\u00e9e de lecture estim\u00e9e\" \/>\n\t<meta name=\"twitter:data2\" content=\"2 minutes\" \/>\n<script type=\"application\/ld+json\" class=\"yoast-schema-graph\">{\"@context\":\"https:\\\/\\\/schema.org\",\"@graph\":[{\"@type\":\"Article\",\"@id\":\"https:\\\/\\\/autate.fr\\\/site\\\/conference-debat-quels-transports-pour-toulouse-metropole\\\/#article\",\"isPartOf\":{\"@id\":\"https:\\\/\\\/autate.fr\\\/site\\\/conference-debat-quels-transports-pour-toulouse-metropole\\\/\"},\"author\":{\"name\":\"pascalbarbier\",\"@id\":\"https:\\\/\\\/autate.fr\\\/site\\\/#\\\/schema\\\/person\\\/ae1ab8bdaa7b41d2a9b52d2557ce8254\"},\"headline\":\"Conf\u00e9rence-d\u00e9bat : Quels transports pour Toulouse M\u00e9tropole ?\",\"datePublished\":\"2017-03-13T15:00:48+00:00\",\"dateModified\":\"2017-03-13T15:04:09+00:00\",\"mainEntityOfPage\":{\"@id\":\"https:\\\/\\\/autate.fr\\\/site\\\/conference-debat-quels-transports-pour-toulouse-metropole\\\/\"},\"wordCount\":464,\"commentCount\":1,\"publisher\":{\"@id\":\"https:\\\/\\\/autate.fr\\\/site\\\/#organization\"},\"image\":{\"@id\":\"https:\\\/\\\/autate.fr\\\/site\\\/conference-debat-quels-transports-pour-toulouse-metropole\\\/#primaryimage\"},\"thumbnailUrl\":\"https:\\\/\\\/autate.fr\\\/site\\\/wp-content\\\/uploads\\\/2017\\\/03\\\/flux.png\",\"keywords\":[\"3\u00e8me ligne de m\u00e9tro\",\"autoroute\",\"LGV\"],\"articleSection\":[\"Actualit\u00e9s-AUTATE\"],\"inLanguage\":\"fr-FR\",\"potentialAction\":[{\"@type\":\"CommentAction\",\"name\":\"Comment\",\"target\":[\"https:\\\/\\\/autate.fr\\\/site\\\/conference-debat-quels-transports-pour-toulouse-metropole\\\/#respond\"]}]},{\"@type\":\"WebPage\",\"@id\":\"https:\\\/\\\/autate.fr\\\/site\\\/conference-debat-quels-transports-pour-toulouse-metropole\\\/\",\"url\":\"https:\\\/\\\/autate.fr\\\/site\\\/conference-debat-quels-transports-pour-toulouse-metropole\\\/\",\"name\":\"Conf\u00e9rence-d\u00e9bat : Quels transports pour Toulouse M\u00e9tropole ? - AUTATE\",\"isPartOf\":{\"@id\":\"https:\\\/\\\/autate.fr\\\/site\\\/#website\"},\"primaryImageOfPage\":{\"@id\":\"https:\\\/\\\/autate.fr\\\/site\\\/conference-debat-quels-transports-pour-toulouse-metropole\\\/#primaryimage\"},\"image\":{\"@id\":\"https:\\\/\\\/autate.fr\\\/site\\\/conference-debat-quels-transports-pour-toulouse-metropole\\\/#primaryimage\"},\"thumbnailUrl\":\"https:\\\/\\\/autate.fr\\\/site\\\/wp-content\\\/uploads\\\/2017\\\/03\\\/flux.png\",\"datePublished\":\"2017-03-13T15:00:48+00:00\",\"dateModified\":\"2017-03-13T15:04:09+00:00\",\"breadcrumb\":{\"@id\":\"https:\\\/\\\/autate.fr\\\/site\\\/conference-debat-quels-transports-pour-toulouse-metropole\\\/#breadcrumb\"},\"inLanguage\":\"fr-FR\",\"potentialAction\":[{\"@type\":\"ReadAction\",\"target\":[\"https:\\\/\\\/autate.fr\\\/site\\\/conference-debat-quels-transports-pour-toulouse-metropole\\\/\"]}]},{\"@type\":\"ImageObject\",\"inLanguage\":\"fr-FR\",\"@id\":\"https:\\\/\\\/autate.fr\\\/site\\\/conference-debat-quels-transports-pour-toulouse-metropole\\\/#primaryimage\",\"url\":\"https:\\\/\\\/autate.fr\\\/site\\\/wp-content\\\/uploads\\\/2017\\\/03\\\/flux.png\",\"contentUrl\":\"https:\\\/\\\/autate.fr\\\/site\\\/wp-content\\\/uploads\\\/2017\\\/03\\\/flux.png\",\"width\":640,\"height\":291},{\"@type\":\"BreadcrumbList\",\"@id\":\"https:\\\/\\\/autate.fr\\\/site\\\/conference-debat-quels-transports-pour-toulouse-metropole\\\/#breadcrumb\",\"itemListElement\":[{\"@type\":\"ListItem\",\"position\":1,\"name\":\"Accueil\",\"item\":\"https:\\\/\\\/autate.fr\\\/site\\\/\"},{\"@type\":\"ListItem\",\"position\":2,\"name\":\"Conf\u00e9rence-d\u00e9bat : Quels transports pour Toulouse M\u00e9tropole ?\"}]},{\"@type\":\"WebSite\",\"@id\":\"https:\\\/\\\/autate.fr\\\/site\\\/#website\",\"url\":\"https:\\\/\\\/autate.fr\\\/site\\\/\",\"name\":\"AUTATE\",\"description\":\"Association des usagers des transports de l&#039;agglom\u00e9ration Toulousaine et de ses environs\",\"publisher\":{\"@id\":\"https:\\\/\\\/autate.fr\\\/site\\\/#organization\"},\"potentialAction\":[{\"@type\":\"SearchAction\",\"target\":{\"@type\":\"EntryPoint\",\"urlTemplate\":\"https:\\\/\\\/autate.fr\\\/site\\\/?s={search_term_string}\"},\"query-input\":{\"@type\":\"PropertyValueSpecification\",\"valueRequired\":true,\"valueName\":\"search_term_string\"}}],\"inLanguage\":\"fr-FR\"},{\"@type\":\"Organization\",\"@id\":\"https:\\\/\\\/autate.fr\\\/site\\\/#organization\",\"name\":\"AUTATE\",\"url\":\"https:\\\/\\\/autate.fr\\\/site\\\/\",\"logo\":{\"@type\":\"ImageObject\",\"inLanguage\":\"fr-FR\",\"@id\":\"https:\\\/\\\/autate.fr\\\/site\\\/#\\\/schema\\\/logo\\\/image\\\/\",\"url\":\"http:\\\/\\\/autate.fr\\\/site\\\/wp-content\\\/uploads\\\/2019\\\/01\\\/logo.png\",\"contentUrl\":\"http:\\\/\\\/autate.fr\\\/site\\\/wp-content\\\/uploads\\\/2019\\\/01\\\/logo.png\",\"width\":506,\"height\":280,\"caption\":\"AUTATE\"},\"image\":{\"@id\":\"https:\\\/\\\/autate.fr\\\/site\\\/#\\\/schema\\\/logo\\\/image\\\/\"},\"sameAs\":[\"https:\\\/\\\/www.facebook.com\\\/AutateToulouse\",\"https:\\\/\\\/x.com\\\/AutateToulouse\"]},{\"@type\":\"Person\",\"@id\":\"https:\\\/\\\/autate.fr\\\/site\\\/#\\\/schema\\\/person\\\/ae1ab8bdaa7b41d2a9b52d2557ce8254\",\"name\":\"pascalbarbier\",\"image\":{\"@type\":\"ImageObject\",\"inLanguage\":\"fr-FR\",\"@id\":\"https:\\\/\\\/secure.gravatar.com\\\/avatar\\\/03f4e8ced09894b72c67e83142540730d4b3bbf619bf46341b0074e3bf5f08a0?s=96&d=mm&r=g\",\"url\":\"https:\\\/\\\/secure.gravatar.com\\\/avatar\\\/03f4e8ced09894b72c67e83142540730d4b3bbf619bf46341b0074e3bf5f08a0?s=96&d=mm&r=g\",\"contentUrl\":\"https:\\\/\\\/secure.gravatar.com\\\/avatar\\\/03f4e8ced09894b72c67e83142540730d4b3bbf619bf46341b0074e3bf5f08a0?s=96&d=mm&r=g\",\"caption\":\"pascalbarbier\"},\"url\":\"https:\\\/\\\/autate.fr\\\/site\\\/author\\\/pascalbarbier\\\/\"}]}<\/script>\n<!-- \/ Yoast SEO plugin. -->","yoast_head_json":{"title":"Conf\u00e9rence-d\u00e9bat : Quels transports pour Toulouse M\u00e9tropole ? - AUTATE","robots":{"index":"index","follow":"follow","max-snippet":"max-snippet:-1","max-image-preview":"max-image-preview:large","max-video-preview":"max-video-preview:-1"},"canonical":"https:\/\/autate.fr\/site\/conference-debat-quels-transports-pour-toulouse-metropole\/","og_locale":"fr_FR","og_type":"article","og_title":"Conf\u00e9rence-d\u00e9bat : Quels transports pour Toulouse M\u00e9tropole ? - AUTATE","og_description":"Les Amis du Monde Diplomatique et l\u2019 Universit\u00e9 Populaire de Toulouse vous invitent le 16 mars \u00e0 2OH30, salle du S\u00e9n\u00e9chal, Toulouse. Dans une agglom\u00e9ration qui conna\u00eet un accroissement d\u00e9mographique remarquable, accompagn\u00e9 d\u2019un \u00e9talement urbain toujours plus large, la croissance exponentielle du trafic automobile devient de plus en plus insupportable par la multiplication des bouchonsVOIR PLUS","og_url":"https:\/\/autate.fr\/site\/conference-debat-quels-transports-pour-toulouse-metropole\/","og_site_name":"AUTATE","article_publisher":"https:\/\/www.facebook.com\/AutateToulouse","article_published_time":"2017-03-13T15:00:48+00:00","article_modified_time":"2017-03-13T15:04:09+00:00","og_image":[{"width":640,"height":291,"url":"https:\/\/autate.fr\/site\/wp-content\/uploads\/2017\/03\/flux.png","type":"image\/png"}],"author":"pascalbarbier","twitter_card":"summary_large_image","twitter_creator":"@AutateToulouse","twitter_site":"@AutateToulouse","twitter_misc":{"\u00c9crit par":"pascalbarbier","Dur\u00e9e de lecture estim\u00e9e":"2 minutes"},"schema":{"@context":"https:\/\/schema.org","@graph":[{"@type":"Article","@id":"https:\/\/autate.fr\/site\/conference-debat-quels-transports-pour-toulouse-metropole\/#article","isPartOf":{"@id":"https:\/\/autate.fr\/site\/conference-debat-quels-transports-pour-toulouse-metropole\/"},"author":{"name":"pascalbarbier","@id":"https:\/\/autate.fr\/site\/#\/schema\/person\/ae1ab8bdaa7b41d2a9b52d2557ce8254"},"headline":"Conf\u00e9rence-d\u00e9bat : Quels transports pour Toulouse M\u00e9tropole ?","datePublished":"2017-03-13T15:00:48+00:00","dateModified":"2017-03-13T15:04:09+00:00","mainEntityOfPage":{"@id":"https:\/\/autate.fr\/site\/conference-debat-quels-transports-pour-toulouse-metropole\/"},"wordCount":464,"commentCount":1,"publisher":{"@id":"https:\/\/autate.fr\/site\/#organization"},"image":{"@id":"https:\/\/autate.fr\/site\/conference-debat-quels-transports-pour-toulouse-metropole\/#primaryimage"},"thumbnailUrl":"https:\/\/autate.fr\/site\/wp-content\/uploads\/2017\/03\/flux.png","keywords":["3\u00e8me ligne de m\u00e9tro","autoroute","LGV"],"articleSection":["Actualit\u00e9s-AUTATE"],"inLanguage":"fr-FR","potentialAction":[{"@type":"CommentAction","name":"Comment","target":["https:\/\/autate.fr\/site\/conference-debat-quels-transports-pour-toulouse-metropole\/#respond"]}]},{"@type":"WebPage","@id":"https:\/\/autate.fr\/site\/conference-debat-quels-transports-pour-toulouse-metropole\/","url":"https:\/\/autate.fr\/site\/conference-debat-quels-transports-pour-toulouse-metropole\/","name":"Conf\u00e9rence-d\u00e9bat : Quels transports pour Toulouse M\u00e9tropole ? - AUTATE","isPartOf":{"@id":"https:\/\/autate.fr\/site\/#website"},"primaryImageOfPage":{"@id":"https:\/\/autate.fr\/site\/conference-debat-quels-transports-pour-toulouse-metropole\/#primaryimage"},"image":{"@id":"https:\/\/autate.fr\/site\/conference-debat-quels-transports-pour-toulouse-metropole\/#primaryimage"},"thumbnailUrl":"https:\/\/autate.fr\/site\/wp-content\/uploads\/2017\/03\/flux.png","datePublished":"2017-03-13T15:00:48+00:00","dateModified":"2017-03-13T15:04:09+00:00","breadcrumb":{"@id":"https:\/\/autate.fr\/site\/conference-debat-quels-transports-pour-toulouse-metropole\/#breadcrumb"},"inLanguage":"fr-FR","potentialAction":[{"@type":"ReadAction","target":["https:\/\/autate.fr\/site\/conference-debat-quels-transports-pour-toulouse-metropole\/"]}]},{"@type":"ImageObject","inLanguage":"fr-FR","@id":"https:\/\/autate.fr\/site\/conference-debat-quels-transports-pour-toulouse-metropole\/#primaryimage","url":"https:\/\/autate.fr\/site\/wp-content\/uploads\/2017\/03\/flux.png","contentUrl":"https:\/\/autate.fr\/site\/wp-content\/uploads\/2017\/03\/flux.png","width":640,"height":291},{"@type":"BreadcrumbList","@id":"https:\/\/autate.fr\/site\/conference-debat-quels-transports-pour-toulouse-metropole\/#breadcrumb","itemListElement":[{"@type":"ListItem","position":1,"name":"Accueil","item":"https:\/\/autate.fr\/site\/"},{"@type":"ListItem","position":2,"name":"Conf\u00e9rence-d\u00e9bat : Quels transports pour Toulouse M\u00e9tropole ?"}]},{"@type":"WebSite","@id":"https:\/\/autate.fr\/site\/#website","url":"https:\/\/autate.fr\/site\/","name":"AUTATE","description":"Association des usagers des transports de l&#039;agglom\u00e9ration Toulousaine et de ses environs","publisher":{"@id":"https:\/\/autate.fr\/site\/#organization"},"potentialAction":[{"@type":"SearchAction","target":{"@type":"EntryPoint","urlTemplate":"https:\/\/autate.fr\/site\/?s={search_term_string}"},"query-input":{"@type":"PropertyValueSpecification","valueRequired":true,"valueName":"search_term_string"}}],"inLanguage":"fr-FR"},{"@type":"Organization","@id":"https:\/\/autate.fr\/site\/#organization","name":"AUTATE","url":"https:\/\/autate.fr\/site\/","logo":{"@type":"ImageObject","inLanguage":"fr-FR","@id":"https:\/\/autate.fr\/site\/#\/schema\/logo\/image\/","url":"http:\/\/autate.fr\/site\/wp-content\/uploads\/2019\/01\/logo.png","contentUrl":"http:\/\/autate.fr\/site\/wp-content\/uploads\/2019\/01\/logo.png","width":506,"height":280,"caption":"AUTATE"},"image":{"@id":"https:\/\/autate.fr\/site\/#\/schema\/logo\/image\/"},"sameAs":["https:\/\/www.facebook.com\/AutateToulouse","https:\/\/x.com\/AutateToulouse"]},{"@type":"Person","@id":"https:\/\/autate.fr\/site\/#\/schema\/person\/ae1ab8bdaa7b41d2a9b52d2557ce8254","name":"pascalbarbier","image":{"@type":"ImageObject","inLanguage":"fr-FR","@id":"https:\/\/secure.gravatar.com\/avatar\/03f4e8ced09894b72c67e83142540730d4b3bbf619bf46341b0074e3bf5f08a0?s=96&d=mm&r=g","url":"https:\/\/secure.gravatar.com\/avatar\/03f4e8ced09894b72c67e83142540730d4b3bbf619bf46341b0074e3bf5f08a0?s=96&d=mm&r=g","contentUrl":"https:\/\/secure.gravatar.com\/avatar\/03f4e8ced09894b72c67e83142540730d4b3bbf619bf46341b0074e3bf5f08a0?s=96&d=mm&r=g","caption":"pascalbarbier"},"url":"https:\/\/autate.fr\/site\/author\/pascalbarbier\/"}]}},"_links":{"self":[{"href":"https:\/\/autate.fr\/site\/wp-json\/wp\/v2\/posts\/1329","targetHints":{"allow":["GET"]}}],"collection":[{"href":"https:\/\/autate.fr\/site\/wp-json\/wp\/v2\/posts"}],"about":[{"href":"https:\/\/autate.fr\/site\/wp-json\/wp\/v2\/types\/post"}],"author":[{"embeddable":true,"href":"https:\/\/autate.fr\/site\/wp-json\/wp\/v2\/users\/1"}],"replies":[{"embeddable":true,"href":"https:\/\/autate.fr\/site\/wp-json\/wp\/v2\/comments?post=1329"}],"version-history":[{"count":3,"href":"https:\/\/autate.fr\/site\/wp-json\/wp\/v2\/posts\/1329\/revisions"}],"predecessor-version":[{"id":1332,"href":"https:\/\/autate.fr\/site\/wp-json\/wp\/v2\/posts\/1329\/revisions\/1332"}],"wp:featuredmedia":[{"embeddable":true,"href":"https:\/\/autate.fr\/site\/wp-json\/wp\/v2\/media\/1325"}],"wp:attachment":[{"href":"https:\/\/autate.fr\/site\/wp-json\/wp\/v2\/media?parent=1329"}],"wp:term":[{"taxonomy":"category","embeddable":true,"href":"https:\/\/autate.fr\/site\/wp-json\/wp\/v2\/categories?post=1329"},{"taxonomy":"post_tag","embeddable":true,"href":"https:\/\/autate.fr\/site\/wp-json\/wp\/v2\/tags?post=1329"}],"curies":[{"name":"wp","href":"https:\/\/api.w.org\/{rel}","templated":true}]}}