{"id":130,"date":"2015-12-23T00:23:25","date_gmt":"2015-12-22T23:23:25","guid":{"rendered":"http:\/\/autate.fr\/site\/?p=130"},"modified":"2016-08-10T21:19:33","modified_gmt":"2016-08-10T19:19:33","slug":"la-depeche-les-trois-oublies-du-trace","status":"publish","type":"post","link":"https:\/\/autate.fr\/site\/la-depeche-les-trois-oublies-du-trace\/","title":{"rendered":"[La d\u00e9p\u00eache] Les trois oubli\u00e9s du trac\u00e9"},"content":{"rendered":"<div class=\"p402_premium\">\n<p>Des usines Airbus de Colomiers \u00e0 Airbus Defense &amp; Space, au Palays, la 3e ligne reliera l&rsquo;Ouest \u00e0 l&rsquo;Est de <a href=\"http:\/\/www.ladepeche.fr\/communes\/toulouse,31555.html\">Toulouse<\/a> sur 21 km. Mais elle laisse de c\u00f4t\u00e9, pour l&rsquo;heure, trois sites cl\u00e9s.<\/p>\n<div id=\"pub_dfp_article\" class=\"pub \"><\/div>\n<p><strong>1. Lab\u00e8ge : une d\u00e9cision fin janvier ?<\/strong><\/p>\n<p>Le prolongement de la ligne B jusqu&rsquo;\u00e0 Lab\u00e8ge souhait\u00e9 par le Sicoval et a priori \u00e9cart\u00e9 par Jean-Luc Moudenc, pr\u00e9sident de Toulouse M\u00e9tropole, pourrait-il \u00eatre maintenu ? Un relatif optimiste r\u00e8gne c\u00f4t\u00e9 Sicoval depuis la rencontre entre \u00e9lus la semaine derni\u00e8re o\u00f9 l&rsquo;\u00e9change s&rsquo;est r\u00e9v\u00e9l\u00e9, observe-t-on, \u00abplus constructif que pr\u00e9vu\u00bb. Pendant une heure, \u00e0 la M\u00e9tropole, Jean-Luc Moudenc, Jean-Michel Lattes et Sacha Briand d&rsquo;un c\u00f4t\u00e9, Jacques Oberti, Arnaud Lafon et Henri Ar\u00e9valo de l&rsquo;autre ont dialogu\u00e9. Concr\u00e8tement, il est pr\u00e9vu, d\u00e8s la premi\u00e8re semaine de janvier, une rencontre, \u00e9lus et techniciens ensemble, pour examiner la faisabilit\u00e9 financi\u00e8re des divers projets, prolongement inclus. Lors du conseil de la m\u00e9tropole, jeudi, Jean-Luc Moudenc avait d\u00e9clar\u00e9 qu&rsquo;il n&rsquo;\u00e9tait pas contre cette derni\u00e8re option \u00absi on me d\u00e9montre qu&rsquo;on peut faire les deux\u00bb. Officiellement, tout est donc sur la table. La ligne B co\u00fbterait 141 M\u20ac au SMTC-Tiss\u00e9o et le surco\u00fbt pour le prolongement de la 3e ligne \u00e0 l&rsquo;Innopole 122 M\u20ac. La ligne B garde nettement la faveur du Sicoval car elle passe par Ramonville, o\u00f9 se trouvent des entreprises qui participent \u00e0 son financement, et parce qu&rsquo;elle est \u00abfinanci\u00e8rement boucl\u00e9e\u00bb. Par ailleurs, \u00e0 ce stade, la 3e ligne n&rsquo;offre pas de desserte de l&rsquo;a\u00e9roport. Et son extension s&rsquo;arr\u00eaterait aux portes d&rsquo;Innom\u00e9tro, le nouveau quartier de Lab\u00e8ge-Innopole, c\u00f4t\u00e9 cin\u00e9ma Gaumont. Une d\u00e9cision pourrait \u00eatre prise vers la fin janvier. La date butoir est le 6 mars, d\u00e9lai pour la d\u00e9claration d&rsquo;utilit\u00e9 publique par le pr\u00e9fet. Sollicit\u00e9, le pr\u00e9sident du Sicoval n&rsquo;a pas donn\u00e9 suite \u00e0 notre demande.<\/p>\n<p><strong>2. A\u00e9roport : la surprise.<\/strong><\/p>\n<p>Il n&rsquo;est pas pr\u00e9vu que la 3e ligne desserve l&rsquo;a\u00e9roport, d\u00e9j\u00e0 reli\u00e9 par le tram. Mais une option est cependant esquiss\u00e9e repr\u00e9sentant un surco\u00fbt de 112 M\u20ac. \u00abIl serait dommage qu&rsquo;il n&rsquo;y ait pas de liaison directe sans rupture de charge entre l&rsquo;a\u00e9roport et la gare\u00bb, a r\u00e9agi Bernard Keller, maire PRG de Blagnac.<\/p>\n<p><strong>3. Colomiers : les regrets.<\/strong><\/p>\n<p>Si les usines d&rsquo;Airbus, poumon \u00e9conomique de notre r\u00e9gion, auront leur station, la 3e ligne s&rsquo;arr\u00eate au seuil de la 2e ville du d\u00e9partement. Le maire PS, Karine Traval-Michelet, avoue des \u00abregrets\u00bb et appelle \u00e0 une prolongation jusqu&rsquo;\u00e0 la gare et la zone d&rsquo;En Jacca.<\/p>\n<\/div>\n<div class=\"article_author\">Jean-No\u00ebl Gros<\/div>\n<div class=\"article_author\"><\/div>\n<div class=\"article_author\"><a href=\"http:\/\/www.ladepeche.fr\/article\/2015\/12\/22\/2242929-les-trois-oublies-du-trace.html\">lire l&rsquo;article sur le site de La D\u00e9p\u00eache (+ photo trac\u00e9)<\/a><\/div>\n","protected":false},"excerpt":{"rendered":"<p>Des usines Airbus de Colomiers \u00e0 Airbus Defense &amp; Space, au Palays, la 3e ligne reliera l&rsquo;Ouest \u00e0 l&rsquo;Est de Toulouse sur 21 km. Mais elle laisse de c\u00f4t\u00e9, pour l&rsquo;heure, trois sites cl\u00e9s. 1. Lab\u00e8ge : une d\u00e9cision fin janvier ? Le prolongement de la ligne B jusqu&rsquo;\u00e0 Lab\u00e8ge souhait\u00e9 par le Sicoval et<\/p>\n<p class=\"more-link\"><a href=\"https:\/\/autate.fr\/site\/la-depeche-les-trois-oublies-du-trace\/\" class=\"themebutton2\">VOIR PLUS<\/a><\/p>\n","protected":false},"author":1,"featured_media":0,"comment_status":"open","ping_status":"open","sticky":false,"template":"","format":"standard","meta":{"footnotes":""},"categories":[7],"tags":[172,33,35,22,12],"class_list":["post-130","post","type-post","status-publish","format-standard","hentry","category-revue-de-presse","tag-3eme-ligne-metro","tag-aeroport","tag-colomiers","tag-labege","tag-metro"],"yoast_head":"<!-- This site is optimized with the Yoast SEO plugin v27.4 - https:\/\/yoast.com\/product\/yoast-seo-wordpress\/ -->\n<title>[La d\u00e9p\u00eache] Les trois oubli\u00e9s du trac\u00e9 - AUTATE<\/title>\n<meta name=\"robots\" content=\"index, follow, max-snippet:-1, max-image-preview:large, max-video-preview:-1\" \/>\n<link rel=\"canonical\" href=\"https:\/\/autate.fr\/site\/la-depeche-les-trois-oublies-du-trace\/\" \/>\n<meta property=\"og:locale\" content=\"fr_FR\" \/>\n<meta property=\"og:type\" content=\"article\" \/>\n<meta property=\"og:title\" content=\"[La d\u00e9p\u00eache] Les trois oubli\u00e9s du trac\u00e9 - AUTATE\" \/>\n<meta property=\"og:description\" content=\"Des usines Airbus de Colomiers \u00e0 Airbus Defense &amp; Space, au Palays, la 3e ligne reliera l&rsquo;Ouest \u00e0 l&rsquo;Est de Toulouse sur 21 km. Mais elle laisse de c\u00f4t\u00e9, pour l&rsquo;heure, trois sites cl\u00e9s. 1. Lab\u00e8ge : une d\u00e9cision fin janvier ? Le prolongement de la ligne B jusqu&rsquo;\u00e0 Lab\u00e8ge souhait\u00e9 par le Sicoval etVOIR PLUS\" \/>\n<meta property=\"og:url\" content=\"https:\/\/autate.fr\/site\/la-depeche-les-trois-oublies-du-trace\/\" \/>\n<meta property=\"og:site_name\" content=\"AUTATE\" \/>\n<meta property=\"article:publisher\" content=\"https:\/\/www.facebook.com\/AutateToulouse\" \/>\n<meta property=\"article:published_time\" content=\"2015-12-22T23:23:25+00:00\" \/>\n<meta property=\"article:modified_time\" content=\"2016-08-10T19:19:33+00:00\" \/>\n<meta name=\"author\" content=\"pascalbarbier\" \/>\n<meta name=\"twitter:card\" content=\"summary_large_image\" \/>\n<meta name=\"twitter:creator\" content=\"@AutateToulouse\" \/>\n<meta name=\"twitter:site\" content=\"@AutateToulouse\" \/>\n<meta name=\"twitter:label1\" content=\"\u00c9crit par\" \/>\n\t<meta name=\"twitter:data1\" content=\"pascalbarbier\" \/>\n\t<meta name=\"twitter:label2\" content=\"Dur\u00e9e de lecture estim\u00e9e\" \/>\n\t<meta name=\"twitter:data2\" content=\"2 minutes\" \/>\n<script type=\"application\/ld+json\" class=\"yoast-schema-graph\">{\"@context\":\"https:\\\/\\\/schema.org\",\"@graph\":[{\"@type\":\"Article\",\"@id\":\"https:\\\/\\\/autate.fr\\\/site\\\/la-depeche-les-trois-oublies-du-trace\\\/#article\",\"isPartOf\":{\"@id\":\"https:\\\/\\\/autate.fr\\\/site\\\/la-depeche-les-trois-oublies-du-trace\\\/\"},\"author\":{\"name\":\"pascalbarbier\",\"@id\":\"https:\\\/\\\/autate.fr\\\/site\\\/#\\\/schema\\\/person\\\/ae1ab8bdaa7b41d2a9b52d2557ce8254\"},\"headline\":\"[La d\u00e9p\u00eache] Les trois oubli\u00e9s du trac\u00e9\",\"datePublished\":\"2015-12-22T23:23:25+00:00\",\"dateModified\":\"2016-08-10T19:19:33+00:00\",\"mainEntityOfPage\":{\"@id\":\"https:\\\/\\\/autate.fr\\\/site\\\/la-depeche-les-trois-oublies-du-trace\\\/\"},\"wordCount\":464,\"commentCount\":0,\"publisher\":{\"@id\":\"https:\\\/\\\/autate.fr\\\/site\\\/#organization\"},\"keywords\":[\"3\u00e8me ligne m\u00e9tro\",\"a\u00e9roport\",\"Colomiers\",\"Lab\u00e8ge\",\"m\u00e9tro\"],\"articleSection\":[\"Revue de presse\"],\"inLanguage\":\"fr-FR\",\"potentialAction\":[{\"@type\":\"CommentAction\",\"name\":\"Comment\",\"target\":[\"https:\\\/\\\/autate.fr\\\/site\\\/la-depeche-les-trois-oublies-du-trace\\\/#respond\"]}]},{\"@type\":\"WebPage\",\"@id\":\"https:\\\/\\\/autate.fr\\\/site\\\/la-depeche-les-trois-oublies-du-trace\\\/\",\"url\":\"https:\\\/\\\/autate.fr\\\/site\\\/la-depeche-les-trois-oublies-du-trace\\\/\",\"name\":\"[La d\u00e9p\u00eache] Les trois oubli\u00e9s du trac\u00e9 - AUTATE\",\"isPartOf\":{\"@id\":\"https:\\\/\\\/autate.fr\\\/site\\\/#website\"},\"datePublished\":\"2015-12-22T23:23:25+00:00\",\"dateModified\":\"2016-08-10T19:19:33+00:00\",\"breadcrumb\":{\"@id\":\"https:\\\/\\\/autate.fr\\\/site\\\/la-depeche-les-trois-oublies-du-trace\\\/#breadcrumb\"},\"inLanguage\":\"fr-FR\",\"potentialAction\":[{\"@type\":\"ReadAction\",\"target\":[\"https:\\\/\\\/autate.fr\\\/site\\\/la-depeche-les-trois-oublies-du-trace\\\/\"]}]},{\"@type\":\"BreadcrumbList\",\"@id\":\"https:\\\/\\\/autate.fr\\\/site\\\/la-depeche-les-trois-oublies-du-trace\\\/#breadcrumb\",\"itemListElement\":[{\"@type\":\"ListItem\",\"position\":1,\"name\":\"Accueil\",\"item\":\"https:\\\/\\\/autate.fr\\\/site\\\/\"},{\"@type\":\"ListItem\",\"position\":2,\"name\":\"[La d\u00e9p\u00eache] Les trois oubli\u00e9s du trac\u00e9\"}]},{\"@type\":\"WebSite\",\"@id\":\"https:\\\/\\\/autate.fr\\\/site\\\/#website\",\"url\":\"https:\\\/\\\/autate.fr\\\/site\\\/\",\"name\":\"AUTATE\",\"description\":\"Association des usagers des transports de l&#039;agglom\u00e9ration Toulousaine et de ses environs\",\"publisher\":{\"@id\":\"https:\\\/\\\/autate.fr\\\/site\\\/#organization\"},\"potentialAction\":[{\"@type\":\"SearchAction\",\"target\":{\"@type\":\"EntryPoint\",\"urlTemplate\":\"https:\\\/\\\/autate.fr\\\/site\\\/?s={search_term_string}\"},\"query-input\":{\"@type\":\"PropertyValueSpecification\",\"valueRequired\":true,\"valueName\":\"search_term_string\"}}],\"inLanguage\":\"fr-FR\"},{\"@type\":\"Organization\",\"@id\":\"https:\\\/\\\/autate.fr\\\/site\\\/#organization\",\"name\":\"AUTATE\",\"url\":\"https:\\\/\\\/autate.fr\\\/site\\\/\",\"logo\":{\"@type\":\"ImageObject\",\"inLanguage\":\"fr-FR\",\"@id\":\"https:\\\/\\\/autate.fr\\\/site\\\/#\\\/schema\\\/logo\\\/image\\\/\",\"url\":\"http:\\\/\\\/autate.fr\\\/site\\\/wp-content\\\/uploads\\\/2019\\\/01\\\/logo.png\",\"contentUrl\":\"http:\\\/\\\/autate.fr\\\/site\\\/wp-content\\\/uploads\\\/2019\\\/01\\\/logo.png\",\"width\":506,\"height\":280,\"caption\":\"AUTATE\"},\"image\":{\"@id\":\"https:\\\/\\\/autate.fr\\\/site\\\/#\\\/schema\\\/logo\\\/image\\\/\"},\"sameAs\":[\"https:\\\/\\\/www.facebook.com\\\/AutateToulouse\",\"https:\\\/\\\/x.com\\\/AutateToulouse\"]},{\"@type\":\"Person\",\"@id\":\"https:\\\/\\\/autate.fr\\\/site\\\/#\\\/schema\\\/person\\\/ae1ab8bdaa7b41d2a9b52d2557ce8254\",\"name\":\"pascalbarbier\",\"image\":{\"@type\":\"ImageObject\",\"inLanguage\":\"fr-FR\",\"@id\":\"https:\\\/\\\/secure.gravatar.com\\\/avatar\\\/03f4e8ced09894b72c67e83142540730d4b3bbf619bf46341b0074e3bf5f08a0?s=96&d=mm&r=g\",\"url\":\"https:\\\/\\\/secure.gravatar.com\\\/avatar\\\/03f4e8ced09894b72c67e83142540730d4b3bbf619bf46341b0074e3bf5f08a0?s=96&d=mm&r=g\",\"contentUrl\":\"https:\\\/\\\/secure.gravatar.com\\\/avatar\\\/03f4e8ced09894b72c67e83142540730d4b3bbf619bf46341b0074e3bf5f08a0?s=96&d=mm&r=g\",\"caption\":\"pascalbarbier\"},\"url\":\"https:\\\/\\\/autate.fr\\\/site\\\/author\\\/pascalbarbier\\\/\"}]}<\/script>\n<!-- \/ Yoast SEO plugin. -->","yoast_head_json":{"title":"[La d\u00e9p\u00eache] Les trois oubli\u00e9s du trac\u00e9 - AUTATE","robots":{"index":"index","follow":"follow","max-snippet":"max-snippet:-1","max-image-preview":"max-image-preview:large","max-video-preview":"max-video-preview:-1"},"canonical":"https:\/\/autate.fr\/site\/la-depeche-les-trois-oublies-du-trace\/","og_locale":"fr_FR","og_type":"article","og_title":"[La d\u00e9p\u00eache] Les trois oubli\u00e9s du trac\u00e9 - AUTATE","og_description":"Des usines Airbus de Colomiers \u00e0 Airbus Defense &amp; Space, au Palays, la 3e ligne reliera l&rsquo;Ouest \u00e0 l&rsquo;Est de Toulouse sur 21 km. Mais elle laisse de c\u00f4t\u00e9, pour l&rsquo;heure, trois sites cl\u00e9s. 1. Lab\u00e8ge : une d\u00e9cision fin janvier ? Le prolongement de la ligne B jusqu&rsquo;\u00e0 Lab\u00e8ge souhait\u00e9 par le Sicoval etVOIR PLUS","og_url":"https:\/\/autate.fr\/site\/la-depeche-les-trois-oublies-du-trace\/","og_site_name":"AUTATE","article_publisher":"https:\/\/www.facebook.com\/AutateToulouse","article_published_time":"2015-12-22T23:23:25+00:00","article_modified_time":"2016-08-10T19:19:33+00:00","author":"pascalbarbier","twitter_card":"summary_large_image","twitter_creator":"@AutateToulouse","twitter_site":"@AutateToulouse","twitter_misc":{"\u00c9crit par":"pascalbarbier","Dur\u00e9e de lecture estim\u00e9e":"2 minutes"},"schema":{"@context":"https:\/\/schema.org","@graph":[{"@type":"Article","@id":"https:\/\/autate.fr\/site\/la-depeche-les-trois-oublies-du-trace\/#article","isPartOf":{"@id":"https:\/\/autate.fr\/site\/la-depeche-les-trois-oublies-du-trace\/"},"author":{"name":"pascalbarbier","@id":"https:\/\/autate.fr\/site\/#\/schema\/person\/ae1ab8bdaa7b41d2a9b52d2557ce8254"},"headline":"[La d\u00e9p\u00eache] Les trois oubli\u00e9s du trac\u00e9","datePublished":"2015-12-22T23:23:25+00:00","dateModified":"2016-08-10T19:19:33+00:00","mainEntityOfPage":{"@id":"https:\/\/autate.fr\/site\/la-depeche-les-trois-oublies-du-trace\/"},"wordCount":464,"commentCount":0,"publisher":{"@id":"https:\/\/autate.fr\/site\/#organization"},"keywords":["3\u00e8me ligne m\u00e9tro","a\u00e9roport","Colomiers","Lab\u00e8ge","m\u00e9tro"],"articleSection":["Revue de presse"],"inLanguage":"fr-FR","potentialAction":[{"@type":"CommentAction","name":"Comment","target":["https:\/\/autate.fr\/site\/la-depeche-les-trois-oublies-du-trace\/#respond"]}]},{"@type":"WebPage","@id":"https:\/\/autate.fr\/site\/la-depeche-les-trois-oublies-du-trace\/","url":"https:\/\/autate.fr\/site\/la-depeche-les-trois-oublies-du-trace\/","name":"[La d\u00e9p\u00eache] Les trois oubli\u00e9s du trac\u00e9 - AUTATE","isPartOf":{"@id":"https:\/\/autate.fr\/site\/#website"},"datePublished":"2015-12-22T23:23:25+00:00","dateModified":"2016-08-10T19:19:33+00:00","breadcrumb":{"@id":"https:\/\/autate.fr\/site\/la-depeche-les-trois-oublies-du-trace\/#breadcrumb"},"inLanguage":"fr-FR","potentialAction":[{"@type":"ReadAction","target":["https:\/\/autate.fr\/site\/la-depeche-les-trois-oublies-du-trace\/"]}]},{"@type":"BreadcrumbList","@id":"https:\/\/autate.fr\/site\/la-depeche-les-trois-oublies-du-trace\/#breadcrumb","itemListElement":[{"@type":"ListItem","position":1,"name":"Accueil","item":"https:\/\/autate.fr\/site\/"},{"@type":"ListItem","position":2,"name":"[La d\u00e9p\u00eache] Les trois oubli\u00e9s du trac\u00e9"}]},{"@type":"WebSite","@id":"https:\/\/autate.fr\/site\/#website","url":"https:\/\/autate.fr\/site\/","name":"AUTATE","description":"Association des usagers des transports de l&#039;agglom\u00e9ration Toulousaine et de ses environs","publisher":{"@id":"https:\/\/autate.fr\/site\/#organization"},"potentialAction":[{"@type":"SearchAction","target":{"@type":"EntryPoint","urlTemplate":"https:\/\/autate.fr\/site\/?s={search_term_string}"},"query-input":{"@type":"PropertyValueSpecification","valueRequired":true,"valueName":"search_term_string"}}],"inLanguage":"fr-FR"},{"@type":"Organization","@id":"https:\/\/autate.fr\/site\/#organization","name":"AUTATE","url":"https:\/\/autate.fr\/site\/","logo":{"@type":"ImageObject","inLanguage":"fr-FR","@id":"https:\/\/autate.fr\/site\/#\/schema\/logo\/image\/","url":"http:\/\/autate.fr\/site\/wp-content\/uploads\/2019\/01\/logo.png","contentUrl":"http:\/\/autate.fr\/site\/wp-content\/uploads\/2019\/01\/logo.png","width":506,"height":280,"caption":"AUTATE"},"image":{"@id":"https:\/\/autate.fr\/site\/#\/schema\/logo\/image\/"},"sameAs":["https:\/\/www.facebook.com\/AutateToulouse","https:\/\/x.com\/AutateToulouse"]},{"@type":"Person","@id":"https:\/\/autate.fr\/site\/#\/schema\/person\/ae1ab8bdaa7b41d2a9b52d2557ce8254","name":"pascalbarbier","image":{"@type":"ImageObject","inLanguage":"fr-FR","@id":"https:\/\/secure.gravatar.com\/avatar\/03f4e8ced09894b72c67e83142540730d4b3bbf619bf46341b0074e3bf5f08a0?s=96&d=mm&r=g","url":"https:\/\/secure.gravatar.com\/avatar\/03f4e8ced09894b72c67e83142540730d4b3bbf619bf46341b0074e3bf5f08a0?s=96&d=mm&r=g","contentUrl":"https:\/\/secure.gravatar.com\/avatar\/03f4e8ced09894b72c67e83142540730d4b3bbf619bf46341b0074e3bf5f08a0?s=96&d=mm&r=g","caption":"pascalbarbier"},"url":"https:\/\/autate.fr\/site\/author\/pascalbarbier\/"}]}},"_links":{"self":[{"href":"https:\/\/autate.fr\/site\/wp-json\/wp\/v2\/posts\/130","targetHints":{"allow":["GET"]}}],"collection":[{"href":"https:\/\/autate.fr\/site\/wp-json\/wp\/v2\/posts"}],"about":[{"href":"https:\/\/autate.fr\/site\/wp-json\/wp\/v2\/types\/post"}],"author":[{"embeddable":true,"href":"https:\/\/autate.fr\/site\/wp-json\/wp\/v2\/users\/1"}],"replies":[{"embeddable":true,"href":"https:\/\/autate.fr\/site\/wp-json\/wp\/v2\/comments?post=130"}],"version-history":[{"count":1,"href":"https:\/\/autate.fr\/site\/wp-json\/wp\/v2\/posts\/130\/revisions"}],"predecessor-version":[{"id":131,"href":"https:\/\/autate.fr\/site\/wp-json\/wp\/v2\/posts\/130\/revisions\/131"}],"wp:attachment":[{"href":"https:\/\/autate.fr\/site\/wp-json\/wp\/v2\/media?parent=130"}],"wp:term":[{"taxonomy":"category","embeddable":true,"href":"https:\/\/autate.fr\/site\/wp-json\/wp\/v2\/categories?post=130"},{"taxonomy":"post_tag","embeddable":true,"href":"https:\/\/autate.fr\/site\/wp-json\/wp\/v2\/tags?post=130"}],"curies":[{"name":"wp","href":"https:\/\/api.w.org\/{rel}","templated":true}]}}